{"id":4881,"date":"2025-09-10T11:16:51","date_gmt":"2025-09-10T17:16:51","guid":{"rendered":"https:\/\/lagnoticias.com\/?p=4881"},"modified":"2025-09-10T11:16:52","modified_gmt":"2025-09-10T17:16:52","slug":"fiscalia-incautan-13-propiedades-a-red-de-trata-de-personas-vinculada-a-la-pandilla-18","status":"publish","type":"post","link":"https:\/\/lagnoticias.com\/en\/2025\/09\/10\/fiscalia-incautan-13-propiedades-a-red-de-trata-de-personas-vinculada-a-la-pandilla-18\/","title":{"rendered":"Fiscal\u00eda incautan 13 propiedades a red de trata de personas vinculada a la pandilla 18"},"content":{"rendered":"<p>La Fiscal\u00eda General de la Rep\u00fablica materializ\u00f3 13 inmuebles, 4 cuentas bancarias y dinero en efectivo vinculados a una estructura del Barrio 18 que se dedicaba a la explotaci\u00f3n sexual de personas, la cual operaba mayormente en distintos barrios del centro de San Salvador.<\/p>\n\n\n\n<h2 class=\"wp-block-heading\">Las investigaciones determinaron que estos locales eran utilizados como prost\u00edbulos y cervecer\u00edas.<\/h2>\n\n\n\n<p>11 de estas propiedades pertenec\u00edan a Amanda del Carmen C\u00e1rcamo Barrera, l\u00edder de la estructura. Otro local m\u00e1s era propiedad de Jacqueline Elizabeth Rivera C\u00e1rcamo.<\/p>\n\n\n\n<p><\/p>\n\n\n\n<figure class=\"wp-block-image aligncenter size-large\"><img loading=\"lazy\" decoding=\"async\" width=\"1024\" height=\"682\" src=\"https:\/\/lagnoticias.com\/wp-content\/uploads\/2025\/09\/WhatsApp-Image-2025-09-09-at-12.41.29-PM3-1024x682.jpeg\" alt=\"\" class=\"wp-image-4883\" srcset=\"https:\/\/lagnoticias.com\/wp-content\/uploads\/2025\/09\/WhatsApp-Image-2025-09-09-at-12.41.29-PM3-1024x682.jpeg 1024w, https:\/\/lagnoticias.com\/wp-content\/uploads\/2025\/09\/WhatsApp-Image-2025-09-09-at-12.41.29-PM3-980x653.jpeg 980w, https:\/\/lagnoticias.com\/wp-content\/uploads\/2025\/09\/WhatsApp-Image-2025-09-09-at-12.41.29-PM3-480x320.jpeg 480w\" sizes=\"(min-width: 0px) and (max-width: 480px) 480px, (min-width: 481px) and (max-width: 980px) 980px, (min-width: 981px) 1024px, 100vw\" \/><figcaption class=\"wp-element-caption\">Foto \/ FGR<\/figcaption><\/figure>\n\n\n\n<p><\/p>\n\n\n\n<p>Otros de estos establecimientos se encuentran ubicados en la residencial Bosques de Santa Teresa de Santa Tecla, Barrio San Esteban de San Salvador y Barrio El Calvario de Suchitoto, en Cuscatl\u00e1n, este \u00faltimo propiedad de Marcos Rivera Alfaro.<\/p>\n\n\n\n<p>Los due\u00f1os de estos espacios ya se encuentran detenidos y son procesados por la v\u00eda penal por los siguientes delitos: Trata de personas en modalidad de explotaci\u00f3n sexual, agrupaciones il\u00edcitas, casos especiales de lavado de dinero y activos.<\/p>\n\n\n\n<p>Tambi\u00e9n, las cuentas bancarias pasar\u00e1n a ser administradas por el CONAB, as\u00ed como $4,329.00 y $10,232.93 d\u00f3lares en efectivo.<\/p>\n\n\n\n<p><\/p>\n\n\n\n<p><\/p>\n\n\n\n<p><\/p>\n\n\n\n<p><\/p>\n\n\n\n<p>(FGR)<\/p>","protected":false},"excerpt":{"rendered":"<p>La Fiscal\u00eda General de la Rep\u00fablica materializ\u00f3 13 inmuebles, 4 cuentas bancarias y dinero en efectivo vinculados a una estructura del Barrio 18 que se dedicaba a la explotaci\u00f3n sexual de personas, la cual operaba mayormente en distintos barrios del centro de San Salvador. Las investigaciones determinaron que estos locales eran utilizados como prost\u00edbulos y [&hellip;]<\/p>","protected":false},"author":2,"featured_media":4882,"comment_status":"open","ping_status":"open","sticky":false,"template":"","format":"standard","meta":{"_et_pb_use_builder":"off","_et_pb_old_content":"","_et_gb_content_width":"","footnotes":""},"categories":[244],"tags":[267,257,403,938],"class_list":["post-4881","post","type-post","status-publish","format-standard","has-post-thumbnail","hentry","category-nacionales","tag-el-salvador","tag-fgr","tag-incautacion","tag-pandillas"],"yoast_head":"<!-- This site is optimized with the Yoast SEO plugin v27.4 - https:\/\/yoast.com\/product\/yoast-seo-wordpress\/ -->\n<title>Fiscal\u00eda incautan 13 propiedades a red de trata de personas vinculada a la pandilla 18 - La G Noticias<\/title>\n<meta name=\"robots\" content=\"index, follow, max-snippet:-1, max-image-preview:large, max-video-preview:-1\" \/>\n<link rel=\"canonical\" href=\"https:\/\/lagnoticias.com\/en\/2025\/09\/10\/fiscalia-incautan-13-propiedades-a-red-de-trata-de-personas-vinculada-a-la-pandilla-18\/\" \/>\n<meta property=\"og:locale\" content=\"en_US\" \/>\n<meta property=\"og:type\" content=\"article\" \/>\n<meta property=\"og:title\" content=\"Fiscal\u00eda incautan 13 propiedades a red de trata de personas vinculada a la pandilla 18 - La G Noticias\" \/>\n<meta property=\"og:description\" content=\"La Fiscal\u00eda General de la Rep\u00fablica materializ\u00f3 13 inmuebles, 4 cuentas bancarias y dinero en efectivo vinculados a una estructura del Barrio 18 que se dedicaba a la explotaci\u00f3n sexual de personas, la cual operaba mayormente en distintos barrios del centro de San Salvador. Las investigaciones determinaron que estos locales eran utilizados como prost\u00edbulos y [&hellip;]\" \/>\n<meta property=\"og:url\" content=\"https:\/\/lagnoticias.com\/en\/2025\/09\/10\/fiscalia-incautan-13-propiedades-a-red-de-trata-de-personas-vinculada-a-la-pandilla-18\/\" \/>\n<meta property=\"og:site_name\" content=\"La G Noticias\" \/>\n<meta property=\"article:publisher\" content=\"https:\/\/www.facebook.com\/LaGNoticias\" \/>\n<meta property=\"article:published_time\" content=\"2025-09-10T17:16:51+00:00\" \/>\n<meta property=\"article:modified_time\" content=\"2025-09-10T17:16:52+00:00\" \/>\n<meta property=\"og:image\" content=\"https:\/\/lagnoticias.com\/wp-content\/uploads\/2025\/09\/WhatsApp-Image-2025-09-09-at-12.41.32-PM.jpeg\" \/>\n\t<meta property=\"og:image:width\" content=\"1280\" \/>\n\t<meta property=\"og:image:height\" content=\"853\" \/>\n\t<meta property=\"og:image:type\" content=\"image\/jpeg\" \/>\n<meta name=\"author\" content=\"Oscar\" \/>\n<meta name=\"twitter:card\" content=\"summary_large_image\" \/>\n<meta name=\"twitter:creator\" content=\"@lagnoticias\" \/>\n<meta name=\"twitter:site\" content=\"@lagnoticias\" \/>\n<meta name=\"twitter:label1\" content=\"Written by\" \/>\n\t<meta name=\"twitter:data1\" content=\"Oscar\" \/>\n\t<meta name=\"twitter:label2\" content=\"Est. reading time\" \/>\n\t<meta name=\"twitter:data2\" content=\"2 minutes\" \/>\n<script type=\"application\/ld+json\" class=\"yoast-schema-graph\">{\"@context\":\"https:\\\/\\\/schema.org\",\"@graph\":[{\"@type\":\"Article\",\"@id\":\"https:\\\/\\\/lagnoticias.com\\\/2025\\\/09\\\/10\\\/fiscalia-incautan-13-propiedades-a-red-de-trata-de-personas-vinculada-a-la-pandilla-18\\\/#article\",\"isPartOf\":{\"@id\":\"https:\\\/\\\/lagnoticias.com\\\/2025\\\/09\\\/10\\\/fiscalia-incautan-13-propiedades-a-red-de-trata-de-personas-vinculada-a-la-pandilla-18\\\/\"},\"author\":{\"name\":\"Oscar\",\"@id\":\"https:\\\/\\\/lagnoticias.com\\\/#\\\/schema\\\/person\\\/cb9bfe13f8de05d2c55270be25c6a550\"},\"headline\":\"Fiscal\u00eda incautan 13 propiedades a red de trata de personas vinculada a la pandilla 18\",\"datePublished\":\"2025-09-10T17:16:51+00:00\",\"dateModified\":\"2025-09-10T17:16:52+00:00\",\"mainEntityOfPage\":{\"@id\":\"https:\\\/\\\/lagnoticias.com\\\/2025\\\/09\\\/10\\\/fiscalia-incautan-13-propiedades-a-red-de-trata-de-personas-vinculada-a-la-pandilla-18\\\/\"},\"wordCount\":205,\"commentCount\":0,\"image\":{\"@id\":\"https:\\\/\\\/lagnoticias.com\\\/2025\\\/09\\\/10\\\/fiscalia-incautan-13-propiedades-a-red-de-trata-de-personas-vinculada-a-la-pandilla-18\\\/#primaryimage\"},\"thumbnailUrl\":\"https:\\\/\\\/lagnoticias.com\\\/wp-content\\\/uploads\\\/2025\\\/09\\\/WhatsApp-Image-2025-09-09-at-12.41.32-PM.jpeg\",\"keywords\":[\"EL SALVADOR\",\"FGR\",\"INCAUTACI\u00d3N\",\"PANDILLAS\"],\"articleSection\":[\"NACIONALES\"],\"inLanguage\":\"en-US\",\"potentialAction\":[{\"@type\":\"CommentAction\",\"name\":\"Comment\",\"target\":[\"https:\\\/\\\/lagnoticias.com\\\/2025\\\/09\\\/10\\\/fiscalia-incautan-13-propiedades-a-red-de-trata-de-personas-vinculada-a-la-pandilla-18\\\/#respond\"]}]},{\"@type\":\"WebPage\",\"@id\":\"https:\\\/\\\/lagnoticias.com\\\/2025\\\/09\\\/10\\\/fiscalia-incautan-13-propiedades-a-red-de-trata-de-personas-vinculada-a-la-pandilla-18\\\/\",\"url\":\"https:\\\/\\\/lagnoticias.com\\\/2025\\\/09\\\/10\\\/fiscalia-incautan-13-propiedades-a-red-de-trata-de-personas-vinculada-a-la-pandilla-18\\\/\",\"name\":\"Fiscal\u00eda incautan 13 propiedades a red de trata de personas vinculada a la pandilla 18 - La G Noticias\",\"isPartOf\":{\"@id\":\"https:\\\/\\\/lagnoticias.com\\\/#website\"},\"primaryImageOfPage\":{\"@id\":\"https:\\\/\\\/lagnoticias.com\\\/2025\\\/09\\\/10\\\/fiscalia-incautan-13-propiedades-a-red-de-trata-de-personas-vinculada-a-la-pandilla-18\\\/#primaryimage\"},\"image\":{\"@id\":\"https:\\\/\\\/lagnoticias.com\\\/2025\\\/09\\\/10\\\/fiscalia-incautan-13-propiedades-a-red-de-trata-de-personas-vinculada-a-la-pandilla-18\\\/#primaryimage\"},\"thumbnailUrl\":\"https:\\\/\\\/lagnoticias.com\\\/wp-content\\\/uploads\\\/2025\\\/09\\\/WhatsApp-Image-2025-09-09-at-12.41.32-PM.jpeg\",\"datePublished\":\"2025-09-10T17:16:51+00:00\",\"dateModified\":\"2025-09-10T17:16:52+00:00\",\"author\":{\"@id\":\"https:\\\/\\\/lagnoticias.com\\\/#\\\/schema\\\/person\\\/cb9bfe13f8de05d2c55270be25c6a550\"},\"breadcrumb\":{\"@id\":\"https:\\\/\\\/lagnoticias.com\\\/2025\\\/09\\\/10\\\/fiscalia-incautan-13-propiedades-a-red-de-trata-de-personas-vinculada-a-la-pandilla-18\\\/#breadcrumb\"},\"inLanguage\":\"en-US\",\"potentialAction\":[{\"@type\":\"ReadAction\",\"target\":[\"https:\\\/\\\/lagnoticias.com\\\/2025\\\/09\\\/10\\\/fiscalia-incautan-13-propiedades-a-red-de-trata-de-personas-vinculada-a-la-pandilla-18\\\/\"]}]},{\"@type\":\"ImageObject\",\"inLanguage\":\"en-US\",\"@id\":\"https:\\\/\\\/lagnoticias.com\\\/2025\\\/09\\\/10\\\/fiscalia-incautan-13-propiedades-a-red-de-trata-de-personas-vinculada-a-la-pandilla-18\\\/#primaryimage\",\"url\":\"https:\\\/\\\/lagnoticias.com\\\/wp-content\\\/uploads\\\/2025\\\/09\\\/WhatsApp-Image-2025-09-09-at-12.41.32-PM.jpeg\",\"contentUrl\":\"https:\\\/\\\/lagnoticias.com\\\/wp-content\\\/uploads\\\/2025\\\/09\\\/WhatsApp-Image-2025-09-09-at-12.41.32-PM.jpeg\",\"width\":1280,\"height\":853},{\"@type\":\"BreadcrumbList\",\"@id\":\"https:\\\/\\\/lagnoticias.com\\\/2025\\\/09\\\/10\\\/fiscalia-incautan-13-propiedades-a-red-de-trata-de-personas-vinculada-a-la-pandilla-18\\\/#breadcrumb\",\"itemListElement\":[{\"@type\":\"ListItem\",\"position\":1,\"name\":\"Portada\",\"item\":\"https:\\\/\\\/lagnoticias.com\\\/\"},{\"@type\":\"ListItem\",\"position\":2,\"name\":\"Fiscal\u00eda incautan 13 propiedades a red de trata de personas vinculada a la pandilla 18\"}]},{\"@type\":\"WebSite\",\"@id\":\"https:\\\/\\\/lagnoticias.com\\\/#website\",\"url\":\"https:\\\/\\\/lagnoticias.com\\\/\",\"name\":\"La G Noticias\",\"description\":\"Noticias Positivas\",\"potentialAction\":[{\"@type\":\"SearchAction\",\"target\":{\"@type\":\"EntryPoint\",\"urlTemplate\":\"https:\\\/\\\/lagnoticias.com\\\/?s={search_term_string}\"},\"query-input\":{\"@type\":\"PropertyValueSpecification\",\"valueRequired\":true,\"valueName\":\"search_term_string\"}}],\"inLanguage\":\"en-US\"},{\"@type\":\"Person\",\"@id\":\"https:\\\/\\\/lagnoticias.com\\\/#\\\/schema\\\/person\\\/cb9bfe13f8de05d2c55270be25c6a550\",\"name\":\"Oscar\",\"image\":{\"@type\":\"ImageObject\",\"inLanguage\":\"en-US\",\"@id\":\"https:\\\/\\\/secure.gravatar.com\\\/avatar\\\/45c195718f652dc7ffdd591dc1f2678956ab7fdadcd359a635edc61304a8c757?s=96&d=mm&r=g\",\"url\":\"https:\\\/\\\/secure.gravatar.com\\\/avatar\\\/45c195718f652dc7ffdd591dc1f2678956ab7fdadcd359a635edc61304a8c757?s=96&d=mm&r=g\",\"contentUrl\":\"https:\\\/\\\/secure.gravatar.com\\\/avatar\\\/45c195718f652dc7ffdd591dc1f2678956ab7fdadcd359a635edc61304a8c757?s=96&d=mm&r=g\",\"caption\":\"Oscar\"},\"url\":\"https:\\\/\\\/lagnoticias.com\\\/en\\\/author\\\/oscar\\\/\"}]}<\/script>\n<!-- \/ Yoast SEO plugin. -->","yoast_head_json":{"title":"Fiscal\u00eda incautan 13 propiedades a red de trata de personas vinculada a la pandilla 18 - La G Noticias","robots":{"index":"index","follow":"follow","max-snippet":"max-snippet:-1","max-image-preview":"max-image-preview:large","max-video-preview":"max-video-preview:-1"},"canonical":"https:\/\/lagnoticias.com\/en\/2025\/09\/10\/fiscalia-incautan-13-propiedades-a-red-de-trata-de-personas-vinculada-a-la-pandilla-18\/","og_locale":"en_US","og_type":"article","og_title":"Fiscal\u00eda incautan 13 propiedades a red de trata de personas vinculada a la pandilla 18 - La G Noticias","og_description":"La Fiscal\u00eda General de la Rep\u00fablica materializ\u00f3 13 inmuebles, 4 cuentas bancarias y dinero en efectivo vinculados a una estructura del Barrio 18 que se dedicaba a la explotaci\u00f3n sexual de personas, la cual operaba mayormente en distintos barrios del centro de San Salvador. Las investigaciones determinaron que estos locales eran utilizados como prost\u00edbulos y [&hellip;]","og_url":"https:\/\/lagnoticias.com\/en\/2025\/09\/10\/fiscalia-incautan-13-propiedades-a-red-de-trata-de-personas-vinculada-a-la-pandilla-18\/","og_site_name":"La G Noticias","article_publisher":"https:\/\/www.facebook.com\/LaGNoticias","article_published_time":"2025-09-10T17:16:51+00:00","article_modified_time":"2025-09-10T17:16:52+00:00","og_image":[{"width":1280,"height":853,"url":"https:\/\/lagnoticias.com\/wp-content\/uploads\/2025\/09\/WhatsApp-Image-2025-09-09-at-12.41.32-PM.jpeg","type":"image\/jpeg"}],"author":"Oscar","twitter_card":"summary_large_image","twitter_creator":"@lagnoticias","twitter_site":"@lagnoticias","twitter_misc":{"Written by":"Oscar","Est. reading time":"2 minutes"},"schema":{"@context":"https:\/\/schema.org","@graph":[{"@type":"Article","@id":"https:\/\/lagnoticias.com\/2025\/09\/10\/fiscalia-incautan-13-propiedades-a-red-de-trata-de-personas-vinculada-a-la-pandilla-18\/#article","isPartOf":{"@id":"https:\/\/lagnoticias.com\/2025\/09\/10\/fiscalia-incautan-13-propiedades-a-red-de-trata-de-personas-vinculada-a-la-pandilla-18\/"},"author":{"name":"Oscar","@id":"https:\/\/lagnoticias.com\/#\/schema\/person\/cb9bfe13f8de05d2c55270be25c6a550"},"headline":"Fiscal\u00eda incautan 13 propiedades a red de trata de personas vinculada a la pandilla 18","datePublished":"2025-09-10T17:16:51+00:00","dateModified":"2025-09-10T17:16:52+00:00","mainEntityOfPage":{"@id":"https:\/\/lagnoticias.com\/2025\/09\/10\/fiscalia-incautan-13-propiedades-a-red-de-trata-de-personas-vinculada-a-la-pandilla-18\/"},"wordCount":205,"commentCount":0,"image":{"@id":"https:\/\/lagnoticias.com\/2025\/09\/10\/fiscalia-incautan-13-propiedades-a-red-de-trata-de-personas-vinculada-a-la-pandilla-18\/#primaryimage"},"thumbnailUrl":"https:\/\/lagnoticias.com\/wp-content\/uploads\/2025\/09\/WhatsApp-Image-2025-09-09-at-12.41.32-PM.jpeg","keywords":["EL SALVADOR","FGR","INCAUTACI\u00d3N","PANDILLAS"],"articleSection":["NACIONALES"],"inLanguage":"en-US","potentialAction":[{"@type":"CommentAction","name":"Comment","target":["https:\/\/lagnoticias.com\/2025\/09\/10\/fiscalia-incautan-13-propiedades-a-red-de-trata-de-personas-vinculada-a-la-pandilla-18\/#respond"]}]},{"@type":"WebPage","@id":"https:\/\/lagnoticias.com\/2025\/09\/10\/fiscalia-incautan-13-propiedades-a-red-de-trata-de-personas-vinculada-a-la-pandilla-18\/","url":"https:\/\/lagnoticias.com\/2025\/09\/10\/fiscalia-incautan-13-propiedades-a-red-de-trata-de-personas-vinculada-a-la-pandilla-18\/","name":"Fiscal\u00eda incautan 13 propiedades a red de trata de personas vinculada a la pandilla 18 - La G Noticias","isPartOf":{"@id":"https:\/\/lagnoticias.com\/#website"},"primaryImageOfPage":{"@id":"https:\/\/lagnoticias.com\/2025\/09\/10\/fiscalia-incautan-13-propiedades-a-red-de-trata-de-personas-vinculada-a-la-pandilla-18\/#primaryimage"},"image":{"@id":"https:\/\/lagnoticias.com\/2025\/09\/10\/fiscalia-incautan-13-propiedades-a-red-de-trata-de-personas-vinculada-a-la-pandilla-18\/#primaryimage"},"thumbnailUrl":"https:\/\/lagnoticias.com\/wp-content\/uploads\/2025\/09\/WhatsApp-Image-2025-09-09-at-12.41.32-PM.jpeg","datePublished":"2025-09-10T17:16:51+00:00","dateModified":"2025-09-10T17:16:52+00:00","author":{"@id":"https:\/\/lagnoticias.com\/#\/schema\/person\/cb9bfe13f8de05d2c55270be25c6a550"},"breadcrumb":{"@id":"https:\/\/lagnoticias.com\/2025\/09\/10\/fiscalia-incautan-13-propiedades-a-red-de-trata-de-personas-vinculada-a-la-pandilla-18\/#breadcrumb"},"inLanguage":"en-US","potentialAction":[{"@type":"ReadAction","target":["https:\/\/lagnoticias.com\/2025\/09\/10\/fiscalia-incautan-13-propiedades-a-red-de-trata-de-personas-vinculada-a-la-pandilla-18\/"]}]},{"@type":"ImageObject","inLanguage":"en-US","@id":"https:\/\/lagnoticias.com\/2025\/09\/10\/fiscalia-incautan-13-propiedades-a-red-de-trata-de-personas-vinculada-a-la-pandilla-18\/#primaryimage","url":"https:\/\/lagnoticias.com\/wp-content\/uploads\/2025\/09\/WhatsApp-Image-2025-09-09-at-12.41.32-PM.jpeg","contentUrl":"https:\/\/lagnoticias.com\/wp-content\/uploads\/2025\/09\/WhatsApp-Image-2025-09-09-at-12.41.32-PM.jpeg","width":1280,"height":853},{"@type":"BreadcrumbList","@id":"https:\/\/lagnoticias.com\/2025\/09\/10\/fiscalia-incautan-13-propiedades-a-red-de-trata-de-personas-vinculada-a-la-pandilla-18\/#breadcrumb","itemListElement":[{"@type":"ListItem","position":1,"name":"Portada","item":"https:\/\/lagnoticias.com\/"},{"@type":"ListItem","position":2,"name":"Fiscal\u00eda incautan 13 propiedades a red de trata de personas vinculada a la pandilla 18"}]},{"@type":"WebSite","@id":"https:\/\/lagnoticias.com\/#website","url":"https:\/\/lagnoticias.com\/","name":"La G Noticias","description":"Noticias Positivas","potentialAction":[{"@type":"SearchAction","target":{"@type":"EntryPoint","urlTemplate":"https:\/\/lagnoticias.com\/?s={search_term_string}"},"query-input":{"@type":"PropertyValueSpecification","valueRequired":true,"valueName":"search_term_string"}}],"inLanguage":"en-US"},{"@type":"Person","@id":"https:\/\/lagnoticias.com\/#\/schema\/person\/cb9bfe13f8de05d2c55270be25c6a550","name":"Oscar","image":{"@type":"ImageObject","inLanguage":"en-US","@id":"https:\/\/secure.gravatar.com\/avatar\/45c195718f652dc7ffdd591dc1f2678956ab7fdadcd359a635edc61304a8c757?s=96&d=mm&r=g","url":"https:\/\/secure.gravatar.com\/avatar\/45c195718f652dc7ffdd591dc1f2678956ab7fdadcd359a635edc61304a8c757?s=96&d=mm&r=g","contentUrl":"https:\/\/secure.gravatar.com\/avatar\/45c195718f652dc7ffdd591dc1f2678956ab7fdadcd359a635edc61304a8c757?s=96&d=mm&r=g","caption":"Oscar"},"url":"https:\/\/lagnoticias.com\/en\/author\/oscar\/"}]}},"_links":{"self":[{"href":"https:\/\/lagnoticias.com\/en\/wp-json\/wp\/v2\/posts\/4881","targetHints":{"allow":["GET"]}}],"collection":[{"href":"https:\/\/lagnoticias.com\/en\/wp-json\/wp\/v2\/posts"}],"about":[{"href":"https:\/\/lagnoticias.com\/en\/wp-json\/wp\/v2\/types\/post"}],"author":[{"embeddable":true,"href":"https:\/\/lagnoticias.com\/en\/wp-json\/wp\/v2\/users\/2"}],"replies":[{"embeddable":true,"href":"https:\/\/lagnoticias.com\/en\/wp-json\/wp\/v2\/comments?post=4881"}],"version-history":[{"count":1,"href":"https:\/\/lagnoticias.com\/en\/wp-json\/wp\/v2\/posts\/4881\/revisions"}],"predecessor-version":[{"id":4884,"href":"https:\/\/lagnoticias.com\/en\/wp-json\/wp\/v2\/posts\/4881\/revisions\/4884"}],"wp:featuredmedia":[{"embeddable":true,"href":"https:\/\/lagnoticias.com\/en\/wp-json\/wp\/v2\/media\/4882"}],"wp:attachment":[{"href":"https:\/\/lagnoticias.com\/en\/wp-json\/wp\/v2\/media?parent=4881"}],"wp:term":[{"taxonomy":"category","embeddable":true,"href":"https:\/\/lagnoticias.com\/en\/wp-json\/wp\/v2\/categories?post=4881"},{"taxonomy":"post_tag","embeddable":true,"href":"https:\/\/lagnoticias.com\/en\/wp-json\/wp\/v2\/tags?post=4881"}],"curies":[{"name":"wp","href":"https:\/\/api.w.org\/{rel}","templated":true}]}}