{"id":4866,"date":"2025-09-10T10:24:18","date_gmt":"2025-09-10T16:24:18","guid":{"rendered":"https:\/\/lagnoticias.com\/?p=4866"},"modified":"2025-09-10T10:25:39","modified_gmt":"2025-09-10T16:25:39","slug":"apple-incrementa-el-precio-de-los-iphone-pro-en-ee-uu-por-primera-vez-desde-2017-en-medio-de-aranceles-y-nuevas-estrategias","status":"publish","type":"post","link":"https:\/\/lagnoticias.com\/en\/2025\/09\/10\/apple-incrementa-el-precio-de-los-iphone-pro-en-ee-uu-por-primera-vez-desde-2017-en-medio-de-aranceles-y-nuevas-estrategias\/","title":{"rendered":"Apple incrementa el precio de los iPhone Pro en EE. UU. por primera vez desde 2017, en medio de aranceles y nuevas estrategias"},"content":{"rendered":"<p>En su evento anual de lanzamiento,&nbsp;Apple&nbsp;anunci\u00f3 cambios en su l\u00ednea de productos, destacando por primera vez en siete a\u00f1os un aumento en el precio de entrada de su modelo iPhone Pro en Estados Unidos. Esta decisi\u00f3n, ampliamente anticipada por analistas, se enmarca en un esfuerzo por gestionar los crecientes costes de los aranceles comerciales y en una reestructuraci\u00f3n de su gama de smartphones, detalla el medio CNBC.<\/p>\n\n\n\n<h2 class=\"wp-block-heading\">Los cambios en precios y modelos<\/h2>\n\n\n\n<p>La estrategia de precios de Apple para este a\u00f1o es mixta, afectando selectivamente a algunos modelos mientras mantiene estables a otros:<\/p>\n\n\n\n<ol class=\"wp-block-list\">\n<li>iPhone 17 Pro:\u00a0El precio de partida ha aumentado\u00a0$100, de $999 a\u00a0$1,099. Este es el primer incremento para el modelo Pro base desde el iPhone X en 2017.<\/li>\n\n\n\n<li>Nuevo iPhone 17 Air:\u00a0Apple ha reemplazado al iPhone 16 Plus (que costaba $899) con este nuevo dispositivo, presentado como m\u00e1s delgado, ligero y con una \u201cbater\u00eda de alta densidad\u201d. Su precio de partida es de\u00a0$999, lo que tambi\u00e9n representa un aumento de $100 respecto al modelo al que sustituye.<\/li>\n\n\n\n<li>Modelos con precios estables:<\/li>\n<\/ol>\n\n\n\n<ul class=\"wp-block-list\">\n<li>El\u00a0iPhone 17\u00a0est\u00e1ndar mantiene su precio de inicio en\u00a0$799.<\/li>\n\n\n\n<li>El modelo m\u00e1s premium, el\u00a0iPhone 17 Pro Max, no tuvo incremento.<\/li>\n\n\n\n<li>Los\u00a0AirPods Pro 3\u00a0(con nueva funci\u00f3n de traducci\u00f3n en tiempo real) se mantienen en\u00a0$249.<\/li>\n\n\n\n<li>La\u00a0Apple Watch Serie 11\u00a0($399) y el modelo\u00a0Ultra 3\u00a0($799) tambi\u00e9n conservan sus precios.<\/li>\n<\/ul>\n\n\n\n<h2 class=\"wp-block-heading\">\u00a0Las razones detr\u00e1s del aumento<\/h2>\n\n\n\n<p>Dos factores clave explican esta subida de precios:<\/p>\n\n\n\n<ol class=\"wp-block-list\">\n<li>El impacto de los aranceles:\u00a0Analistas e inversores ya anticipaban que\u00a0Apple\u00a0transferir\u00eda parte de sus mayores costes a los consumidores. La compa\u00f1\u00eda estima que los aranceles impuestos durante la administraci\u00f3n Trump le costar\u00e1n\u00a0m\u00e1s de $1,000 millones solo en este trimestre fiscal. Para mitigar este impacto, Apple ha reorientado gran parte de su cadena de suministro, importando ahora iPhones a EE. UU. desde India en lugar de desde China, donde los aranceles son m\u00e1s altos.<\/li>\n<\/ol>\n\n\n\n<ul class=\"wp-block-list\">\n<li>Mayor almacenamiento est\u00e1ndar:\u00a0Apple intent\u00f3 suavizar el golpe del precio justific\u00e1ndolo con una mejora en la especificaci\u00f3n base. Tanto el iPhone 17 Pro como el iPhone 17 Air ahora incluyen\u00a0256GB de almacenamiento\u00a0de serie, en lugar de los 128GB del a\u00f1o anterior. Como se\u00f1al\u00f3 el jefe de marketing de Apple, Greg Joswiak: \u00abEl iPhone 17 Pro comienza en $1099, el mismo gran precio que el iPhone 16 Pro de 256 gigabytes del a\u00f1o pasado\u201d.<\/li>\n<\/ul>\n\n\n\n<h2 class=\"wp-block-heading\">Innovaciones y caracter\u00edsticas de los nuevos productos<\/h2>\n\n\n\n<ul class=\"wp-block-list\">\n<li>iPhone 17 Air:\u00a0Se posiciona como el iPhone m\u00e1s resistente hasta la fecha y competir\u00e1 directamente con el Galaxy S25 Edge de Samsung. Los analistas ven en este modelo un posible paso previo para que Apple compita finalmente en el mercado de tel\u00e9fonos plegables, crucial para recuperar cuota de mercado en China.<\/li>\n\n\n\n<li>iPhone 17 est\u00e1ndar:\u00a0Incluye una pantalla m\u00e1s brillante y resistente a rayones, un nuevo chip A19 de 3nm para mejorar las capacidades de IA, y una c\u00e1mara frontal mejorada para selfies en horizontal.<\/li>\n\n\n\n<li>AirPods Pro 3:\u00a0Su funci\u00f3n estrella es la\u00a0traducci\u00f3n simult\u00e1nea de conversaciones\u00a0casi en tiempo real, especialmente cuando ambos interlocutores los llevan puestos.<\/li>\n\n\n\n<li>Apple Watch:\u00a0Introduce un\u00a0monitor de presi\u00f3n arterial\u00a0pendiente de aprobaci\u00f3n regulatoria. Apple espera que esta funci\u00f3n alerte a un mill\u00f3n de personas de posibles casos de hipertensi\u00f3n. Estar\u00e1 disponible en 150 pa\u00edses.<\/li>\n<\/ul>\n\n\n\n<h2 class=\"wp-block-heading\">Lo que se qued\u00f3 en el camino<\/h2>\n\n\n\n<p>El evento confirm\u00f3 dos retrasos notables:<\/p>\n\n\n\n<ul class=\"wp-block-list\">\n<li>Siri:\u00a0No hubo actualizaciones significativas para el asistente virtual. Una renovaci\u00f3n profunda de Siri ha sido aplazada hasta el pr\u00f3ximo a\u00f1o.<\/li>\n\n\n\n<li>M\u00e1s socios de IA:\u00a0Los analistas segu\u00edan atentos a si\u00a0Apple\u00a0anunciar\u00eda m\u00e1s alianzas de inteligencia artificial (m\u00e1s all\u00e1 de su socio actual, OpenAI, creador de ChatGPT) para impulsar las funciones de sus dispositivos antes de la nueva Siri, pero no se realizaron anuncios al respecto.<\/li>\n<\/ul>\n\n\n\n<p>Apple navega un panorama comercial complejo con una estrategia dual: por un lado, absorbe costes manteniendo estables los precios de sus dispositivos m\u00e1s populares como los AirPods, el Watch y el iPhone base. Por otro, traslada parte de la presi\u00f3n financiera causada por los aranceles a los modelos m\u00e1s premium (Pro y Air), camuflando el aumento con una mejora tangible en el almacenamiento.<\/p>\n\n\n\n<p>Esta jugada le permite proteger sus m\u00e1rgenes mientras se adapta a la nueva realidad del comercio global y prepara el terreno para futuras innovaciones, como su esperada incursi\u00f3n en el mercado de los plegables.<\/p>","protected":false},"excerpt":{"rendered":"<p>Apple ha aumentado el precio de partida de su iPhone Pro por primera vez desde 2017. <\/p>","protected":false},"author":2,"featured_media":4868,"comment_status":"open","ping_status":"open","sticky":false,"template":"","format":"standard","meta":{"_et_pb_use_builder":"off","_et_pb_old_content":"","_et_gb_content_width":"","footnotes":""},"categories":[247],"tags":[274,272,260,711],"class_list":["post-4866","post","type-post","status-publish","format-standard","has-post-thumbnail","hentry","category-tecnologia","tag-aranceles","tag-donald-trump","tag-estados-unidos","tag-iphone-17"],"yoast_head":"<!-- This site is optimized with the Yoast SEO plugin v27.4 - https:\/\/yoast.com\/product\/yoast-seo-wordpress\/ -->\n<title>Apple incrementa el precio de los iPhone Pro en EE. UU. por primera vez desde 2017, en medio de aranceles y nuevas estrategias - La G Noticias<\/title>\n<meta name=\"robots\" content=\"index, follow, max-snippet:-1, max-image-preview:large, max-video-preview:-1\" \/>\n<link rel=\"canonical\" href=\"https:\/\/lagnoticias.com\/en\/2025\/09\/10\/apple-incrementa-el-precio-de-los-iphone-pro-en-ee-uu-por-primera-vez-desde-2017-en-medio-de-aranceles-y-nuevas-estrategias\/\" \/>\n<meta property=\"og:locale\" content=\"en_US\" \/>\n<meta property=\"og:type\" content=\"article\" \/>\n<meta property=\"og:title\" content=\"Apple incrementa el precio de los iPhone Pro en EE. UU. por primera vez desde 2017, en medio de aranceles y nuevas estrategias - La G Noticias\" \/>\n<meta property=\"og:description\" content=\"Apple ha aumentado el precio de partida de su iPhone Pro por primera vez desde 2017.\" \/>\n<meta property=\"og:url\" content=\"https:\/\/lagnoticias.com\/en\/2025\/09\/10\/apple-incrementa-el-precio-de-los-iphone-pro-en-ee-uu-por-primera-vez-desde-2017-en-medio-de-aranceles-y-nuevas-estrategias\/\" \/>\n<meta property=\"og:site_name\" content=\"La G Noticias\" \/>\n<meta property=\"article:publisher\" content=\"https:\/\/www.facebook.com\/LaGNoticias\" \/>\n<meta property=\"article:published_time\" content=\"2025-09-10T16:24:18+00:00\" \/>\n<meta property=\"article:modified_time\" content=\"2025-09-10T16:25:39+00:00\" \/>\n<meta property=\"og:image\" content=\"https:\/\/lagnoticias.com\/wp-content\/uploads\/2025\/09\/8-10.jpg\" \/>\n\t<meta property=\"og:image:width\" content=\"1200\" \/>\n\t<meta property=\"og:image:height\" content=\"800\" \/>\n\t<meta property=\"og:image:type\" content=\"image\/jpeg\" \/>\n<meta name=\"author\" content=\"Oscar\" \/>\n<meta name=\"twitter:card\" content=\"summary_large_image\" \/>\n<meta name=\"twitter:creator\" content=\"@lagnoticias\" \/>\n<meta name=\"twitter:site\" content=\"@lagnoticias\" \/>\n<meta name=\"twitter:label1\" content=\"Written by\" \/>\n\t<meta name=\"twitter:data1\" content=\"Oscar\" \/>\n\t<meta name=\"twitter:label2\" content=\"Est. reading time\" \/>\n\t<meta name=\"twitter:data2\" content=\"4 minutes\" \/>\n<script type=\"application\/ld+json\" class=\"yoast-schema-graph\">{\"@context\":\"https:\\\/\\\/schema.org\",\"@graph\":[{\"@type\":\"Article\",\"@id\":\"https:\\\/\\\/lagnoticias.com\\\/2025\\\/09\\\/10\\\/apple-incrementa-el-precio-de-los-iphone-pro-en-ee-uu-por-primera-vez-desde-2017-en-medio-de-aranceles-y-nuevas-estrategias\\\/#article\",\"isPartOf\":{\"@id\":\"https:\\\/\\\/lagnoticias.com\\\/2025\\\/09\\\/10\\\/apple-incrementa-el-precio-de-los-iphone-pro-en-ee-uu-por-primera-vez-desde-2017-en-medio-de-aranceles-y-nuevas-estrategias\\\/\"},\"author\":{\"name\":\"Oscar\",\"@id\":\"https:\\\/\\\/lagnoticias.com\\\/#\\\/schema\\\/person\\\/cb9bfe13f8de05d2c55270be25c6a550\"},\"headline\":\"Apple incrementa el precio de los iPhone Pro en EE. UU. por primera vez desde 2017, en medio de aranceles y nuevas estrategias\",\"datePublished\":\"2025-09-10T16:24:18+00:00\",\"dateModified\":\"2025-09-10T16:25:39+00:00\",\"mainEntityOfPage\":{\"@id\":\"https:\\\/\\\/lagnoticias.com\\\/2025\\\/09\\\/10\\\/apple-incrementa-el-precio-de-los-iphone-pro-en-ee-uu-por-primera-vez-desde-2017-en-medio-de-aranceles-y-nuevas-estrategias\\\/\"},\"wordCount\":773,\"commentCount\":0,\"image\":{\"@id\":\"https:\\\/\\\/lagnoticias.com\\\/2025\\\/09\\\/10\\\/apple-incrementa-el-precio-de-los-iphone-pro-en-ee-uu-por-primera-vez-desde-2017-en-medio-de-aranceles-y-nuevas-estrategias\\\/#primaryimage\"},\"thumbnailUrl\":\"https:\\\/\\\/lagnoticias.com\\\/wp-content\\\/uploads\\\/2025\\\/09\\\/8-10.jpg\",\"keywords\":[\"ARANCELES\",\"DONALD TRUMP\",\"ESTADOS UNIDOS\",\"iphone 17\"],\"articleSection\":[\"TECNOLOG\u00cdA\"],\"inLanguage\":\"en-US\",\"potentialAction\":[{\"@type\":\"CommentAction\",\"name\":\"Comment\",\"target\":[\"https:\\\/\\\/lagnoticias.com\\\/2025\\\/09\\\/10\\\/apple-incrementa-el-precio-de-los-iphone-pro-en-ee-uu-por-primera-vez-desde-2017-en-medio-de-aranceles-y-nuevas-estrategias\\\/#respond\"]}]},{\"@type\":\"WebPage\",\"@id\":\"https:\\\/\\\/lagnoticias.com\\\/2025\\\/09\\\/10\\\/apple-incrementa-el-precio-de-los-iphone-pro-en-ee-uu-por-primera-vez-desde-2017-en-medio-de-aranceles-y-nuevas-estrategias\\\/\",\"url\":\"https:\\\/\\\/lagnoticias.com\\\/2025\\\/09\\\/10\\\/apple-incrementa-el-precio-de-los-iphone-pro-en-ee-uu-por-primera-vez-desde-2017-en-medio-de-aranceles-y-nuevas-estrategias\\\/\",\"name\":\"Apple incrementa el precio de los iPhone Pro en EE. UU. por primera vez desde 2017, en medio de aranceles y nuevas estrategias - La G Noticias\",\"isPartOf\":{\"@id\":\"https:\\\/\\\/lagnoticias.com\\\/#website\"},\"primaryImageOfPage\":{\"@id\":\"https:\\\/\\\/lagnoticias.com\\\/2025\\\/09\\\/10\\\/apple-incrementa-el-precio-de-los-iphone-pro-en-ee-uu-por-primera-vez-desde-2017-en-medio-de-aranceles-y-nuevas-estrategias\\\/#primaryimage\"},\"image\":{\"@id\":\"https:\\\/\\\/lagnoticias.com\\\/2025\\\/09\\\/10\\\/apple-incrementa-el-precio-de-los-iphone-pro-en-ee-uu-por-primera-vez-desde-2017-en-medio-de-aranceles-y-nuevas-estrategias\\\/#primaryimage\"},\"thumbnailUrl\":\"https:\\\/\\\/lagnoticias.com\\\/wp-content\\\/uploads\\\/2025\\\/09\\\/8-10.jpg\",\"datePublished\":\"2025-09-10T16:24:18+00:00\",\"dateModified\":\"2025-09-10T16:25:39+00:00\",\"author\":{\"@id\":\"https:\\\/\\\/lagnoticias.com\\\/#\\\/schema\\\/person\\\/cb9bfe13f8de05d2c55270be25c6a550\"},\"breadcrumb\":{\"@id\":\"https:\\\/\\\/lagnoticias.com\\\/2025\\\/09\\\/10\\\/apple-incrementa-el-precio-de-los-iphone-pro-en-ee-uu-por-primera-vez-desde-2017-en-medio-de-aranceles-y-nuevas-estrategias\\\/#breadcrumb\"},\"inLanguage\":\"en-US\",\"potentialAction\":[{\"@type\":\"ReadAction\",\"target\":[\"https:\\\/\\\/lagnoticias.com\\\/2025\\\/09\\\/10\\\/apple-incrementa-el-precio-de-los-iphone-pro-en-ee-uu-por-primera-vez-desde-2017-en-medio-de-aranceles-y-nuevas-estrategias\\\/\"]}]},{\"@type\":\"ImageObject\",\"inLanguage\":\"en-US\",\"@id\":\"https:\\\/\\\/lagnoticias.com\\\/2025\\\/09\\\/10\\\/apple-incrementa-el-precio-de-los-iphone-pro-en-ee-uu-por-primera-vez-desde-2017-en-medio-de-aranceles-y-nuevas-estrategias\\\/#primaryimage\",\"url\":\"https:\\\/\\\/lagnoticias.com\\\/wp-content\\\/uploads\\\/2025\\\/09\\\/8-10.jpg\",\"contentUrl\":\"https:\\\/\\\/lagnoticias.com\\\/wp-content\\\/uploads\\\/2025\\\/09\\\/8-10.jpg\",\"width\":1200,\"height\":800},{\"@type\":\"BreadcrumbList\",\"@id\":\"https:\\\/\\\/lagnoticias.com\\\/2025\\\/09\\\/10\\\/apple-incrementa-el-precio-de-los-iphone-pro-en-ee-uu-por-primera-vez-desde-2017-en-medio-de-aranceles-y-nuevas-estrategias\\\/#breadcrumb\",\"itemListElement\":[{\"@type\":\"ListItem\",\"position\":1,\"name\":\"Portada\",\"item\":\"https:\\\/\\\/lagnoticias.com\\\/\"},{\"@type\":\"ListItem\",\"position\":2,\"name\":\"Apple incrementa el precio de los iPhone Pro en EE. UU. por primera vez desde 2017, en medio de aranceles y nuevas estrategias\"}]},{\"@type\":\"WebSite\",\"@id\":\"https:\\\/\\\/lagnoticias.com\\\/#website\",\"url\":\"https:\\\/\\\/lagnoticias.com\\\/\",\"name\":\"La G Noticias\",\"description\":\"Noticias Positivas\",\"potentialAction\":[{\"@type\":\"SearchAction\",\"target\":{\"@type\":\"EntryPoint\",\"urlTemplate\":\"https:\\\/\\\/lagnoticias.com\\\/?s={search_term_string}\"},\"query-input\":{\"@type\":\"PropertyValueSpecification\",\"valueRequired\":true,\"valueName\":\"search_term_string\"}}],\"inLanguage\":\"en-US\"},{\"@type\":\"Person\",\"@id\":\"https:\\\/\\\/lagnoticias.com\\\/#\\\/schema\\\/person\\\/cb9bfe13f8de05d2c55270be25c6a550\",\"name\":\"Oscar\",\"image\":{\"@type\":\"ImageObject\",\"inLanguage\":\"en-US\",\"@id\":\"https:\\\/\\\/secure.gravatar.com\\\/avatar\\\/45c195718f652dc7ffdd591dc1f2678956ab7fdadcd359a635edc61304a8c757?s=96&d=mm&r=g\",\"url\":\"https:\\\/\\\/secure.gravatar.com\\\/avatar\\\/45c195718f652dc7ffdd591dc1f2678956ab7fdadcd359a635edc61304a8c757?s=96&d=mm&r=g\",\"contentUrl\":\"https:\\\/\\\/secure.gravatar.com\\\/avatar\\\/45c195718f652dc7ffdd591dc1f2678956ab7fdadcd359a635edc61304a8c757?s=96&d=mm&r=g\",\"caption\":\"Oscar\"},\"url\":\"https:\\\/\\\/lagnoticias.com\\\/en\\\/author\\\/oscar\\\/\"}]}<\/script>\n<!-- \/ Yoast SEO plugin. -->","yoast_head_json":{"title":"Apple incrementa el precio de los iPhone Pro en EE. UU. por primera vez desde 2017, en medio de aranceles y nuevas estrategias - La G Noticias","robots":{"index":"index","follow":"follow","max-snippet":"max-snippet:-1","max-image-preview":"max-image-preview:large","max-video-preview":"max-video-preview:-1"},"canonical":"https:\/\/lagnoticias.com\/en\/2025\/09\/10\/apple-incrementa-el-precio-de-los-iphone-pro-en-ee-uu-por-primera-vez-desde-2017-en-medio-de-aranceles-y-nuevas-estrategias\/","og_locale":"en_US","og_type":"article","og_title":"Apple incrementa el precio de los iPhone Pro en EE. UU. por primera vez desde 2017, en medio de aranceles y nuevas estrategias - La G Noticias","og_description":"Apple ha aumentado el precio de partida de su iPhone Pro por primera vez desde 2017.","og_url":"https:\/\/lagnoticias.com\/en\/2025\/09\/10\/apple-incrementa-el-precio-de-los-iphone-pro-en-ee-uu-por-primera-vez-desde-2017-en-medio-de-aranceles-y-nuevas-estrategias\/","og_site_name":"La G Noticias","article_publisher":"https:\/\/www.facebook.com\/LaGNoticias","article_published_time":"2025-09-10T16:24:18+00:00","article_modified_time":"2025-09-10T16:25:39+00:00","og_image":[{"width":1200,"height":800,"url":"https:\/\/lagnoticias.com\/wp-content\/uploads\/2025\/09\/8-10.jpg","type":"image\/jpeg"}],"author":"Oscar","twitter_card":"summary_large_image","twitter_creator":"@lagnoticias","twitter_site":"@lagnoticias","twitter_misc":{"Written by":"Oscar","Est. reading time":"4 minutes"},"schema":{"@context":"https:\/\/schema.org","@graph":[{"@type":"Article","@id":"https:\/\/lagnoticias.com\/2025\/09\/10\/apple-incrementa-el-precio-de-los-iphone-pro-en-ee-uu-por-primera-vez-desde-2017-en-medio-de-aranceles-y-nuevas-estrategias\/#article","isPartOf":{"@id":"https:\/\/lagnoticias.com\/2025\/09\/10\/apple-incrementa-el-precio-de-los-iphone-pro-en-ee-uu-por-primera-vez-desde-2017-en-medio-de-aranceles-y-nuevas-estrategias\/"},"author":{"name":"Oscar","@id":"https:\/\/lagnoticias.com\/#\/schema\/person\/cb9bfe13f8de05d2c55270be25c6a550"},"headline":"Apple incrementa el precio de los iPhone Pro en EE. UU. por primera vez desde 2017, en medio de aranceles y nuevas estrategias","datePublished":"2025-09-10T16:24:18+00:00","dateModified":"2025-09-10T16:25:39+00:00","mainEntityOfPage":{"@id":"https:\/\/lagnoticias.com\/2025\/09\/10\/apple-incrementa-el-precio-de-los-iphone-pro-en-ee-uu-por-primera-vez-desde-2017-en-medio-de-aranceles-y-nuevas-estrategias\/"},"wordCount":773,"commentCount":0,"image":{"@id":"https:\/\/lagnoticias.com\/2025\/09\/10\/apple-incrementa-el-precio-de-los-iphone-pro-en-ee-uu-por-primera-vez-desde-2017-en-medio-de-aranceles-y-nuevas-estrategias\/#primaryimage"},"thumbnailUrl":"https:\/\/lagnoticias.com\/wp-content\/uploads\/2025\/09\/8-10.jpg","keywords":["ARANCELES","DONALD TRUMP","ESTADOS UNIDOS","iphone 17"],"articleSection":["TECNOLOG\u00cdA"],"inLanguage":"en-US","potentialAction":[{"@type":"CommentAction","name":"Comment","target":["https:\/\/lagnoticias.com\/2025\/09\/10\/apple-incrementa-el-precio-de-los-iphone-pro-en-ee-uu-por-primera-vez-desde-2017-en-medio-de-aranceles-y-nuevas-estrategias\/#respond"]}]},{"@type":"WebPage","@id":"https:\/\/lagnoticias.com\/2025\/09\/10\/apple-incrementa-el-precio-de-los-iphone-pro-en-ee-uu-por-primera-vez-desde-2017-en-medio-de-aranceles-y-nuevas-estrategias\/","url":"https:\/\/lagnoticias.com\/2025\/09\/10\/apple-incrementa-el-precio-de-los-iphone-pro-en-ee-uu-por-primera-vez-desde-2017-en-medio-de-aranceles-y-nuevas-estrategias\/","name":"Apple incrementa el precio de los iPhone Pro en EE. UU. por primera vez desde 2017, en medio de aranceles y nuevas estrategias - La G Noticias","isPartOf":{"@id":"https:\/\/lagnoticias.com\/#website"},"primaryImageOfPage":{"@id":"https:\/\/lagnoticias.com\/2025\/09\/10\/apple-incrementa-el-precio-de-los-iphone-pro-en-ee-uu-por-primera-vez-desde-2017-en-medio-de-aranceles-y-nuevas-estrategias\/#primaryimage"},"image":{"@id":"https:\/\/lagnoticias.com\/2025\/09\/10\/apple-incrementa-el-precio-de-los-iphone-pro-en-ee-uu-por-primera-vez-desde-2017-en-medio-de-aranceles-y-nuevas-estrategias\/#primaryimage"},"thumbnailUrl":"https:\/\/lagnoticias.com\/wp-content\/uploads\/2025\/09\/8-10.jpg","datePublished":"2025-09-10T16:24:18+00:00","dateModified":"2025-09-10T16:25:39+00:00","author":{"@id":"https:\/\/lagnoticias.com\/#\/schema\/person\/cb9bfe13f8de05d2c55270be25c6a550"},"breadcrumb":{"@id":"https:\/\/lagnoticias.com\/2025\/09\/10\/apple-incrementa-el-precio-de-los-iphone-pro-en-ee-uu-por-primera-vez-desde-2017-en-medio-de-aranceles-y-nuevas-estrategias\/#breadcrumb"},"inLanguage":"en-US","potentialAction":[{"@type":"ReadAction","target":["https:\/\/lagnoticias.com\/2025\/09\/10\/apple-incrementa-el-precio-de-los-iphone-pro-en-ee-uu-por-primera-vez-desde-2017-en-medio-de-aranceles-y-nuevas-estrategias\/"]}]},{"@type":"ImageObject","inLanguage":"en-US","@id":"https:\/\/lagnoticias.com\/2025\/09\/10\/apple-incrementa-el-precio-de-los-iphone-pro-en-ee-uu-por-primera-vez-desde-2017-en-medio-de-aranceles-y-nuevas-estrategias\/#primaryimage","url":"https:\/\/lagnoticias.com\/wp-content\/uploads\/2025\/09\/8-10.jpg","contentUrl":"https:\/\/lagnoticias.com\/wp-content\/uploads\/2025\/09\/8-10.jpg","width":1200,"height":800},{"@type":"BreadcrumbList","@id":"https:\/\/lagnoticias.com\/2025\/09\/10\/apple-incrementa-el-precio-de-los-iphone-pro-en-ee-uu-por-primera-vez-desde-2017-en-medio-de-aranceles-y-nuevas-estrategias\/#breadcrumb","itemListElement":[{"@type":"ListItem","position":1,"name":"Portada","item":"https:\/\/lagnoticias.com\/"},{"@type":"ListItem","position":2,"name":"Apple incrementa el precio de los iPhone Pro en EE. UU. por primera vez desde 2017, en medio de aranceles y nuevas estrategias"}]},{"@type":"WebSite","@id":"https:\/\/lagnoticias.com\/#website","url":"https:\/\/lagnoticias.com\/","name":"La G Noticias","description":"Noticias Positivas","potentialAction":[{"@type":"SearchAction","target":{"@type":"EntryPoint","urlTemplate":"https:\/\/lagnoticias.com\/?s={search_term_string}"},"query-input":{"@type":"PropertyValueSpecification","valueRequired":true,"valueName":"search_term_string"}}],"inLanguage":"en-US"},{"@type":"Person","@id":"https:\/\/lagnoticias.com\/#\/schema\/person\/cb9bfe13f8de05d2c55270be25c6a550","name":"Oscar","image":{"@type":"ImageObject","inLanguage":"en-US","@id":"https:\/\/secure.gravatar.com\/avatar\/45c195718f652dc7ffdd591dc1f2678956ab7fdadcd359a635edc61304a8c757?s=96&d=mm&r=g","url":"https:\/\/secure.gravatar.com\/avatar\/45c195718f652dc7ffdd591dc1f2678956ab7fdadcd359a635edc61304a8c757?s=96&d=mm&r=g","contentUrl":"https:\/\/secure.gravatar.com\/avatar\/45c195718f652dc7ffdd591dc1f2678956ab7fdadcd359a635edc61304a8c757?s=96&d=mm&r=g","caption":"Oscar"},"url":"https:\/\/lagnoticias.com\/en\/author\/oscar\/"}]}},"_links":{"self":[{"href":"https:\/\/lagnoticias.com\/en\/wp-json\/wp\/v2\/posts\/4866","targetHints":{"allow":["GET"]}}],"collection":[{"href":"https:\/\/lagnoticias.com\/en\/wp-json\/wp\/v2\/posts"}],"about":[{"href":"https:\/\/lagnoticias.com\/en\/wp-json\/wp\/v2\/types\/post"}],"author":[{"embeddable":true,"href":"https:\/\/lagnoticias.com\/en\/wp-json\/wp\/v2\/users\/2"}],"replies":[{"embeddable":true,"href":"https:\/\/lagnoticias.com\/en\/wp-json\/wp\/v2\/comments?post=4866"}],"version-history":[{"count":2,"href":"https:\/\/lagnoticias.com\/en\/wp-json\/wp\/v2\/posts\/4866\/revisions"}],"predecessor-version":[{"id":4869,"href":"https:\/\/lagnoticias.com\/en\/wp-json\/wp\/v2\/posts\/4866\/revisions\/4869"}],"wp:featuredmedia":[{"embeddable":true,"href":"https:\/\/lagnoticias.com\/en\/wp-json\/wp\/v2\/media\/4868"}],"wp:attachment":[{"href":"https:\/\/lagnoticias.com\/en\/wp-json\/wp\/v2\/media?parent=4866"}],"wp:term":[{"taxonomy":"category","embeddable":true,"href":"https:\/\/lagnoticias.com\/en\/wp-json\/wp\/v2\/categories?post=4866"},{"taxonomy":"post_tag","embeddable":true,"href":"https:\/\/lagnoticias.com\/en\/wp-json\/wp\/v2\/tags?post=4866"}],"curies":[{"name":"wp","href":"https:\/\/api.w.org\/{rel}","templated":true}]}}