{"id":4863,"date":"2025-09-10T10:15:16","date_gmt":"2025-09-10T16:15:16","guid":{"rendered":"https:\/\/lagnoticias.com\/?p=4863"},"modified":"2025-09-10T10:15:18","modified_gmt":"2025-09-10T16:15:18","slug":"plaza-sesamo-llegara-a-youtube-en-2026-con-todos-sus-capitulos-disponibles","status":"publish","type":"post","link":"https:\/\/lagnoticias.com\/en\/2025\/09\/10\/plaza-sesamo-llegara-a-youtube-en-2026-con-todos-sus-capitulos-disponibles\/","title":{"rendered":"Plaza S\u00e9samo llegar\u00e1 a YouTube en 2026 con todos sus cap\u00edtulos disponibles"},"content":{"rendered":"<p>El popular programa infantil&nbsp;Plaza S\u00e9samo, conocido por generaciones de ni\u00f1os y adultos en todo el mundo, anunci\u00f3 su llegada a la plataforma&nbsp;YouTube. A partir de&nbsp;enero de 2026, los fan\u00e1ticos podr\u00e1n acceder a una&nbsp;biblioteca digital con cientos de cap\u00edtulos completos, convirti\u00e9ndose en uno de los acervos m\u00e1s grandes en la historia del proyecto televisivo.<\/p>\n\n\n\n<p>La noticia fue compartida a trav\u00e9s de la cuenta oficial del programa en&nbsp;X, donde se confirm\u00f3 que personajes entra\u00f1ables como&nbsp;Beto, Enrique, Elmo, Abelardo y el Comegalletas&nbsp;tendr\u00e1n un espacio digital permanente.<\/p>\n\n\n\n<h2 class=\"wp-block-heading\">El anuncio oficial y lo que se sabe hasta ahora<\/h2>\n\n\n\n<p>De acuerdo con la informaci\u00f3n difundida en redes sociales,&nbsp;el canal oficial de Plaza S\u00e9samo en YouTube&nbsp;albergar\u00e1 episodios completos y contenido adicional exclusivo. Sin embargo, a\u00fan no se revel\u00f3 una fecha exacta de estreno&nbsp;dentro de enero de 2026.<\/p>\n\n\n\n<p>El comunicado oficial destac\u00f3:&nbsp;\u201cA partir de enero de 2026, YouTube tendr\u00e1 la biblioteca digital m\u00e1s grande de contenido de Barrio S\u00e9samo, con cientos de episodios completos que llegar\u00e1n a los canales oficiales\u201d.<\/p>\n\n\n\n<p>Esta decisi\u00f3n busca acercar el legado de la serie a nuevas generaciones a trav\u00e9s de plataformas digitales, al mismo tiempo que preserva su historia televisiva.<\/p>\n\n\n\n<h2 class=\"wp-block-heading\">M\u00e1s de cinco d\u00e9cadas de historia educativa<\/h2>\n\n\n\n<p>Plaza S\u00e9samo&nbsp;comenz\u00f3 sus transmisiones en&nbsp;1969&nbsp;y, desde entonces, no ha dejado de estrenar temporadas. En&nbsp;2025 celebra su temporada n\u00famero 55, consolid\u00e1ndose como una de las producciones educativas m\u00e1s longevas y queridas del mundo.<\/p>\n\n\n\n<p>El programa ha acompa\u00f1ado a distintas generaciones con&nbsp;ense\u00f1anzas formativas, valores sociales y preparaci\u00f3n acad\u00e9mica b\u00e1sica, convirti\u00e9ndose en un referente cultural en varios pa\u00edses, incluido M\u00e9xico, donde Abelardo se convirti\u00f3 en uno de los personajes m\u00e1s representativos.<\/p>\n\n\n\n<h2 class=\"wp-block-heading\">La huella de Jim Henson y la evoluci\u00f3n de los t\u00edteres<\/h2>\n\n\n\n<p>El universo de&nbsp;Plaza S\u00e9samo forma parte de la visi\u00f3n creativa del titiritero y director estadounidense&nbsp;Jim Henson, quien tambi\u00e9n fue el creador de&nbsp;Los Muppets&nbsp;y de personajes de pel\u00edculas como&nbsp;\u201cEl Laberinto\u201d.<\/p>\n\n\n\n<p>Los t\u00edteres originales marcaron un antes y un despu\u00e9s en la televisi\u00f3n infantil, y con el paso del tiempo, la producci\u00f3n ha incorporado&nbsp;nuevas herramientas digitales&nbsp;para modernizar las escenas y mantener su atractivo visual, sin perder el estilo educativo que lo caracteriza.<\/p>\n\n\n\n<h2 class=\"wp-block-heading\">La importancia del contenido educativo en la actualidad<\/h2>\n\n\n\n<p>El anuncio de su llegada a YouTube no solo representa una estrategia de distribuci\u00f3n, sino tambi\u00e9n un esfuerzo por&nbsp;mantener vigente la misi\u00f3n educativa del programa. En un contexto donde los ni\u00f1os consumen gran parte de su entretenimiento en plataformas digitales, la disponibilidad de episodios completos permitir\u00e1 un&nbsp;acceso m\u00e1s democr\u00e1tico, seguro y gratuito&nbsp;al contenido.<\/p>\n\n\n\n<p>Expertos en pedagog\u00eda han se\u00f1alado que series como Plaza S\u00e9samo refuerzan la&nbsp;alfabetizaci\u00f3n temprana, el pensamiento cr\u00edtico y la empat\u00eda social, aportando herramientas formativas que trascienden el entretenimiento.<\/p>\n\n\n\n<h2 class=\"wp-block-heading\">Un legado que trasciende generaciones<\/h2>\n\n\n\n<p>Desde su creaci\u00f3n,&nbsp;Plaza S\u00e9samo ha sido m\u00e1s que un programa de televisi\u00f3n: se ha convertido en un s\u00edmbolo de inclusi\u00f3n y aprendizaje. Con personajes entra\u00f1ables y tem\u00e1ticas que evolucionan con el tiempo, el proyecto ha sabido adaptarse a distintos contextos sociales y culturales.<\/p>\n\n\n\n<p>Elmo, Beto y Enrique, junto con el Comegalletas y Abelardo, han ense\u00f1ado a los ni\u00f1os a&nbsp;leer, contar, compartir y respetar las diferencias, transmitiendo mensajes que siguen vigentes a pesar del paso de los a\u00f1os.<\/p>\n\n\n\n<p>El salto de&nbsp;Plaza S\u00e9samo a YouTube en 2026&nbsp;marcar\u00e1 un&nbsp;hito en la preservaci\u00f3n y difusi\u00f3n de contenidos educativos de calidad. Para quienes crecieron con sus personajes ser\u00e1 una oportunidad de revivir momentos de infancia, mientras que para las nuevas generaciones significar\u00e1 descubrir uno de los proyectos m\u00e1s influyentes de la televisi\u00f3n infantil.<\/p>\n\n\n\n<p>La llegada de todos sus cap\u00edtulos a la plataforma digital asegura que la serie contin\u00fae inspirando, ense\u00f1ando y entreteniendo a millones de personas en todo el mundo, confirmando que&nbsp;Plaza S\u00e9samo sigue siendo un puente entre el aprendizaje y la diversi\u00f3n.<\/p>","protected":false},"excerpt":{"rendered":"<p>Plaza S\u00e9samo abrir\u00e1 su canal oficial en YouTube en 2026 con cientos de episodios completos.<\/p>","protected":false},"author":2,"featured_media":4864,"comment_status":"open","ping_status":"open","sticky":false,"template":"","format":"standard","meta":{"_et_pb_use_builder":"off","_et_pb_old_content":"","_et_gb_content_width":"","footnotes":""},"categories":[249],"tags":[932,933,280],"class_list":["post-4863","post","type-post","status-publish","format-standard","has-post-thumbnail","hentry","category-entretenimiento","tag-plaza-sesamo","tag-programa-infantil","tag-youtube"],"yoast_head":"<!-- This site is optimized with the Yoast SEO plugin v27.4 - https:\/\/yoast.com\/product\/yoast-seo-wordpress\/ -->\n<title>Plaza S\u00e9samo llegar\u00e1 a YouTube en 2026 con todos sus cap\u00edtulos disponibles - La G Noticias<\/title>\n<meta name=\"robots\" content=\"index, follow, max-snippet:-1, max-image-preview:large, max-video-preview:-1\" \/>\n<link rel=\"canonical\" href=\"https:\/\/lagnoticias.com\/en\/2025\/09\/10\/plaza-sesamo-llegara-a-youtube-en-2026-con-todos-sus-capitulos-disponibles\/\" \/>\n<meta property=\"og:locale\" content=\"en_US\" \/>\n<meta property=\"og:type\" content=\"article\" \/>\n<meta property=\"og:title\" content=\"Plaza S\u00e9samo llegar\u00e1 a YouTube en 2026 con todos sus cap\u00edtulos disponibles - La G Noticias\" \/>\n<meta property=\"og:description\" content=\"Plaza S\u00e9samo abrir\u00e1 su canal oficial en YouTube en 2026 con cientos de episodios completos.\" \/>\n<meta property=\"og:url\" content=\"https:\/\/lagnoticias.com\/en\/2025\/09\/10\/plaza-sesamo-llegara-a-youtube-en-2026-con-todos-sus-capitulos-disponibles\/\" \/>\n<meta property=\"og:site_name\" content=\"La G Noticias\" \/>\n<meta property=\"article:publisher\" content=\"https:\/\/www.facebook.com\/LaGNoticias\" \/>\n<meta property=\"article:published_time\" content=\"2025-09-10T16:15:16+00:00\" \/>\n<meta property=\"article:modified_time\" content=\"2025-09-10T16:15:18+00:00\" \/>\n<meta property=\"og:image\" content=\"https:\/\/lagnoticias.com\/wp-content\/uploads\/2025\/09\/7-10.jpg\" \/>\n\t<meta property=\"og:image:width\" content=\"1200\" \/>\n\t<meta property=\"og:image:height\" content=\"800\" \/>\n\t<meta property=\"og:image:type\" content=\"image\/jpeg\" \/>\n<meta name=\"author\" content=\"Oscar\" \/>\n<meta name=\"twitter:card\" content=\"summary_large_image\" \/>\n<meta name=\"twitter:creator\" content=\"@lagnoticias\" \/>\n<meta name=\"twitter:site\" content=\"@lagnoticias\" \/>\n<meta name=\"twitter:label1\" content=\"Written by\" \/>\n\t<meta name=\"twitter:data1\" content=\"Oscar\" \/>\n\t<meta name=\"twitter:label2\" content=\"Est. reading time\" \/>\n\t<meta name=\"twitter:data2\" content=\"4 minutes\" \/>\n<script type=\"application\/ld+json\" class=\"yoast-schema-graph\">{\"@context\":\"https:\\\/\\\/schema.org\",\"@graph\":[{\"@type\":\"Article\",\"@id\":\"https:\\\/\\\/lagnoticias.com\\\/2025\\\/09\\\/10\\\/plaza-sesamo-llegara-a-youtube-en-2026-con-todos-sus-capitulos-disponibles\\\/#article\",\"isPartOf\":{\"@id\":\"https:\\\/\\\/lagnoticias.com\\\/2025\\\/09\\\/10\\\/plaza-sesamo-llegara-a-youtube-en-2026-con-todos-sus-capitulos-disponibles\\\/\"},\"author\":{\"name\":\"Oscar\",\"@id\":\"https:\\\/\\\/lagnoticias.com\\\/#\\\/schema\\\/person\\\/cb9bfe13f8de05d2c55270be25c6a550\"},\"headline\":\"Plaza S\u00e9samo llegar\u00e1 a YouTube en 2026 con todos sus cap\u00edtulos disponibles\",\"datePublished\":\"2025-09-10T16:15:16+00:00\",\"dateModified\":\"2025-09-10T16:15:18+00:00\",\"mainEntityOfPage\":{\"@id\":\"https:\\\/\\\/lagnoticias.com\\\/2025\\\/09\\\/10\\\/plaza-sesamo-llegara-a-youtube-en-2026-con-todos-sus-capitulos-disponibles\\\/\"},\"wordCount\":752,\"commentCount\":0,\"image\":{\"@id\":\"https:\\\/\\\/lagnoticias.com\\\/2025\\\/09\\\/10\\\/plaza-sesamo-llegara-a-youtube-en-2026-con-todos-sus-capitulos-disponibles\\\/#primaryimage\"},\"thumbnailUrl\":\"https:\\\/\\\/lagnoticias.com\\\/wp-content\\\/uploads\\\/2025\\\/09\\\/7-10.jpg\",\"keywords\":[\"PLAZA S\u00c9SAMO\",\"PROGRAMA INFANTIL\",\"YOUTUBE\"],\"articleSection\":[\"ENTRETENIMIENTO\"],\"inLanguage\":\"en-US\",\"potentialAction\":[{\"@type\":\"CommentAction\",\"name\":\"Comment\",\"target\":[\"https:\\\/\\\/lagnoticias.com\\\/2025\\\/09\\\/10\\\/plaza-sesamo-llegara-a-youtube-en-2026-con-todos-sus-capitulos-disponibles\\\/#respond\"]}]},{\"@type\":\"WebPage\",\"@id\":\"https:\\\/\\\/lagnoticias.com\\\/2025\\\/09\\\/10\\\/plaza-sesamo-llegara-a-youtube-en-2026-con-todos-sus-capitulos-disponibles\\\/\",\"url\":\"https:\\\/\\\/lagnoticias.com\\\/2025\\\/09\\\/10\\\/plaza-sesamo-llegara-a-youtube-en-2026-con-todos-sus-capitulos-disponibles\\\/\",\"name\":\"Plaza S\u00e9samo llegar\u00e1 a YouTube en 2026 con todos sus cap\u00edtulos disponibles - La G Noticias\",\"isPartOf\":{\"@id\":\"https:\\\/\\\/lagnoticias.com\\\/#website\"},\"primaryImageOfPage\":{\"@id\":\"https:\\\/\\\/lagnoticias.com\\\/2025\\\/09\\\/10\\\/plaza-sesamo-llegara-a-youtube-en-2026-con-todos-sus-capitulos-disponibles\\\/#primaryimage\"},\"image\":{\"@id\":\"https:\\\/\\\/lagnoticias.com\\\/2025\\\/09\\\/10\\\/plaza-sesamo-llegara-a-youtube-en-2026-con-todos-sus-capitulos-disponibles\\\/#primaryimage\"},\"thumbnailUrl\":\"https:\\\/\\\/lagnoticias.com\\\/wp-content\\\/uploads\\\/2025\\\/09\\\/7-10.jpg\",\"datePublished\":\"2025-09-10T16:15:16+00:00\",\"dateModified\":\"2025-09-10T16:15:18+00:00\",\"author\":{\"@id\":\"https:\\\/\\\/lagnoticias.com\\\/#\\\/schema\\\/person\\\/cb9bfe13f8de05d2c55270be25c6a550\"},\"breadcrumb\":{\"@id\":\"https:\\\/\\\/lagnoticias.com\\\/2025\\\/09\\\/10\\\/plaza-sesamo-llegara-a-youtube-en-2026-con-todos-sus-capitulos-disponibles\\\/#breadcrumb\"},\"inLanguage\":\"en-US\",\"potentialAction\":[{\"@type\":\"ReadAction\",\"target\":[\"https:\\\/\\\/lagnoticias.com\\\/2025\\\/09\\\/10\\\/plaza-sesamo-llegara-a-youtube-en-2026-con-todos-sus-capitulos-disponibles\\\/\"]}]},{\"@type\":\"ImageObject\",\"inLanguage\":\"en-US\",\"@id\":\"https:\\\/\\\/lagnoticias.com\\\/2025\\\/09\\\/10\\\/plaza-sesamo-llegara-a-youtube-en-2026-con-todos-sus-capitulos-disponibles\\\/#primaryimage\",\"url\":\"https:\\\/\\\/lagnoticias.com\\\/wp-content\\\/uploads\\\/2025\\\/09\\\/7-10.jpg\",\"contentUrl\":\"https:\\\/\\\/lagnoticias.com\\\/wp-content\\\/uploads\\\/2025\\\/09\\\/7-10.jpg\",\"width\":1200,\"height\":800},{\"@type\":\"BreadcrumbList\",\"@id\":\"https:\\\/\\\/lagnoticias.com\\\/2025\\\/09\\\/10\\\/plaza-sesamo-llegara-a-youtube-en-2026-con-todos-sus-capitulos-disponibles\\\/#breadcrumb\",\"itemListElement\":[{\"@type\":\"ListItem\",\"position\":1,\"name\":\"Portada\",\"item\":\"https:\\\/\\\/lagnoticias.com\\\/\"},{\"@type\":\"ListItem\",\"position\":2,\"name\":\"Plaza S\u00e9samo llegar\u00e1 a YouTube en 2026 con todos sus cap\u00edtulos disponibles\"}]},{\"@type\":\"WebSite\",\"@id\":\"https:\\\/\\\/lagnoticias.com\\\/#website\",\"url\":\"https:\\\/\\\/lagnoticias.com\\\/\",\"name\":\"La G Noticias\",\"description\":\"Noticias Positivas\",\"potentialAction\":[{\"@type\":\"SearchAction\",\"target\":{\"@type\":\"EntryPoint\",\"urlTemplate\":\"https:\\\/\\\/lagnoticias.com\\\/?s={search_term_string}\"},\"query-input\":{\"@type\":\"PropertyValueSpecification\",\"valueRequired\":true,\"valueName\":\"search_term_string\"}}],\"inLanguage\":\"en-US\"},{\"@type\":\"Person\",\"@id\":\"https:\\\/\\\/lagnoticias.com\\\/#\\\/schema\\\/person\\\/cb9bfe13f8de05d2c55270be25c6a550\",\"name\":\"Oscar\",\"image\":{\"@type\":\"ImageObject\",\"inLanguage\":\"en-US\",\"@id\":\"https:\\\/\\\/secure.gravatar.com\\\/avatar\\\/45c195718f652dc7ffdd591dc1f2678956ab7fdadcd359a635edc61304a8c757?s=96&d=mm&r=g\",\"url\":\"https:\\\/\\\/secure.gravatar.com\\\/avatar\\\/45c195718f652dc7ffdd591dc1f2678956ab7fdadcd359a635edc61304a8c757?s=96&d=mm&r=g\",\"contentUrl\":\"https:\\\/\\\/secure.gravatar.com\\\/avatar\\\/45c195718f652dc7ffdd591dc1f2678956ab7fdadcd359a635edc61304a8c757?s=96&d=mm&r=g\",\"caption\":\"Oscar\"},\"url\":\"https:\\\/\\\/lagnoticias.com\\\/en\\\/author\\\/oscar\\\/\"}]}<\/script>\n<!-- \/ Yoast SEO plugin. -->","yoast_head_json":{"title":"Plaza S\u00e9samo llegar\u00e1 a YouTube en 2026 con todos sus cap\u00edtulos disponibles - La G Noticias","robots":{"index":"index","follow":"follow","max-snippet":"max-snippet:-1","max-image-preview":"max-image-preview:large","max-video-preview":"max-video-preview:-1"},"canonical":"https:\/\/lagnoticias.com\/en\/2025\/09\/10\/plaza-sesamo-llegara-a-youtube-en-2026-con-todos-sus-capitulos-disponibles\/","og_locale":"en_US","og_type":"article","og_title":"Plaza S\u00e9samo llegar\u00e1 a YouTube en 2026 con todos sus cap\u00edtulos disponibles - La G Noticias","og_description":"Plaza S\u00e9samo abrir\u00e1 su canal oficial en YouTube en 2026 con cientos de episodios completos.","og_url":"https:\/\/lagnoticias.com\/en\/2025\/09\/10\/plaza-sesamo-llegara-a-youtube-en-2026-con-todos-sus-capitulos-disponibles\/","og_site_name":"La G Noticias","article_publisher":"https:\/\/www.facebook.com\/LaGNoticias","article_published_time":"2025-09-10T16:15:16+00:00","article_modified_time":"2025-09-10T16:15:18+00:00","og_image":[{"width":1200,"height":800,"url":"https:\/\/lagnoticias.com\/wp-content\/uploads\/2025\/09\/7-10.jpg","type":"image\/jpeg"}],"author":"Oscar","twitter_card":"summary_large_image","twitter_creator":"@lagnoticias","twitter_site":"@lagnoticias","twitter_misc":{"Written by":"Oscar","Est. reading time":"4 minutes"},"schema":{"@context":"https:\/\/schema.org","@graph":[{"@type":"Article","@id":"https:\/\/lagnoticias.com\/2025\/09\/10\/plaza-sesamo-llegara-a-youtube-en-2026-con-todos-sus-capitulos-disponibles\/#article","isPartOf":{"@id":"https:\/\/lagnoticias.com\/2025\/09\/10\/plaza-sesamo-llegara-a-youtube-en-2026-con-todos-sus-capitulos-disponibles\/"},"author":{"name":"Oscar","@id":"https:\/\/lagnoticias.com\/#\/schema\/person\/cb9bfe13f8de05d2c55270be25c6a550"},"headline":"Plaza S\u00e9samo llegar\u00e1 a YouTube en 2026 con todos sus cap\u00edtulos disponibles","datePublished":"2025-09-10T16:15:16+00:00","dateModified":"2025-09-10T16:15:18+00:00","mainEntityOfPage":{"@id":"https:\/\/lagnoticias.com\/2025\/09\/10\/plaza-sesamo-llegara-a-youtube-en-2026-con-todos-sus-capitulos-disponibles\/"},"wordCount":752,"commentCount":0,"image":{"@id":"https:\/\/lagnoticias.com\/2025\/09\/10\/plaza-sesamo-llegara-a-youtube-en-2026-con-todos-sus-capitulos-disponibles\/#primaryimage"},"thumbnailUrl":"https:\/\/lagnoticias.com\/wp-content\/uploads\/2025\/09\/7-10.jpg","keywords":["PLAZA S\u00c9SAMO","PROGRAMA INFANTIL","YOUTUBE"],"articleSection":["ENTRETENIMIENTO"],"inLanguage":"en-US","potentialAction":[{"@type":"CommentAction","name":"Comment","target":["https:\/\/lagnoticias.com\/2025\/09\/10\/plaza-sesamo-llegara-a-youtube-en-2026-con-todos-sus-capitulos-disponibles\/#respond"]}]},{"@type":"WebPage","@id":"https:\/\/lagnoticias.com\/2025\/09\/10\/plaza-sesamo-llegara-a-youtube-en-2026-con-todos-sus-capitulos-disponibles\/","url":"https:\/\/lagnoticias.com\/2025\/09\/10\/plaza-sesamo-llegara-a-youtube-en-2026-con-todos-sus-capitulos-disponibles\/","name":"Plaza S\u00e9samo llegar\u00e1 a YouTube en 2026 con todos sus cap\u00edtulos disponibles - La G Noticias","isPartOf":{"@id":"https:\/\/lagnoticias.com\/#website"},"primaryImageOfPage":{"@id":"https:\/\/lagnoticias.com\/2025\/09\/10\/plaza-sesamo-llegara-a-youtube-en-2026-con-todos-sus-capitulos-disponibles\/#primaryimage"},"image":{"@id":"https:\/\/lagnoticias.com\/2025\/09\/10\/plaza-sesamo-llegara-a-youtube-en-2026-con-todos-sus-capitulos-disponibles\/#primaryimage"},"thumbnailUrl":"https:\/\/lagnoticias.com\/wp-content\/uploads\/2025\/09\/7-10.jpg","datePublished":"2025-09-10T16:15:16+00:00","dateModified":"2025-09-10T16:15:18+00:00","author":{"@id":"https:\/\/lagnoticias.com\/#\/schema\/person\/cb9bfe13f8de05d2c55270be25c6a550"},"breadcrumb":{"@id":"https:\/\/lagnoticias.com\/2025\/09\/10\/plaza-sesamo-llegara-a-youtube-en-2026-con-todos-sus-capitulos-disponibles\/#breadcrumb"},"inLanguage":"en-US","potentialAction":[{"@type":"ReadAction","target":["https:\/\/lagnoticias.com\/2025\/09\/10\/plaza-sesamo-llegara-a-youtube-en-2026-con-todos-sus-capitulos-disponibles\/"]}]},{"@type":"ImageObject","inLanguage":"en-US","@id":"https:\/\/lagnoticias.com\/2025\/09\/10\/plaza-sesamo-llegara-a-youtube-en-2026-con-todos-sus-capitulos-disponibles\/#primaryimage","url":"https:\/\/lagnoticias.com\/wp-content\/uploads\/2025\/09\/7-10.jpg","contentUrl":"https:\/\/lagnoticias.com\/wp-content\/uploads\/2025\/09\/7-10.jpg","width":1200,"height":800},{"@type":"BreadcrumbList","@id":"https:\/\/lagnoticias.com\/2025\/09\/10\/plaza-sesamo-llegara-a-youtube-en-2026-con-todos-sus-capitulos-disponibles\/#breadcrumb","itemListElement":[{"@type":"ListItem","position":1,"name":"Portada","item":"https:\/\/lagnoticias.com\/"},{"@type":"ListItem","position":2,"name":"Plaza S\u00e9samo llegar\u00e1 a YouTube en 2026 con todos sus cap\u00edtulos disponibles"}]},{"@type":"WebSite","@id":"https:\/\/lagnoticias.com\/#website","url":"https:\/\/lagnoticias.com\/","name":"La G Noticias","description":"Noticias Positivas","potentialAction":[{"@type":"SearchAction","target":{"@type":"EntryPoint","urlTemplate":"https:\/\/lagnoticias.com\/?s={search_term_string}"},"query-input":{"@type":"PropertyValueSpecification","valueRequired":true,"valueName":"search_term_string"}}],"inLanguage":"en-US"},{"@type":"Person","@id":"https:\/\/lagnoticias.com\/#\/schema\/person\/cb9bfe13f8de05d2c55270be25c6a550","name":"Oscar","image":{"@type":"ImageObject","inLanguage":"en-US","@id":"https:\/\/secure.gravatar.com\/avatar\/45c195718f652dc7ffdd591dc1f2678956ab7fdadcd359a635edc61304a8c757?s=96&d=mm&r=g","url":"https:\/\/secure.gravatar.com\/avatar\/45c195718f652dc7ffdd591dc1f2678956ab7fdadcd359a635edc61304a8c757?s=96&d=mm&r=g","contentUrl":"https:\/\/secure.gravatar.com\/avatar\/45c195718f652dc7ffdd591dc1f2678956ab7fdadcd359a635edc61304a8c757?s=96&d=mm&r=g","caption":"Oscar"},"url":"https:\/\/lagnoticias.com\/en\/author\/oscar\/"}]}},"_links":{"self":[{"href":"https:\/\/lagnoticias.com\/en\/wp-json\/wp\/v2\/posts\/4863","targetHints":{"allow":["GET"]}}],"collection":[{"href":"https:\/\/lagnoticias.com\/en\/wp-json\/wp\/v2\/posts"}],"about":[{"href":"https:\/\/lagnoticias.com\/en\/wp-json\/wp\/v2\/types\/post"}],"author":[{"embeddable":true,"href":"https:\/\/lagnoticias.com\/en\/wp-json\/wp\/v2\/users\/2"}],"replies":[{"embeddable":true,"href":"https:\/\/lagnoticias.com\/en\/wp-json\/wp\/v2\/comments?post=4863"}],"version-history":[{"count":1,"href":"https:\/\/lagnoticias.com\/en\/wp-json\/wp\/v2\/posts\/4863\/revisions"}],"predecessor-version":[{"id":4865,"href":"https:\/\/lagnoticias.com\/en\/wp-json\/wp\/v2\/posts\/4863\/revisions\/4865"}],"wp:featuredmedia":[{"embeddable":true,"href":"https:\/\/lagnoticias.com\/en\/wp-json\/wp\/v2\/media\/4864"}],"wp:attachment":[{"href":"https:\/\/lagnoticias.com\/en\/wp-json\/wp\/v2\/media?parent=4863"}],"wp:term":[{"taxonomy":"category","embeddable":true,"href":"https:\/\/lagnoticias.com\/en\/wp-json\/wp\/v2\/categories?post=4863"},{"taxonomy":"post_tag","embeddable":true,"href":"https:\/\/lagnoticias.com\/en\/wp-json\/wp\/v2\/tags?post=4863"}],"curies":[{"name":"wp","href":"https:\/\/api.w.org\/{rel}","templated":true}]}}