{"id":4801,"date":"2025-09-08T15:35:54","date_gmt":"2025-09-08T21:35:54","guid":{"rendered":"https:\/\/lagnoticias.com\/?p=4801"},"modified":"2025-09-08T15:35:54","modified_gmt":"2025-09-08T21:35:54","slug":"indes-entrega-pabellon-nacional-a-delegacion-de-estudiantes-de-primaria-que-competira-en-los-juegos-codicader-en-nicaragua","status":"publish","type":"post","link":"https:\/\/lagnoticias.com\/en\/2025\/09\/08\/indes-entrega-pabellon-nacional-a-delegacion-de-estudiantes-de-primaria-que-competira-en-los-juegos-codicader-en-nicaragua\/","title":{"rendered":"INDES entrega pabell\u00f3n nacional a delegaci\u00f3n de estudiantes de primaria que competir\u00e1 en los juegos Codicader en Nicaragua"},"content":{"rendered":"<p>Este lunes, el INDES entreg\u00f3 el pabell\u00f3n nacional a la delegaci\u00f3n salvadore\u00f1a que competir\u00e1 en los X Juegos Deportivos Estudiantiles Centroamericanos (Codicader) nivel primario, a realizarse del 10 al 16 de septiembre, en Managua, Nicaragua.<\/p>\n\n\n\n<p>\u201cComo pol\u00edtica deportiva queremos dar lo mejor a nuestros atletas y que mejor manera de hacerlo con nuestros chicos menores de 12 a\u00f1os. Los felicito, ustedes han hecho un gran esfuerzo y son los destacados para representar los colores de nuestro pa\u00eds en Nicaragua. Lo m\u00e1s importante para nosotros es dignificar al deporte, ustedes son nuestro orgullo nacional\u201d, dijo el presidente ad honorem del INDES, Yamil Bukele Oficial, quien entreg\u00f3 el pabell\u00f3n nacional.<\/p>\n\n\n\n<h2 class=\"wp-block-heading\">El contingente nacional competir\u00e1 en ajedrez, f\u00fatbol 7, gimnasia, atletismo de ni\u00f1os, minibaloncesto, minivoleibol, nataci\u00f3n y tenis de mesa.<\/h2>\n\n\n\n<p>La competencia, que se realizar\u00e1 en el Instituto Nicarag\u00fcense de Deportes contar\u00e1 con la participaci\u00f3n de 133 atletas salvadore\u00f1os y 78 adultos, entre ellos, personal m\u00e9dico, entrenadores, \u00e1rbitros, chaperonas, delegados y jefatura de misi\u00f3n.<\/p>\n\n\n\n<p>\u201cEstar ac\u00e1 no es una casualidad, es porque ustedes se han esforzado, han sido perseverantes y disciplinados; porque el deporte requiere que nos levantemos antes y nos acostemos m\u00e1s tarde. Este es un esfuerzo de ustedes, de sus padres y sus entrenadores. Cada \u00e1rea y juego en el que se van a desempe\u00f1ar ser\u00e1 representando a nuestro glorioso pa\u00eds, a nuestro azul y blanco\u201d, dijo la titular del Ministerio de Educaci\u00f3n, Karla Trigueros.<\/p>\n\n\n\n<p>La delegaci\u00f3n salvadore\u00f1a, est\u00e1 integrada por alumnos de 10 instituciones p\u00fablicas y 30 privadas, y cuenta con el apoyo econ\u00f3mico y log\u00edstico del Indes y del Ministerio de Educaci\u00f3n. El monto que la instituci\u00f3n deportiva ha destinado para la participaci\u00f3n de la delegaci\u00f3n nacional es de aproximadamente $300 mil, dirigido a la compra de uniformes de presentaci\u00f3n y competencia, boletos a\u00e9reos, as\u00ed como de alimentaci\u00f3n y alojamiento.<\/p>","protected":false},"excerpt":{"rendered":"<p>Este lunes, el INDES entreg\u00f3 el pabell\u00f3n nacional a la delegaci\u00f3n salvadore\u00f1a que competir\u00e1 en los X Juegos Deportivos Estudiantiles Centroamericanos (Codicader) nivel primario, a realizarse del 10 al 16 de septiembre, en Managua, Nicaragua. \u201cComo pol\u00edtica deportiva queremos dar lo mejor a nuestros atletas y que mejor manera de hacerlo con nuestros chicos menores [&hellip;]<\/p>","protected":false},"author":2,"featured_media":4802,"comment_status":"open","ping_status":"open","sticky":false,"template":"","format":"standard","meta":{"_et_pb_use_builder":"off","_et_pb_old_content":"","_et_gb_content_width":"","footnotes":""},"categories":[248],"tags":[267,561,920,481],"class_list":["post-4801","post","type-post","status-publish","format-standard","has-post-thumbnail","hentry","category-deportes","tag-el-salvador","tag-indes","tag-juegos-codicader","tag-nicaragua"],"yoast_head":"<!-- This site is optimized with the Yoast SEO plugin v27.4 - https:\/\/yoast.com\/product\/yoast-seo-wordpress\/ -->\n<title>INDES entrega pabell\u00f3n nacional a delegaci\u00f3n de estudiantes de primaria que competir\u00e1 en los juegos Codicader en Nicaragua - La G Noticias<\/title>\n<meta name=\"robots\" content=\"index, follow, max-snippet:-1, max-image-preview:large, max-video-preview:-1\" \/>\n<link rel=\"canonical\" href=\"https:\/\/lagnoticias.com\/en\/2025\/09\/08\/indes-entrega-pabellon-nacional-a-delegacion-de-estudiantes-de-primaria-que-competira-en-los-juegos-codicader-en-nicaragua\/\" \/>\n<meta property=\"og:locale\" content=\"en_US\" \/>\n<meta property=\"og:type\" content=\"article\" \/>\n<meta property=\"og:title\" content=\"INDES entrega pabell\u00f3n nacional a delegaci\u00f3n de estudiantes de primaria que competir\u00e1 en los juegos Codicader en Nicaragua - La G Noticias\" \/>\n<meta property=\"og:description\" content=\"Este lunes, el INDES entreg\u00f3 el pabell\u00f3n nacional a la delegaci\u00f3n salvadore\u00f1a que competir\u00e1 en los X Juegos Deportivos Estudiantiles Centroamericanos (Codicader) nivel primario, a realizarse del 10 al 16 de septiembre, en Managua, Nicaragua. \u201cComo pol\u00edtica deportiva queremos dar lo mejor a nuestros atletas y que mejor manera de hacerlo con nuestros chicos menores [&hellip;]\" \/>\n<meta property=\"og:url\" content=\"https:\/\/lagnoticias.com\/en\/2025\/09\/08\/indes-entrega-pabellon-nacional-a-delegacion-de-estudiantes-de-primaria-que-competira-en-los-juegos-codicader-en-nicaragua\/\" \/>\n<meta property=\"og:site_name\" content=\"La G Noticias\" \/>\n<meta property=\"article:publisher\" content=\"https:\/\/www.facebook.com\/LaGNoticias\" \/>\n<meta property=\"article:published_time\" content=\"2025-09-08T21:35:54+00:00\" \/>\n<meta property=\"og:image\" content=\"https:\/\/lagnoticias.com\/wp-content\/uploads\/2025\/09\/545512724_1142508648053394_7926606082612408507_n.jpg\" \/>\n\t<meta property=\"og:image:width\" content=\"810\" \/>\n\t<meta property=\"og:image:height\" content=\"540\" \/>\n\t<meta property=\"og:image:type\" content=\"image\/jpeg\" \/>\n<meta name=\"author\" content=\"Oscar\" \/>\n<meta name=\"twitter:card\" content=\"summary_large_image\" \/>\n<meta name=\"twitter:creator\" content=\"@lagnoticias\" \/>\n<meta name=\"twitter:site\" content=\"@lagnoticias\" \/>\n<meta name=\"twitter:label1\" content=\"Written by\" \/>\n\t<meta name=\"twitter:data1\" content=\"Oscar\" \/>\n\t<meta name=\"twitter:label2\" content=\"Est. reading time\" \/>\n\t<meta name=\"twitter:data2\" content=\"2 minutes\" \/>\n<script type=\"application\/ld+json\" class=\"yoast-schema-graph\">{\"@context\":\"https:\\\/\\\/schema.org\",\"@graph\":[{\"@type\":\"Article\",\"@id\":\"https:\\\/\\\/lagnoticias.com\\\/2025\\\/09\\\/08\\\/indes-entrega-pabellon-nacional-a-delegacion-de-estudiantes-de-primaria-que-competira-en-los-juegos-codicader-en-nicaragua\\\/#article\",\"isPartOf\":{\"@id\":\"https:\\\/\\\/lagnoticias.com\\\/2025\\\/09\\\/08\\\/indes-entrega-pabellon-nacional-a-delegacion-de-estudiantes-de-primaria-que-competira-en-los-juegos-codicader-en-nicaragua\\\/\"},\"author\":{\"name\":\"Oscar\",\"@id\":\"https:\\\/\\\/lagnoticias.com\\\/#\\\/schema\\\/person\\\/cb9bfe13f8de05d2c55270be25c6a550\"},\"headline\":\"INDES entrega pabell\u00f3n nacional a delegaci\u00f3n de estudiantes de primaria que competir\u00e1 en los juegos Codicader en Nicaragua\",\"datePublished\":\"2025-09-08T21:35:54+00:00\",\"mainEntityOfPage\":{\"@id\":\"https:\\\/\\\/lagnoticias.com\\\/2025\\\/09\\\/08\\\/indes-entrega-pabellon-nacional-a-delegacion-de-estudiantes-de-primaria-que-competira-en-los-juegos-codicader-en-nicaragua\\\/\"},\"wordCount\":344,\"commentCount\":0,\"image\":{\"@id\":\"https:\\\/\\\/lagnoticias.com\\\/2025\\\/09\\\/08\\\/indes-entrega-pabellon-nacional-a-delegacion-de-estudiantes-de-primaria-que-competira-en-los-juegos-codicader-en-nicaragua\\\/#primaryimage\"},\"thumbnailUrl\":\"https:\\\/\\\/lagnoticias.com\\\/wp-content\\\/uploads\\\/2025\\\/09\\\/545512724_1142508648053394_7926606082612408507_n.jpg\",\"keywords\":[\"EL SALVADOR\",\"INDES\",\"JUEGOS CODICADER\",\"NICARAGUA\"],\"articleSection\":[\"DEPORTES\"],\"inLanguage\":\"en-US\",\"potentialAction\":[{\"@type\":\"CommentAction\",\"name\":\"Comment\",\"target\":[\"https:\\\/\\\/lagnoticias.com\\\/2025\\\/09\\\/08\\\/indes-entrega-pabellon-nacional-a-delegacion-de-estudiantes-de-primaria-que-competira-en-los-juegos-codicader-en-nicaragua\\\/#respond\"]}]},{\"@type\":\"WebPage\",\"@id\":\"https:\\\/\\\/lagnoticias.com\\\/2025\\\/09\\\/08\\\/indes-entrega-pabellon-nacional-a-delegacion-de-estudiantes-de-primaria-que-competira-en-los-juegos-codicader-en-nicaragua\\\/\",\"url\":\"https:\\\/\\\/lagnoticias.com\\\/2025\\\/09\\\/08\\\/indes-entrega-pabellon-nacional-a-delegacion-de-estudiantes-de-primaria-que-competira-en-los-juegos-codicader-en-nicaragua\\\/\",\"name\":\"INDES entrega pabell\u00f3n nacional a delegaci\u00f3n de estudiantes de primaria que competir\u00e1 en los juegos Codicader en Nicaragua - La G Noticias\",\"isPartOf\":{\"@id\":\"https:\\\/\\\/lagnoticias.com\\\/#website\"},\"primaryImageOfPage\":{\"@id\":\"https:\\\/\\\/lagnoticias.com\\\/2025\\\/09\\\/08\\\/indes-entrega-pabellon-nacional-a-delegacion-de-estudiantes-de-primaria-que-competira-en-los-juegos-codicader-en-nicaragua\\\/#primaryimage\"},\"image\":{\"@id\":\"https:\\\/\\\/lagnoticias.com\\\/2025\\\/09\\\/08\\\/indes-entrega-pabellon-nacional-a-delegacion-de-estudiantes-de-primaria-que-competira-en-los-juegos-codicader-en-nicaragua\\\/#primaryimage\"},\"thumbnailUrl\":\"https:\\\/\\\/lagnoticias.com\\\/wp-content\\\/uploads\\\/2025\\\/09\\\/545512724_1142508648053394_7926606082612408507_n.jpg\",\"datePublished\":\"2025-09-08T21:35:54+00:00\",\"author\":{\"@id\":\"https:\\\/\\\/lagnoticias.com\\\/#\\\/schema\\\/person\\\/cb9bfe13f8de05d2c55270be25c6a550\"},\"breadcrumb\":{\"@id\":\"https:\\\/\\\/lagnoticias.com\\\/2025\\\/09\\\/08\\\/indes-entrega-pabellon-nacional-a-delegacion-de-estudiantes-de-primaria-que-competira-en-los-juegos-codicader-en-nicaragua\\\/#breadcrumb\"},\"inLanguage\":\"en-US\",\"potentialAction\":[{\"@type\":\"ReadAction\",\"target\":[\"https:\\\/\\\/lagnoticias.com\\\/2025\\\/09\\\/08\\\/indes-entrega-pabellon-nacional-a-delegacion-de-estudiantes-de-primaria-que-competira-en-los-juegos-codicader-en-nicaragua\\\/\"]}]},{\"@type\":\"ImageObject\",\"inLanguage\":\"en-US\",\"@id\":\"https:\\\/\\\/lagnoticias.com\\\/2025\\\/09\\\/08\\\/indes-entrega-pabellon-nacional-a-delegacion-de-estudiantes-de-primaria-que-competira-en-los-juegos-codicader-en-nicaragua\\\/#primaryimage\",\"url\":\"https:\\\/\\\/lagnoticias.com\\\/wp-content\\\/uploads\\\/2025\\\/09\\\/545512724_1142508648053394_7926606082612408507_n.jpg\",\"contentUrl\":\"https:\\\/\\\/lagnoticias.com\\\/wp-content\\\/uploads\\\/2025\\\/09\\\/545512724_1142508648053394_7926606082612408507_n.jpg\",\"width\":810,\"height\":540},{\"@type\":\"BreadcrumbList\",\"@id\":\"https:\\\/\\\/lagnoticias.com\\\/2025\\\/09\\\/08\\\/indes-entrega-pabellon-nacional-a-delegacion-de-estudiantes-de-primaria-que-competira-en-los-juegos-codicader-en-nicaragua\\\/#breadcrumb\",\"itemListElement\":[{\"@type\":\"ListItem\",\"position\":1,\"name\":\"Portada\",\"item\":\"https:\\\/\\\/lagnoticias.com\\\/\"},{\"@type\":\"ListItem\",\"position\":2,\"name\":\"INDES entrega pabell\u00f3n nacional a delegaci\u00f3n de estudiantes de primaria que competir\u00e1 en los juegos Codicader en Nicaragua\"}]},{\"@type\":\"WebSite\",\"@id\":\"https:\\\/\\\/lagnoticias.com\\\/#website\",\"url\":\"https:\\\/\\\/lagnoticias.com\\\/\",\"name\":\"La G Noticias\",\"description\":\"Noticias Positivas\",\"potentialAction\":[{\"@type\":\"SearchAction\",\"target\":{\"@type\":\"EntryPoint\",\"urlTemplate\":\"https:\\\/\\\/lagnoticias.com\\\/?s={search_term_string}\"},\"query-input\":{\"@type\":\"PropertyValueSpecification\",\"valueRequired\":true,\"valueName\":\"search_term_string\"}}],\"inLanguage\":\"en-US\"},{\"@type\":\"Person\",\"@id\":\"https:\\\/\\\/lagnoticias.com\\\/#\\\/schema\\\/person\\\/cb9bfe13f8de05d2c55270be25c6a550\",\"name\":\"Oscar\",\"image\":{\"@type\":\"ImageObject\",\"inLanguage\":\"en-US\",\"@id\":\"https:\\\/\\\/secure.gravatar.com\\\/avatar\\\/45c195718f652dc7ffdd591dc1f2678956ab7fdadcd359a635edc61304a8c757?s=96&d=mm&r=g\",\"url\":\"https:\\\/\\\/secure.gravatar.com\\\/avatar\\\/45c195718f652dc7ffdd591dc1f2678956ab7fdadcd359a635edc61304a8c757?s=96&d=mm&r=g\",\"contentUrl\":\"https:\\\/\\\/secure.gravatar.com\\\/avatar\\\/45c195718f652dc7ffdd591dc1f2678956ab7fdadcd359a635edc61304a8c757?s=96&d=mm&r=g\",\"caption\":\"Oscar\"},\"url\":\"https:\\\/\\\/lagnoticias.com\\\/en\\\/author\\\/oscar\\\/\"}]}<\/script>\n<!-- \/ Yoast SEO plugin. -->","yoast_head_json":{"title":"INDES entrega pabell\u00f3n nacional a delegaci\u00f3n de estudiantes de primaria que competir\u00e1 en los juegos Codicader en Nicaragua - La G Noticias","robots":{"index":"index","follow":"follow","max-snippet":"max-snippet:-1","max-image-preview":"max-image-preview:large","max-video-preview":"max-video-preview:-1"},"canonical":"https:\/\/lagnoticias.com\/en\/2025\/09\/08\/indes-entrega-pabellon-nacional-a-delegacion-de-estudiantes-de-primaria-que-competira-en-los-juegos-codicader-en-nicaragua\/","og_locale":"en_US","og_type":"article","og_title":"INDES entrega pabell\u00f3n nacional a delegaci\u00f3n de estudiantes de primaria que competir\u00e1 en los juegos Codicader en Nicaragua - La G Noticias","og_description":"Este lunes, el INDES entreg\u00f3 el pabell\u00f3n nacional a la delegaci\u00f3n salvadore\u00f1a que competir\u00e1 en los X Juegos Deportivos Estudiantiles Centroamericanos (Codicader) nivel primario, a realizarse del 10 al 16 de septiembre, en Managua, Nicaragua. \u201cComo pol\u00edtica deportiva queremos dar lo mejor a nuestros atletas y que mejor manera de hacerlo con nuestros chicos menores [&hellip;]","og_url":"https:\/\/lagnoticias.com\/en\/2025\/09\/08\/indes-entrega-pabellon-nacional-a-delegacion-de-estudiantes-de-primaria-que-competira-en-los-juegos-codicader-en-nicaragua\/","og_site_name":"La G Noticias","article_publisher":"https:\/\/www.facebook.com\/LaGNoticias","article_published_time":"2025-09-08T21:35:54+00:00","og_image":[{"width":810,"height":540,"url":"https:\/\/lagnoticias.com\/wp-content\/uploads\/2025\/09\/545512724_1142508648053394_7926606082612408507_n.jpg","type":"image\/jpeg"}],"author":"Oscar","twitter_card":"summary_large_image","twitter_creator":"@lagnoticias","twitter_site":"@lagnoticias","twitter_misc":{"Written by":"Oscar","Est. reading time":"2 minutes"},"schema":{"@context":"https:\/\/schema.org","@graph":[{"@type":"Article","@id":"https:\/\/lagnoticias.com\/2025\/09\/08\/indes-entrega-pabellon-nacional-a-delegacion-de-estudiantes-de-primaria-que-competira-en-los-juegos-codicader-en-nicaragua\/#article","isPartOf":{"@id":"https:\/\/lagnoticias.com\/2025\/09\/08\/indes-entrega-pabellon-nacional-a-delegacion-de-estudiantes-de-primaria-que-competira-en-los-juegos-codicader-en-nicaragua\/"},"author":{"name":"Oscar","@id":"https:\/\/lagnoticias.com\/#\/schema\/person\/cb9bfe13f8de05d2c55270be25c6a550"},"headline":"INDES entrega pabell\u00f3n nacional a delegaci\u00f3n de estudiantes de primaria que competir\u00e1 en los juegos Codicader en Nicaragua","datePublished":"2025-09-08T21:35:54+00:00","mainEntityOfPage":{"@id":"https:\/\/lagnoticias.com\/2025\/09\/08\/indes-entrega-pabellon-nacional-a-delegacion-de-estudiantes-de-primaria-que-competira-en-los-juegos-codicader-en-nicaragua\/"},"wordCount":344,"commentCount":0,"image":{"@id":"https:\/\/lagnoticias.com\/2025\/09\/08\/indes-entrega-pabellon-nacional-a-delegacion-de-estudiantes-de-primaria-que-competira-en-los-juegos-codicader-en-nicaragua\/#primaryimage"},"thumbnailUrl":"https:\/\/lagnoticias.com\/wp-content\/uploads\/2025\/09\/545512724_1142508648053394_7926606082612408507_n.jpg","keywords":["EL SALVADOR","INDES","JUEGOS CODICADER","NICARAGUA"],"articleSection":["DEPORTES"],"inLanguage":"en-US","potentialAction":[{"@type":"CommentAction","name":"Comment","target":["https:\/\/lagnoticias.com\/2025\/09\/08\/indes-entrega-pabellon-nacional-a-delegacion-de-estudiantes-de-primaria-que-competira-en-los-juegos-codicader-en-nicaragua\/#respond"]}]},{"@type":"WebPage","@id":"https:\/\/lagnoticias.com\/2025\/09\/08\/indes-entrega-pabellon-nacional-a-delegacion-de-estudiantes-de-primaria-que-competira-en-los-juegos-codicader-en-nicaragua\/","url":"https:\/\/lagnoticias.com\/2025\/09\/08\/indes-entrega-pabellon-nacional-a-delegacion-de-estudiantes-de-primaria-que-competira-en-los-juegos-codicader-en-nicaragua\/","name":"INDES entrega pabell\u00f3n nacional a delegaci\u00f3n de estudiantes de primaria que competir\u00e1 en los juegos Codicader en Nicaragua - La G Noticias","isPartOf":{"@id":"https:\/\/lagnoticias.com\/#website"},"primaryImageOfPage":{"@id":"https:\/\/lagnoticias.com\/2025\/09\/08\/indes-entrega-pabellon-nacional-a-delegacion-de-estudiantes-de-primaria-que-competira-en-los-juegos-codicader-en-nicaragua\/#primaryimage"},"image":{"@id":"https:\/\/lagnoticias.com\/2025\/09\/08\/indes-entrega-pabellon-nacional-a-delegacion-de-estudiantes-de-primaria-que-competira-en-los-juegos-codicader-en-nicaragua\/#primaryimage"},"thumbnailUrl":"https:\/\/lagnoticias.com\/wp-content\/uploads\/2025\/09\/545512724_1142508648053394_7926606082612408507_n.jpg","datePublished":"2025-09-08T21:35:54+00:00","author":{"@id":"https:\/\/lagnoticias.com\/#\/schema\/person\/cb9bfe13f8de05d2c55270be25c6a550"},"breadcrumb":{"@id":"https:\/\/lagnoticias.com\/2025\/09\/08\/indes-entrega-pabellon-nacional-a-delegacion-de-estudiantes-de-primaria-que-competira-en-los-juegos-codicader-en-nicaragua\/#breadcrumb"},"inLanguage":"en-US","potentialAction":[{"@type":"ReadAction","target":["https:\/\/lagnoticias.com\/2025\/09\/08\/indes-entrega-pabellon-nacional-a-delegacion-de-estudiantes-de-primaria-que-competira-en-los-juegos-codicader-en-nicaragua\/"]}]},{"@type":"ImageObject","inLanguage":"en-US","@id":"https:\/\/lagnoticias.com\/2025\/09\/08\/indes-entrega-pabellon-nacional-a-delegacion-de-estudiantes-de-primaria-que-competira-en-los-juegos-codicader-en-nicaragua\/#primaryimage","url":"https:\/\/lagnoticias.com\/wp-content\/uploads\/2025\/09\/545512724_1142508648053394_7926606082612408507_n.jpg","contentUrl":"https:\/\/lagnoticias.com\/wp-content\/uploads\/2025\/09\/545512724_1142508648053394_7926606082612408507_n.jpg","width":810,"height":540},{"@type":"BreadcrumbList","@id":"https:\/\/lagnoticias.com\/2025\/09\/08\/indes-entrega-pabellon-nacional-a-delegacion-de-estudiantes-de-primaria-que-competira-en-los-juegos-codicader-en-nicaragua\/#breadcrumb","itemListElement":[{"@type":"ListItem","position":1,"name":"Portada","item":"https:\/\/lagnoticias.com\/"},{"@type":"ListItem","position":2,"name":"INDES entrega pabell\u00f3n nacional a delegaci\u00f3n de estudiantes de primaria que competir\u00e1 en los juegos Codicader en Nicaragua"}]},{"@type":"WebSite","@id":"https:\/\/lagnoticias.com\/#website","url":"https:\/\/lagnoticias.com\/","name":"La G Noticias","description":"Noticias Positivas","potentialAction":[{"@type":"SearchAction","target":{"@type":"EntryPoint","urlTemplate":"https:\/\/lagnoticias.com\/?s={search_term_string}"},"query-input":{"@type":"PropertyValueSpecification","valueRequired":true,"valueName":"search_term_string"}}],"inLanguage":"en-US"},{"@type":"Person","@id":"https:\/\/lagnoticias.com\/#\/schema\/person\/cb9bfe13f8de05d2c55270be25c6a550","name":"Oscar","image":{"@type":"ImageObject","inLanguage":"en-US","@id":"https:\/\/secure.gravatar.com\/avatar\/45c195718f652dc7ffdd591dc1f2678956ab7fdadcd359a635edc61304a8c757?s=96&d=mm&r=g","url":"https:\/\/secure.gravatar.com\/avatar\/45c195718f652dc7ffdd591dc1f2678956ab7fdadcd359a635edc61304a8c757?s=96&d=mm&r=g","contentUrl":"https:\/\/secure.gravatar.com\/avatar\/45c195718f652dc7ffdd591dc1f2678956ab7fdadcd359a635edc61304a8c757?s=96&d=mm&r=g","caption":"Oscar"},"url":"https:\/\/lagnoticias.com\/en\/author\/oscar\/"}]}},"_links":{"self":[{"href":"https:\/\/lagnoticias.com\/en\/wp-json\/wp\/v2\/posts\/4801","targetHints":{"allow":["GET"]}}],"collection":[{"href":"https:\/\/lagnoticias.com\/en\/wp-json\/wp\/v2\/posts"}],"about":[{"href":"https:\/\/lagnoticias.com\/en\/wp-json\/wp\/v2\/types\/post"}],"author":[{"embeddable":true,"href":"https:\/\/lagnoticias.com\/en\/wp-json\/wp\/v2\/users\/2"}],"replies":[{"embeddable":true,"href":"https:\/\/lagnoticias.com\/en\/wp-json\/wp\/v2\/comments?post=4801"}],"version-history":[{"count":1,"href":"https:\/\/lagnoticias.com\/en\/wp-json\/wp\/v2\/posts\/4801\/revisions"}],"predecessor-version":[{"id":4803,"href":"https:\/\/lagnoticias.com\/en\/wp-json\/wp\/v2\/posts\/4801\/revisions\/4803"}],"wp:featuredmedia":[{"embeddable":true,"href":"https:\/\/lagnoticias.com\/en\/wp-json\/wp\/v2\/media\/4802"}],"wp:attachment":[{"href":"https:\/\/lagnoticias.com\/en\/wp-json\/wp\/v2\/media?parent=4801"}],"wp:term":[{"taxonomy":"category","embeddable":true,"href":"https:\/\/lagnoticias.com\/en\/wp-json\/wp\/v2\/categories?post=4801"},{"taxonomy":"post_tag","embeddable":true,"href":"https:\/\/lagnoticias.com\/en\/wp-json\/wp\/v2\/tags?post=4801"}],"curies":[{"name":"wp","href":"https:\/\/api.w.org\/{rel}","templated":true}]}}