{"id":4795,"date":"2025-09-08T12:15:01","date_gmt":"2025-09-08T18:15:01","guid":{"rendered":"https:\/\/lagnoticias.com\/?p=4795"},"modified":"2025-09-08T12:15:02","modified_gmt":"2025-09-08T18:15:02","slug":"milei-derrotado-en-comicios-legislativos-de-buenos-aires","status":"publish","type":"post","link":"https:\/\/lagnoticias.com\/en\/2025\/09\/08\/milei-derrotado-en-comicios-legislativos-de-buenos-aires\/","title":{"rendered":"Milei derrotado en comicios legislativos de Buenos Aires"},"content":{"rendered":"<p>La alianza Fuerza Patria, que aglutina a distintos sectores de la oposici\u00f3n peronista al Gobierno de&nbsp;Javier Milei, aplast\u00f3 ayer al partido del presidente, La Libertad Avanza (LLA), en los comicios legislativos en la provincia de Buenos Aires, mayor distrito electoral del pa\u00eds y clave de cara a las elecciones nacionales del pr\u00f3ximo octubre.<\/p>\n\n\n\n<p>Con m\u00e1s del 85 por ciento de los votos escrutados, Fuerza Patria obtuvo casi un 47 por ciento mientras que La Libertad Avanza se ubic\u00f3 en casi 34 por ciento, seg\u00fan los datos oficiales.<\/p>\n\n\n\n<p>El resultado significa un fuerte triunfo peronista ante el partido ultraderechista de Milei, en una elecci\u00f3n clave para la pol\u00edtica nacional.<\/p>\n\n\n\n<p>La expresidenta de&nbsp;Argentina&nbsp;Cristina Fern\u00e1ndez&nbsp;sali\u00f3 a su balc\u00f3n para saludar a los cientos de seguidores que se congregaron a las puertas de su casa, donde cumple prisi\u00f3n domiciliaria, para celebrar el gran triunfo peronista en las elecciones provinciales de Buenos Aires.<\/p>\n\n\n\n<p>\u00ab\u00bfViste Milei?\u00bb, escribi\u00f3 Fern\u00e1ndez en su perfil de X, minutos antes de salir al balc\u00f3n, para luego recriminar, una a una, varias pol\u00edticas y acciones del presidente durante su Gobierno.&nbsp;<\/p>\n\n\n\n<p>Los resultados indicaron adem\u00e1s que el peronismo gan\u00f3 en seis de las ocho secciones electorales que componen la provincia, incluidos triunfos categ\u00f3ricos en los dos distritos m\u00e1s poblados.<\/p>\n\n\n\n<p>La participaci\u00f3n se ubic\u00f3 levemente por encima del 63 %, una cifra menor a la registrada en comicios legislativos anteriores (71 % en 2021 y 77 % en 2017) pero no tan baja como se esperaba, considerando que en esta ocasi\u00f3n las elecciones no se celebraron en conjunto con las nacionales y se vaticinaba una mayor abstenci\u00f3n.<\/p>\n\n\n\n<p>\u00a0<\/p>\n\n\n\n<h2 class=\"wp-block-heading\">Fuerza Patria se quedar\u00eda con 13 bancas en el Senado<\/h2>\n\n\n\n<p><\/p>\n\n\n\n<p>Por debajo de Fuerza Patria y LLA se ubic\u00f3 Somos Buenos Aires, un frente pol\u00edtico compuesto por sectores peronistas opuestos al kirchnerismo (el triunfador esta noche), que super\u00f3 el 5 % de los votos. En la cuarta posici\u00f3n qued\u00f3 el Frente de Izquierda y de los Trabajadores Unidad, con poco m\u00e1s del 4 %.<\/p>\n\n\n\n<p>De confirmarse estos resultados, Fuerza Patria, que gobierna la provincia desde 2019, se quedar\u00eda con 13 de las 23 bancas en el Senado que se pon\u00edan en juego en esta elecci\u00f3n y 21 de los 46 esca\u00f1os de disputados.<\/p>\n\n\n\n<p>LLA, por su parte, se quedar\u00eda con ocho bancas en el Senado provincial, que cuenta con 46,&nbsp;y 18 esca\u00f1os en la C\u00e1mara Baja, que cuenta con un total de 92 sillas.<\/p>\n\n\n\n<p>El peronismo logr\u00f3 imponerse no solo al partido de Milei sino tambi\u00e9n a Propuesta Republicana (Pro), partido conservador liderado por el expresidente argentino Mauricio Macri (2015-2019) y que se present\u00f3 a estos comicios en conjunto con LLA.<\/p>\n\n\n\n<p>Tanto el Gobierno de Milei como el peronismo \u2015la principal fuerza opositora en Argentina\u2015 eligieron como estrategia pol\u00edtica plantear la elecci\u00f3n provincial como una batalla clave para posicionarse con solidez para los comicios nacionales del 26 de octubre, en los que se renovar\u00e1 parcialmente la composici\u00f3n del Parlamento argentino.<\/p>\n\n\n\n<p>La provincia de Buenos Aires tiene un importante peso electoral, puesto que concentra al 38,6 % de la poblaci\u00f3n de Argentina.<\/p>\n\n\n\n<p>Tras conocer los resultados, el presidente argentino, Javier Milei, reconoci\u00f3 la \u00abclara derrota\u00bb de su partido en las elecciones legislativas de la provincia de Buenos Aires, que comprende m\u00e1s de un tercio del padr\u00f3n electoral nacional, una cita clave para medir la popularidad del Gobierno.<\/p>\n\n\n\n<p>\u00abHoy hemos tenido una clara derrota\u00bb, dijo el presidente en el b\u00fanker de su partido, La Libertad Avanza, en la ciudad de La Plata, la capital provincial, 50 km al sur de Buenos Aires. Pero \u00abno se retrocede ni un mil\u00edmetro en la pol\u00edtica de gobierno. El rumbo no solo se confirma, sino que lo vamos a profundizar y acelerar m\u00e1s\u00bb.<\/p>\n\n\n\n<p><\/p>\n\n\n\n<p><\/p>\n\n\n\n<p><\/p>\n\n\n\n<p><\/p>\n\n\n\n<p>(DW)<\/p>","protected":false},"excerpt":{"rendered":"<p>Datos oficiales establecen que con el 85% de los votos escrutados, la alianza de oposici\u00f3n Fuerza Patria obten\u00eda casi un 47 % sobre el 34 % del oficialista La Libertad Avanza.<\/p>","protected":false},"author":2,"featured_media":4796,"comment_status":"open","ping_status":"open","sticky":false,"template":"","format":"standard","meta":{"_et_pb_use_builder":"off","_et_pb_old_content":"","_et_gb_content_width":"","footnotes":""},"categories":[245],"tags":[849,915,917,914,916],"class_list":["post-4795","post","type-post","status-publish","format-standard","has-post-thumbnail","hentry","category-internacionales","tag-argentina","tag-comicios","tag-comicios-legislativos","tag-javier-milei","tag-peronismo"],"yoast_head":"<!-- This site is optimized with the Yoast SEO plugin v27.4 - https:\/\/yoast.com\/product\/yoast-seo-wordpress\/ -->\n<title>Milei derrotado en comicios legislativos de Buenos Aires - La G Noticias<\/title>\n<meta name=\"robots\" content=\"index, follow, max-snippet:-1, max-image-preview:large, max-video-preview:-1\" \/>\n<link rel=\"canonical\" href=\"https:\/\/lagnoticias.com\/en\/2025\/09\/08\/milei-derrotado-en-comicios-legislativos-de-buenos-aires\/\" \/>\n<meta property=\"og:locale\" content=\"en_US\" \/>\n<meta property=\"og:type\" content=\"article\" \/>\n<meta property=\"og:title\" content=\"Milei derrotado en comicios legislativos de Buenos Aires - La G Noticias\" \/>\n<meta property=\"og:description\" content=\"Datos oficiales establecen que con el 85% de los votos escrutados, la alianza de oposici\u00f3n Fuerza Patria obten\u00eda casi un 47 % sobre el 34 % del oficialista La Libertad Avanza.\" \/>\n<meta property=\"og:url\" content=\"https:\/\/lagnoticias.com\/en\/2025\/09\/08\/milei-derrotado-en-comicios-legislativos-de-buenos-aires\/\" \/>\n<meta property=\"og:site_name\" content=\"La G Noticias\" \/>\n<meta property=\"article:publisher\" content=\"https:\/\/www.facebook.com\/LaGNoticias\" \/>\n<meta property=\"article:published_time\" content=\"2025-09-08T18:15:01+00:00\" \/>\n<meta property=\"article:modified_time\" content=\"2025-09-08T18:15:02+00:00\" \/>\n<meta property=\"og:image\" content=\"https:\/\/lagnoticias.com\/wp-content\/uploads\/2025\/09\/55.jpg\" \/>\n\t<meta property=\"og:image:width\" content=\"959\" \/>\n\t<meta property=\"og:image:height\" content=\"507\" \/>\n\t<meta property=\"og:image:type\" content=\"image\/jpeg\" \/>\n<meta name=\"author\" content=\"Oscar\" \/>\n<meta name=\"twitter:card\" content=\"summary_large_image\" \/>\n<meta name=\"twitter:creator\" content=\"@lagnoticias\" \/>\n<meta name=\"twitter:site\" content=\"@lagnoticias\" \/>\n<meta name=\"twitter:label1\" content=\"Written by\" \/>\n\t<meta name=\"twitter:data1\" content=\"Oscar\" \/>\n\t<meta name=\"twitter:label2\" content=\"Est. reading time\" \/>\n\t<meta name=\"twitter:data2\" content=\"4 minutes\" \/>\n<script type=\"application\/ld+json\" class=\"yoast-schema-graph\">{\"@context\":\"https:\\\/\\\/schema.org\",\"@graph\":[{\"@type\":\"Article\",\"@id\":\"https:\\\/\\\/lagnoticias.com\\\/2025\\\/09\\\/08\\\/milei-derrotado-en-comicios-legislativos-de-buenos-aires\\\/#article\",\"isPartOf\":{\"@id\":\"https:\\\/\\\/lagnoticias.com\\\/2025\\\/09\\\/08\\\/milei-derrotado-en-comicios-legislativos-de-buenos-aires\\\/\"},\"author\":{\"name\":\"Oscar\",\"@id\":\"https:\\\/\\\/lagnoticias.com\\\/#\\\/schema\\\/person\\\/cb9bfe13f8de05d2c55270be25c6a550\"},\"headline\":\"Milei derrotado en comicios legislativos de Buenos Aires\",\"datePublished\":\"2025-09-08T18:15:01+00:00\",\"dateModified\":\"2025-09-08T18:15:02+00:00\",\"mainEntityOfPage\":{\"@id\":\"https:\\\/\\\/lagnoticias.com\\\/2025\\\/09\\\/08\\\/milei-derrotado-en-comicios-legislativos-de-buenos-aires\\\/\"},\"wordCount\":643,\"commentCount\":0,\"image\":{\"@id\":\"https:\\\/\\\/lagnoticias.com\\\/2025\\\/09\\\/08\\\/milei-derrotado-en-comicios-legislativos-de-buenos-aires\\\/#primaryimage\"},\"thumbnailUrl\":\"https:\\\/\\\/lagnoticias.com\\\/wp-content\\\/uploads\\\/2025\\\/09\\\/55.jpg\",\"keywords\":[\"ARGENTINA\",\"COMICIOS\",\"COMICIOS LEGISLATIVOS\",\"JAVIER MILEI\",\"PERONISMO\"],\"articleSection\":[\"INTERNACIONALES\"],\"inLanguage\":\"en-US\",\"potentialAction\":[{\"@type\":\"CommentAction\",\"name\":\"Comment\",\"target\":[\"https:\\\/\\\/lagnoticias.com\\\/2025\\\/09\\\/08\\\/milei-derrotado-en-comicios-legislativos-de-buenos-aires\\\/#respond\"]}]},{\"@type\":\"WebPage\",\"@id\":\"https:\\\/\\\/lagnoticias.com\\\/2025\\\/09\\\/08\\\/milei-derrotado-en-comicios-legislativos-de-buenos-aires\\\/\",\"url\":\"https:\\\/\\\/lagnoticias.com\\\/2025\\\/09\\\/08\\\/milei-derrotado-en-comicios-legislativos-de-buenos-aires\\\/\",\"name\":\"Milei derrotado en comicios legislativos de Buenos Aires - La G Noticias\",\"isPartOf\":{\"@id\":\"https:\\\/\\\/lagnoticias.com\\\/#website\"},\"primaryImageOfPage\":{\"@id\":\"https:\\\/\\\/lagnoticias.com\\\/2025\\\/09\\\/08\\\/milei-derrotado-en-comicios-legislativos-de-buenos-aires\\\/#primaryimage\"},\"image\":{\"@id\":\"https:\\\/\\\/lagnoticias.com\\\/2025\\\/09\\\/08\\\/milei-derrotado-en-comicios-legislativos-de-buenos-aires\\\/#primaryimage\"},\"thumbnailUrl\":\"https:\\\/\\\/lagnoticias.com\\\/wp-content\\\/uploads\\\/2025\\\/09\\\/55.jpg\",\"datePublished\":\"2025-09-08T18:15:01+00:00\",\"dateModified\":\"2025-09-08T18:15:02+00:00\",\"author\":{\"@id\":\"https:\\\/\\\/lagnoticias.com\\\/#\\\/schema\\\/person\\\/cb9bfe13f8de05d2c55270be25c6a550\"},\"breadcrumb\":{\"@id\":\"https:\\\/\\\/lagnoticias.com\\\/2025\\\/09\\\/08\\\/milei-derrotado-en-comicios-legislativos-de-buenos-aires\\\/#breadcrumb\"},\"inLanguage\":\"en-US\",\"potentialAction\":[{\"@type\":\"ReadAction\",\"target\":[\"https:\\\/\\\/lagnoticias.com\\\/2025\\\/09\\\/08\\\/milei-derrotado-en-comicios-legislativos-de-buenos-aires\\\/\"]}]},{\"@type\":\"ImageObject\",\"inLanguage\":\"en-US\",\"@id\":\"https:\\\/\\\/lagnoticias.com\\\/2025\\\/09\\\/08\\\/milei-derrotado-en-comicios-legislativos-de-buenos-aires\\\/#primaryimage\",\"url\":\"https:\\\/\\\/lagnoticias.com\\\/wp-content\\\/uploads\\\/2025\\\/09\\\/55.jpg\",\"contentUrl\":\"https:\\\/\\\/lagnoticias.com\\\/wp-content\\\/uploads\\\/2025\\\/09\\\/55.jpg\",\"width\":959,\"height\":507},{\"@type\":\"BreadcrumbList\",\"@id\":\"https:\\\/\\\/lagnoticias.com\\\/2025\\\/09\\\/08\\\/milei-derrotado-en-comicios-legislativos-de-buenos-aires\\\/#breadcrumb\",\"itemListElement\":[{\"@type\":\"ListItem\",\"position\":1,\"name\":\"Portada\",\"item\":\"https:\\\/\\\/lagnoticias.com\\\/\"},{\"@type\":\"ListItem\",\"position\":2,\"name\":\"Milei derrotado en comicios legislativos de Buenos Aires\"}]},{\"@type\":\"WebSite\",\"@id\":\"https:\\\/\\\/lagnoticias.com\\\/#website\",\"url\":\"https:\\\/\\\/lagnoticias.com\\\/\",\"name\":\"La G Noticias\",\"description\":\"Noticias Positivas\",\"potentialAction\":[{\"@type\":\"SearchAction\",\"target\":{\"@type\":\"EntryPoint\",\"urlTemplate\":\"https:\\\/\\\/lagnoticias.com\\\/?s={search_term_string}\"},\"query-input\":{\"@type\":\"PropertyValueSpecification\",\"valueRequired\":true,\"valueName\":\"search_term_string\"}}],\"inLanguage\":\"en-US\"},{\"@type\":\"Person\",\"@id\":\"https:\\\/\\\/lagnoticias.com\\\/#\\\/schema\\\/person\\\/cb9bfe13f8de05d2c55270be25c6a550\",\"name\":\"Oscar\",\"image\":{\"@type\":\"ImageObject\",\"inLanguage\":\"en-US\",\"@id\":\"https:\\\/\\\/secure.gravatar.com\\\/avatar\\\/45c195718f652dc7ffdd591dc1f2678956ab7fdadcd359a635edc61304a8c757?s=96&d=mm&r=g\",\"url\":\"https:\\\/\\\/secure.gravatar.com\\\/avatar\\\/45c195718f652dc7ffdd591dc1f2678956ab7fdadcd359a635edc61304a8c757?s=96&d=mm&r=g\",\"contentUrl\":\"https:\\\/\\\/secure.gravatar.com\\\/avatar\\\/45c195718f652dc7ffdd591dc1f2678956ab7fdadcd359a635edc61304a8c757?s=96&d=mm&r=g\",\"caption\":\"Oscar\"},\"url\":\"https:\\\/\\\/lagnoticias.com\\\/en\\\/author\\\/oscar\\\/\"}]}<\/script>\n<!-- \/ Yoast SEO plugin. -->","yoast_head_json":{"title":"Milei derrotado en comicios legislativos de Buenos Aires - La G Noticias","robots":{"index":"index","follow":"follow","max-snippet":"max-snippet:-1","max-image-preview":"max-image-preview:large","max-video-preview":"max-video-preview:-1"},"canonical":"https:\/\/lagnoticias.com\/en\/2025\/09\/08\/milei-derrotado-en-comicios-legislativos-de-buenos-aires\/","og_locale":"en_US","og_type":"article","og_title":"Milei derrotado en comicios legislativos de Buenos Aires - La G Noticias","og_description":"Datos oficiales establecen que con el 85% de los votos escrutados, la alianza de oposici\u00f3n Fuerza Patria obten\u00eda casi un 47 % sobre el 34 % del oficialista La Libertad Avanza.","og_url":"https:\/\/lagnoticias.com\/en\/2025\/09\/08\/milei-derrotado-en-comicios-legislativos-de-buenos-aires\/","og_site_name":"La G Noticias","article_publisher":"https:\/\/www.facebook.com\/LaGNoticias","article_published_time":"2025-09-08T18:15:01+00:00","article_modified_time":"2025-09-08T18:15:02+00:00","og_image":[{"width":959,"height":507,"url":"https:\/\/lagnoticias.com\/wp-content\/uploads\/2025\/09\/55.jpg","type":"image\/jpeg"}],"author":"Oscar","twitter_card":"summary_large_image","twitter_creator":"@lagnoticias","twitter_site":"@lagnoticias","twitter_misc":{"Written by":"Oscar","Est. reading time":"4 minutes"},"schema":{"@context":"https:\/\/schema.org","@graph":[{"@type":"Article","@id":"https:\/\/lagnoticias.com\/2025\/09\/08\/milei-derrotado-en-comicios-legislativos-de-buenos-aires\/#article","isPartOf":{"@id":"https:\/\/lagnoticias.com\/2025\/09\/08\/milei-derrotado-en-comicios-legislativos-de-buenos-aires\/"},"author":{"name":"Oscar","@id":"https:\/\/lagnoticias.com\/#\/schema\/person\/cb9bfe13f8de05d2c55270be25c6a550"},"headline":"Milei derrotado en comicios legislativos de Buenos Aires","datePublished":"2025-09-08T18:15:01+00:00","dateModified":"2025-09-08T18:15:02+00:00","mainEntityOfPage":{"@id":"https:\/\/lagnoticias.com\/2025\/09\/08\/milei-derrotado-en-comicios-legislativos-de-buenos-aires\/"},"wordCount":643,"commentCount":0,"image":{"@id":"https:\/\/lagnoticias.com\/2025\/09\/08\/milei-derrotado-en-comicios-legislativos-de-buenos-aires\/#primaryimage"},"thumbnailUrl":"https:\/\/lagnoticias.com\/wp-content\/uploads\/2025\/09\/55.jpg","keywords":["ARGENTINA","COMICIOS","COMICIOS LEGISLATIVOS","JAVIER MILEI","PERONISMO"],"articleSection":["INTERNACIONALES"],"inLanguage":"en-US","potentialAction":[{"@type":"CommentAction","name":"Comment","target":["https:\/\/lagnoticias.com\/2025\/09\/08\/milei-derrotado-en-comicios-legislativos-de-buenos-aires\/#respond"]}]},{"@type":"WebPage","@id":"https:\/\/lagnoticias.com\/2025\/09\/08\/milei-derrotado-en-comicios-legislativos-de-buenos-aires\/","url":"https:\/\/lagnoticias.com\/2025\/09\/08\/milei-derrotado-en-comicios-legislativos-de-buenos-aires\/","name":"Milei derrotado en comicios legislativos de Buenos Aires - La G Noticias","isPartOf":{"@id":"https:\/\/lagnoticias.com\/#website"},"primaryImageOfPage":{"@id":"https:\/\/lagnoticias.com\/2025\/09\/08\/milei-derrotado-en-comicios-legislativos-de-buenos-aires\/#primaryimage"},"image":{"@id":"https:\/\/lagnoticias.com\/2025\/09\/08\/milei-derrotado-en-comicios-legislativos-de-buenos-aires\/#primaryimage"},"thumbnailUrl":"https:\/\/lagnoticias.com\/wp-content\/uploads\/2025\/09\/55.jpg","datePublished":"2025-09-08T18:15:01+00:00","dateModified":"2025-09-08T18:15:02+00:00","author":{"@id":"https:\/\/lagnoticias.com\/#\/schema\/person\/cb9bfe13f8de05d2c55270be25c6a550"},"breadcrumb":{"@id":"https:\/\/lagnoticias.com\/2025\/09\/08\/milei-derrotado-en-comicios-legislativos-de-buenos-aires\/#breadcrumb"},"inLanguage":"en-US","potentialAction":[{"@type":"ReadAction","target":["https:\/\/lagnoticias.com\/2025\/09\/08\/milei-derrotado-en-comicios-legislativos-de-buenos-aires\/"]}]},{"@type":"ImageObject","inLanguage":"en-US","@id":"https:\/\/lagnoticias.com\/2025\/09\/08\/milei-derrotado-en-comicios-legislativos-de-buenos-aires\/#primaryimage","url":"https:\/\/lagnoticias.com\/wp-content\/uploads\/2025\/09\/55.jpg","contentUrl":"https:\/\/lagnoticias.com\/wp-content\/uploads\/2025\/09\/55.jpg","width":959,"height":507},{"@type":"BreadcrumbList","@id":"https:\/\/lagnoticias.com\/2025\/09\/08\/milei-derrotado-en-comicios-legislativos-de-buenos-aires\/#breadcrumb","itemListElement":[{"@type":"ListItem","position":1,"name":"Portada","item":"https:\/\/lagnoticias.com\/"},{"@type":"ListItem","position":2,"name":"Milei derrotado en comicios legislativos de Buenos Aires"}]},{"@type":"WebSite","@id":"https:\/\/lagnoticias.com\/#website","url":"https:\/\/lagnoticias.com\/","name":"La G Noticias","description":"Noticias Positivas","potentialAction":[{"@type":"SearchAction","target":{"@type":"EntryPoint","urlTemplate":"https:\/\/lagnoticias.com\/?s={search_term_string}"},"query-input":{"@type":"PropertyValueSpecification","valueRequired":true,"valueName":"search_term_string"}}],"inLanguage":"en-US"},{"@type":"Person","@id":"https:\/\/lagnoticias.com\/#\/schema\/person\/cb9bfe13f8de05d2c55270be25c6a550","name":"Oscar","image":{"@type":"ImageObject","inLanguage":"en-US","@id":"https:\/\/secure.gravatar.com\/avatar\/45c195718f652dc7ffdd591dc1f2678956ab7fdadcd359a635edc61304a8c757?s=96&d=mm&r=g","url":"https:\/\/secure.gravatar.com\/avatar\/45c195718f652dc7ffdd591dc1f2678956ab7fdadcd359a635edc61304a8c757?s=96&d=mm&r=g","contentUrl":"https:\/\/secure.gravatar.com\/avatar\/45c195718f652dc7ffdd591dc1f2678956ab7fdadcd359a635edc61304a8c757?s=96&d=mm&r=g","caption":"Oscar"},"url":"https:\/\/lagnoticias.com\/en\/author\/oscar\/"}]}},"_links":{"self":[{"href":"https:\/\/lagnoticias.com\/en\/wp-json\/wp\/v2\/posts\/4795","targetHints":{"allow":["GET"]}}],"collection":[{"href":"https:\/\/lagnoticias.com\/en\/wp-json\/wp\/v2\/posts"}],"about":[{"href":"https:\/\/lagnoticias.com\/en\/wp-json\/wp\/v2\/types\/post"}],"author":[{"embeddable":true,"href":"https:\/\/lagnoticias.com\/en\/wp-json\/wp\/v2\/users\/2"}],"replies":[{"embeddable":true,"href":"https:\/\/lagnoticias.com\/en\/wp-json\/wp\/v2\/comments?post=4795"}],"version-history":[{"count":1,"href":"https:\/\/lagnoticias.com\/en\/wp-json\/wp\/v2\/posts\/4795\/revisions"}],"predecessor-version":[{"id":4797,"href":"https:\/\/lagnoticias.com\/en\/wp-json\/wp\/v2\/posts\/4795\/revisions\/4797"}],"wp:featuredmedia":[{"embeddable":true,"href":"https:\/\/lagnoticias.com\/en\/wp-json\/wp\/v2\/media\/4796"}],"wp:attachment":[{"href":"https:\/\/lagnoticias.com\/en\/wp-json\/wp\/v2\/media?parent=4795"}],"wp:term":[{"taxonomy":"category","embeddable":true,"href":"https:\/\/lagnoticias.com\/en\/wp-json\/wp\/v2\/categories?post=4795"},{"taxonomy":"post_tag","embeddable":true,"href":"https:\/\/lagnoticias.com\/en\/wp-json\/wp\/v2\/tags?post=4795"}],"curies":[{"name":"wp","href":"https:\/\/api.w.org\/{rel}","templated":true}]}}