{"id":4792,"date":"2025-09-08T11:55:43","date_gmt":"2025-09-08T17:55:43","guid":{"rendered":"https:\/\/lagnoticias.com\/?p=4792"},"modified":"2025-09-08T11:55:44","modified_gmt":"2025-09-08T17:55:44","slug":"al-menos-261-religiosos-han-sido-desterrados-de-nicaragua","status":"publish","type":"post","link":"https:\/\/lagnoticias.com\/en\/2025\/09\/08\/al-menos-261-religiosos-han-sido-desterrados-de-nicaragua\/","title":{"rendered":"Al menos 261 religiosos han sido desterrados de Nicaragua"},"content":{"rendered":"<p>Al menos 261 religiosos, incluido el presidente de la Conferencia Episcopal de&nbsp;Nicaragua, Carlos Enrique Herrera, han sido desterrados de ese pa\u00eds en medio de la tensa relaci\u00f3n entre el Gobierno que dirigen los esposos y copresidentes,&nbsp;Daniel Ortega&nbsp;y Rosario Murillo, y el clero cat\u00f3lico, denunci\u00f3 este domingo la ONG humanitaria Colectivo Nicaragua Nunca M\u00e1s.<\/p>\n\n\n\n<p>\u00abAl menos 261 religiosos hab\u00edan sido&nbsp;desterrados&nbsp;como resultado\u00bb de la persecuci\u00f3n religiosa contra la Iglesia cat\u00f3lica nicarag\u00fcenses, se\u00f1al\u00f3 esa ONG en un informe titulado \u00abFe bajo fuego\u00bb.<\/p>\n\n\n\n<p>Adem\u00e1s del titular del Episcopado, han sido expulsados u obligados al exilio los obispos Silvio B\u00e1ez,&nbsp;Rolando \u00c1lvarez&nbsp;e Isidoro Mora, el nuncio apost\u00f3lico en Managua, monse\u00f1or Waldemar Stanislaw Sommertag, y cerca de 140 sacerdotes de las diferentes di\u00f3cesis de Nicaragua.<\/p>\n\n\n\n<p>La lista incluye m\u00e1s de 90 religiosas o monjas, m\u00e1s de una decena de seminaristas y tres di\u00e1conos, de acuerdo con la informaci\u00f3n.<\/p>\n\n\n\n<p>\u00abDesde la expulsi\u00f3n del nuncio apost\u00f3lico, monse\u00f1or Waldemar Stanis\u0142aw Sommertag, en marzo de 2022, las relaciones entre Nicaragua y el Vaticano se han deteriorado significativamente\u00bb, valor\u00f3 esa ONG.<\/p>\n\n\n\n<p><\/p>\n\n\n\n<h2 class=\"wp-block-heading\">Cierre masivo de ONG y medios religiosos<\/h2>\n\n\n\n<p><\/p>\n\n\n\n<p>Por otro lado, seg\u00fan el informe, el Gobierno sandinista ha cerrado 5.609 asociaciones sin fines de lucro, de ellas 1.294 religiosas, entre 2018 y 2025.<\/p>\n\n\n\n<p>A la mayor\u00eda de esas ONG religiosas, que funcionaban como iglesias, universidades, colegios, centros de formaci\u00f3n religiosa, cl\u00ednicas, organizaciones humanitarias, las autoridades les confiscaron sus bienes, anot\u00f3 ese Colectivo.<\/p>\n\n\n\n<p>En tanto, el estatal Instituto de Telecomunicaciones, ente regulador del sector, ha cerrado al menos 54 medios de comunicaci\u00f3n, de los cuales 22 eran de car\u00e1cter religioso, entre canales de televisi\u00f3n y emisoras de radio.<\/p>\n\n\n\n<p>La \u00abrepresi\u00f3n\u00bb ha alcanzado a otras denominaciones religiosas, a trav\u00e9s del cierre de universidades, y la desaparici\u00f3n forzada y criminalizaci\u00f3n de pastores y l\u00edderes evang\u00e9licos, el control sobre los templos y de las actividades religiosas, de acuerdo con el documento.<\/p>\n\n\n\n<p>Adem\u00e1s, se ha dado censura de medios evang\u00e9licos, presi\u00f3n fiscal, cierre de asociaciones y confiscaci\u00f3n de bienes, la cancelaci\u00f3n de la personalidad jur\u00eddica de la iglesia Morava, y la actual detenci\u00f3n del pastor Rudy Palacios.<\/p>\n\n\n\n<p>Seg\u00fan ese Colectivo, hay un uso sistem\u00e1tico del poder estatal para eliminar la independencia de las iglesias y limitar su rol social y espiritual en la vida p\u00fablica del pa\u00eds.<\/p>\n\n\n\n<p><\/p>\n\n\n\n<h2 class=\"wp-block-heading\">El papel de las Iglesias en la crisis<\/h2>\n\n\n\n<p><\/p>\n\n\n\n<p>Las iglesias, especialmente la cat\u00f3lica, jugaron un rol destacado en ser mediadores y testigos en el fallido di\u00e1logo nacional de 2018, y denunciar los abusos y brindar refugio a manifestantes heridos<\/p>\n\n\n\n<p>\u00abEl no respaldar al Gobierno y por lo contrario acompa\u00f1ar a la poblaci\u00f3n civil provoc\u00f3 la animadversi\u00f3n del gobierno, que percibi\u00f3 a las instituciones religiosas como una amenaza directa a su continuidad de perpetuarse en el poder\u00bb, anot\u00f3 la ONG, para la cual el Ejecutivo, como respuesta, implement\u00f3 una pol\u00edtica de Estado para restringir la libertad religiosa.<\/p>\n\n\n\n<p>Las relaciones entre el Vaticano y Managua atraviesan momentos de gran animadversi\u00f3n.<\/p>\n\n\n\n<p>En marzo de 2023, el fallecido papa Francisco calific\u00f3 como una \u00abdictadura grosera\u00bb el r\u00e9gimen de Ortega en Nicaragua, un mes despu\u00e9s de la condena por \u00abtraici\u00f3n a la patria\u00bb del obispo \u00c1lvarez a 26 a\u00f1os y cuatro meses de prisi\u00f3n, ahora exiliado y desnacionalizado. Ortega, a su vez, disolvi\u00f3 y expropi\u00f3 a la Compa\u00f1\u00eda de Jes\u00fas &#8211; conocidos como los jesuitas-, orden a la que pertenec\u00eda el sumo pont\u00edfice, y tambi\u00e9n ha calificado de \u00abmafia\u00bb y antidemocr\u00e1tica a la Iglesia.<\/p>\n\n\n\n<p><\/p>\n\n\n\n<p><\/p>\n\n\n\n<p><\/p>\n\n\n\n<p>(DW)<\/p>","protected":false},"excerpt":{"rendered":"<p>Entre los expulsados por el gobierno de Daniel Ortega hay obispos, sacerdotes, monjas y seminaristas, se\u00f1ala un informe de un colectivo nicarag\u00fcense de derechos humanos en el exilio.<\/p>","protected":false},"author":2,"featured_media":4793,"comment_status":"open","ping_status":"open","sticky":false,"template":"","format":"standard","meta":{"_et_pb_use_builder":"off","_et_pb_old_content":"","_et_gb_content_width":"","footnotes":""},"categories":[245],"tags":[911,912,913,481,910],"class_list":["post-4792","post","type-post","status-publish","format-standard","has-post-thumbnail","hentry","category-internacionales","tag-conferencia-episcopal-de-nicaragua","tag-daniel-ortega","tag-iglesia-catolica","tag-nicaragua","tag-ong"],"yoast_head":"<!-- This site is optimized with the Yoast SEO plugin v27.4 - https:\/\/yoast.com\/product\/yoast-seo-wordpress\/ -->\n<title>Al menos 261 religiosos han sido desterrados de Nicaragua - La G Noticias<\/title>\n<meta name=\"robots\" content=\"index, follow, max-snippet:-1, max-image-preview:large, max-video-preview:-1\" \/>\n<link rel=\"canonical\" href=\"https:\/\/lagnoticias.com\/en\/2025\/09\/08\/al-menos-261-religiosos-han-sido-desterrados-de-nicaragua\/\" \/>\n<meta property=\"og:locale\" content=\"en_US\" \/>\n<meta property=\"og:type\" content=\"article\" \/>\n<meta property=\"og:title\" content=\"Al menos 261 religiosos han sido desterrados de Nicaragua - La G Noticias\" \/>\n<meta property=\"og:description\" content=\"Entre los expulsados por el gobierno de Daniel Ortega hay obispos, sacerdotes, monjas y seminaristas, se\u00f1ala un informe de un colectivo nicarag\u00fcense de derechos humanos en el exilio.\" \/>\n<meta property=\"og:url\" content=\"https:\/\/lagnoticias.com\/en\/2025\/09\/08\/al-menos-261-religiosos-han-sido-desterrados-de-nicaragua\/\" \/>\n<meta property=\"og:site_name\" content=\"La G Noticias\" \/>\n<meta property=\"article:publisher\" content=\"https:\/\/www.facebook.com\/LaGNoticias\" \/>\n<meta property=\"article:published_time\" content=\"2025-09-08T17:55:43+00:00\" \/>\n<meta property=\"article:modified_time\" content=\"2025-09-08T17:55:44+00:00\" \/>\n<meta property=\"og:image\" content=\"https:\/\/lagnoticias.com\/wp-content\/uploads\/2025\/09\/35.jpg\" \/>\n\t<meta property=\"og:image:width\" content=\"1055\" \/>\n\t<meta property=\"og:image:height\" content=\"507\" \/>\n\t<meta property=\"og:image:type\" content=\"image\/jpeg\" \/>\n<meta name=\"author\" content=\"Oscar\" \/>\n<meta name=\"twitter:card\" content=\"summary_large_image\" \/>\n<meta name=\"twitter:creator\" content=\"@lagnoticias\" \/>\n<meta name=\"twitter:site\" content=\"@lagnoticias\" \/>\n<meta name=\"twitter:label1\" content=\"Written by\" \/>\n\t<meta name=\"twitter:data1\" content=\"Oscar\" \/>\n\t<meta name=\"twitter:label2\" content=\"Est. reading time\" \/>\n\t<meta name=\"twitter:data2\" content=\"3 minutes\" \/>\n<script type=\"application\/ld+json\" class=\"yoast-schema-graph\">{\"@context\":\"https:\\\/\\\/schema.org\",\"@graph\":[{\"@type\":\"Article\",\"@id\":\"https:\\\/\\\/lagnoticias.com\\\/2025\\\/09\\\/08\\\/al-menos-261-religiosos-han-sido-desterrados-de-nicaragua\\\/#article\",\"isPartOf\":{\"@id\":\"https:\\\/\\\/lagnoticias.com\\\/2025\\\/09\\\/08\\\/al-menos-261-religiosos-han-sido-desterrados-de-nicaragua\\\/\"},\"author\":{\"name\":\"Oscar\",\"@id\":\"https:\\\/\\\/lagnoticias.com\\\/#\\\/schema\\\/person\\\/cb9bfe13f8de05d2c55270be25c6a550\"},\"headline\":\"Al menos 261 religiosos han sido desterrados de Nicaragua\",\"datePublished\":\"2025-09-08T17:55:43+00:00\",\"dateModified\":\"2025-09-08T17:55:44+00:00\",\"mainEntityOfPage\":{\"@id\":\"https:\\\/\\\/lagnoticias.com\\\/2025\\\/09\\\/08\\\/al-menos-261-religiosos-han-sido-desterrados-de-nicaragua\\\/\"},\"wordCount\":632,\"commentCount\":0,\"image\":{\"@id\":\"https:\\\/\\\/lagnoticias.com\\\/2025\\\/09\\\/08\\\/al-menos-261-religiosos-han-sido-desterrados-de-nicaragua\\\/#primaryimage\"},\"thumbnailUrl\":\"https:\\\/\\\/lagnoticias.com\\\/wp-content\\\/uploads\\\/2025\\\/09\\\/35.jpg\",\"keywords\":[\"CONFERENCIA EPISCOPAL DE NICARAGUA\",\"DANIEL ORTEGA\",\"IGLESIA CAT\u00d3LICA\",\"NICARAGUA\",\"ONG\"],\"articleSection\":[\"INTERNACIONALES\"],\"inLanguage\":\"en-US\",\"potentialAction\":[{\"@type\":\"CommentAction\",\"name\":\"Comment\",\"target\":[\"https:\\\/\\\/lagnoticias.com\\\/2025\\\/09\\\/08\\\/al-menos-261-religiosos-han-sido-desterrados-de-nicaragua\\\/#respond\"]}]},{\"@type\":\"WebPage\",\"@id\":\"https:\\\/\\\/lagnoticias.com\\\/2025\\\/09\\\/08\\\/al-menos-261-religiosos-han-sido-desterrados-de-nicaragua\\\/\",\"url\":\"https:\\\/\\\/lagnoticias.com\\\/2025\\\/09\\\/08\\\/al-menos-261-religiosos-han-sido-desterrados-de-nicaragua\\\/\",\"name\":\"Al menos 261 religiosos han sido desterrados de Nicaragua - La G Noticias\",\"isPartOf\":{\"@id\":\"https:\\\/\\\/lagnoticias.com\\\/#website\"},\"primaryImageOfPage\":{\"@id\":\"https:\\\/\\\/lagnoticias.com\\\/2025\\\/09\\\/08\\\/al-menos-261-religiosos-han-sido-desterrados-de-nicaragua\\\/#primaryimage\"},\"image\":{\"@id\":\"https:\\\/\\\/lagnoticias.com\\\/2025\\\/09\\\/08\\\/al-menos-261-religiosos-han-sido-desterrados-de-nicaragua\\\/#primaryimage\"},\"thumbnailUrl\":\"https:\\\/\\\/lagnoticias.com\\\/wp-content\\\/uploads\\\/2025\\\/09\\\/35.jpg\",\"datePublished\":\"2025-09-08T17:55:43+00:00\",\"dateModified\":\"2025-09-08T17:55:44+00:00\",\"author\":{\"@id\":\"https:\\\/\\\/lagnoticias.com\\\/#\\\/schema\\\/person\\\/cb9bfe13f8de05d2c55270be25c6a550\"},\"breadcrumb\":{\"@id\":\"https:\\\/\\\/lagnoticias.com\\\/2025\\\/09\\\/08\\\/al-menos-261-religiosos-han-sido-desterrados-de-nicaragua\\\/#breadcrumb\"},\"inLanguage\":\"en-US\",\"potentialAction\":[{\"@type\":\"ReadAction\",\"target\":[\"https:\\\/\\\/lagnoticias.com\\\/2025\\\/09\\\/08\\\/al-menos-261-religiosos-han-sido-desterrados-de-nicaragua\\\/\"]}]},{\"@type\":\"ImageObject\",\"inLanguage\":\"en-US\",\"@id\":\"https:\\\/\\\/lagnoticias.com\\\/2025\\\/09\\\/08\\\/al-menos-261-religiosos-han-sido-desterrados-de-nicaragua\\\/#primaryimage\",\"url\":\"https:\\\/\\\/lagnoticias.com\\\/wp-content\\\/uploads\\\/2025\\\/09\\\/35.jpg\",\"contentUrl\":\"https:\\\/\\\/lagnoticias.com\\\/wp-content\\\/uploads\\\/2025\\\/09\\\/35.jpg\",\"width\":1055,\"height\":507},{\"@type\":\"BreadcrumbList\",\"@id\":\"https:\\\/\\\/lagnoticias.com\\\/2025\\\/09\\\/08\\\/al-menos-261-religiosos-han-sido-desterrados-de-nicaragua\\\/#breadcrumb\",\"itemListElement\":[{\"@type\":\"ListItem\",\"position\":1,\"name\":\"Portada\",\"item\":\"https:\\\/\\\/lagnoticias.com\\\/\"},{\"@type\":\"ListItem\",\"position\":2,\"name\":\"Al menos 261 religiosos han sido desterrados de Nicaragua\"}]},{\"@type\":\"WebSite\",\"@id\":\"https:\\\/\\\/lagnoticias.com\\\/#website\",\"url\":\"https:\\\/\\\/lagnoticias.com\\\/\",\"name\":\"La G Noticias\",\"description\":\"Noticias Positivas\",\"potentialAction\":[{\"@type\":\"SearchAction\",\"target\":{\"@type\":\"EntryPoint\",\"urlTemplate\":\"https:\\\/\\\/lagnoticias.com\\\/?s={search_term_string}\"},\"query-input\":{\"@type\":\"PropertyValueSpecification\",\"valueRequired\":true,\"valueName\":\"search_term_string\"}}],\"inLanguage\":\"en-US\"},{\"@type\":\"Person\",\"@id\":\"https:\\\/\\\/lagnoticias.com\\\/#\\\/schema\\\/person\\\/cb9bfe13f8de05d2c55270be25c6a550\",\"name\":\"Oscar\",\"image\":{\"@type\":\"ImageObject\",\"inLanguage\":\"en-US\",\"@id\":\"https:\\\/\\\/secure.gravatar.com\\\/avatar\\\/45c195718f652dc7ffdd591dc1f2678956ab7fdadcd359a635edc61304a8c757?s=96&d=mm&r=g\",\"url\":\"https:\\\/\\\/secure.gravatar.com\\\/avatar\\\/45c195718f652dc7ffdd591dc1f2678956ab7fdadcd359a635edc61304a8c757?s=96&d=mm&r=g\",\"contentUrl\":\"https:\\\/\\\/secure.gravatar.com\\\/avatar\\\/45c195718f652dc7ffdd591dc1f2678956ab7fdadcd359a635edc61304a8c757?s=96&d=mm&r=g\",\"caption\":\"Oscar\"},\"url\":\"https:\\\/\\\/lagnoticias.com\\\/en\\\/author\\\/oscar\\\/\"}]}<\/script>\n<!-- \/ Yoast SEO plugin. -->","yoast_head_json":{"title":"Al menos 261 religiosos han sido desterrados de Nicaragua - La G Noticias","robots":{"index":"index","follow":"follow","max-snippet":"max-snippet:-1","max-image-preview":"max-image-preview:large","max-video-preview":"max-video-preview:-1"},"canonical":"https:\/\/lagnoticias.com\/en\/2025\/09\/08\/al-menos-261-religiosos-han-sido-desterrados-de-nicaragua\/","og_locale":"en_US","og_type":"article","og_title":"Al menos 261 religiosos han sido desterrados de Nicaragua - La G Noticias","og_description":"Entre los expulsados por el gobierno de Daniel Ortega hay obispos, sacerdotes, monjas y seminaristas, se\u00f1ala un informe de un colectivo nicarag\u00fcense de derechos humanos en el exilio.","og_url":"https:\/\/lagnoticias.com\/en\/2025\/09\/08\/al-menos-261-religiosos-han-sido-desterrados-de-nicaragua\/","og_site_name":"La G Noticias","article_publisher":"https:\/\/www.facebook.com\/LaGNoticias","article_published_time":"2025-09-08T17:55:43+00:00","article_modified_time":"2025-09-08T17:55:44+00:00","og_image":[{"width":1055,"height":507,"url":"https:\/\/lagnoticias.com\/wp-content\/uploads\/2025\/09\/35.jpg","type":"image\/jpeg"}],"author":"Oscar","twitter_card":"summary_large_image","twitter_creator":"@lagnoticias","twitter_site":"@lagnoticias","twitter_misc":{"Written by":"Oscar","Est. reading time":"3 minutes"},"schema":{"@context":"https:\/\/schema.org","@graph":[{"@type":"Article","@id":"https:\/\/lagnoticias.com\/2025\/09\/08\/al-menos-261-religiosos-han-sido-desterrados-de-nicaragua\/#article","isPartOf":{"@id":"https:\/\/lagnoticias.com\/2025\/09\/08\/al-menos-261-religiosos-han-sido-desterrados-de-nicaragua\/"},"author":{"name":"Oscar","@id":"https:\/\/lagnoticias.com\/#\/schema\/person\/cb9bfe13f8de05d2c55270be25c6a550"},"headline":"Al menos 261 religiosos han sido desterrados de Nicaragua","datePublished":"2025-09-08T17:55:43+00:00","dateModified":"2025-09-08T17:55:44+00:00","mainEntityOfPage":{"@id":"https:\/\/lagnoticias.com\/2025\/09\/08\/al-menos-261-religiosos-han-sido-desterrados-de-nicaragua\/"},"wordCount":632,"commentCount":0,"image":{"@id":"https:\/\/lagnoticias.com\/2025\/09\/08\/al-menos-261-religiosos-han-sido-desterrados-de-nicaragua\/#primaryimage"},"thumbnailUrl":"https:\/\/lagnoticias.com\/wp-content\/uploads\/2025\/09\/35.jpg","keywords":["CONFERENCIA EPISCOPAL DE NICARAGUA","DANIEL ORTEGA","IGLESIA CAT\u00d3LICA","NICARAGUA","ONG"],"articleSection":["INTERNACIONALES"],"inLanguage":"en-US","potentialAction":[{"@type":"CommentAction","name":"Comment","target":["https:\/\/lagnoticias.com\/2025\/09\/08\/al-menos-261-religiosos-han-sido-desterrados-de-nicaragua\/#respond"]}]},{"@type":"WebPage","@id":"https:\/\/lagnoticias.com\/2025\/09\/08\/al-menos-261-religiosos-han-sido-desterrados-de-nicaragua\/","url":"https:\/\/lagnoticias.com\/2025\/09\/08\/al-menos-261-religiosos-han-sido-desterrados-de-nicaragua\/","name":"Al menos 261 religiosos han sido desterrados de Nicaragua - La G Noticias","isPartOf":{"@id":"https:\/\/lagnoticias.com\/#website"},"primaryImageOfPage":{"@id":"https:\/\/lagnoticias.com\/2025\/09\/08\/al-menos-261-religiosos-han-sido-desterrados-de-nicaragua\/#primaryimage"},"image":{"@id":"https:\/\/lagnoticias.com\/2025\/09\/08\/al-menos-261-religiosos-han-sido-desterrados-de-nicaragua\/#primaryimage"},"thumbnailUrl":"https:\/\/lagnoticias.com\/wp-content\/uploads\/2025\/09\/35.jpg","datePublished":"2025-09-08T17:55:43+00:00","dateModified":"2025-09-08T17:55:44+00:00","author":{"@id":"https:\/\/lagnoticias.com\/#\/schema\/person\/cb9bfe13f8de05d2c55270be25c6a550"},"breadcrumb":{"@id":"https:\/\/lagnoticias.com\/2025\/09\/08\/al-menos-261-religiosos-han-sido-desterrados-de-nicaragua\/#breadcrumb"},"inLanguage":"en-US","potentialAction":[{"@type":"ReadAction","target":["https:\/\/lagnoticias.com\/2025\/09\/08\/al-menos-261-religiosos-han-sido-desterrados-de-nicaragua\/"]}]},{"@type":"ImageObject","inLanguage":"en-US","@id":"https:\/\/lagnoticias.com\/2025\/09\/08\/al-menos-261-religiosos-han-sido-desterrados-de-nicaragua\/#primaryimage","url":"https:\/\/lagnoticias.com\/wp-content\/uploads\/2025\/09\/35.jpg","contentUrl":"https:\/\/lagnoticias.com\/wp-content\/uploads\/2025\/09\/35.jpg","width":1055,"height":507},{"@type":"BreadcrumbList","@id":"https:\/\/lagnoticias.com\/2025\/09\/08\/al-menos-261-religiosos-han-sido-desterrados-de-nicaragua\/#breadcrumb","itemListElement":[{"@type":"ListItem","position":1,"name":"Portada","item":"https:\/\/lagnoticias.com\/"},{"@type":"ListItem","position":2,"name":"Al menos 261 religiosos han sido desterrados de Nicaragua"}]},{"@type":"WebSite","@id":"https:\/\/lagnoticias.com\/#website","url":"https:\/\/lagnoticias.com\/","name":"La G Noticias","description":"Noticias Positivas","potentialAction":[{"@type":"SearchAction","target":{"@type":"EntryPoint","urlTemplate":"https:\/\/lagnoticias.com\/?s={search_term_string}"},"query-input":{"@type":"PropertyValueSpecification","valueRequired":true,"valueName":"search_term_string"}}],"inLanguage":"en-US"},{"@type":"Person","@id":"https:\/\/lagnoticias.com\/#\/schema\/person\/cb9bfe13f8de05d2c55270be25c6a550","name":"Oscar","image":{"@type":"ImageObject","inLanguage":"en-US","@id":"https:\/\/secure.gravatar.com\/avatar\/45c195718f652dc7ffdd591dc1f2678956ab7fdadcd359a635edc61304a8c757?s=96&d=mm&r=g","url":"https:\/\/secure.gravatar.com\/avatar\/45c195718f652dc7ffdd591dc1f2678956ab7fdadcd359a635edc61304a8c757?s=96&d=mm&r=g","contentUrl":"https:\/\/secure.gravatar.com\/avatar\/45c195718f652dc7ffdd591dc1f2678956ab7fdadcd359a635edc61304a8c757?s=96&d=mm&r=g","caption":"Oscar"},"url":"https:\/\/lagnoticias.com\/en\/author\/oscar\/"}]}},"_links":{"self":[{"href":"https:\/\/lagnoticias.com\/en\/wp-json\/wp\/v2\/posts\/4792","targetHints":{"allow":["GET"]}}],"collection":[{"href":"https:\/\/lagnoticias.com\/en\/wp-json\/wp\/v2\/posts"}],"about":[{"href":"https:\/\/lagnoticias.com\/en\/wp-json\/wp\/v2\/types\/post"}],"author":[{"embeddable":true,"href":"https:\/\/lagnoticias.com\/en\/wp-json\/wp\/v2\/users\/2"}],"replies":[{"embeddable":true,"href":"https:\/\/lagnoticias.com\/en\/wp-json\/wp\/v2\/comments?post=4792"}],"version-history":[{"count":1,"href":"https:\/\/lagnoticias.com\/en\/wp-json\/wp\/v2\/posts\/4792\/revisions"}],"predecessor-version":[{"id":4794,"href":"https:\/\/lagnoticias.com\/en\/wp-json\/wp\/v2\/posts\/4792\/revisions\/4794"}],"wp:featuredmedia":[{"embeddable":true,"href":"https:\/\/lagnoticias.com\/en\/wp-json\/wp\/v2\/media\/4793"}],"wp:attachment":[{"href":"https:\/\/lagnoticias.com\/en\/wp-json\/wp\/v2\/media?parent=4792"}],"wp:term":[{"taxonomy":"category","embeddable":true,"href":"https:\/\/lagnoticias.com\/en\/wp-json\/wp\/v2\/categories?post=4792"},{"taxonomy":"post_tag","embeddable":true,"href":"https:\/\/lagnoticias.com\/en\/wp-json\/wp\/v2\/tags?post=4792"}],"curies":[{"name":"wp","href":"https:\/\/api.w.org\/{rel}","templated":true}]}}