{"id":4786,"date":"2025-09-08T11:19:42","date_gmt":"2025-09-08T17:19:42","guid":{"rendered":"https:\/\/lagnoticias.com\/?p=4786"},"modified":"2025-09-08T11:19:44","modified_gmt":"2025-09-08T17:19:44","slug":"el-comediante-franco-escamilla-genera-polemica-al-revelar-que-le-dio-cerveza-a-su-hijo-a-los-14-anos","status":"publish","type":"post","link":"https:\/\/lagnoticias.com\/en\/2025\/09\/08\/el-comediante-franco-escamilla-genera-polemica-al-revelar-que-le-dio-cerveza-a-su-hijo-a-los-14-anos\/","title":{"rendered":"El comediante Franco Escamilla genera pol\u00e9mica al revelar que le dio cerveza a su hijo a los 14 a\u00f1os"},"content":{"rendered":"<p>Franco Escamilla, uno de los comediantes m\u00e1s reconocidos de M\u00e9xico, dio de qu\u00e9 hablar luego de compartir en su podcast&nbsp;La Mesa Re\u00f1o\u00f1a&nbsp;una experiencia que vivi\u00f3 con su hijo \u201cRodri\u201d. Durante la transmisi\u00f3n relat\u00f3 que, en un concierto de la banda Avenged Sevenfold realizado en Estados Unidos,&nbsp;decidi\u00f3 comprarle una cerveza a su hijo, pese a que el adolescente tiene \u00fanicamente&nbsp;14 a\u00f1os.<\/p>\n\n\n\n<p>La revelaci\u00f3n gener\u00f3 de inmediato reacciones en redes. Mientras algunos usuarios criticaron la acci\u00f3n del comediante regiomontano, se\u00f1alando que&nbsp;pudo haber tenido consecuencias legales&nbsp;al tratarse de un menor de edad, otros defendieron el gesto, consider\u00e1ndolo una an\u00e9cdota familiar que no deber\u00eda escalar a mayores dimensiones.<\/p>\n\n\n\n<p><\/p>\n\n\n\n<h2 class=\"wp-block-heading\">El recuerdo compartido en su podcast<\/h2>\n\n\n\n<p><\/p>\n\n\n\n<p>Durante la pl\u00e1tica con sus compa\u00f1eros de La Mesa Re\u00f1o\u00f1a, Escamilla detall\u00f3 que opt\u00f3 por darle a probar la bebida bajo la idea de que, en alg\u00fan momento, su hijo comenzar\u00e1 a convivir con amigos que consumen alcohol. El comediante&nbsp;explic\u00f3 que quer\u00eda ser \u00e9l quien le diera esa primera experiencia&nbsp;en un contexto especial y controlado.<\/p>\n\n\n\n<p>\u201cSi lo hice, le invit\u00e9 una cerveza porque dije: \u2018Ya tiene 14 a\u00f1os y no tarda en empezar con sus cosas de tomar con sus amigos\u2019. Entonces dije \u2018nom\u00e1s la primera\u2019, pero s\u00ed me preocup\u00e9\u201d, comparti\u00f3 Escamilla en el programa.<\/p>\n\n\n\n<p>Asimismo, record\u00f3 la reacci\u00f3n de su hijo al probarla, se\u00f1alando que la primera impresi\u00f3n fue negativa. \u201c\u2018Rodri\u2019 dijo que sab\u00eda mal y que no le gustaba\u201d, relat\u00f3 entre risas, asegurando que aquel instante se convirti\u00f3 en un recuerdo significativo entre ambos.<\/p>\n\n\n\n<p><\/p>\n\n\n\n<h2 class=\"wp-block-heading\">La aclaraci\u00f3n del comediante<\/h2>\n\n\n\n<p><\/p>\n\n\n\n<p>Aunque para Escamilla se trat\u00f3 de un momento simb\u00f3lico entre padre e hijo, tambi\u00e9n subray\u00f3 que le&nbsp;dej\u00f3 claro a su hijo que no se trataba de un permiso&nbsp;para beber en otras circunstancias.<\/p>\n\n\n\n<p>\u201cLe dije: esto lo estoy haciendo porque es un momento especial, pap\u00e1 e hijo, una cheve.&nbsp;Quiero que vivas esto conmigo, pero no te estoy dando permiso para tomar. Est\u00e1s muy chico, pero hoy no hay problema\u201d, narr\u00f3 en su podcast.<\/p>\n\n\n\n<p>A pesar de esta aclaraci\u00f3n, la an\u00e9cdota no pas\u00f3 desapercibida en redes sociales, donde varios internautas expresaron preocupaci\u00f3n sobre la situaci\u00f3n, en especial por haberse desarrollado en territorio estadounidense, donde las leyes son estrictas en torno al consumo de alcohol en menores de edad.<\/p>\n\n\n\n<p><\/p>\n\n\n\n<h2 class=\"wp-block-heading\">\u00bfQui\u00e9n es Franco Escamilla?<\/h2>\n\n\n\n<p><\/p>\n\n\n\n<p>Franco Escamilla, originario de Cuautla, Morelos, pero&nbsp;radicado gran parte de su vida en Monterrey, Nuevo Le\u00f3n, se ha consolidado como uno de los humoristas m\u00e1s influyentes de la comedia en espa\u00f1ol. Nacido en 1981, comenz\u00f3 su carrera en bares y foros peque\u00f1os de Monterrey hasta abrirse camino en la escena nacional con un estilo caracterizado por la comedia irreverente y el uso de la s\u00e1tira social.<\/p>\n\n\n\n<p>A lo largo de su trayectoria, ha llenado recintos de gran capacidad como la Arena Ciudad de M\u00e9xico y el Auditorio Nacional. Adem\u00e1s, ha extendido su \u00e9xito a nivel internacional, present\u00e1ndose en pa\u00edses de Am\u00e9rica Latina, Estados Unidos y Espa\u00f1a.<\/p>\n\n\n\n<p>Escamilla tambi\u00e9n ha sido pionero en trasladar su humor a las plataformas digitales. Su podcast La Mesa Re\u00f1o\u00f1a, creado junto a su grupo de amigos conocido como La Diablo Squad, ha conseguido gran popularidad, convirti\u00e9ndose en uno de los espacios de comedia m\u00e1s seguidos en YouTube y redes sociales.<\/p>\n\n\n\n<p><\/p>\n\n\n\n<h2 class=\"wp-block-heading\">Un artista en constante crecimiento<\/h2>\n\n\n\n<p><\/p>\n\n\n\n<p>M\u00e1s all\u00e1 de la comedia stand-up, Franco Escamilla&nbsp;ha incursionado en la m\u00fasica con el proyecto Los Caballeros de la Cantina, en el que combina su faceta humor\u00edstica con la interpretaci\u00f3n musical. Asimismo, ha participado en&nbsp;doblaje y programas televisivos, consolidando su imagen como un artista multifac\u00e9tico.<\/p>\n\n\n\n<p>Con una base s\u00f3lida de seguidores, ha sido capaz de crear giras internacionales con gran \u00e9xito de taquilla. Su estilo directo y su cercan\u00eda con el p\u00fablico lo han convertido en una figura pol\u00e9mica, pero tambi\u00e9n en uno de los exponentes m\u00e1s reconocidos de la comedia mexicana actual.<\/p>\n\n\n\n<p><\/p>\n\n\n\n<p><\/p>\n\n\n\n<figure class=\"wp-block-embed is-type-video is-provider-tiktok wp-block-embed-tiktok\"><div class=\"wp-block-embed__wrapper\">\nhttps:\/\/www.tiktok.com\/@emotional.records\/video\/7545645761032129823\n<\/div><\/figure>\n\n\n\n<p><\/p>\n\n\n\n<p><\/p>\n\n\n\n<p><\/p>\n\n\n\n<p><\/p>\n\n\n\n<p><\/p>\n\n\n\n<p><\/p>\n\n\n\n<p><\/p>\n\n\n\n<p><\/p>\n\n\n\n<p>(El Imparcial)<\/p>\n\n\n\n<p><\/p>\n\n\n\n<p><\/p>","protected":false},"excerpt":{"rendered":"<p>El comediante comparti\u00f3 que invit\u00f3 una bebida alcoh\u00f3lica a su hijo de 14 a\u00f1os durante un show en Estados Unidos.<\/p>","protected":false},"author":2,"featured_media":4787,"comment_status":"open","ping_status":"open","sticky":false,"template":"","format":"standard","meta":{"_et_pb_use_builder":"off","_et_pb_old_content":"","_et_gb_content_width":"","footnotes":""},"categories":[249],"tags":[904,905,906,287],"class_list":["post-4786","post","type-post","status-publish","format-standard","has-post-thumbnail","hentry","category-entretenimiento","tag-comediante","tag-franco-escamilla","tag-humorista","tag-mexico"],"yoast_head":"<!-- This site is optimized with the Yoast SEO plugin v27.4 - https:\/\/yoast.com\/product\/yoast-seo-wordpress\/ -->\n<title>El comediante Franco Escamilla genera pol\u00e9mica al revelar que le dio cerveza a su hijo a los 14 a\u00f1os - La G Noticias<\/title>\n<meta name=\"robots\" content=\"index, follow, max-snippet:-1, max-image-preview:large, max-video-preview:-1\" \/>\n<link rel=\"canonical\" href=\"https:\/\/lagnoticias.com\/en\/2025\/09\/08\/el-comediante-franco-escamilla-genera-polemica-al-revelar-que-le-dio-cerveza-a-su-hijo-a-los-14-anos\/\" \/>\n<meta property=\"og:locale\" content=\"en_US\" \/>\n<meta property=\"og:type\" content=\"article\" \/>\n<meta property=\"og:title\" content=\"El comediante Franco Escamilla genera pol\u00e9mica al revelar que le dio cerveza a su hijo a los 14 a\u00f1os - La G Noticias\" \/>\n<meta property=\"og:description\" content=\"El comediante comparti\u00f3 que invit\u00f3 una bebida alcoh\u00f3lica a su hijo de 14 a\u00f1os durante un show en Estados Unidos.\" \/>\n<meta property=\"og:url\" content=\"https:\/\/lagnoticias.com\/en\/2025\/09\/08\/el-comediante-franco-escamilla-genera-polemica-al-revelar-que-le-dio-cerveza-a-su-hijo-a-los-14-anos\/\" \/>\n<meta property=\"og:site_name\" content=\"La G Noticias\" \/>\n<meta property=\"article:publisher\" content=\"https:\/\/www.facebook.com\/LaGNoticias\" \/>\n<meta property=\"article:published_time\" content=\"2025-09-08T17:19:42+00:00\" \/>\n<meta property=\"article:modified_time\" content=\"2025-09-08T17:19:44+00:00\" \/>\n<meta property=\"og:image\" content=\"https:\/\/lagnoticias.com\/wp-content\/uploads\/2025\/09\/95.jpg\" \/>\n\t<meta property=\"og:image:width\" content=\"1811\" \/>\n\t<meta property=\"og:image:height\" content=\"1034\" \/>\n\t<meta property=\"og:image:type\" content=\"image\/jpeg\" \/>\n<meta name=\"author\" content=\"Oscar\" \/>\n<meta name=\"twitter:card\" content=\"summary_large_image\" \/>\n<meta name=\"twitter:creator\" content=\"@lagnoticias\" \/>\n<meta name=\"twitter:site\" content=\"@lagnoticias\" \/>\n<meta name=\"twitter:label1\" content=\"Written by\" \/>\n\t<meta name=\"twitter:data1\" content=\"Oscar\" \/>\n\t<meta name=\"twitter:label2\" content=\"Est. reading time\" \/>\n\t<meta name=\"twitter:data2\" content=\"4 minutes\" \/>\n<script type=\"application\/ld+json\" class=\"yoast-schema-graph\">{\"@context\":\"https:\\\/\\\/schema.org\",\"@graph\":[{\"@type\":\"Article\",\"@id\":\"https:\\\/\\\/lagnoticias.com\\\/2025\\\/09\\\/08\\\/el-comediante-franco-escamilla-genera-polemica-al-revelar-que-le-dio-cerveza-a-su-hijo-a-los-14-anos\\\/#article\",\"isPartOf\":{\"@id\":\"https:\\\/\\\/lagnoticias.com\\\/2025\\\/09\\\/08\\\/el-comediante-franco-escamilla-genera-polemica-al-revelar-que-le-dio-cerveza-a-su-hijo-a-los-14-anos\\\/\"},\"author\":{\"name\":\"Oscar\",\"@id\":\"https:\\\/\\\/lagnoticias.com\\\/#\\\/schema\\\/person\\\/cb9bfe13f8de05d2c55270be25c6a550\"},\"headline\":\"El comediante Franco Escamilla genera pol\u00e9mica al revelar que le dio cerveza a su hijo a los 14 a\u00f1os\",\"datePublished\":\"2025-09-08T17:19:42+00:00\",\"dateModified\":\"2025-09-08T17:19:44+00:00\",\"mainEntityOfPage\":{\"@id\":\"https:\\\/\\\/lagnoticias.com\\\/2025\\\/09\\\/08\\\/el-comediante-franco-escamilla-genera-polemica-al-revelar-que-le-dio-cerveza-a-su-hijo-a-los-14-anos\\\/\"},\"wordCount\":737,\"commentCount\":0,\"image\":{\"@id\":\"https:\\\/\\\/lagnoticias.com\\\/2025\\\/09\\\/08\\\/el-comediante-franco-escamilla-genera-polemica-al-revelar-que-le-dio-cerveza-a-su-hijo-a-los-14-anos\\\/#primaryimage\"},\"thumbnailUrl\":\"https:\\\/\\\/lagnoticias.com\\\/wp-content\\\/uploads\\\/2025\\\/09\\\/95.jpg\",\"keywords\":[\"COMEDIANTE\",\"FRANCO ESCAMILLA\",\"HUMORISTA\",\"M\u00c9XICO\"],\"articleSection\":[\"ENTRETENIMIENTO\"],\"inLanguage\":\"en-US\",\"potentialAction\":[{\"@type\":\"CommentAction\",\"name\":\"Comment\",\"target\":[\"https:\\\/\\\/lagnoticias.com\\\/2025\\\/09\\\/08\\\/el-comediante-franco-escamilla-genera-polemica-al-revelar-que-le-dio-cerveza-a-su-hijo-a-los-14-anos\\\/#respond\"]}]},{\"@type\":\"WebPage\",\"@id\":\"https:\\\/\\\/lagnoticias.com\\\/2025\\\/09\\\/08\\\/el-comediante-franco-escamilla-genera-polemica-al-revelar-que-le-dio-cerveza-a-su-hijo-a-los-14-anos\\\/\",\"url\":\"https:\\\/\\\/lagnoticias.com\\\/2025\\\/09\\\/08\\\/el-comediante-franco-escamilla-genera-polemica-al-revelar-que-le-dio-cerveza-a-su-hijo-a-los-14-anos\\\/\",\"name\":\"El comediante Franco Escamilla genera pol\u00e9mica al revelar que le dio cerveza a su hijo a los 14 a\u00f1os - La G Noticias\",\"isPartOf\":{\"@id\":\"https:\\\/\\\/lagnoticias.com\\\/#website\"},\"primaryImageOfPage\":{\"@id\":\"https:\\\/\\\/lagnoticias.com\\\/2025\\\/09\\\/08\\\/el-comediante-franco-escamilla-genera-polemica-al-revelar-que-le-dio-cerveza-a-su-hijo-a-los-14-anos\\\/#primaryimage\"},\"image\":{\"@id\":\"https:\\\/\\\/lagnoticias.com\\\/2025\\\/09\\\/08\\\/el-comediante-franco-escamilla-genera-polemica-al-revelar-que-le-dio-cerveza-a-su-hijo-a-los-14-anos\\\/#primaryimage\"},\"thumbnailUrl\":\"https:\\\/\\\/lagnoticias.com\\\/wp-content\\\/uploads\\\/2025\\\/09\\\/95.jpg\",\"datePublished\":\"2025-09-08T17:19:42+00:00\",\"dateModified\":\"2025-09-08T17:19:44+00:00\",\"author\":{\"@id\":\"https:\\\/\\\/lagnoticias.com\\\/#\\\/schema\\\/person\\\/cb9bfe13f8de05d2c55270be25c6a550\"},\"breadcrumb\":{\"@id\":\"https:\\\/\\\/lagnoticias.com\\\/2025\\\/09\\\/08\\\/el-comediante-franco-escamilla-genera-polemica-al-revelar-que-le-dio-cerveza-a-su-hijo-a-los-14-anos\\\/#breadcrumb\"},\"inLanguage\":\"en-US\",\"potentialAction\":[{\"@type\":\"ReadAction\",\"target\":[\"https:\\\/\\\/lagnoticias.com\\\/2025\\\/09\\\/08\\\/el-comediante-franco-escamilla-genera-polemica-al-revelar-que-le-dio-cerveza-a-su-hijo-a-los-14-anos\\\/\"]}]},{\"@type\":\"ImageObject\",\"inLanguage\":\"en-US\",\"@id\":\"https:\\\/\\\/lagnoticias.com\\\/2025\\\/09\\\/08\\\/el-comediante-franco-escamilla-genera-polemica-al-revelar-que-le-dio-cerveza-a-su-hijo-a-los-14-anos\\\/#primaryimage\",\"url\":\"https:\\\/\\\/lagnoticias.com\\\/wp-content\\\/uploads\\\/2025\\\/09\\\/95.jpg\",\"contentUrl\":\"https:\\\/\\\/lagnoticias.com\\\/wp-content\\\/uploads\\\/2025\\\/09\\\/95.jpg\",\"width\":1811,\"height\":1034},{\"@type\":\"BreadcrumbList\",\"@id\":\"https:\\\/\\\/lagnoticias.com\\\/2025\\\/09\\\/08\\\/el-comediante-franco-escamilla-genera-polemica-al-revelar-que-le-dio-cerveza-a-su-hijo-a-los-14-anos\\\/#breadcrumb\",\"itemListElement\":[{\"@type\":\"ListItem\",\"position\":1,\"name\":\"Portada\",\"item\":\"https:\\\/\\\/lagnoticias.com\\\/\"},{\"@type\":\"ListItem\",\"position\":2,\"name\":\"El comediante Franco Escamilla genera pol\u00e9mica al revelar que le dio cerveza a su hijo a los 14 a\u00f1os\"}]},{\"@type\":\"WebSite\",\"@id\":\"https:\\\/\\\/lagnoticias.com\\\/#website\",\"url\":\"https:\\\/\\\/lagnoticias.com\\\/\",\"name\":\"La G Noticias\",\"description\":\"Noticias Positivas\",\"potentialAction\":[{\"@type\":\"SearchAction\",\"target\":{\"@type\":\"EntryPoint\",\"urlTemplate\":\"https:\\\/\\\/lagnoticias.com\\\/?s={search_term_string}\"},\"query-input\":{\"@type\":\"PropertyValueSpecification\",\"valueRequired\":true,\"valueName\":\"search_term_string\"}}],\"inLanguage\":\"en-US\"},{\"@type\":\"Person\",\"@id\":\"https:\\\/\\\/lagnoticias.com\\\/#\\\/schema\\\/person\\\/cb9bfe13f8de05d2c55270be25c6a550\",\"name\":\"Oscar\",\"image\":{\"@type\":\"ImageObject\",\"inLanguage\":\"en-US\",\"@id\":\"https:\\\/\\\/secure.gravatar.com\\\/avatar\\\/45c195718f652dc7ffdd591dc1f2678956ab7fdadcd359a635edc61304a8c757?s=96&d=mm&r=g\",\"url\":\"https:\\\/\\\/secure.gravatar.com\\\/avatar\\\/45c195718f652dc7ffdd591dc1f2678956ab7fdadcd359a635edc61304a8c757?s=96&d=mm&r=g\",\"contentUrl\":\"https:\\\/\\\/secure.gravatar.com\\\/avatar\\\/45c195718f652dc7ffdd591dc1f2678956ab7fdadcd359a635edc61304a8c757?s=96&d=mm&r=g\",\"caption\":\"Oscar\"},\"url\":\"https:\\\/\\\/lagnoticias.com\\\/en\\\/author\\\/oscar\\\/\"}]}<\/script>\n<!-- \/ Yoast SEO plugin. -->","yoast_head_json":{"title":"El comediante Franco Escamilla genera pol\u00e9mica al revelar que le dio cerveza a su hijo a los 14 a\u00f1os - La G Noticias","robots":{"index":"index","follow":"follow","max-snippet":"max-snippet:-1","max-image-preview":"max-image-preview:large","max-video-preview":"max-video-preview:-1"},"canonical":"https:\/\/lagnoticias.com\/en\/2025\/09\/08\/el-comediante-franco-escamilla-genera-polemica-al-revelar-que-le-dio-cerveza-a-su-hijo-a-los-14-anos\/","og_locale":"en_US","og_type":"article","og_title":"El comediante Franco Escamilla genera pol\u00e9mica al revelar que le dio cerveza a su hijo a los 14 a\u00f1os - La G Noticias","og_description":"El comediante comparti\u00f3 que invit\u00f3 una bebida alcoh\u00f3lica a su hijo de 14 a\u00f1os durante un show en Estados Unidos.","og_url":"https:\/\/lagnoticias.com\/en\/2025\/09\/08\/el-comediante-franco-escamilla-genera-polemica-al-revelar-que-le-dio-cerveza-a-su-hijo-a-los-14-anos\/","og_site_name":"La G Noticias","article_publisher":"https:\/\/www.facebook.com\/LaGNoticias","article_published_time":"2025-09-08T17:19:42+00:00","article_modified_time":"2025-09-08T17:19:44+00:00","og_image":[{"width":1811,"height":1034,"url":"https:\/\/lagnoticias.com\/wp-content\/uploads\/2025\/09\/95.jpg","type":"image\/jpeg"}],"author":"Oscar","twitter_card":"summary_large_image","twitter_creator":"@lagnoticias","twitter_site":"@lagnoticias","twitter_misc":{"Written by":"Oscar","Est. reading time":"4 minutes"},"schema":{"@context":"https:\/\/schema.org","@graph":[{"@type":"Article","@id":"https:\/\/lagnoticias.com\/2025\/09\/08\/el-comediante-franco-escamilla-genera-polemica-al-revelar-que-le-dio-cerveza-a-su-hijo-a-los-14-anos\/#article","isPartOf":{"@id":"https:\/\/lagnoticias.com\/2025\/09\/08\/el-comediante-franco-escamilla-genera-polemica-al-revelar-que-le-dio-cerveza-a-su-hijo-a-los-14-anos\/"},"author":{"name":"Oscar","@id":"https:\/\/lagnoticias.com\/#\/schema\/person\/cb9bfe13f8de05d2c55270be25c6a550"},"headline":"El comediante Franco Escamilla genera pol\u00e9mica al revelar que le dio cerveza a su hijo a los 14 a\u00f1os","datePublished":"2025-09-08T17:19:42+00:00","dateModified":"2025-09-08T17:19:44+00:00","mainEntityOfPage":{"@id":"https:\/\/lagnoticias.com\/2025\/09\/08\/el-comediante-franco-escamilla-genera-polemica-al-revelar-que-le-dio-cerveza-a-su-hijo-a-los-14-anos\/"},"wordCount":737,"commentCount":0,"image":{"@id":"https:\/\/lagnoticias.com\/2025\/09\/08\/el-comediante-franco-escamilla-genera-polemica-al-revelar-que-le-dio-cerveza-a-su-hijo-a-los-14-anos\/#primaryimage"},"thumbnailUrl":"https:\/\/lagnoticias.com\/wp-content\/uploads\/2025\/09\/95.jpg","keywords":["COMEDIANTE","FRANCO ESCAMILLA","HUMORISTA","M\u00c9XICO"],"articleSection":["ENTRETENIMIENTO"],"inLanguage":"en-US","potentialAction":[{"@type":"CommentAction","name":"Comment","target":["https:\/\/lagnoticias.com\/2025\/09\/08\/el-comediante-franco-escamilla-genera-polemica-al-revelar-que-le-dio-cerveza-a-su-hijo-a-los-14-anos\/#respond"]}]},{"@type":"WebPage","@id":"https:\/\/lagnoticias.com\/2025\/09\/08\/el-comediante-franco-escamilla-genera-polemica-al-revelar-que-le-dio-cerveza-a-su-hijo-a-los-14-anos\/","url":"https:\/\/lagnoticias.com\/2025\/09\/08\/el-comediante-franco-escamilla-genera-polemica-al-revelar-que-le-dio-cerveza-a-su-hijo-a-los-14-anos\/","name":"El comediante Franco Escamilla genera pol\u00e9mica al revelar que le dio cerveza a su hijo a los 14 a\u00f1os - La G Noticias","isPartOf":{"@id":"https:\/\/lagnoticias.com\/#website"},"primaryImageOfPage":{"@id":"https:\/\/lagnoticias.com\/2025\/09\/08\/el-comediante-franco-escamilla-genera-polemica-al-revelar-que-le-dio-cerveza-a-su-hijo-a-los-14-anos\/#primaryimage"},"image":{"@id":"https:\/\/lagnoticias.com\/2025\/09\/08\/el-comediante-franco-escamilla-genera-polemica-al-revelar-que-le-dio-cerveza-a-su-hijo-a-los-14-anos\/#primaryimage"},"thumbnailUrl":"https:\/\/lagnoticias.com\/wp-content\/uploads\/2025\/09\/95.jpg","datePublished":"2025-09-08T17:19:42+00:00","dateModified":"2025-09-08T17:19:44+00:00","author":{"@id":"https:\/\/lagnoticias.com\/#\/schema\/person\/cb9bfe13f8de05d2c55270be25c6a550"},"breadcrumb":{"@id":"https:\/\/lagnoticias.com\/2025\/09\/08\/el-comediante-franco-escamilla-genera-polemica-al-revelar-que-le-dio-cerveza-a-su-hijo-a-los-14-anos\/#breadcrumb"},"inLanguage":"en-US","potentialAction":[{"@type":"ReadAction","target":["https:\/\/lagnoticias.com\/2025\/09\/08\/el-comediante-franco-escamilla-genera-polemica-al-revelar-que-le-dio-cerveza-a-su-hijo-a-los-14-anos\/"]}]},{"@type":"ImageObject","inLanguage":"en-US","@id":"https:\/\/lagnoticias.com\/2025\/09\/08\/el-comediante-franco-escamilla-genera-polemica-al-revelar-que-le-dio-cerveza-a-su-hijo-a-los-14-anos\/#primaryimage","url":"https:\/\/lagnoticias.com\/wp-content\/uploads\/2025\/09\/95.jpg","contentUrl":"https:\/\/lagnoticias.com\/wp-content\/uploads\/2025\/09\/95.jpg","width":1811,"height":1034},{"@type":"BreadcrumbList","@id":"https:\/\/lagnoticias.com\/2025\/09\/08\/el-comediante-franco-escamilla-genera-polemica-al-revelar-que-le-dio-cerveza-a-su-hijo-a-los-14-anos\/#breadcrumb","itemListElement":[{"@type":"ListItem","position":1,"name":"Portada","item":"https:\/\/lagnoticias.com\/"},{"@type":"ListItem","position":2,"name":"El comediante Franco Escamilla genera pol\u00e9mica al revelar que le dio cerveza a su hijo a los 14 a\u00f1os"}]},{"@type":"WebSite","@id":"https:\/\/lagnoticias.com\/#website","url":"https:\/\/lagnoticias.com\/","name":"La G Noticias","description":"Noticias Positivas","potentialAction":[{"@type":"SearchAction","target":{"@type":"EntryPoint","urlTemplate":"https:\/\/lagnoticias.com\/?s={search_term_string}"},"query-input":{"@type":"PropertyValueSpecification","valueRequired":true,"valueName":"search_term_string"}}],"inLanguage":"en-US"},{"@type":"Person","@id":"https:\/\/lagnoticias.com\/#\/schema\/person\/cb9bfe13f8de05d2c55270be25c6a550","name":"Oscar","image":{"@type":"ImageObject","inLanguage":"en-US","@id":"https:\/\/secure.gravatar.com\/avatar\/45c195718f652dc7ffdd591dc1f2678956ab7fdadcd359a635edc61304a8c757?s=96&d=mm&r=g","url":"https:\/\/secure.gravatar.com\/avatar\/45c195718f652dc7ffdd591dc1f2678956ab7fdadcd359a635edc61304a8c757?s=96&d=mm&r=g","contentUrl":"https:\/\/secure.gravatar.com\/avatar\/45c195718f652dc7ffdd591dc1f2678956ab7fdadcd359a635edc61304a8c757?s=96&d=mm&r=g","caption":"Oscar"},"url":"https:\/\/lagnoticias.com\/en\/author\/oscar\/"}]}},"_links":{"self":[{"href":"https:\/\/lagnoticias.com\/en\/wp-json\/wp\/v2\/posts\/4786","targetHints":{"allow":["GET"]}}],"collection":[{"href":"https:\/\/lagnoticias.com\/en\/wp-json\/wp\/v2\/posts"}],"about":[{"href":"https:\/\/lagnoticias.com\/en\/wp-json\/wp\/v2\/types\/post"}],"author":[{"embeddable":true,"href":"https:\/\/lagnoticias.com\/en\/wp-json\/wp\/v2\/users\/2"}],"replies":[{"embeddable":true,"href":"https:\/\/lagnoticias.com\/en\/wp-json\/wp\/v2\/comments?post=4786"}],"version-history":[{"count":1,"href":"https:\/\/lagnoticias.com\/en\/wp-json\/wp\/v2\/posts\/4786\/revisions"}],"predecessor-version":[{"id":4788,"href":"https:\/\/lagnoticias.com\/en\/wp-json\/wp\/v2\/posts\/4786\/revisions\/4788"}],"wp:featuredmedia":[{"embeddable":true,"href":"https:\/\/lagnoticias.com\/en\/wp-json\/wp\/v2\/media\/4787"}],"wp:attachment":[{"href":"https:\/\/lagnoticias.com\/en\/wp-json\/wp\/v2\/media?parent=4786"}],"wp:term":[{"taxonomy":"category","embeddable":true,"href":"https:\/\/lagnoticias.com\/en\/wp-json\/wp\/v2\/categories?post=4786"},{"taxonomy":"post_tag","embeddable":true,"href":"https:\/\/lagnoticias.com\/en\/wp-json\/wp\/v2\/tags?post=4786"}],"curies":[{"name":"wp","href":"https:\/\/api.w.org\/{rel}","templated":true}]}}