{"id":4783,"date":"2025-09-08T10:55:54","date_gmt":"2025-09-08T16:55:54","guid":{"rendered":"https:\/\/lagnoticias.com\/?p=4783"},"modified":"2025-09-08T10:55:55","modified_gmt":"2025-09-08T16:55:55","slug":"rumbo-al-mundial-panama-enfrenta-a-guatemala-y-el-salvador-se-mide-ante-surinam","status":"publish","type":"post","link":"https:\/\/lagnoticias.com\/en\/2025\/09\/08\/rumbo-al-mundial-panama-enfrenta-a-guatemala-y-el-salvador-se-mide-ante-surinam\/","title":{"rendered":"Rumbo al Mundial: Panam\u00e1 enfrenta a Guatemala y El Salvador se mide ante Surinam"},"content":{"rendered":"<p>La ronda final de las eliminatorias de Concacaf rumbo al Mundial 2026 contin\u00faa este lunes con dos duelos de gran expectativa en el Grupo A.&nbsp;Panam\u00e1 jugar\u00e1 en casa frente a Guatemala en el Estadio Rommel Fern\u00e1ndez de Ciudad de Panam\u00e1, mientras que El Salvador recibir\u00e1 a Surinam en el Estadio Cuscatl\u00e1n de San Salvador.<\/p>\n\n\n\n<p>Los canaleros debutan como locales tras empatar 0-0 en su visita a Surinam. El equipo dirigido por Thomas Christiansen llega con confianza, respaldado por un s\u00f3lido registro de 11 victorias en sus \u00faltimos 14 partidos oficiales. En tanto,&nbsp;Guatemala buscar\u00e1 recuperarse de la derrota sufrida en casa por 1-0 frente a El Salvador.<\/p>\n\n\n\n<p>Este ser\u00e1 el s\u00e9ptimo enfrentamiento entre Panam\u00e1 y Guatemala en eliminatorias mundialistas de Concacaf. Los chapines llegan con ventaja hist\u00f3rica en esta fase, con cinco triunfos y un empate. Sin embargo, en el balance general de duelos, Panam\u00e1 lidera con 18 victorias frente a 13 de Guatemala y 13 empates.<\/p>\n\n\n\n<p>Por su parte, la Selecta salvadore\u00f1a llega motivada tras vencer 1-0 a Guatemala como visitante, gracias al gol de Harold Osorio en el minuto 79.&nbsp;El triunfo signific\u00f3 un arranque positivo para el conjunto dirigido por Hern\u00e1n Dar\u00edo G\u00f3mez, que ahora buscar\u00e1 aprovechar la local\u00eda en el Cuscatl\u00e1n.<\/p>\n\n\n\n<p>Surinam, que empat\u00f3 sin goles frente a Panam\u00e1 en su estreno, conf\u00eda en repetir su solidez defensiva tras la destacada actuaci\u00f3n del portero Etienne Vaessen, quien fue clave para asegurar un punto.<\/p>\n\n\n\n<p>Ser\u00e1 el und\u00e9cimo partido oficial entre El Salvador y Surinam, con balance favorable para la Selecta: ocho victorias, un empate y una derrota. La \u00faltima vez que se enfrentaron fue el pasado 10 de junio de 2025, en la ronda preliminar de estas eliminatorias, con empate 1-1 en San Salvador, donde anotaron Brayan Gil por El Salvador y Justin Lonwijk por Surinam.<\/p>\n\n\n\n<p>La \u00fanica vez que se midieron en una ronda final fue en 1977, cuando El Salvador gan\u00f3 3-2 con gol del hist\u00f3rico Jorge \u201cM\u00e1gico\u201d Gonz\u00e1lez. Desde 1968, Surinam no vence a los salvadore\u00f1os; en total acumula siete derrotas y un empate en sus \u00faltimos ocho duelos.<\/p>\n\n\n\n<p>Con este panorama, la jornada promete emociones fuertes en el camino de Centroam\u00e9rica hacia la Copa Mundial de la FIFA 2026.<\/p>\n\n\n\n<p><\/p>\n\n\n\n<p><\/p>\n\n\n\n<p><\/p>\n\n\n\n<p><\/p>\n\n\n\n<p>(CA 360)<\/p>","protected":false},"excerpt":{"rendered":"<p>La tercera jornada del Octogonal Final de las eliminatorias Concacaf rumbo al Mundial 2026 tendr\u00e1 duelos clave este lunes.<\/p>","protected":false},"author":2,"featured_media":4784,"comment_status":"open","ping_status":"open","sticky":false,"template":"","format":"standard","meta":{"_et_pb_use_builder":"off","_et_pb_old_content":"","_et_gb_content_width":"","footnotes":""},"categories":[248],"tags":[267,286,536,802,814,780],"class_list":["post-4783","post","type-post","status-publish","format-standard","has-post-thumbnail","hentry","category-deportes","tag-el-salvador","tag-futbol","tag-guatemala","tag-mundial-de-futbol-2026","tag-panama","tag-surinam"],"yoast_head":"<!-- This site is optimized with the Yoast SEO plugin v27.4 - https:\/\/yoast.com\/product\/yoast-seo-wordpress\/ -->\n<title>Rumbo al Mundial: Panam\u00e1 enfrenta a Guatemala y El Salvador se mide ante Surinam - La G Noticias<\/title>\n<meta name=\"robots\" content=\"index, follow, max-snippet:-1, max-image-preview:large, max-video-preview:-1\" \/>\n<link rel=\"canonical\" href=\"https:\/\/lagnoticias.com\/en\/2025\/09\/08\/rumbo-al-mundial-panama-enfrenta-a-guatemala-y-el-salvador-se-mide-ante-surinam\/\" \/>\n<meta property=\"og:locale\" content=\"en_US\" \/>\n<meta property=\"og:type\" content=\"article\" \/>\n<meta property=\"og:title\" content=\"Rumbo al Mundial: Panam\u00e1 enfrenta a Guatemala y El Salvador se mide ante Surinam - La G Noticias\" \/>\n<meta property=\"og:description\" content=\"La tercera jornada del Octogonal Final de las eliminatorias Concacaf rumbo al Mundial 2026 tendr\u00e1 duelos clave este lunes.\" \/>\n<meta property=\"og:url\" content=\"https:\/\/lagnoticias.com\/en\/2025\/09\/08\/rumbo-al-mundial-panama-enfrenta-a-guatemala-y-el-salvador-se-mide-ante-surinam\/\" \/>\n<meta property=\"og:site_name\" content=\"La G Noticias\" \/>\n<meta property=\"article:publisher\" content=\"https:\/\/www.facebook.com\/LaGNoticias\" \/>\n<meta property=\"article:published_time\" content=\"2025-09-08T16:55:54+00:00\" \/>\n<meta property=\"article:modified_time\" content=\"2025-09-08T16:55:55+00:00\" \/>\n<meta property=\"og:image\" content=\"https:\/\/lagnoticias.com\/wp-content\/uploads\/2025\/09\/9-4.jpg\" \/>\n\t<meta property=\"og:image:width\" content=\"1480\" \/>\n\t<meta property=\"og:image:height\" content=\"833\" \/>\n\t<meta property=\"og:image:type\" content=\"image\/jpeg\" \/>\n<meta name=\"author\" content=\"Oscar\" \/>\n<meta name=\"twitter:card\" content=\"summary_large_image\" \/>\n<meta name=\"twitter:creator\" content=\"@lagnoticias\" \/>\n<meta name=\"twitter:site\" content=\"@lagnoticias\" \/>\n<meta name=\"twitter:label1\" content=\"Written by\" \/>\n\t<meta name=\"twitter:data1\" content=\"Oscar\" \/>\n\t<meta name=\"twitter:label2\" content=\"Est. reading time\" \/>\n\t<meta name=\"twitter:data2\" content=\"2 minutes\" \/>\n<script type=\"application\/ld+json\" class=\"yoast-schema-graph\">{\"@context\":\"https:\\\/\\\/schema.org\",\"@graph\":[{\"@type\":\"Article\",\"@id\":\"https:\\\/\\\/lagnoticias.com\\\/2025\\\/09\\\/08\\\/rumbo-al-mundial-panama-enfrenta-a-guatemala-y-el-salvador-se-mide-ante-surinam\\\/#article\",\"isPartOf\":{\"@id\":\"https:\\\/\\\/lagnoticias.com\\\/2025\\\/09\\\/08\\\/rumbo-al-mundial-panama-enfrenta-a-guatemala-y-el-salvador-se-mide-ante-surinam\\\/\"},\"author\":{\"name\":\"Oscar\",\"@id\":\"https:\\\/\\\/lagnoticias.com\\\/#\\\/schema\\\/person\\\/cb9bfe13f8de05d2c55270be25c6a550\"},\"headline\":\"Rumbo al Mundial: Panam\u00e1 enfrenta a Guatemala y El Salvador se mide ante Surinam\",\"datePublished\":\"2025-09-08T16:55:54+00:00\",\"dateModified\":\"2025-09-08T16:55:55+00:00\",\"mainEntityOfPage\":{\"@id\":\"https:\\\/\\\/lagnoticias.com\\\/2025\\\/09\\\/08\\\/rumbo-al-mundial-panama-enfrenta-a-guatemala-y-el-salvador-se-mide-ante-surinam\\\/\"},\"wordCount\":393,\"commentCount\":0,\"image\":{\"@id\":\"https:\\\/\\\/lagnoticias.com\\\/2025\\\/09\\\/08\\\/rumbo-al-mundial-panama-enfrenta-a-guatemala-y-el-salvador-se-mide-ante-surinam\\\/#primaryimage\"},\"thumbnailUrl\":\"https:\\\/\\\/lagnoticias.com\\\/wp-content\\\/uploads\\\/2025\\\/09\\\/9-4.jpg\",\"keywords\":[\"EL SALVADOR\",\"F\u00daTBOL\",\"GUATEMALA\",\"MUNDIAL DE F\u00daTBOL 2026\",\"PANAM\u00c1\",\"SURINAM\"],\"articleSection\":[\"DEPORTES\"],\"inLanguage\":\"en-US\",\"potentialAction\":[{\"@type\":\"CommentAction\",\"name\":\"Comment\",\"target\":[\"https:\\\/\\\/lagnoticias.com\\\/2025\\\/09\\\/08\\\/rumbo-al-mundial-panama-enfrenta-a-guatemala-y-el-salvador-se-mide-ante-surinam\\\/#respond\"]}]},{\"@type\":\"WebPage\",\"@id\":\"https:\\\/\\\/lagnoticias.com\\\/2025\\\/09\\\/08\\\/rumbo-al-mundial-panama-enfrenta-a-guatemala-y-el-salvador-se-mide-ante-surinam\\\/\",\"url\":\"https:\\\/\\\/lagnoticias.com\\\/2025\\\/09\\\/08\\\/rumbo-al-mundial-panama-enfrenta-a-guatemala-y-el-salvador-se-mide-ante-surinam\\\/\",\"name\":\"Rumbo al Mundial: Panam\u00e1 enfrenta a Guatemala y El Salvador se mide ante Surinam - La G Noticias\",\"isPartOf\":{\"@id\":\"https:\\\/\\\/lagnoticias.com\\\/#website\"},\"primaryImageOfPage\":{\"@id\":\"https:\\\/\\\/lagnoticias.com\\\/2025\\\/09\\\/08\\\/rumbo-al-mundial-panama-enfrenta-a-guatemala-y-el-salvador-se-mide-ante-surinam\\\/#primaryimage\"},\"image\":{\"@id\":\"https:\\\/\\\/lagnoticias.com\\\/2025\\\/09\\\/08\\\/rumbo-al-mundial-panama-enfrenta-a-guatemala-y-el-salvador-se-mide-ante-surinam\\\/#primaryimage\"},\"thumbnailUrl\":\"https:\\\/\\\/lagnoticias.com\\\/wp-content\\\/uploads\\\/2025\\\/09\\\/9-4.jpg\",\"datePublished\":\"2025-09-08T16:55:54+00:00\",\"dateModified\":\"2025-09-08T16:55:55+00:00\",\"author\":{\"@id\":\"https:\\\/\\\/lagnoticias.com\\\/#\\\/schema\\\/person\\\/cb9bfe13f8de05d2c55270be25c6a550\"},\"breadcrumb\":{\"@id\":\"https:\\\/\\\/lagnoticias.com\\\/2025\\\/09\\\/08\\\/rumbo-al-mundial-panama-enfrenta-a-guatemala-y-el-salvador-se-mide-ante-surinam\\\/#breadcrumb\"},\"inLanguage\":\"en-US\",\"potentialAction\":[{\"@type\":\"ReadAction\",\"target\":[\"https:\\\/\\\/lagnoticias.com\\\/2025\\\/09\\\/08\\\/rumbo-al-mundial-panama-enfrenta-a-guatemala-y-el-salvador-se-mide-ante-surinam\\\/\"]}]},{\"@type\":\"ImageObject\",\"inLanguage\":\"en-US\",\"@id\":\"https:\\\/\\\/lagnoticias.com\\\/2025\\\/09\\\/08\\\/rumbo-al-mundial-panama-enfrenta-a-guatemala-y-el-salvador-se-mide-ante-surinam\\\/#primaryimage\",\"url\":\"https:\\\/\\\/lagnoticias.com\\\/wp-content\\\/uploads\\\/2025\\\/09\\\/9-4.jpg\",\"contentUrl\":\"https:\\\/\\\/lagnoticias.com\\\/wp-content\\\/uploads\\\/2025\\\/09\\\/9-4.jpg\",\"width\":1480,\"height\":833},{\"@type\":\"BreadcrumbList\",\"@id\":\"https:\\\/\\\/lagnoticias.com\\\/2025\\\/09\\\/08\\\/rumbo-al-mundial-panama-enfrenta-a-guatemala-y-el-salvador-se-mide-ante-surinam\\\/#breadcrumb\",\"itemListElement\":[{\"@type\":\"ListItem\",\"position\":1,\"name\":\"Portada\",\"item\":\"https:\\\/\\\/lagnoticias.com\\\/\"},{\"@type\":\"ListItem\",\"position\":2,\"name\":\"Rumbo al Mundial: Panam\u00e1 enfrenta a Guatemala y El Salvador se mide ante Surinam\"}]},{\"@type\":\"WebSite\",\"@id\":\"https:\\\/\\\/lagnoticias.com\\\/#website\",\"url\":\"https:\\\/\\\/lagnoticias.com\\\/\",\"name\":\"La G Noticias\",\"description\":\"Noticias Positivas\",\"potentialAction\":[{\"@type\":\"SearchAction\",\"target\":{\"@type\":\"EntryPoint\",\"urlTemplate\":\"https:\\\/\\\/lagnoticias.com\\\/?s={search_term_string}\"},\"query-input\":{\"@type\":\"PropertyValueSpecification\",\"valueRequired\":true,\"valueName\":\"search_term_string\"}}],\"inLanguage\":\"en-US\"},{\"@type\":\"Person\",\"@id\":\"https:\\\/\\\/lagnoticias.com\\\/#\\\/schema\\\/person\\\/cb9bfe13f8de05d2c55270be25c6a550\",\"name\":\"Oscar\",\"image\":{\"@type\":\"ImageObject\",\"inLanguage\":\"en-US\",\"@id\":\"https:\\\/\\\/secure.gravatar.com\\\/avatar\\\/45c195718f652dc7ffdd591dc1f2678956ab7fdadcd359a635edc61304a8c757?s=96&d=mm&r=g\",\"url\":\"https:\\\/\\\/secure.gravatar.com\\\/avatar\\\/45c195718f652dc7ffdd591dc1f2678956ab7fdadcd359a635edc61304a8c757?s=96&d=mm&r=g\",\"contentUrl\":\"https:\\\/\\\/secure.gravatar.com\\\/avatar\\\/45c195718f652dc7ffdd591dc1f2678956ab7fdadcd359a635edc61304a8c757?s=96&d=mm&r=g\",\"caption\":\"Oscar\"},\"url\":\"https:\\\/\\\/lagnoticias.com\\\/en\\\/author\\\/oscar\\\/\"}]}<\/script>\n<!-- \/ Yoast SEO plugin. -->","yoast_head_json":{"title":"Rumbo al Mundial: Panam\u00e1 enfrenta a Guatemala y El Salvador se mide ante Surinam - La G Noticias","robots":{"index":"index","follow":"follow","max-snippet":"max-snippet:-1","max-image-preview":"max-image-preview:large","max-video-preview":"max-video-preview:-1"},"canonical":"https:\/\/lagnoticias.com\/en\/2025\/09\/08\/rumbo-al-mundial-panama-enfrenta-a-guatemala-y-el-salvador-se-mide-ante-surinam\/","og_locale":"en_US","og_type":"article","og_title":"Rumbo al Mundial: Panam\u00e1 enfrenta a Guatemala y El Salvador se mide ante Surinam - La G Noticias","og_description":"La tercera jornada del Octogonal Final de las eliminatorias Concacaf rumbo al Mundial 2026 tendr\u00e1 duelos clave este lunes.","og_url":"https:\/\/lagnoticias.com\/en\/2025\/09\/08\/rumbo-al-mundial-panama-enfrenta-a-guatemala-y-el-salvador-se-mide-ante-surinam\/","og_site_name":"La G Noticias","article_publisher":"https:\/\/www.facebook.com\/LaGNoticias","article_published_time":"2025-09-08T16:55:54+00:00","article_modified_time":"2025-09-08T16:55:55+00:00","og_image":[{"width":1480,"height":833,"url":"https:\/\/lagnoticias.com\/wp-content\/uploads\/2025\/09\/9-4.jpg","type":"image\/jpeg"}],"author":"Oscar","twitter_card":"summary_large_image","twitter_creator":"@lagnoticias","twitter_site":"@lagnoticias","twitter_misc":{"Written by":"Oscar","Est. reading time":"2 minutes"},"schema":{"@context":"https:\/\/schema.org","@graph":[{"@type":"Article","@id":"https:\/\/lagnoticias.com\/2025\/09\/08\/rumbo-al-mundial-panama-enfrenta-a-guatemala-y-el-salvador-se-mide-ante-surinam\/#article","isPartOf":{"@id":"https:\/\/lagnoticias.com\/2025\/09\/08\/rumbo-al-mundial-panama-enfrenta-a-guatemala-y-el-salvador-se-mide-ante-surinam\/"},"author":{"name":"Oscar","@id":"https:\/\/lagnoticias.com\/#\/schema\/person\/cb9bfe13f8de05d2c55270be25c6a550"},"headline":"Rumbo al Mundial: Panam\u00e1 enfrenta a Guatemala y El Salvador se mide ante Surinam","datePublished":"2025-09-08T16:55:54+00:00","dateModified":"2025-09-08T16:55:55+00:00","mainEntityOfPage":{"@id":"https:\/\/lagnoticias.com\/2025\/09\/08\/rumbo-al-mundial-panama-enfrenta-a-guatemala-y-el-salvador-se-mide-ante-surinam\/"},"wordCount":393,"commentCount":0,"image":{"@id":"https:\/\/lagnoticias.com\/2025\/09\/08\/rumbo-al-mundial-panama-enfrenta-a-guatemala-y-el-salvador-se-mide-ante-surinam\/#primaryimage"},"thumbnailUrl":"https:\/\/lagnoticias.com\/wp-content\/uploads\/2025\/09\/9-4.jpg","keywords":["EL SALVADOR","F\u00daTBOL","GUATEMALA","MUNDIAL DE F\u00daTBOL 2026","PANAM\u00c1","SURINAM"],"articleSection":["DEPORTES"],"inLanguage":"en-US","potentialAction":[{"@type":"CommentAction","name":"Comment","target":["https:\/\/lagnoticias.com\/2025\/09\/08\/rumbo-al-mundial-panama-enfrenta-a-guatemala-y-el-salvador-se-mide-ante-surinam\/#respond"]}]},{"@type":"WebPage","@id":"https:\/\/lagnoticias.com\/2025\/09\/08\/rumbo-al-mundial-panama-enfrenta-a-guatemala-y-el-salvador-se-mide-ante-surinam\/","url":"https:\/\/lagnoticias.com\/2025\/09\/08\/rumbo-al-mundial-panama-enfrenta-a-guatemala-y-el-salvador-se-mide-ante-surinam\/","name":"Rumbo al Mundial: Panam\u00e1 enfrenta a Guatemala y El Salvador se mide ante Surinam - La G Noticias","isPartOf":{"@id":"https:\/\/lagnoticias.com\/#website"},"primaryImageOfPage":{"@id":"https:\/\/lagnoticias.com\/2025\/09\/08\/rumbo-al-mundial-panama-enfrenta-a-guatemala-y-el-salvador-se-mide-ante-surinam\/#primaryimage"},"image":{"@id":"https:\/\/lagnoticias.com\/2025\/09\/08\/rumbo-al-mundial-panama-enfrenta-a-guatemala-y-el-salvador-se-mide-ante-surinam\/#primaryimage"},"thumbnailUrl":"https:\/\/lagnoticias.com\/wp-content\/uploads\/2025\/09\/9-4.jpg","datePublished":"2025-09-08T16:55:54+00:00","dateModified":"2025-09-08T16:55:55+00:00","author":{"@id":"https:\/\/lagnoticias.com\/#\/schema\/person\/cb9bfe13f8de05d2c55270be25c6a550"},"breadcrumb":{"@id":"https:\/\/lagnoticias.com\/2025\/09\/08\/rumbo-al-mundial-panama-enfrenta-a-guatemala-y-el-salvador-se-mide-ante-surinam\/#breadcrumb"},"inLanguage":"en-US","potentialAction":[{"@type":"ReadAction","target":["https:\/\/lagnoticias.com\/2025\/09\/08\/rumbo-al-mundial-panama-enfrenta-a-guatemala-y-el-salvador-se-mide-ante-surinam\/"]}]},{"@type":"ImageObject","inLanguage":"en-US","@id":"https:\/\/lagnoticias.com\/2025\/09\/08\/rumbo-al-mundial-panama-enfrenta-a-guatemala-y-el-salvador-se-mide-ante-surinam\/#primaryimage","url":"https:\/\/lagnoticias.com\/wp-content\/uploads\/2025\/09\/9-4.jpg","contentUrl":"https:\/\/lagnoticias.com\/wp-content\/uploads\/2025\/09\/9-4.jpg","width":1480,"height":833},{"@type":"BreadcrumbList","@id":"https:\/\/lagnoticias.com\/2025\/09\/08\/rumbo-al-mundial-panama-enfrenta-a-guatemala-y-el-salvador-se-mide-ante-surinam\/#breadcrumb","itemListElement":[{"@type":"ListItem","position":1,"name":"Portada","item":"https:\/\/lagnoticias.com\/"},{"@type":"ListItem","position":2,"name":"Rumbo al Mundial: Panam\u00e1 enfrenta a Guatemala y El Salvador se mide ante Surinam"}]},{"@type":"WebSite","@id":"https:\/\/lagnoticias.com\/#website","url":"https:\/\/lagnoticias.com\/","name":"La G Noticias","description":"Noticias Positivas","potentialAction":[{"@type":"SearchAction","target":{"@type":"EntryPoint","urlTemplate":"https:\/\/lagnoticias.com\/?s={search_term_string}"},"query-input":{"@type":"PropertyValueSpecification","valueRequired":true,"valueName":"search_term_string"}}],"inLanguage":"en-US"},{"@type":"Person","@id":"https:\/\/lagnoticias.com\/#\/schema\/person\/cb9bfe13f8de05d2c55270be25c6a550","name":"Oscar","image":{"@type":"ImageObject","inLanguage":"en-US","@id":"https:\/\/secure.gravatar.com\/avatar\/45c195718f652dc7ffdd591dc1f2678956ab7fdadcd359a635edc61304a8c757?s=96&d=mm&r=g","url":"https:\/\/secure.gravatar.com\/avatar\/45c195718f652dc7ffdd591dc1f2678956ab7fdadcd359a635edc61304a8c757?s=96&d=mm&r=g","contentUrl":"https:\/\/secure.gravatar.com\/avatar\/45c195718f652dc7ffdd591dc1f2678956ab7fdadcd359a635edc61304a8c757?s=96&d=mm&r=g","caption":"Oscar"},"url":"https:\/\/lagnoticias.com\/en\/author\/oscar\/"}]}},"_links":{"self":[{"href":"https:\/\/lagnoticias.com\/en\/wp-json\/wp\/v2\/posts\/4783","targetHints":{"allow":["GET"]}}],"collection":[{"href":"https:\/\/lagnoticias.com\/en\/wp-json\/wp\/v2\/posts"}],"about":[{"href":"https:\/\/lagnoticias.com\/en\/wp-json\/wp\/v2\/types\/post"}],"author":[{"embeddable":true,"href":"https:\/\/lagnoticias.com\/en\/wp-json\/wp\/v2\/users\/2"}],"replies":[{"embeddable":true,"href":"https:\/\/lagnoticias.com\/en\/wp-json\/wp\/v2\/comments?post=4783"}],"version-history":[{"count":1,"href":"https:\/\/lagnoticias.com\/en\/wp-json\/wp\/v2\/posts\/4783\/revisions"}],"predecessor-version":[{"id":4785,"href":"https:\/\/lagnoticias.com\/en\/wp-json\/wp\/v2\/posts\/4783\/revisions\/4785"}],"wp:featuredmedia":[{"embeddable":true,"href":"https:\/\/lagnoticias.com\/en\/wp-json\/wp\/v2\/media\/4784"}],"wp:attachment":[{"href":"https:\/\/lagnoticias.com\/en\/wp-json\/wp\/v2\/media?parent=4783"}],"wp:term":[{"taxonomy":"category","embeddable":true,"href":"https:\/\/lagnoticias.com\/en\/wp-json\/wp\/v2\/categories?post=4783"},{"taxonomy":"post_tag","embeddable":true,"href":"https:\/\/lagnoticias.com\/en\/wp-json\/wp\/v2\/tags?post=4783"}],"curies":[{"name":"wp","href":"https:\/\/api.w.org\/{rel}","templated":true}]}}