{"id":4780,"date":"2025-09-08T09:04:01","date_gmt":"2025-09-08T15:04:01","guid":{"rendered":"https:\/\/lagnoticias.com\/?p=4780"},"modified":"2025-09-08T09:07:05","modified_gmt":"2025-09-08T15:07:05","slug":"gran-actuacion-salvadorena-en-el-segundo-dia-del-isa-world-surfing-games-en-surf-city","status":"publish","type":"post","link":"https:\/\/lagnoticias.com\/en\/2025\/09\/08\/gran-actuacion-salvadorena-en-el-segundo-dia-del-isa-world-surfing-games-en-surf-city\/","title":{"rendered":"Gran actuaci\u00f3n salvadore\u00f1a en el segundo d\u00eda del ISA World Surfing Games en Surf City"},"content":{"rendered":"<p>El Salvador se posiciona como el epicentro del surf mundial, con la realizaci\u00f3n del Surf City El Salvador ISA World Surfing Games, que ayer en su segundo d\u00eda de competencias cerr\u00f3 con una destacada participaci\u00f3n de la representaci\u00f3n nacional.<\/p>\n\n\n\n<p>El surfista salvadore\u00f1o Bryan P\u00e9rez se posicion\u00f3 en el primer lugar del heat 26, en la primera ronda, con 11.56, dejando atr\u00e1s al argentino Nacho Gundesen, con 11.03, y del canadiense Cody Young, con 7.97.<\/p>\n\n\n\n<p>En su segundo heat, P\u00e9rez logr\u00f3 nuevamente el primer lugar del heat 14, de la segunda ronda, con 11 puntos, muy por arriba del segundo lugar, el estadounidense Luke Guinaldo, con 7.33. P\u00e9rez avanz\u00f3 a la tercera ronda de la competencia, para enfrentarse contra el colombiano Romeo Ch\u00e1vez, el franc\u00e9s Kauli Vaast y Teva Bouchgua, de Marruecos.<\/p>\n\n\n\n<p>Dorothy Moody, atleta nacional, compiti\u00f3 en el heat 31 de la ronda uno, donde logr\u00f3 posicionarse en los tres primeros lugares de la ronda principal, alcanzando un puntaje de 5.73; asimismo, Marvin Rodr\u00edguez, se qued\u00f3 con el tercer lugar del heat nueve, en la segunda ronda; avanzando a la segunda ronda de repechaje. Tambi\u00e9n, el salvadore\u00f1o Daniel Monterrosa y Sophia Ramos avanzaron a la ronda de repechaje al quedar en cuarto lugar en sus respectivos heats.<\/p>\n\n\n\n<p>En la jornada de ayer avanzaron las rondas uno y dos en la categor\u00eda masculina; mientras que en la ronda femenina contin\u00faa en la primera ronda de la competencia; para este lunes 8 de septiembre se ha convocado a las 7:00 a. m. para el tercer d\u00eda de competencias.<\/p>\n\n\n\n<p>Competidores de todo el mundo se han dado cita en La Bocana y El Sunzal, en La Libertad Costa, en el desarrollo del Surf City El Salvador ISA World Surfing Games, que recibe cerca de 300 atletas de 61 delegaciones, consolidando a El Salvador como un destino atractivo para la realizaci\u00f3n de eventos internacionales de gran relevancia.<\/p>","protected":false},"excerpt":{"rendered":"<p>El Salvador se posiciona como el epicentro del surf mundial, con la realizaci\u00f3n del Surf City El Salvador ISA World Surfing Games, que ayer en su segundo d\u00eda de competencias cerr\u00f3 con una destacada participaci\u00f3n de la representaci\u00f3n nacional. El surfista salvadore\u00f1o Bryan P\u00e9rez se posicion\u00f3 en el primer lugar del heat 26, en la [&hellip;]<\/p>","protected":false},"author":2,"featured_media":4782,"comment_status":"open","ping_status":"open","sticky":false,"template":"","format":"standard","meta":{"_et_pb_use_builder":"off","_et_pb_old_content":"","_et_gb_content_width":"","footnotes":""},"categories":[248],"tags":[267,888,887,388],"class_list":["post-4780","post","type-post","status-publish","format-standard","has-post-thumbnail","hentry","category-deportes","tag-el-salvador","tag-isa-world-surfing-games-2025","tag-surf","tag-surf-city"],"yoast_head":"<!-- This site is optimized with the Yoast SEO plugin v27.4 - https:\/\/yoast.com\/product\/yoast-seo-wordpress\/ -->\n<title>Gran actuaci\u00f3n salvadore\u00f1a en el segundo d\u00eda del ISA World Surfing Games en Surf City - La G Noticias<\/title>\n<meta name=\"robots\" content=\"index, follow, max-snippet:-1, max-image-preview:large, max-video-preview:-1\" \/>\n<link rel=\"canonical\" href=\"https:\/\/lagnoticias.com\/en\/2025\/09\/08\/gran-actuacion-salvadorena-en-el-segundo-dia-del-isa-world-surfing-games-en-surf-city\/\" \/>\n<meta property=\"og:locale\" content=\"en_US\" \/>\n<meta property=\"og:type\" content=\"article\" \/>\n<meta property=\"og:title\" content=\"Gran actuaci\u00f3n salvadore\u00f1a en el segundo d\u00eda del ISA World Surfing Games en Surf City - La G Noticias\" \/>\n<meta property=\"og:description\" content=\"El Salvador se posiciona como el epicentro del surf mundial, con la realizaci\u00f3n del Surf City El Salvador ISA World Surfing Games, que ayer en su segundo d\u00eda de competencias cerr\u00f3 con una destacada participaci\u00f3n de la representaci\u00f3n nacional. El surfista salvadore\u00f1o Bryan P\u00e9rez se posicion\u00f3 en el primer lugar del heat 26, en la [&hellip;]\" \/>\n<meta property=\"og:url\" content=\"https:\/\/lagnoticias.com\/en\/2025\/09\/08\/gran-actuacion-salvadorena-en-el-segundo-dia-del-isa-world-surfing-games-en-surf-city\/\" \/>\n<meta property=\"og:site_name\" content=\"La G Noticias\" \/>\n<meta property=\"article:publisher\" content=\"https:\/\/www.facebook.com\/LaGNoticias\" \/>\n<meta property=\"article:published_time\" content=\"2025-09-08T15:04:01+00:00\" \/>\n<meta property=\"article:modified_time\" content=\"2025-09-08T15:07:05+00:00\" \/>\n<meta property=\"og:image\" content=\"https:\/\/lagnoticias.com\/wp-content\/uploads\/2025\/09\/545633540_1141807254790200_1971361893194798490_n.jpg\" \/>\n\t<meta property=\"og:image:width\" content=\"810\" \/>\n\t<meta property=\"og:image:height\" content=\"540\" \/>\n\t<meta property=\"og:image:type\" content=\"image\/jpeg\" \/>\n<meta name=\"author\" content=\"Oscar\" \/>\n<meta name=\"twitter:card\" content=\"summary_large_image\" \/>\n<meta name=\"twitter:creator\" content=\"@lagnoticias\" \/>\n<meta name=\"twitter:site\" content=\"@lagnoticias\" \/>\n<meta name=\"twitter:label1\" content=\"Written by\" \/>\n\t<meta name=\"twitter:data1\" content=\"Oscar\" \/>\n\t<meta name=\"twitter:label2\" content=\"Est. reading time\" \/>\n\t<meta name=\"twitter:data2\" content=\"2 minutes\" \/>\n<script type=\"application\/ld+json\" class=\"yoast-schema-graph\">{\"@context\":\"https:\\\/\\\/schema.org\",\"@graph\":[{\"@type\":\"Article\",\"@id\":\"https:\\\/\\\/lagnoticias.com\\\/2025\\\/09\\\/08\\\/gran-actuacion-salvadorena-en-el-segundo-dia-del-isa-world-surfing-games-en-surf-city\\\/#article\",\"isPartOf\":{\"@id\":\"https:\\\/\\\/lagnoticias.com\\\/2025\\\/09\\\/08\\\/gran-actuacion-salvadorena-en-el-segundo-dia-del-isa-world-surfing-games-en-surf-city\\\/\"},\"author\":{\"name\":\"Oscar\",\"@id\":\"https:\\\/\\\/lagnoticias.com\\\/#\\\/schema\\\/person\\\/cb9bfe13f8de05d2c55270be25c6a550\"},\"headline\":\"Gran actuaci\u00f3n salvadore\u00f1a en el segundo d\u00eda del ISA World Surfing Games en Surf City\",\"datePublished\":\"2025-09-08T15:04:01+00:00\",\"dateModified\":\"2025-09-08T15:07:05+00:00\",\"mainEntityOfPage\":{\"@id\":\"https:\\\/\\\/lagnoticias.com\\\/2025\\\/09\\\/08\\\/gran-actuacion-salvadorena-en-el-segundo-dia-del-isa-world-surfing-games-en-surf-city\\\/\"},\"wordCount\":336,\"commentCount\":0,\"image\":{\"@id\":\"https:\\\/\\\/lagnoticias.com\\\/2025\\\/09\\\/08\\\/gran-actuacion-salvadorena-en-el-segundo-dia-del-isa-world-surfing-games-en-surf-city\\\/#primaryimage\"},\"thumbnailUrl\":\"https:\\\/\\\/lagnoticias.com\\\/wp-content\\\/uploads\\\/2025\\\/09\\\/545633540_1141807254790200_1971361893194798490_n.jpg\",\"keywords\":[\"EL SALVADOR\",\"ISA World Surfing Games 2025\",\"SURF\",\"SURF CITY\"],\"articleSection\":[\"DEPORTES\"],\"inLanguage\":\"en-US\",\"potentialAction\":[{\"@type\":\"CommentAction\",\"name\":\"Comment\",\"target\":[\"https:\\\/\\\/lagnoticias.com\\\/2025\\\/09\\\/08\\\/gran-actuacion-salvadorena-en-el-segundo-dia-del-isa-world-surfing-games-en-surf-city\\\/#respond\"]}]},{\"@type\":\"WebPage\",\"@id\":\"https:\\\/\\\/lagnoticias.com\\\/2025\\\/09\\\/08\\\/gran-actuacion-salvadorena-en-el-segundo-dia-del-isa-world-surfing-games-en-surf-city\\\/\",\"url\":\"https:\\\/\\\/lagnoticias.com\\\/2025\\\/09\\\/08\\\/gran-actuacion-salvadorena-en-el-segundo-dia-del-isa-world-surfing-games-en-surf-city\\\/\",\"name\":\"Gran actuaci\u00f3n salvadore\u00f1a en el segundo d\u00eda del ISA World Surfing Games en Surf City - La G Noticias\",\"isPartOf\":{\"@id\":\"https:\\\/\\\/lagnoticias.com\\\/#website\"},\"primaryImageOfPage\":{\"@id\":\"https:\\\/\\\/lagnoticias.com\\\/2025\\\/09\\\/08\\\/gran-actuacion-salvadorena-en-el-segundo-dia-del-isa-world-surfing-games-en-surf-city\\\/#primaryimage\"},\"image\":{\"@id\":\"https:\\\/\\\/lagnoticias.com\\\/2025\\\/09\\\/08\\\/gran-actuacion-salvadorena-en-el-segundo-dia-del-isa-world-surfing-games-en-surf-city\\\/#primaryimage\"},\"thumbnailUrl\":\"https:\\\/\\\/lagnoticias.com\\\/wp-content\\\/uploads\\\/2025\\\/09\\\/545633540_1141807254790200_1971361893194798490_n.jpg\",\"datePublished\":\"2025-09-08T15:04:01+00:00\",\"dateModified\":\"2025-09-08T15:07:05+00:00\",\"author\":{\"@id\":\"https:\\\/\\\/lagnoticias.com\\\/#\\\/schema\\\/person\\\/cb9bfe13f8de05d2c55270be25c6a550\"},\"breadcrumb\":{\"@id\":\"https:\\\/\\\/lagnoticias.com\\\/2025\\\/09\\\/08\\\/gran-actuacion-salvadorena-en-el-segundo-dia-del-isa-world-surfing-games-en-surf-city\\\/#breadcrumb\"},\"inLanguage\":\"en-US\",\"potentialAction\":[{\"@type\":\"ReadAction\",\"target\":[\"https:\\\/\\\/lagnoticias.com\\\/2025\\\/09\\\/08\\\/gran-actuacion-salvadorena-en-el-segundo-dia-del-isa-world-surfing-games-en-surf-city\\\/\"]}]},{\"@type\":\"ImageObject\",\"inLanguage\":\"en-US\",\"@id\":\"https:\\\/\\\/lagnoticias.com\\\/2025\\\/09\\\/08\\\/gran-actuacion-salvadorena-en-el-segundo-dia-del-isa-world-surfing-games-en-surf-city\\\/#primaryimage\",\"url\":\"https:\\\/\\\/lagnoticias.com\\\/wp-content\\\/uploads\\\/2025\\\/09\\\/545633540_1141807254790200_1971361893194798490_n.jpg\",\"contentUrl\":\"https:\\\/\\\/lagnoticias.com\\\/wp-content\\\/uploads\\\/2025\\\/09\\\/545633540_1141807254790200_1971361893194798490_n.jpg\",\"width\":810,\"height\":540},{\"@type\":\"BreadcrumbList\",\"@id\":\"https:\\\/\\\/lagnoticias.com\\\/2025\\\/09\\\/08\\\/gran-actuacion-salvadorena-en-el-segundo-dia-del-isa-world-surfing-games-en-surf-city\\\/#breadcrumb\",\"itemListElement\":[{\"@type\":\"ListItem\",\"position\":1,\"name\":\"Portada\",\"item\":\"https:\\\/\\\/lagnoticias.com\\\/\"},{\"@type\":\"ListItem\",\"position\":2,\"name\":\"Gran actuaci\u00f3n salvadore\u00f1a en el segundo d\u00eda del ISA World Surfing Games en Surf City\"}]},{\"@type\":\"WebSite\",\"@id\":\"https:\\\/\\\/lagnoticias.com\\\/#website\",\"url\":\"https:\\\/\\\/lagnoticias.com\\\/\",\"name\":\"La G Noticias\",\"description\":\"Noticias Positivas\",\"potentialAction\":[{\"@type\":\"SearchAction\",\"target\":{\"@type\":\"EntryPoint\",\"urlTemplate\":\"https:\\\/\\\/lagnoticias.com\\\/?s={search_term_string}\"},\"query-input\":{\"@type\":\"PropertyValueSpecification\",\"valueRequired\":true,\"valueName\":\"search_term_string\"}}],\"inLanguage\":\"en-US\"},{\"@type\":\"Person\",\"@id\":\"https:\\\/\\\/lagnoticias.com\\\/#\\\/schema\\\/person\\\/cb9bfe13f8de05d2c55270be25c6a550\",\"name\":\"Oscar\",\"image\":{\"@type\":\"ImageObject\",\"inLanguage\":\"en-US\",\"@id\":\"https:\\\/\\\/secure.gravatar.com\\\/avatar\\\/45c195718f652dc7ffdd591dc1f2678956ab7fdadcd359a635edc61304a8c757?s=96&d=mm&r=g\",\"url\":\"https:\\\/\\\/secure.gravatar.com\\\/avatar\\\/45c195718f652dc7ffdd591dc1f2678956ab7fdadcd359a635edc61304a8c757?s=96&d=mm&r=g\",\"contentUrl\":\"https:\\\/\\\/secure.gravatar.com\\\/avatar\\\/45c195718f652dc7ffdd591dc1f2678956ab7fdadcd359a635edc61304a8c757?s=96&d=mm&r=g\",\"caption\":\"Oscar\"},\"url\":\"https:\\\/\\\/lagnoticias.com\\\/en\\\/author\\\/oscar\\\/\"}]}<\/script>\n<!-- \/ Yoast SEO plugin. -->","yoast_head_json":{"title":"Gran actuaci\u00f3n salvadore\u00f1a en el segundo d\u00eda del ISA World Surfing Games en Surf City - La G Noticias","robots":{"index":"index","follow":"follow","max-snippet":"max-snippet:-1","max-image-preview":"max-image-preview:large","max-video-preview":"max-video-preview:-1"},"canonical":"https:\/\/lagnoticias.com\/en\/2025\/09\/08\/gran-actuacion-salvadorena-en-el-segundo-dia-del-isa-world-surfing-games-en-surf-city\/","og_locale":"en_US","og_type":"article","og_title":"Gran actuaci\u00f3n salvadore\u00f1a en el segundo d\u00eda del ISA World Surfing Games en Surf City - La G Noticias","og_description":"El Salvador se posiciona como el epicentro del surf mundial, con la realizaci\u00f3n del Surf City El Salvador ISA World Surfing Games, que ayer en su segundo d\u00eda de competencias cerr\u00f3 con una destacada participaci\u00f3n de la representaci\u00f3n nacional. El surfista salvadore\u00f1o Bryan P\u00e9rez se posicion\u00f3 en el primer lugar del heat 26, en la [&hellip;]","og_url":"https:\/\/lagnoticias.com\/en\/2025\/09\/08\/gran-actuacion-salvadorena-en-el-segundo-dia-del-isa-world-surfing-games-en-surf-city\/","og_site_name":"La G Noticias","article_publisher":"https:\/\/www.facebook.com\/LaGNoticias","article_published_time":"2025-09-08T15:04:01+00:00","article_modified_time":"2025-09-08T15:07:05+00:00","og_image":[{"width":810,"height":540,"url":"https:\/\/lagnoticias.com\/wp-content\/uploads\/2025\/09\/545633540_1141807254790200_1971361893194798490_n.jpg","type":"image\/jpeg"}],"author":"Oscar","twitter_card":"summary_large_image","twitter_creator":"@lagnoticias","twitter_site":"@lagnoticias","twitter_misc":{"Written by":"Oscar","Est. reading time":"2 minutes"},"schema":{"@context":"https:\/\/schema.org","@graph":[{"@type":"Article","@id":"https:\/\/lagnoticias.com\/2025\/09\/08\/gran-actuacion-salvadorena-en-el-segundo-dia-del-isa-world-surfing-games-en-surf-city\/#article","isPartOf":{"@id":"https:\/\/lagnoticias.com\/2025\/09\/08\/gran-actuacion-salvadorena-en-el-segundo-dia-del-isa-world-surfing-games-en-surf-city\/"},"author":{"name":"Oscar","@id":"https:\/\/lagnoticias.com\/#\/schema\/person\/cb9bfe13f8de05d2c55270be25c6a550"},"headline":"Gran actuaci\u00f3n salvadore\u00f1a en el segundo d\u00eda del ISA World Surfing Games en Surf City","datePublished":"2025-09-08T15:04:01+00:00","dateModified":"2025-09-08T15:07:05+00:00","mainEntityOfPage":{"@id":"https:\/\/lagnoticias.com\/2025\/09\/08\/gran-actuacion-salvadorena-en-el-segundo-dia-del-isa-world-surfing-games-en-surf-city\/"},"wordCount":336,"commentCount":0,"image":{"@id":"https:\/\/lagnoticias.com\/2025\/09\/08\/gran-actuacion-salvadorena-en-el-segundo-dia-del-isa-world-surfing-games-en-surf-city\/#primaryimage"},"thumbnailUrl":"https:\/\/lagnoticias.com\/wp-content\/uploads\/2025\/09\/545633540_1141807254790200_1971361893194798490_n.jpg","keywords":["EL SALVADOR","ISA World Surfing Games 2025","SURF","SURF CITY"],"articleSection":["DEPORTES"],"inLanguage":"en-US","potentialAction":[{"@type":"CommentAction","name":"Comment","target":["https:\/\/lagnoticias.com\/2025\/09\/08\/gran-actuacion-salvadorena-en-el-segundo-dia-del-isa-world-surfing-games-en-surf-city\/#respond"]}]},{"@type":"WebPage","@id":"https:\/\/lagnoticias.com\/2025\/09\/08\/gran-actuacion-salvadorena-en-el-segundo-dia-del-isa-world-surfing-games-en-surf-city\/","url":"https:\/\/lagnoticias.com\/2025\/09\/08\/gran-actuacion-salvadorena-en-el-segundo-dia-del-isa-world-surfing-games-en-surf-city\/","name":"Gran actuaci\u00f3n salvadore\u00f1a en el segundo d\u00eda del ISA World Surfing Games en Surf City - La G Noticias","isPartOf":{"@id":"https:\/\/lagnoticias.com\/#website"},"primaryImageOfPage":{"@id":"https:\/\/lagnoticias.com\/2025\/09\/08\/gran-actuacion-salvadorena-en-el-segundo-dia-del-isa-world-surfing-games-en-surf-city\/#primaryimage"},"image":{"@id":"https:\/\/lagnoticias.com\/2025\/09\/08\/gran-actuacion-salvadorena-en-el-segundo-dia-del-isa-world-surfing-games-en-surf-city\/#primaryimage"},"thumbnailUrl":"https:\/\/lagnoticias.com\/wp-content\/uploads\/2025\/09\/545633540_1141807254790200_1971361893194798490_n.jpg","datePublished":"2025-09-08T15:04:01+00:00","dateModified":"2025-09-08T15:07:05+00:00","author":{"@id":"https:\/\/lagnoticias.com\/#\/schema\/person\/cb9bfe13f8de05d2c55270be25c6a550"},"breadcrumb":{"@id":"https:\/\/lagnoticias.com\/2025\/09\/08\/gran-actuacion-salvadorena-en-el-segundo-dia-del-isa-world-surfing-games-en-surf-city\/#breadcrumb"},"inLanguage":"en-US","potentialAction":[{"@type":"ReadAction","target":["https:\/\/lagnoticias.com\/2025\/09\/08\/gran-actuacion-salvadorena-en-el-segundo-dia-del-isa-world-surfing-games-en-surf-city\/"]}]},{"@type":"ImageObject","inLanguage":"en-US","@id":"https:\/\/lagnoticias.com\/2025\/09\/08\/gran-actuacion-salvadorena-en-el-segundo-dia-del-isa-world-surfing-games-en-surf-city\/#primaryimage","url":"https:\/\/lagnoticias.com\/wp-content\/uploads\/2025\/09\/545633540_1141807254790200_1971361893194798490_n.jpg","contentUrl":"https:\/\/lagnoticias.com\/wp-content\/uploads\/2025\/09\/545633540_1141807254790200_1971361893194798490_n.jpg","width":810,"height":540},{"@type":"BreadcrumbList","@id":"https:\/\/lagnoticias.com\/2025\/09\/08\/gran-actuacion-salvadorena-en-el-segundo-dia-del-isa-world-surfing-games-en-surf-city\/#breadcrumb","itemListElement":[{"@type":"ListItem","position":1,"name":"Portada","item":"https:\/\/lagnoticias.com\/"},{"@type":"ListItem","position":2,"name":"Gran actuaci\u00f3n salvadore\u00f1a en el segundo d\u00eda del ISA World Surfing Games en Surf City"}]},{"@type":"WebSite","@id":"https:\/\/lagnoticias.com\/#website","url":"https:\/\/lagnoticias.com\/","name":"La G Noticias","description":"Noticias Positivas","potentialAction":[{"@type":"SearchAction","target":{"@type":"EntryPoint","urlTemplate":"https:\/\/lagnoticias.com\/?s={search_term_string}"},"query-input":{"@type":"PropertyValueSpecification","valueRequired":true,"valueName":"search_term_string"}}],"inLanguage":"en-US"},{"@type":"Person","@id":"https:\/\/lagnoticias.com\/#\/schema\/person\/cb9bfe13f8de05d2c55270be25c6a550","name":"Oscar","image":{"@type":"ImageObject","inLanguage":"en-US","@id":"https:\/\/secure.gravatar.com\/avatar\/45c195718f652dc7ffdd591dc1f2678956ab7fdadcd359a635edc61304a8c757?s=96&d=mm&r=g","url":"https:\/\/secure.gravatar.com\/avatar\/45c195718f652dc7ffdd591dc1f2678956ab7fdadcd359a635edc61304a8c757?s=96&d=mm&r=g","contentUrl":"https:\/\/secure.gravatar.com\/avatar\/45c195718f652dc7ffdd591dc1f2678956ab7fdadcd359a635edc61304a8c757?s=96&d=mm&r=g","caption":"Oscar"},"url":"https:\/\/lagnoticias.com\/en\/author\/oscar\/"}]}},"_links":{"self":[{"href":"https:\/\/lagnoticias.com\/en\/wp-json\/wp\/v2\/posts\/4780","targetHints":{"allow":["GET"]}}],"collection":[{"href":"https:\/\/lagnoticias.com\/en\/wp-json\/wp\/v2\/posts"}],"about":[{"href":"https:\/\/lagnoticias.com\/en\/wp-json\/wp\/v2\/types\/post"}],"author":[{"embeddable":true,"href":"https:\/\/lagnoticias.com\/en\/wp-json\/wp\/v2\/users\/2"}],"replies":[{"embeddable":true,"href":"https:\/\/lagnoticias.com\/en\/wp-json\/wp\/v2\/comments?post=4780"}],"version-history":[{"count":1,"href":"https:\/\/lagnoticias.com\/en\/wp-json\/wp\/v2\/posts\/4780\/revisions"}],"predecessor-version":[{"id":4781,"href":"https:\/\/lagnoticias.com\/en\/wp-json\/wp\/v2\/posts\/4780\/revisions\/4781"}],"wp:featuredmedia":[{"embeddable":true,"href":"https:\/\/lagnoticias.com\/en\/wp-json\/wp\/v2\/media\/4782"}],"wp:attachment":[{"href":"https:\/\/lagnoticias.com\/en\/wp-json\/wp\/v2\/media?parent=4780"}],"wp:term":[{"taxonomy":"category","embeddable":true,"href":"https:\/\/lagnoticias.com\/en\/wp-json\/wp\/v2\/categories?post=4780"},{"taxonomy":"post_tag","embeddable":true,"href":"https:\/\/lagnoticias.com\/en\/wp-json\/wp\/v2\/tags?post=4780"}],"curies":[{"name":"wp","href":"https:\/\/api.w.org\/{rel}","templated":true}]}}