{"id":4778,"date":"2025-09-08T08:50:33","date_gmt":"2025-09-08T14:50:33","guid":{"rendered":"https:\/\/lagnoticias.com\/?p=4778"},"modified":"2025-09-08T08:51:23","modified_gmt":"2025-09-08T14:51:23","slug":"autoridades-anuncia-plan-de-contingencia-por-el-encuentro-deportivo-entre-las-selecciones-de-el-salvador-y-surinam","status":"publish","type":"post","link":"https:\/\/lagnoticias.com\/en\/2025\/09\/08\/autoridades-anuncia-plan-de-contingencia-por-el-encuentro-deportivo-entre-las-selecciones-de-el-salvador-y-surinam\/","title":{"rendered":"Autoridades anuncia Plan de Contingencia por el encuentro deportivo entre las selecciones de El Salvador y Surinam"},"content":{"rendered":"<p>Autoridades de la Comisi\u00f3n Nacional de Protecci\u00f3n Civil dieron a&nbsp;conocer el plan de contingencia que se implementar\u00e1 este d\u00eda para el encuentro deportivo entre la Selecci\u00f3n Nacional de El Salvador y la de Surinam, que se llevar\u00e1 a cabo en el estadio Cuscatl\u00e1n.&nbsp;<\/p>\n\n\n\n<p>El director nacional de Protecci\u00f3n Civil, Luis Alonso Amaya, detall\u00f3 la din\u00e1mica que seguir\u00e1n las diferentes instituciones: \u201cSe tiene previsto el despliegue de dos mil talentos humanos que est\u00e1n trabajando para prevenir emergencias. Entre ellos, equipos de primera respuesta y atenci\u00f3n prehospitalaria, as\u00ed como de seguridad, procurando que el ingreso al estadio sea ordenado, tambi\u00e9n se realizar\u00e1 inspecciones al interior del estadio, puestos de mando y monitoreo\u201d.&nbsp;<\/p>\n\n\n\n<p>Por otro lado, se tiene previsto un despliegue del Viceministerio de Transporte&nbsp;para agilizar el tr\u00e1nsito y prevenir accidentes en los alrededores del estadio, con circulaci\u00f3n controlada a partir de las 9:00 a. m. de este lunes.<\/p>\n\n\n\n<p>\u201cSe ha coordinado parqueo gratuito en las canchas conocidas como la `Chapupo\u2019 y el parque El Talapo que se encuentran cerca. Para quienes no asistan al recinto deportivo, tambi\u00e9n se transmitir\u00e1 en pantallas de cine al aire libre, en el bulevar Monse\u00f1or Romero, con estacionamiento en el parque Bicentenario\u201d, detall\u00f3 el viceministro de Transporte, Nelson Reyes.&nbsp;<\/p>\n\n\n\n<p>Adem\u00e1s, el presidente de la Defensor\u00eda del Consumidor, Ricardo Salazar, detall\u00f3 que la instituci\u00f3n tendr\u00e1 presencia verificando precios, localidades e informaci\u00f3n de la venta de boletos. Operativo que llevar\u00e1n a cabo en conjunto con la Fiscal\u00eda General de la Rep\u00fablica, Polic\u00eda Nacional Civil, entre otras. Al mismo tiempo atender\u00e1n denuncias que se puedan generar.&nbsp;<\/p>","protected":false},"excerpt":{"rendered":"<p>Autoridades de la Comisi\u00f3n Nacional de Protecci\u00f3n Civil dieron a&nbsp;conocer el plan de contingencia que se implementar\u00e1 este d\u00eda para el encuentro deportivo entre la Selecci\u00f3n Nacional de El Salvador y la de Surinam, que se llevar\u00e1 a cabo en el estadio Cuscatl\u00e1n.&nbsp; El director nacional de Protecci\u00f3n Civil, Luis Alonso Amaya, detall\u00f3 la din\u00e1mica [&hellip;]<\/p>","protected":false},"author":2,"featured_media":0,"comment_status":"open","ping_status":"open","sticky":false,"template":"","format":"standard","meta":{"_et_pb_use_builder":"off","_et_pb_old_content":"","_et_gb_content_width":"","footnotes":""},"categories":[244],"tags":[267,286,802,408,780],"class_list":["post-4778","post","type-post","status-publish","format-standard","hentry","category-nacionales","tag-el-salvador","tag-futbol","tag-mundial-de-futbol-2026","tag-proteccion-civil","tag-surinam"],"yoast_head":"<!-- This site is optimized with the Yoast SEO plugin v27.4 - https:\/\/yoast.com\/product\/yoast-seo-wordpress\/ -->\n<title>Autoridades anuncia Plan de Contingencia por el encuentro deportivo entre las selecciones de El Salvador y Surinam - La G Noticias<\/title>\n<meta name=\"robots\" content=\"index, follow, max-snippet:-1, max-image-preview:large, max-video-preview:-1\" \/>\n<link rel=\"canonical\" href=\"https:\/\/lagnoticias.com\/en\/2025\/09\/08\/autoridades-anuncia-plan-de-contingencia-por-el-encuentro-deportivo-entre-las-selecciones-de-el-salvador-y-surinam\/\" \/>\n<meta property=\"og:locale\" content=\"en_US\" \/>\n<meta property=\"og:type\" content=\"article\" \/>\n<meta property=\"og:title\" content=\"Autoridades anuncia Plan de Contingencia por el encuentro deportivo entre las selecciones de El Salvador y Surinam - La G Noticias\" \/>\n<meta property=\"og:description\" content=\"Autoridades de la Comisi\u00f3n Nacional de Protecci\u00f3n Civil dieron a&nbsp;conocer el plan de contingencia que se implementar\u00e1 este d\u00eda para el encuentro deportivo entre la Selecci\u00f3n Nacional de El Salvador y la de Surinam, que se llevar\u00e1 a cabo en el estadio Cuscatl\u00e1n.&nbsp; El director nacional de Protecci\u00f3n Civil, Luis Alonso Amaya, detall\u00f3 la din\u00e1mica [&hellip;]\" \/>\n<meta property=\"og:url\" content=\"https:\/\/lagnoticias.com\/en\/2025\/09\/08\/autoridades-anuncia-plan-de-contingencia-por-el-encuentro-deportivo-entre-las-selecciones-de-el-salvador-y-surinam\/\" \/>\n<meta property=\"og:site_name\" content=\"La G Noticias\" \/>\n<meta property=\"article:publisher\" content=\"https:\/\/www.facebook.com\/LaGNoticias\" \/>\n<meta property=\"article:published_time\" content=\"2025-09-08T14:50:33+00:00\" \/>\n<meta property=\"article:modified_time\" content=\"2025-09-08T14:51:23+00:00\" \/>\n<meta name=\"author\" content=\"Oscar\" \/>\n<meta name=\"twitter:card\" content=\"summary_large_image\" \/>\n<meta name=\"twitter:creator\" content=\"@lagnoticias\" \/>\n<meta name=\"twitter:site\" content=\"@lagnoticias\" \/>\n<meta name=\"twitter:label1\" content=\"Written by\" \/>\n\t<meta name=\"twitter:data1\" content=\"Oscar\" \/>\n\t<meta name=\"twitter:label2\" content=\"Est. reading time\" \/>\n\t<meta name=\"twitter:data2\" content=\"2 minutes\" \/>\n<script type=\"application\/ld+json\" class=\"yoast-schema-graph\">{\"@context\":\"https:\\\/\\\/schema.org\",\"@graph\":[{\"@type\":\"Article\",\"@id\":\"https:\\\/\\\/lagnoticias.com\\\/2025\\\/09\\\/08\\\/autoridades-anuncia-plan-de-contingencia-por-el-encuentro-deportivo-entre-las-selecciones-de-el-salvador-y-surinam\\\/#article\",\"isPartOf\":{\"@id\":\"https:\\\/\\\/lagnoticias.com\\\/2025\\\/09\\\/08\\\/autoridades-anuncia-plan-de-contingencia-por-el-encuentro-deportivo-entre-las-selecciones-de-el-salvador-y-surinam\\\/\"},\"author\":{\"name\":\"Oscar\",\"@id\":\"https:\\\/\\\/lagnoticias.com\\\/#\\\/schema\\\/person\\\/cb9bfe13f8de05d2c55270be25c6a550\"},\"headline\":\"Autoridades anuncia Plan de Contingencia por el encuentro deportivo entre las selecciones de El Salvador y Surinam\",\"datePublished\":\"2025-09-08T14:50:33+00:00\",\"dateModified\":\"2025-09-08T14:51:23+00:00\",\"mainEntityOfPage\":{\"@id\":\"https:\\\/\\\/lagnoticias.com\\\/2025\\\/09\\\/08\\\/autoridades-anuncia-plan-de-contingencia-por-el-encuentro-deportivo-entre-las-selecciones-de-el-salvador-y-surinam\\\/\"},\"wordCount\":304,\"commentCount\":0,\"keywords\":[\"EL SALVADOR\",\"F\u00daTBOL\",\"MUNDIAL DE F\u00daTBOL 2026\",\"PROTECCI\u00d3N CIVIL\",\"SURINAM\"],\"articleSection\":[\"NACIONALES\"],\"inLanguage\":\"en-US\",\"potentialAction\":[{\"@type\":\"CommentAction\",\"name\":\"Comment\",\"target\":[\"https:\\\/\\\/lagnoticias.com\\\/2025\\\/09\\\/08\\\/autoridades-anuncia-plan-de-contingencia-por-el-encuentro-deportivo-entre-las-selecciones-de-el-salvador-y-surinam\\\/#respond\"]}]},{\"@type\":\"WebPage\",\"@id\":\"https:\\\/\\\/lagnoticias.com\\\/2025\\\/09\\\/08\\\/autoridades-anuncia-plan-de-contingencia-por-el-encuentro-deportivo-entre-las-selecciones-de-el-salvador-y-surinam\\\/\",\"url\":\"https:\\\/\\\/lagnoticias.com\\\/2025\\\/09\\\/08\\\/autoridades-anuncia-plan-de-contingencia-por-el-encuentro-deportivo-entre-las-selecciones-de-el-salvador-y-surinam\\\/\",\"name\":\"Autoridades anuncia Plan de Contingencia por el encuentro deportivo entre las selecciones de El Salvador y Surinam - La G Noticias\",\"isPartOf\":{\"@id\":\"https:\\\/\\\/lagnoticias.com\\\/#website\"},\"datePublished\":\"2025-09-08T14:50:33+00:00\",\"dateModified\":\"2025-09-08T14:51:23+00:00\",\"author\":{\"@id\":\"https:\\\/\\\/lagnoticias.com\\\/#\\\/schema\\\/person\\\/cb9bfe13f8de05d2c55270be25c6a550\"},\"breadcrumb\":{\"@id\":\"https:\\\/\\\/lagnoticias.com\\\/2025\\\/09\\\/08\\\/autoridades-anuncia-plan-de-contingencia-por-el-encuentro-deportivo-entre-las-selecciones-de-el-salvador-y-surinam\\\/#breadcrumb\"},\"inLanguage\":\"en-US\",\"potentialAction\":[{\"@type\":\"ReadAction\",\"target\":[\"https:\\\/\\\/lagnoticias.com\\\/2025\\\/09\\\/08\\\/autoridades-anuncia-plan-de-contingencia-por-el-encuentro-deportivo-entre-las-selecciones-de-el-salvador-y-surinam\\\/\"]}]},{\"@type\":\"BreadcrumbList\",\"@id\":\"https:\\\/\\\/lagnoticias.com\\\/2025\\\/09\\\/08\\\/autoridades-anuncia-plan-de-contingencia-por-el-encuentro-deportivo-entre-las-selecciones-de-el-salvador-y-surinam\\\/#breadcrumb\",\"itemListElement\":[{\"@type\":\"ListItem\",\"position\":1,\"name\":\"Portada\",\"item\":\"https:\\\/\\\/lagnoticias.com\\\/\"},{\"@type\":\"ListItem\",\"position\":2,\"name\":\"Autoridades anuncia Plan de Contingencia por el encuentro deportivo entre las selecciones de El Salvador y Surinam\"}]},{\"@type\":\"WebSite\",\"@id\":\"https:\\\/\\\/lagnoticias.com\\\/#website\",\"url\":\"https:\\\/\\\/lagnoticias.com\\\/\",\"name\":\"La G Noticias\",\"description\":\"Noticias Positivas\",\"potentialAction\":[{\"@type\":\"SearchAction\",\"target\":{\"@type\":\"EntryPoint\",\"urlTemplate\":\"https:\\\/\\\/lagnoticias.com\\\/?s={search_term_string}\"},\"query-input\":{\"@type\":\"PropertyValueSpecification\",\"valueRequired\":true,\"valueName\":\"search_term_string\"}}],\"inLanguage\":\"en-US\"},{\"@type\":\"Person\",\"@id\":\"https:\\\/\\\/lagnoticias.com\\\/#\\\/schema\\\/person\\\/cb9bfe13f8de05d2c55270be25c6a550\",\"name\":\"Oscar\",\"image\":{\"@type\":\"ImageObject\",\"inLanguage\":\"en-US\",\"@id\":\"https:\\\/\\\/secure.gravatar.com\\\/avatar\\\/45c195718f652dc7ffdd591dc1f2678956ab7fdadcd359a635edc61304a8c757?s=96&d=mm&r=g\",\"url\":\"https:\\\/\\\/secure.gravatar.com\\\/avatar\\\/45c195718f652dc7ffdd591dc1f2678956ab7fdadcd359a635edc61304a8c757?s=96&d=mm&r=g\",\"contentUrl\":\"https:\\\/\\\/secure.gravatar.com\\\/avatar\\\/45c195718f652dc7ffdd591dc1f2678956ab7fdadcd359a635edc61304a8c757?s=96&d=mm&r=g\",\"caption\":\"Oscar\"},\"url\":\"https:\\\/\\\/lagnoticias.com\\\/en\\\/author\\\/oscar\\\/\"}]}<\/script>\n<!-- \/ Yoast SEO plugin. -->","yoast_head_json":{"title":"Autoridades anuncia Plan de Contingencia por el encuentro deportivo entre las selecciones de El Salvador y Surinam - La G Noticias","robots":{"index":"index","follow":"follow","max-snippet":"max-snippet:-1","max-image-preview":"max-image-preview:large","max-video-preview":"max-video-preview:-1"},"canonical":"https:\/\/lagnoticias.com\/en\/2025\/09\/08\/autoridades-anuncia-plan-de-contingencia-por-el-encuentro-deportivo-entre-las-selecciones-de-el-salvador-y-surinam\/","og_locale":"en_US","og_type":"article","og_title":"Autoridades anuncia Plan de Contingencia por el encuentro deportivo entre las selecciones de El Salvador y Surinam - La G Noticias","og_description":"Autoridades de la Comisi\u00f3n Nacional de Protecci\u00f3n Civil dieron a&nbsp;conocer el plan de contingencia que se implementar\u00e1 este d\u00eda para el encuentro deportivo entre la Selecci\u00f3n Nacional de El Salvador y la de Surinam, que se llevar\u00e1 a cabo en el estadio Cuscatl\u00e1n.&nbsp; El director nacional de Protecci\u00f3n Civil, Luis Alonso Amaya, detall\u00f3 la din\u00e1mica [&hellip;]","og_url":"https:\/\/lagnoticias.com\/en\/2025\/09\/08\/autoridades-anuncia-plan-de-contingencia-por-el-encuentro-deportivo-entre-las-selecciones-de-el-salvador-y-surinam\/","og_site_name":"La G Noticias","article_publisher":"https:\/\/www.facebook.com\/LaGNoticias","article_published_time":"2025-09-08T14:50:33+00:00","article_modified_time":"2025-09-08T14:51:23+00:00","author":"Oscar","twitter_card":"summary_large_image","twitter_creator":"@lagnoticias","twitter_site":"@lagnoticias","twitter_misc":{"Written by":"Oscar","Est. reading time":"2 minutes"},"schema":{"@context":"https:\/\/schema.org","@graph":[{"@type":"Article","@id":"https:\/\/lagnoticias.com\/2025\/09\/08\/autoridades-anuncia-plan-de-contingencia-por-el-encuentro-deportivo-entre-las-selecciones-de-el-salvador-y-surinam\/#article","isPartOf":{"@id":"https:\/\/lagnoticias.com\/2025\/09\/08\/autoridades-anuncia-plan-de-contingencia-por-el-encuentro-deportivo-entre-las-selecciones-de-el-salvador-y-surinam\/"},"author":{"name":"Oscar","@id":"https:\/\/lagnoticias.com\/#\/schema\/person\/cb9bfe13f8de05d2c55270be25c6a550"},"headline":"Autoridades anuncia Plan de Contingencia por el encuentro deportivo entre las selecciones de El Salvador y Surinam","datePublished":"2025-09-08T14:50:33+00:00","dateModified":"2025-09-08T14:51:23+00:00","mainEntityOfPage":{"@id":"https:\/\/lagnoticias.com\/2025\/09\/08\/autoridades-anuncia-plan-de-contingencia-por-el-encuentro-deportivo-entre-las-selecciones-de-el-salvador-y-surinam\/"},"wordCount":304,"commentCount":0,"keywords":["EL SALVADOR","F\u00daTBOL","MUNDIAL DE F\u00daTBOL 2026","PROTECCI\u00d3N CIVIL","SURINAM"],"articleSection":["NACIONALES"],"inLanguage":"en-US","potentialAction":[{"@type":"CommentAction","name":"Comment","target":["https:\/\/lagnoticias.com\/2025\/09\/08\/autoridades-anuncia-plan-de-contingencia-por-el-encuentro-deportivo-entre-las-selecciones-de-el-salvador-y-surinam\/#respond"]}]},{"@type":"WebPage","@id":"https:\/\/lagnoticias.com\/2025\/09\/08\/autoridades-anuncia-plan-de-contingencia-por-el-encuentro-deportivo-entre-las-selecciones-de-el-salvador-y-surinam\/","url":"https:\/\/lagnoticias.com\/2025\/09\/08\/autoridades-anuncia-plan-de-contingencia-por-el-encuentro-deportivo-entre-las-selecciones-de-el-salvador-y-surinam\/","name":"Autoridades anuncia Plan de Contingencia por el encuentro deportivo entre las selecciones de El Salvador y Surinam - La G Noticias","isPartOf":{"@id":"https:\/\/lagnoticias.com\/#website"},"datePublished":"2025-09-08T14:50:33+00:00","dateModified":"2025-09-08T14:51:23+00:00","author":{"@id":"https:\/\/lagnoticias.com\/#\/schema\/person\/cb9bfe13f8de05d2c55270be25c6a550"},"breadcrumb":{"@id":"https:\/\/lagnoticias.com\/2025\/09\/08\/autoridades-anuncia-plan-de-contingencia-por-el-encuentro-deportivo-entre-las-selecciones-de-el-salvador-y-surinam\/#breadcrumb"},"inLanguage":"en-US","potentialAction":[{"@type":"ReadAction","target":["https:\/\/lagnoticias.com\/2025\/09\/08\/autoridades-anuncia-plan-de-contingencia-por-el-encuentro-deportivo-entre-las-selecciones-de-el-salvador-y-surinam\/"]}]},{"@type":"BreadcrumbList","@id":"https:\/\/lagnoticias.com\/2025\/09\/08\/autoridades-anuncia-plan-de-contingencia-por-el-encuentro-deportivo-entre-las-selecciones-de-el-salvador-y-surinam\/#breadcrumb","itemListElement":[{"@type":"ListItem","position":1,"name":"Portada","item":"https:\/\/lagnoticias.com\/"},{"@type":"ListItem","position":2,"name":"Autoridades anuncia Plan de Contingencia por el encuentro deportivo entre las selecciones de El Salvador y Surinam"}]},{"@type":"WebSite","@id":"https:\/\/lagnoticias.com\/#website","url":"https:\/\/lagnoticias.com\/","name":"La G Noticias","description":"Noticias Positivas","potentialAction":[{"@type":"SearchAction","target":{"@type":"EntryPoint","urlTemplate":"https:\/\/lagnoticias.com\/?s={search_term_string}"},"query-input":{"@type":"PropertyValueSpecification","valueRequired":true,"valueName":"search_term_string"}}],"inLanguage":"en-US"},{"@type":"Person","@id":"https:\/\/lagnoticias.com\/#\/schema\/person\/cb9bfe13f8de05d2c55270be25c6a550","name":"Oscar","image":{"@type":"ImageObject","inLanguage":"en-US","@id":"https:\/\/secure.gravatar.com\/avatar\/45c195718f652dc7ffdd591dc1f2678956ab7fdadcd359a635edc61304a8c757?s=96&d=mm&r=g","url":"https:\/\/secure.gravatar.com\/avatar\/45c195718f652dc7ffdd591dc1f2678956ab7fdadcd359a635edc61304a8c757?s=96&d=mm&r=g","contentUrl":"https:\/\/secure.gravatar.com\/avatar\/45c195718f652dc7ffdd591dc1f2678956ab7fdadcd359a635edc61304a8c757?s=96&d=mm&r=g","caption":"Oscar"},"url":"https:\/\/lagnoticias.com\/en\/author\/oscar\/"}]}},"_links":{"self":[{"href":"https:\/\/lagnoticias.com\/en\/wp-json\/wp\/v2\/posts\/4778","targetHints":{"allow":["GET"]}}],"collection":[{"href":"https:\/\/lagnoticias.com\/en\/wp-json\/wp\/v2\/posts"}],"about":[{"href":"https:\/\/lagnoticias.com\/en\/wp-json\/wp\/v2\/types\/post"}],"author":[{"embeddable":true,"href":"https:\/\/lagnoticias.com\/en\/wp-json\/wp\/v2\/users\/2"}],"replies":[{"embeddable":true,"href":"https:\/\/lagnoticias.com\/en\/wp-json\/wp\/v2\/comments?post=4778"}],"version-history":[{"count":1,"href":"https:\/\/lagnoticias.com\/en\/wp-json\/wp\/v2\/posts\/4778\/revisions"}],"predecessor-version":[{"id":4779,"href":"https:\/\/lagnoticias.com\/en\/wp-json\/wp\/v2\/posts\/4778\/revisions\/4779"}],"wp:attachment":[{"href":"https:\/\/lagnoticias.com\/en\/wp-json\/wp\/v2\/media?parent=4778"}],"wp:term":[{"taxonomy":"category","embeddable":true,"href":"https:\/\/lagnoticias.com\/en\/wp-json\/wp\/v2\/categories?post=4778"},{"taxonomy":"post_tag","embeddable":true,"href":"https:\/\/lagnoticias.com\/en\/wp-json\/wp\/v2\/tags?post=4778"}],"curies":[{"name":"wp","href":"https:\/\/api.w.org\/{rel}","templated":true}]}}