{"id":4772,"date":"2025-09-06T14:32:35","date_gmt":"2025-09-06T20:32:35","guid":{"rendered":"https:\/\/lagnoticias.com\/?p=4772"},"modified":"2025-09-06T14:32:35","modified_gmt":"2025-09-06T20:32:35","slug":"nicolas-maduro-amenaza-con-lucha-armada-si-agreden-a-venezuela","status":"publish","type":"post","link":"https:\/\/lagnoticias.com\/en\/2025\/09\/06\/nicolas-maduro-amenaza-con-lucha-armada-si-agreden-a-venezuela\/","title":{"rendered":"Nicol\u00e1s Maduro amenaza con \u00ablucha armada\u00bb si agreden a Venezuela"},"content":{"rendered":"<p>Nicol\u00e1s Maduro afirm\u00f3 que si su pa\u00eds fuera agredido \u00abpasar\u00eda a una etapa de lucha armada\u00bb, en un contexto en el que denuncia \u00abamenazas\u00bb de&nbsp;Estados Unidos.<\/p>\n\n\n\n<p>Seg\u00fan Maduro, la armada estadounidense lleva a cabo un despliegue militar en aguas del mar Caribe, cercanas a las costas venezolanas, bajo el argumento de combatir el narcotr\u00e1fico.<\/p>\n\n\n\n<p>El l\u00edder chavista indic\u00f3 que Venezuela est\u00e1 \u00abtodav\u00eda en la fase de lucha no armada, que es una fase pol\u00edtica, comunicacional, institucional\u00bb, pero, agreg\u00f3, si \u00abfuera agredida, de alguna forma, pasar\u00eda a una etapa de lucha armada, planificada, organizada, de todo el pueblo contra la agresi\u00f3n, sea local, regional o nacional\u00bb.<\/p>\n\n\n\n<p>\u00abPasar\u00edamos a una etapa de lucha armada, en defensa de la paz, de la integridad territorial, la soberan\u00eda y de nuestro pueblo\u00bb, agreg\u00f3 el l\u00edder chavista en un acto de activaci\u00f3n de las milicias ciudadanas, transmitido por el canal estatal Venezolana de Televisi\u00f3n (VTV).<\/p>\n\n\n\n<p>Asimismo, se\u00f1al\u00f3 que el pa\u00eds est\u00e1 en la \u00abfase de alistamiento y preparaci\u00f3n\u00bb en defensa de Venezuela y pasar\u00e1 al \u00abdespliegue de las capacidades defensivas, de entrenamiento y reentrenamiento de toda la poblaci\u00f3n venezolana\u00bb.<\/p>\n\n\n\n<p>Igualmente, dijo que el pueblo de Venezuela es \u00abpacifista\u00bb, pero \u00abguerrero\u00bb y que \u00abnadie\u00bb lo va a \u00abvenir a esclavizar\u00bb ni \u00abhoy ni nunca jam\u00e1s\u00bb.&nbsp;<\/p>\n\n\n\n<p>Amenaza al Gobierno de Maduro<\/p>\n\n\n\n<p>De esta manera, Maduro dio inicio al primer d\u00eda de \u00abactivaci\u00f3n operativa, organizativa, de toda la Milicia Nacional Bolivariana (MNB), ya estructurada, de los ciudadanos y ciudadanas que se alistaron en las primeras dos jornadas\u00bb, llevadas a cabo en agosto, en defensa de Venezuela ante&nbsp;las \u00abamenazas\u00bb que denuncia por parte de Estados Unidos.<\/p>\n\n\n\n<p>M\u00e1s temprano, el canciller de Venezuela, Yv\u00e1n Gil, afirm\u00f3 que el despliegue de aviones de Estados Unidos amenaza al Gobierno de Maduro, luego de que el pa\u00eds norteamericano orden\u00f3 que diez&nbsp;naves de combate F-35 se dirigieran a una base a\u00e9rea de Puerto Rico&nbsp;como parte de la operaci\u00f3n ordenada por Washington para combatir el narcotr\u00e1fico en el Caribe.<\/p>\n\n\n\n<p>En un contacto telef\u00f3nico con VTV, el canciller reiter\u00f3 que el secretario de Estado de EE. UU., Marco Rubio, justifica el despliegue militar \u00abusando como pretexto una supuesta persecuci\u00f3n contra el narcotr\u00e1fico\u00bb, incluyendo, mencion\u00f3, que el Gobierno venezolano trafica con drogas, pero, agreg\u00f3, esto es \u00abla mayor mentira\u00bb.<\/p>\n\n\n\n<p>Estados Unidos ha desplegado ocho barcos militares con misiles y un submarino de propulsi\u00f3n nuclear en \u00e1reas del mar Caribe cercanas a las costas de Venezuela para combatir el tr\u00e1fico de drogas que asegura \u00abcontaminan\u00bb las calles de su pa\u00eds.<\/p>\n\n\n\n<p><\/p>\n\n\n\n<p><\/p>\n\n\n\n<p><\/p>\n\n\n\n<p>(DW)<\/p>","protected":false},"excerpt":{"rendered":"<p>El chavista dijo que el pa\u00eds est\u00e1 en la \u00abfase de alistamiento y preparaci\u00f3n\u00bb en defensa de Venezuela y pasar\u00e1 al \u00abdespliegue de las capacidades defensivas\u201d.<\/p>","protected":false},"author":2,"featured_media":4773,"comment_status":"open","ping_status":"open","sticky":false,"template":"","format":"standard","meta":{"_et_pb_use_builder":"off","_et_pb_old_content":"","_et_gb_content_width":"","footnotes":""},"categories":[245],"tags":[260,347,634,346],"class_list":["post-4772","post","type-post","status-publish","format-standard","has-post-thumbnail","hentry","category-internacionales","tag-estados-unidos","tag-gobierno-de-estados-unidos","tag-nicolas-maduro","tag-venezuela"],"yoast_head":"<!-- This site is optimized with the Yoast SEO plugin v27.4 - https:\/\/yoast.com\/product\/yoast-seo-wordpress\/ -->\n<title>Nicol\u00e1s Maduro amenaza con &quot;lucha armada&quot; si agreden a Venezuela - La G Noticias<\/title>\n<meta name=\"robots\" content=\"index, follow, max-snippet:-1, max-image-preview:large, max-video-preview:-1\" \/>\n<link rel=\"canonical\" href=\"https:\/\/lagnoticias.com\/en\/2025\/09\/06\/nicolas-maduro-amenaza-con-lucha-armada-si-agreden-a-venezuela\/\" \/>\n<meta property=\"og:locale\" content=\"en_US\" \/>\n<meta property=\"og:type\" content=\"article\" \/>\n<meta property=\"og:title\" content=\"Nicol\u00e1s Maduro amenaza con &quot;lucha armada&quot; si agreden a Venezuela - La G Noticias\" \/>\n<meta property=\"og:description\" content=\"El chavista dijo que el pa\u00eds est\u00e1 en la &quot;fase de alistamiento y preparaci\u00f3n&quot; en defensa de Venezuela y pasar\u00e1 al &quot;despliegue de las capacidades defensivas\u201d.\" \/>\n<meta property=\"og:url\" content=\"https:\/\/lagnoticias.com\/en\/2025\/09\/06\/nicolas-maduro-amenaza-con-lucha-armada-si-agreden-a-venezuela\/\" \/>\n<meta property=\"og:site_name\" content=\"La G Noticias\" \/>\n<meta property=\"article:publisher\" content=\"https:\/\/www.facebook.com\/LaGNoticias\" \/>\n<meta property=\"article:published_time\" content=\"2025-09-06T20:32:35+00:00\" \/>\n<meta property=\"og:image\" content=\"https:\/\/lagnoticias.com\/wp-content\/uploads\/2025\/09\/67.jpg\" \/>\n\t<meta property=\"og:image:width\" content=\"1064\" \/>\n\t<meta property=\"og:image:height\" content=\"513\" \/>\n\t<meta property=\"og:image:type\" content=\"image\/jpeg\" \/>\n<meta name=\"author\" content=\"Oscar\" \/>\n<meta name=\"twitter:card\" content=\"summary_large_image\" \/>\n<meta name=\"twitter:creator\" content=\"@lagnoticias\" \/>\n<meta name=\"twitter:site\" content=\"@lagnoticias\" \/>\n<meta name=\"twitter:label1\" content=\"Written by\" \/>\n\t<meta name=\"twitter:data1\" content=\"Oscar\" \/>\n\t<meta name=\"twitter:label2\" content=\"Est. reading time\" \/>\n\t<meta name=\"twitter:data2\" content=\"3 minutes\" \/>\n<script type=\"application\/ld+json\" class=\"yoast-schema-graph\">{\"@context\":\"https:\\\/\\\/schema.org\",\"@graph\":[{\"@type\":\"Article\",\"@id\":\"https:\\\/\\\/lagnoticias.com\\\/2025\\\/09\\\/06\\\/nicolas-maduro-amenaza-con-lucha-armada-si-agreden-a-venezuela\\\/#article\",\"isPartOf\":{\"@id\":\"https:\\\/\\\/lagnoticias.com\\\/2025\\\/09\\\/06\\\/nicolas-maduro-amenaza-con-lucha-armada-si-agreden-a-venezuela\\\/\"},\"author\":{\"name\":\"Oscar\",\"@id\":\"https:\\\/\\\/lagnoticias.com\\\/#\\\/schema\\\/person\\\/cb9bfe13f8de05d2c55270be25c6a550\"},\"headline\":\"Nicol\u00e1s Maduro amenaza con \u00ablucha armada\u00bb si agreden a Venezuela\",\"datePublished\":\"2025-09-06T20:32:35+00:00\",\"mainEntityOfPage\":{\"@id\":\"https:\\\/\\\/lagnoticias.com\\\/2025\\\/09\\\/06\\\/nicolas-maduro-amenaza-con-lucha-armada-si-agreden-a-venezuela\\\/\"},\"wordCount\":466,\"commentCount\":0,\"image\":{\"@id\":\"https:\\\/\\\/lagnoticias.com\\\/2025\\\/09\\\/06\\\/nicolas-maduro-amenaza-con-lucha-armada-si-agreden-a-venezuela\\\/#primaryimage\"},\"thumbnailUrl\":\"https:\\\/\\\/lagnoticias.com\\\/wp-content\\\/uploads\\\/2025\\\/09\\\/67.jpg\",\"keywords\":[\"ESTADOS UNIDOS\",\"GOBIERNO DE ESTADOS UNIDOS\",\"NICOL\u00c1S MADURO\",\"VENEZUELA\"],\"articleSection\":[\"INTERNACIONALES\"],\"inLanguage\":\"en-US\",\"potentialAction\":[{\"@type\":\"CommentAction\",\"name\":\"Comment\",\"target\":[\"https:\\\/\\\/lagnoticias.com\\\/2025\\\/09\\\/06\\\/nicolas-maduro-amenaza-con-lucha-armada-si-agreden-a-venezuela\\\/#respond\"]}]},{\"@type\":\"WebPage\",\"@id\":\"https:\\\/\\\/lagnoticias.com\\\/2025\\\/09\\\/06\\\/nicolas-maduro-amenaza-con-lucha-armada-si-agreden-a-venezuela\\\/\",\"url\":\"https:\\\/\\\/lagnoticias.com\\\/2025\\\/09\\\/06\\\/nicolas-maduro-amenaza-con-lucha-armada-si-agreden-a-venezuela\\\/\",\"name\":\"Nicol\u00e1s Maduro amenaza con \\\"lucha armada\\\" si agreden a Venezuela - La G Noticias\",\"isPartOf\":{\"@id\":\"https:\\\/\\\/lagnoticias.com\\\/#website\"},\"primaryImageOfPage\":{\"@id\":\"https:\\\/\\\/lagnoticias.com\\\/2025\\\/09\\\/06\\\/nicolas-maduro-amenaza-con-lucha-armada-si-agreden-a-venezuela\\\/#primaryimage\"},\"image\":{\"@id\":\"https:\\\/\\\/lagnoticias.com\\\/2025\\\/09\\\/06\\\/nicolas-maduro-amenaza-con-lucha-armada-si-agreden-a-venezuela\\\/#primaryimage\"},\"thumbnailUrl\":\"https:\\\/\\\/lagnoticias.com\\\/wp-content\\\/uploads\\\/2025\\\/09\\\/67.jpg\",\"datePublished\":\"2025-09-06T20:32:35+00:00\",\"author\":{\"@id\":\"https:\\\/\\\/lagnoticias.com\\\/#\\\/schema\\\/person\\\/cb9bfe13f8de05d2c55270be25c6a550\"},\"breadcrumb\":{\"@id\":\"https:\\\/\\\/lagnoticias.com\\\/2025\\\/09\\\/06\\\/nicolas-maduro-amenaza-con-lucha-armada-si-agreden-a-venezuela\\\/#breadcrumb\"},\"inLanguage\":\"en-US\",\"potentialAction\":[{\"@type\":\"ReadAction\",\"target\":[\"https:\\\/\\\/lagnoticias.com\\\/2025\\\/09\\\/06\\\/nicolas-maduro-amenaza-con-lucha-armada-si-agreden-a-venezuela\\\/\"]}]},{\"@type\":\"ImageObject\",\"inLanguage\":\"en-US\",\"@id\":\"https:\\\/\\\/lagnoticias.com\\\/2025\\\/09\\\/06\\\/nicolas-maduro-amenaza-con-lucha-armada-si-agreden-a-venezuela\\\/#primaryimage\",\"url\":\"https:\\\/\\\/lagnoticias.com\\\/wp-content\\\/uploads\\\/2025\\\/09\\\/67.jpg\",\"contentUrl\":\"https:\\\/\\\/lagnoticias.com\\\/wp-content\\\/uploads\\\/2025\\\/09\\\/67.jpg\",\"width\":1064,\"height\":513},{\"@type\":\"BreadcrumbList\",\"@id\":\"https:\\\/\\\/lagnoticias.com\\\/2025\\\/09\\\/06\\\/nicolas-maduro-amenaza-con-lucha-armada-si-agreden-a-venezuela\\\/#breadcrumb\",\"itemListElement\":[{\"@type\":\"ListItem\",\"position\":1,\"name\":\"Portada\",\"item\":\"https:\\\/\\\/lagnoticias.com\\\/\"},{\"@type\":\"ListItem\",\"position\":2,\"name\":\"Nicol\u00e1s Maduro amenaza con \u00ablucha armada\u00bb si agreden a Venezuela\"}]},{\"@type\":\"WebSite\",\"@id\":\"https:\\\/\\\/lagnoticias.com\\\/#website\",\"url\":\"https:\\\/\\\/lagnoticias.com\\\/\",\"name\":\"La G Noticias\",\"description\":\"Noticias Positivas\",\"potentialAction\":[{\"@type\":\"SearchAction\",\"target\":{\"@type\":\"EntryPoint\",\"urlTemplate\":\"https:\\\/\\\/lagnoticias.com\\\/?s={search_term_string}\"},\"query-input\":{\"@type\":\"PropertyValueSpecification\",\"valueRequired\":true,\"valueName\":\"search_term_string\"}}],\"inLanguage\":\"en-US\"},{\"@type\":\"Person\",\"@id\":\"https:\\\/\\\/lagnoticias.com\\\/#\\\/schema\\\/person\\\/cb9bfe13f8de05d2c55270be25c6a550\",\"name\":\"Oscar\",\"image\":{\"@type\":\"ImageObject\",\"inLanguage\":\"en-US\",\"@id\":\"https:\\\/\\\/secure.gravatar.com\\\/avatar\\\/45c195718f652dc7ffdd591dc1f2678956ab7fdadcd359a635edc61304a8c757?s=96&d=mm&r=g\",\"url\":\"https:\\\/\\\/secure.gravatar.com\\\/avatar\\\/45c195718f652dc7ffdd591dc1f2678956ab7fdadcd359a635edc61304a8c757?s=96&d=mm&r=g\",\"contentUrl\":\"https:\\\/\\\/secure.gravatar.com\\\/avatar\\\/45c195718f652dc7ffdd591dc1f2678956ab7fdadcd359a635edc61304a8c757?s=96&d=mm&r=g\",\"caption\":\"Oscar\"},\"url\":\"https:\\\/\\\/lagnoticias.com\\\/en\\\/author\\\/oscar\\\/\"}]}<\/script>\n<!-- \/ Yoast SEO plugin. -->","yoast_head_json":{"title":"Nicol\u00e1s Maduro amenaza con \"lucha armada\" si agreden a Venezuela - La G Noticias","robots":{"index":"index","follow":"follow","max-snippet":"max-snippet:-1","max-image-preview":"max-image-preview:large","max-video-preview":"max-video-preview:-1"},"canonical":"https:\/\/lagnoticias.com\/en\/2025\/09\/06\/nicolas-maduro-amenaza-con-lucha-armada-si-agreden-a-venezuela\/","og_locale":"en_US","og_type":"article","og_title":"Nicol\u00e1s Maduro amenaza con \"lucha armada\" si agreden a Venezuela - La G Noticias","og_description":"El chavista dijo que el pa\u00eds est\u00e1 en la \"fase de alistamiento y preparaci\u00f3n\" en defensa de Venezuela y pasar\u00e1 al \"despliegue de las capacidades defensivas\u201d.","og_url":"https:\/\/lagnoticias.com\/en\/2025\/09\/06\/nicolas-maduro-amenaza-con-lucha-armada-si-agreden-a-venezuela\/","og_site_name":"La G Noticias","article_publisher":"https:\/\/www.facebook.com\/LaGNoticias","article_published_time":"2025-09-06T20:32:35+00:00","og_image":[{"width":1064,"height":513,"url":"https:\/\/lagnoticias.com\/wp-content\/uploads\/2025\/09\/67.jpg","type":"image\/jpeg"}],"author":"Oscar","twitter_card":"summary_large_image","twitter_creator":"@lagnoticias","twitter_site":"@lagnoticias","twitter_misc":{"Written by":"Oscar","Est. reading time":"3 minutes"},"schema":{"@context":"https:\/\/schema.org","@graph":[{"@type":"Article","@id":"https:\/\/lagnoticias.com\/2025\/09\/06\/nicolas-maduro-amenaza-con-lucha-armada-si-agreden-a-venezuela\/#article","isPartOf":{"@id":"https:\/\/lagnoticias.com\/2025\/09\/06\/nicolas-maduro-amenaza-con-lucha-armada-si-agreden-a-venezuela\/"},"author":{"name":"Oscar","@id":"https:\/\/lagnoticias.com\/#\/schema\/person\/cb9bfe13f8de05d2c55270be25c6a550"},"headline":"Nicol\u00e1s Maduro amenaza con \u00ablucha armada\u00bb si agreden a Venezuela","datePublished":"2025-09-06T20:32:35+00:00","mainEntityOfPage":{"@id":"https:\/\/lagnoticias.com\/2025\/09\/06\/nicolas-maduro-amenaza-con-lucha-armada-si-agreden-a-venezuela\/"},"wordCount":466,"commentCount":0,"image":{"@id":"https:\/\/lagnoticias.com\/2025\/09\/06\/nicolas-maduro-amenaza-con-lucha-armada-si-agreden-a-venezuela\/#primaryimage"},"thumbnailUrl":"https:\/\/lagnoticias.com\/wp-content\/uploads\/2025\/09\/67.jpg","keywords":["ESTADOS UNIDOS","GOBIERNO DE ESTADOS UNIDOS","NICOL\u00c1S MADURO","VENEZUELA"],"articleSection":["INTERNACIONALES"],"inLanguage":"en-US","potentialAction":[{"@type":"CommentAction","name":"Comment","target":["https:\/\/lagnoticias.com\/2025\/09\/06\/nicolas-maduro-amenaza-con-lucha-armada-si-agreden-a-venezuela\/#respond"]}]},{"@type":"WebPage","@id":"https:\/\/lagnoticias.com\/2025\/09\/06\/nicolas-maduro-amenaza-con-lucha-armada-si-agreden-a-venezuela\/","url":"https:\/\/lagnoticias.com\/2025\/09\/06\/nicolas-maduro-amenaza-con-lucha-armada-si-agreden-a-venezuela\/","name":"Nicol\u00e1s Maduro amenaza con \"lucha armada\" si agreden a Venezuela - La G Noticias","isPartOf":{"@id":"https:\/\/lagnoticias.com\/#website"},"primaryImageOfPage":{"@id":"https:\/\/lagnoticias.com\/2025\/09\/06\/nicolas-maduro-amenaza-con-lucha-armada-si-agreden-a-venezuela\/#primaryimage"},"image":{"@id":"https:\/\/lagnoticias.com\/2025\/09\/06\/nicolas-maduro-amenaza-con-lucha-armada-si-agreden-a-venezuela\/#primaryimage"},"thumbnailUrl":"https:\/\/lagnoticias.com\/wp-content\/uploads\/2025\/09\/67.jpg","datePublished":"2025-09-06T20:32:35+00:00","author":{"@id":"https:\/\/lagnoticias.com\/#\/schema\/person\/cb9bfe13f8de05d2c55270be25c6a550"},"breadcrumb":{"@id":"https:\/\/lagnoticias.com\/2025\/09\/06\/nicolas-maduro-amenaza-con-lucha-armada-si-agreden-a-venezuela\/#breadcrumb"},"inLanguage":"en-US","potentialAction":[{"@type":"ReadAction","target":["https:\/\/lagnoticias.com\/2025\/09\/06\/nicolas-maduro-amenaza-con-lucha-armada-si-agreden-a-venezuela\/"]}]},{"@type":"ImageObject","inLanguage":"en-US","@id":"https:\/\/lagnoticias.com\/2025\/09\/06\/nicolas-maduro-amenaza-con-lucha-armada-si-agreden-a-venezuela\/#primaryimage","url":"https:\/\/lagnoticias.com\/wp-content\/uploads\/2025\/09\/67.jpg","contentUrl":"https:\/\/lagnoticias.com\/wp-content\/uploads\/2025\/09\/67.jpg","width":1064,"height":513},{"@type":"BreadcrumbList","@id":"https:\/\/lagnoticias.com\/2025\/09\/06\/nicolas-maduro-amenaza-con-lucha-armada-si-agreden-a-venezuela\/#breadcrumb","itemListElement":[{"@type":"ListItem","position":1,"name":"Portada","item":"https:\/\/lagnoticias.com\/"},{"@type":"ListItem","position":2,"name":"Nicol\u00e1s Maduro amenaza con \u00ablucha armada\u00bb si agreden a Venezuela"}]},{"@type":"WebSite","@id":"https:\/\/lagnoticias.com\/#website","url":"https:\/\/lagnoticias.com\/","name":"La G Noticias","description":"Noticias Positivas","potentialAction":[{"@type":"SearchAction","target":{"@type":"EntryPoint","urlTemplate":"https:\/\/lagnoticias.com\/?s={search_term_string}"},"query-input":{"@type":"PropertyValueSpecification","valueRequired":true,"valueName":"search_term_string"}}],"inLanguage":"en-US"},{"@type":"Person","@id":"https:\/\/lagnoticias.com\/#\/schema\/person\/cb9bfe13f8de05d2c55270be25c6a550","name":"Oscar","image":{"@type":"ImageObject","inLanguage":"en-US","@id":"https:\/\/secure.gravatar.com\/avatar\/45c195718f652dc7ffdd591dc1f2678956ab7fdadcd359a635edc61304a8c757?s=96&d=mm&r=g","url":"https:\/\/secure.gravatar.com\/avatar\/45c195718f652dc7ffdd591dc1f2678956ab7fdadcd359a635edc61304a8c757?s=96&d=mm&r=g","contentUrl":"https:\/\/secure.gravatar.com\/avatar\/45c195718f652dc7ffdd591dc1f2678956ab7fdadcd359a635edc61304a8c757?s=96&d=mm&r=g","caption":"Oscar"},"url":"https:\/\/lagnoticias.com\/en\/author\/oscar\/"}]}},"_links":{"self":[{"href":"https:\/\/lagnoticias.com\/en\/wp-json\/wp\/v2\/posts\/4772","targetHints":{"allow":["GET"]}}],"collection":[{"href":"https:\/\/lagnoticias.com\/en\/wp-json\/wp\/v2\/posts"}],"about":[{"href":"https:\/\/lagnoticias.com\/en\/wp-json\/wp\/v2\/types\/post"}],"author":[{"embeddable":true,"href":"https:\/\/lagnoticias.com\/en\/wp-json\/wp\/v2\/users\/2"}],"replies":[{"embeddable":true,"href":"https:\/\/lagnoticias.com\/en\/wp-json\/wp\/v2\/comments?post=4772"}],"version-history":[{"count":1,"href":"https:\/\/lagnoticias.com\/en\/wp-json\/wp\/v2\/posts\/4772\/revisions"}],"predecessor-version":[{"id":4774,"href":"https:\/\/lagnoticias.com\/en\/wp-json\/wp\/v2\/posts\/4772\/revisions\/4774"}],"wp:featuredmedia":[{"embeddable":true,"href":"https:\/\/lagnoticias.com\/en\/wp-json\/wp\/v2\/media\/4773"}],"wp:attachment":[{"href":"https:\/\/lagnoticias.com\/en\/wp-json\/wp\/v2\/media?parent=4772"}],"wp:term":[{"taxonomy":"category","embeddable":true,"href":"https:\/\/lagnoticias.com\/en\/wp-json\/wp\/v2\/categories?post=4772"},{"taxonomy":"post_tag","embeddable":true,"href":"https:\/\/lagnoticias.com\/en\/wp-json\/wp\/v2\/tags?post=4772"}],"curies":[{"name":"wp","href":"https:\/\/api.w.org\/{rel}","templated":true}]}}