{"id":4707,"date":"2025-09-04T15:52:24","date_gmt":"2025-09-04T21:52:24","guid":{"rendered":"https:\/\/lagnoticias.com\/?p=4707"},"modified":"2025-09-04T15:52:25","modified_gmt":"2025-09-04T21:52:25","slug":"ice-reporta-crecimiento-progresivo-en-inmigrantes-que-optan-por-la-autodeportacion","status":"publish","type":"post","link":"https:\/\/lagnoticias.com\/en\/2025\/09\/04\/ice-reporta-crecimiento-progresivo-en-inmigrantes-que-optan-por-la-autodeportacion\/","title":{"rendered":"ICE reporta crecimiento progresivo en inmigrantes que optan por la autodeportaci\u00f3n"},"content":{"rendered":"<p>Datos publicados por el&nbsp;Servicio de Inmigraci\u00f3n y Control de Aduanas de Estados Unidos (ICE)&nbsp;revelan un&nbsp;crecimiento sostenido&nbsp;en el n\u00famero de&nbsp;inmigrantes que optan por la autodeportaci\u00f3n, tras la implementaci\u00f3n de pol\u00edticas que incentivan la salida voluntaria de las personas sin estatus legal. Las cifras, difundidas tras una solicitud basada en la&nbsp;Ley de Libertad de Informaci\u00f3n (FOIA), abarcan registros hasta el 31 de julio de 2025 e ilustran las tendencias que se est\u00e1n produciendo en el \u00e1mbito migratorio desde la llegada de la nueva administraci\u00f3n.<\/p>\n\n\n\n<p>Desde el 20 de enero, ICE deport\u00f3 a un total de&nbsp;145,419 inmigrantes que no contaban con permiso legal de residencia, concentrando el mayor n\u00famero de expulsiones en junio con&nbsp;27.970 casos. Este incremento se da en medio de una estrategia gubernamental que busca endurecer la aplicaci\u00f3n de la ley de inmigraci\u00f3n y promover alternativas para que los extranjeros en situaci\u00f3n irregular abandonen voluntariamente el pa\u00eds.<\/p>\n\n\n\n<p>El an\u00e1lisis de&nbsp;Newsweek&nbsp;sobre los datos de ICE se\u00f1ala diferentes categor\u00edas de expulsi\u00f3n, que incluyen&nbsp;inadmisibilidad y salida voluntaria. En febrero, el primer mes completo bajo la administraci\u00f3n actual, se confirmaron 592 salidas voluntarias. Para julio, esa cifra aument\u00f3 a 4,241, marcando una clara tendencia al alza en la autodeportaci\u00f3n.<\/p>\n\n\n\n<h2 class=\"wp-block-heading\">Cambios en la tecnolog\u00eda migratoria y nuevos mecanismos para la autodeportaci\u00f3n<\/h2>\n\n\n\n<p>El repunte de autodeportaciones coincide con la transformaci\u00f3n de la aplicaci\u00f3n&nbsp;CBP One, que antes permit\u00eda a los inmigrantes agendar citas con funcionarios fronterizos, en la nueva&nbsp;CBP Home App, ahora utilizada para reportar salidas voluntarias del pa\u00eds. Aunque no existen cifras oficiales sobre cu\u00e1ntas personas han gestionado su salida a trav\u00e9s de esta aplicaci\u00f3n, hasta inicios de septiembre de 2025 la&nbsp;Oficina de Aduanas y Protecci\u00f3n Fronteriza (CBP)&nbsp;no ha publicado datos espec\u00edficos sobre el alcance de su uso.<\/p>\n\n\n\n<p>Newsweek&nbsp;cita a&nbsp;Jessica Vaughan, directora de estudios de pol\u00edticas en el&nbsp;Center for Immigration Studies (CIS), quien aclara que la figura de salida voluntaria tambi\u00e9n puede ofrecerse a discreci\u00f3n de los jueces de inmigraci\u00f3n, no s\u00f3lo por las autoridades de ICE. Vaughan subray\u00f3 que, bajo el gobierno federal, el 38% de los casos de salida voluntaria originados en la frontera superan notablemente el 20% registrado durante el gobierno de Biden.<\/p>\n\n\n\n<h2 class=\"wp-block-heading\">El Proyecto Homecoming y los retos log\u00edsticos de la pol\u00edtica migratoria actual<\/h2>\n\n\n\n<p>En mayo, la administraci\u00f3n del gobierno federal puso en marcha el&nbsp;Proyecto Homecoming, destinado a facilitar la repatriaci\u00f3n voluntaria de inmigrantes en situaci\u00f3n irregular. Seg\u00fan un alto funcionario del DHS citado por&nbsp;Newsweek, quienes utilizan la CBP Home App reciben&nbsp;un billete de avi\u00f3n sin costo, un incentivo de salida de 1.000 d\u00f3lares y la condonaci\u00f3n de multas acumuladas por no haber abandonado el pa\u00eds conforme a orden judicial. La misma fuente afirm\u00f3 que, desde el 20 de enero, 1.6 millones de inmigrantes han salido de Estados Unidos, aunque el desglose de dicha cifra no se ha publicado.<\/p>\n\n\n\n<p>A nueve meses de la toma de la nueva administraci\u00f3n presidencial, ICE se enfrenta al desaf\u00edo de aumentar el n\u00famero de arrestos y expulsiones, como ha exigido el propio presidente y su principal asesor en la materia,&nbsp;Stephen Miller. En virtud de la legislaci\u00f3n conocida como&nbsp;One Big Beautiful Bill Act, la agencia dispone de un presupuesto elevado para incrementar la dotaci\u00f3n de personal y la capacidad de detenci\u00f3n, aunque la expansi\u00f3n de infraestructura y recursos operativos llevar\u00e1 tiempo, seg\u00fan&nbsp;Newsweek.<\/p>\n\n\n\n<p>Las cifras y tendencias observadas en los datos oficiales reflejan los principales objetivos y retos actuales de la pol\u00edtica migratoria en Estados Unidos bajo la nueva administraci\u00f3n, en un contexto de&nbsp;cambios tecnol\u00f3gicos, pol\u00edticos y legales&nbsp;que contin\u00faan evolucionando.<\/p>\n\n\n\n<p><\/p>\n\n\n\n<p><\/p>\n\n\n\n<p><\/p>\n\n\n\n<p><\/p>\n\n\n\n<p>(Infobae)<\/p>","protected":false},"excerpt":{"rendered":"<p>Nuevas estad\u00edsticas federales reflejan el impacto de recientes transformaciones en la gesti\u00f3n migratoria estadounidense, marcadas por incentivos oficiales y herramientas tecnol\u00f3gicas impulsadas por la administraci\u00f3n actual<\/p>","protected":false},"author":2,"featured_media":4708,"comment_status":"open","ping_status":"open","sticky":false,"template":"","format":"standard","meta":{"_et_pb_use_builder":"off","_et_pb_old_content":"","_et_gb_content_width":"","footnotes":""},"categories":[245],"tags":[475,260,347,627,883],"class_list":["post-4707","post","type-post","status-publish","format-standard","has-post-thumbnail","hentry","category-internacionales","tag-deportados","tag-estados-unidos","tag-gobierno-de-estados-unidos","tag-ice","tag-inmigrantes"],"yoast_head":"<!-- This site is optimized with the Yoast SEO plugin v27.4 - https:\/\/yoast.com\/product\/yoast-seo-wordpress\/ -->\n<title>ICE reporta crecimiento progresivo en inmigrantes que optan por la autodeportaci\u00f3n - La G Noticias<\/title>\n<meta name=\"robots\" content=\"index, follow, max-snippet:-1, max-image-preview:large, max-video-preview:-1\" \/>\n<link rel=\"canonical\" href=\"https:\/\/lagnoticias.com\/en\/2025\/09\/04\/ice-reporta-crecimiento-progresivo-en-inmigrantes-que-optan-por-la-autodeportacion\/\" \/>\n<meta property=\"og:locale\" content=\"en_US\" \/>\n<meta property=\"og:type\" content=\"article\" \/>\n<meta property=\"og:title\" content=\"ICE reporta crecimiento progresivo en inmigrantes que optan por la autodeportaci\u00f3n - La G Noticias\" \/>\n<meta property=\"og:description\" content=\"Nuevas estad\u00edsticas federales reflejan el impacto de recientes transformaciones en la gesti\u00f3n migratoria estadounidense, marcadas por incentivos oficiales y herramientas tecnol\u00f3gicas impulsadas por la administraci\u00f3n actual\" \/>\n<meta property=\"og:url\" content=\"https:\/\/lagnoticias.com\/en\/2025\/09\/04\/ice-reporta-crecimiento-progresivo-en-inmigrantes-que-optan-por-la-autodeportacion\/\" \/>\n<meta property=\"og:site_name\" content=\"La G Noticias\" \/>\n<meta property=\"article:publisher\" content=\"https:\/\/www.facebook.com\/LaGNoticias\" \/>\n<meta property=\"article:published_time\" content=\"2025-09-04T21:52:24+00:00\" \/>\n<meta property=\"article:modified_time\" content=\"2025-09-04T21:52:25+00:00\" \/>\n<meta property=\"og:image\" content=\"https:\/\/lagnoticias.com\/wp-content\/uploads\/2025\/09\/6-2.jpg\" \/>\n\t<meta property=\"og:image:width\" content=\"992\" \/>\n\t<meta property=\"og:image:height\" content=\"661\" \/>\n\t<meta property=\"og:image:type\" content=\"image\/jpeg\" \/>\n<meta name=\"author\" content=\"Oscar\" \/>\n<meta name=\"twitter:card\" content=\"summary_large_image\" \/>\n<meta name=\"twitter:creator\" content=\"@lagnoticias\" \/>\n<meta name=\"twitter:site\" content=\"@lagnoticias\" \/>\n<meta name=\"twitter:label1\" content=\"Written by\" \/>\n\t<meta name=\"twitter:data1\" content=\"Oscar\" \/>\n\t<meta name=\"twitter:label2\" content=\"Est. reading time\" \/>\n\t<meta name=\"twitter:data2\" content=\"3 minutes\" \/>\n<script type=\"application\/ld+json\" class=\"yoast-schema-graph\">{\"@context\":\"https:\\\/\\\/schema.org\",\"@graph\":[{\"@type\":\"Article\",\"@id\":\"https:\\\/\\\/lagnoticias.com\\\/2025\\\/09\\\/04\\\/ice-reporta-crecimiento-progresivo-en-inmigrantes-que-optan-por-la-autodeportacion\\\/#article\",\"isPartOf\":{\"@id\":\"https:\\\/\\\/lagnoticias.com\\\/2025\\\/09\\\/04\\\/ice-reporta-crecimiento-progresivo-en-inmigrantes-que-optan-por-la-autodeportacion\\\/\"},\"author\":{\"name\":\"Oscar\",\"@id\":\"https:\\\/\\\/lagnoticias.com\\\/#\\\/schema\\\/person\\\/cb9bfe13f8de05d2c55270be25c6a550\"},\"headline\":\"ICE reporta crecimiento progresivo en inmigrantes que optan por la autodeportaci\u00f3n\",\"datePublished\":\"2025-09-04T21:52:24+00:00\",\"dateModified\":\"2025-09-04T21:52:25+00:00\",\"mainEntityOfPage\":{\"@id\":\"https:\\\/\\\/lagnoticias.com\\\/2025\\\/09\\\/04\\\/ice-reporta-crecimiento-progresivo-en-inmigrantes-que-optan-por-la-autodeportacion\\\/\"},\"wordCount\":681,\"commentCount\":0,\"image\":{\"@id\":\"https:\\\/\\\/lagnoticias.com\\\/2025\\\/09\\\/04\\\/ice-reporta-crecimiento-progresivo-en-inmigrantes-que-optan-por-la-autodeportacion\\\/#primaryimage\"},\"thumbnailUrl\":\"https:\\\/\\\/lagnoticias.com\\\/wp-content\\\/uploads\\\/2025\\\/09\\\/6-2.jpg\",\"keywords\":[\"DEPORTADOS\",\"ESTADOS UNIDOS\",\"GOBIERNO DE ESTADOS UNIDOS\",\"ICE\",\"INMIGRANTES\"],\"articleSection\":[\"INTERNACIONALES\"],\"inLanguage\":\"en-US\",\"potentialAction\":[{\"@type\":\"CommentAction\",\"name\":\"Comment\",\"target\":[\"https:\\\/\\\/lagnoticias.com\\\/2025\\\/09\\\/04\\\/ice-reporta-crecimiento-progresivo-en-inmigrantes-que-optan-por-la-autodeportacion\\\/#respond\"]}]},{\"@type\":\"WebPage\",\"@id\":\"https:\\\/\\\/lagnoticias.com\\\/2025\\\/09\\\/04\\\/ice-reporta-crecimiento-progresivo-en-inmigrantes-que-optan-por-la-autodeportacion\\\/\",\"url\":\"https:\\\/\\\/lagnoticias.com\\\/2025\\\/09\\\/04\\\/ice-reporta-crecimiento-progresivo-en-inmigrantes-que-optan-por-la-autodeportacion\\\/\",\"name\":\"ICE reporta crecimiento progresivo en inmigrantes que optan por la autodeportaci\u00f3n - La G Noticias\",\"isPartOf\":{\"@id\":\"https:\\\/\\\/lagnoticias.com\\\/#website\"},\"primaryImageOfPage\":{\"@id\":\"https:\\\/\\\/lagnoticias.com\\\/2025\\\/09\\\/04\\\/ice-reporta-crecimiento-progresivo-en-inmigrantes-que-optan-por-la-autodeportacion\\\/#primaryimage\"},\"image\":{\"@id\":\"https:\\\/\\\/lagnoticias.com\\\/2025\\\/09\\\/04\\\/ice-reporta-crecimiento-progresivo-en-inmigrantes-que-optan-por-la-autodeportacion\\\/#primaryimage\"},\"thumbnailUrl\":\"https:\\\/\\\/lagnoticias.com\\\/wp-content\\\/uploads\\\/2025\\\/09\\\/6-2.jpg\",\"datePublished\":\"2025-09-04T21:52:24+00:00\",\"dateModified\":\"2025-09-04T21:52:25+00:00\",\"author\":{\"@id\":\"https:\\\/\\\/lagnoticias.com\\\/#\\\/schema\\\/person\\\/cb9bfe13f8de05d2c55270be25c6a550\"},\"breadcrumb\":{\"@id\":\"https:\\\/\\\/lagnoticias.com\\\/2025\\\/09\\\/04\\\/ice-reporta-crecimiento-progresivo-en-inmigrantes-que-optan-por-la-autodeportacion\\\/#breadcrumb\"},\"inLanguage\":\"en-US\",\"potentialAction\":[{\"@type\":\"ReadAction\",\"target\":[\"https:\\\/\\\/lagnoticias.com\\\/2025\\\/09\\\/04\\\/ice-reporta-crecimiento-progresivo-en-inmigrantes-que-optan-por-la-autodeportacion\\\/\"]}]},{\"@type\":\"ImageObject\",\"inLanguage\":\"en-US\",\"@id\":\"https:\\\/\\\/lagnoticias.com\\\/2025\\\/09\\\/04\\\/ice-reporta-crecimiento-progresivo-en-inmigrantes-que-optan-por-la-autodeportacion\\\/#primaryimage\",\"url\":\"https:\\\/\\\/lagnoticias.com\\\/wp-content\\\/uploads\\\/2025\\\/09\\\/6-2.jpg\",\"contentUrl\":\"https:\\\/\\\/lagnoticias.com\\\/wp-content\\\/uploads\\\/2025\\\/09\\\/6-2.jpg\",\"width\":992,\"height\":661},{\"@type\":\"BreadcrumbList\",\"@id\":\"https:\\\/\\\/lagnoticias.com\\\/2025\\\/09\\\/04\\\/ice-reporta-crecimiento-progresivo-en-inmigrantes-que-optan-por-la-autodeportacion\\\/#breadcrumb\",\"itemListElement\":[{\"@type\":\"ListItem\",\"position\":1,\"name\":\"Portada\",\"item\":\"https:\\\/\\\/lagnoticias.com\\\/\"},{\"@type\":\"ListItem\",\"position\":2,\"name\":\"ICE reporta crecimiento progresivo en inmigrantes que optan por la autodeportaci\u00f3n\"}]},{\"@type\":\"WebSite\",\"@id\":\"https:\\\/\\\/lagnoticias.com\\\/#website\",\"url\":\"https:\\\/\\\/lagnoticias.com\\\/\",\"name\":\"La G Noticias\",\"description\":\"Noticias Positivas\",\"potentialAction\":[{\"@type\":\"SearchAction\",\"target\":{\"@type\":\"EntryPoint\",\"urlTemplate\":\"https:\\\/\\\/lagnoticias.com\\\/?s={search_term_string}\"},\"query-input\":{\"@type\":\"PropertyValueSpecification\",\"valueRequired\":true,\"valueName\":\"search_term_string\"}}],\"inLanguage\":\"en-US\"},{\"@type\":\"Person\",\"@id\":\"https:\\\/\\\/lagnoticias.com\\\/#\\\/schema\\\/person\\\/cb9bfe13f8de05d2c55270be25c6a550\",\"name\":\"Oscar\",\"image\":{\"@type\":\"ImageObject\",\"inLanguage\":\"en-US\",\"@id\":\"https:\\\/\\\/secure.gravatar.com\\\/avatar\\\/45c195718f652dc7ffdd591dc1f2678956ab7fdadcd359a635edc61304a8c757?s=96&d=mm&r=g\",\"url\":\"https:\\\/\\\/secure.gravatar.com\\\/avatar\\\/45c195718f652dc7ffdd591dc1f2678956ab7fdadcd359a635edc61304a8c757?s=96&d=mm&r=g\",\"contentUrl\":\"https:\\\/\\\/secure.gravatar.com\\\/avatar\\\/45c195718f652dc7ffdd591dc1f2678956ab7fdadcd359a635edc61304a8c757?s=96&d=mm&r=g\",\"caption\":\"Oscar\"},\"url\":\"https:\\\/\\\/lagnoticias.com\\\/en\\\/author\\\/oscar\\\/\"}]}<\/script>\n<!-- \/ Yoast SEO plugin. -->","yoast_head_json":{"title":"ICE reporta crecimiento progresivo en inmigrantes que optan por la autodeportaci\u00f3n - La G Noticias","robots":{"index":"index","follow":"follow","max-snippet":"max-snippet:-1","max-image-preview":"max-image-preview:large","max-video-preview":"max-video-preview:-1"},"canonical":"https:\/\/lagnoticias.com\/en\/2025\/09\/04\/ice-reporta-crecimiento-progresivo-en-inmigrantes-que-optan-por-la-autodeportacion\/","og_locale":"en_US","og_type":"article","og_title":"ICE reporta crecimiento progresivo en inmigrantes que optan por la autodeportaci\u00f3n - La G Noticias","og_description":"Nuevas estad\u00edsticas federales reflejan el impacto de recientes transformaciones en la gesti\u00f3n migratoria estadounidense, marcadas por incentivos oficiales y herramientas tecnol\u00f3gicas impulsadas por la administraci\u00f3n actual","og_url":"https:\/\/lagnoticias.com\/en\/2025\/09\/04\/ice-reporta-crecimiento-progresivo-en-inmigrantes-que-optan-por-la-autodeportacion\/","og_site_name":"La G Noticias","article_publisher":"https:\/\/www.facebook.com\/LaGNoticias","article_published_time":"2025-09-04T21:52:24+00:00","article_modified_time":"2025-09-04T21:52:25+00:00","og_image":[{"width":992,"height":661,"url":"https:\/\/lagnoticias.com\/wp-content\/uploads\/2025\/09\/6-2.jpg","type":"image\/jpeg"}],"author":"Oscar","twitter_card":"summary_large_image","twitter_creator":"@lagnoticias","twitter_site":"@lagnoticias","twitter_misc":{"Written by":"Oscar","Est. reading time":"3 minutes"},"schema":{"@context":"https:\/\/schema.org","@graph":[{"@type":"Article","@id":"https:\/\/lagnoticias.com\/2025\/09\/04\/ice-reporta-crecimiento-progresivo-en-inmigrantes-que-optan-por-la-autodeportacion\/#article","isPartOf":{"@id":"https:\/\/lagnoticias.com\/2025\/09\/04\/ice-reporta-crecimiento-progresivo-en-inmigrantes-que-optan-por-la-autodeportacion\/"},"author":{"name":"Oscar","@id":"https:\/\/lagnoticias.com\/#\/schema\/person\/cb9bfe13f8de05d2c55270be25c6a550"},"headline":"ICE reporta crecimiento progresivo en inmigrantes que optan por la autodeportaci\u00f3n","datePublished":"2025-09-04T21:52:24+00:00","dateModified":"2025-09-04T21:52:25+00:00","mainEntityOfPage":{"@id":"https:\/\/lagnoticias.com\/2025\/09\/04\/ice-reporta-crecimiento-progresivo-en-inmigrantes-que-optan-por-la-autodeportacion\/"},"wordCount":681,"commentCount":0,"image":{"@id":"https:\/\/lagnoticias.com\/2025\/09\/04\/ice-reporta-crecimiento-progresivo-en-inmigrantes-que-optan-por-la-autodeportacion\/#primaryimage"},"thumbnailUrl":"https:\/\/lagnoticias.com\/wp-content\/uploads\/2025\/09\/6-2.jpg","keywords":["DEPORTADOS","ESTADOS UNIDOS","GOBIERNO DE ESTADOS UNIDOS","ICE","INMIGRANTES"],"articleSection":["INTERNACIONALES"],"inLanguage":"en-US","potentialAction":[{"@type":"CommentAction","name":"Comment","target":["https:\/\/lagnoticias.com\/2025\/09\/04\/ice-reporta-crecimiento-progresivo-en-inmigrantes-que-optan-por-la-autodeportacion\/#respond"]}]},{"@type":"WebPage","@id":"https:\/\/lagnoticias.com\/2025\/09\/04\/ice-reporta-crecimiento-progresivo-en-inmigrantes-que-optan-por-la-autodeportacion\/","url":"https:\/\/lagnoticias.com\/2025\/09\/04\/ice-reporta-crecimiento-progresivo-en-inmigrantes-que-optan-por-la-autodeportacion\/","name":"ICE reporta crecimiento progresivo en inmigrantes que optan por la autodeportaci\u00f3n - La G Noticias","isPartOf":{"@id":"https:\/\/lagnoticias.com\/#website"},"primaryImageOfPage":{"@id":"https:\/\/lagnoticias.com\/2025\/09\/04\/ice-reporta-crecimiento-progresivo-en-inmigrantes-que-optan-por-la-autodeportacion\/#primaryimage"},"image":{"@id":"https:\/\/lagnoticias.com\/2025\/09\/04\/ice-reporta-crecimiento-progresivo-en-inmigrantes-que-optan-por-la-autodeportacion\/#primaryimage"},"thumbnailUrl":"https:\/\/lagnoticias.com\/wp-content\/uploads\/2025\/09\/6-2.jpg","datePublished":"2025-09-04T21:52:24+00:00","dateModified":"2025-09-04T21:52:25+00:00","author":{"@id":"https:\/\/lagnoticias.com\/#\/schema\/person\/cb9bfe13f8de05d2c55270be25c6a550"},"breadcrumb":{"@id":"https:\/\/lagnoticias.com\/2025\/09\/04\/ice-reporta-crecimiento-progresivo-en-inmigrantes-que-optan-por-la-autodeportacion\/#breadcrumb"},"inLanguage":"en-US","potentialAction":[{"@type":"ReadAction","target":["https:\/\/lagnoticias.com\/2025\/09\/04\/ice-reporta-crecimiento-progresivo-en-inmigrantes-que-optan-por-la-autodeportacion\/"]}]},{"@type":"ImageObject","inLanguage":"en-US","@id":"https:\/\/lagnoticias.com\/2025\/09\/04\/ice-reporta-crecimiento-progresivo-en-inmigrantes-que-optan-por-la-autodeportacion\/#primaryimage","url":"https:\/\/lagnoticias.com\/wp-content\/uploads\/2025\/09\/6-2.jpg","contentUrl":"https:\/\/lagnoticias.com\/wp-content\/uploads\/2025\/09\/6-2.jpg","width":992,"height":661},{"@type":"BreadcrumbList","@id":"https:\/\/lagnoticias.com\/2025\/09\/04\/ice-reporta-crecimiento-progresivo-en-inmigrantes-que-optan-por-la-autodeportacion\/#breadcrumb","itemListElement":[{"@type":"ListItem","position":1,"name":"Portada","item":"https:\/\/lagnoticias.com\/"},{"@type":"ListItem","position":2,"name":"ICE reporta crecimiento progresivo en inmigrantes que optan por la autodeportaci\u00f3n"}]},{"@type":"WebSite","@id":"https:\/\/lagnoticias.com\/#website","url":"https:\/\/lagnoticias.com\/","name":"La G Noticias","description":"Noticias Positivas","potentialAction":[{"@type":"SearchAction","target":{"@type":"EntryPoint","urlTemplate":"https:\/\/lagnoticias.com\/?s={search_term_string}"},"query-input":{"@type":"PropertyValueSpecification","valueRequired":true,"valueName":"search_term_string"}}],"inLanguage":"en-US"},{"@type":"Person","@id":"https:\/\/lagnoticias.com\/#\/schema\/person\/cb9bfe13f8de05d2c55270be25c6a550","name":"Oscar","image":{"@type":"ImageObject","inLanguage":"en-US","@id":"https:\/\/secure.gravatar.com\/avatar\/45c195718f652dc7ffdd591dc1f2678956ab7fdadcd359a635edc61304a8c757?s=96&d=mm&r=g","url":"https:\/\/secure.gravatar.com\/avatar\/45c195718f652dc7ffdd591dc1f2678956ab7fdadcd359a635edc61304a8c757?s=96&d=mm&r=g","contentUrl":"https:\/\/secure.gravatar.com\/avatar\/45c195718f652dc7ffdd591dc1f2678956ab7fdadcd359a635edc61304a8c757?s=96&d=mm&r=g","caption":"Oscar"},"url":"https:\/\/lagnoticias.com\/en\/author\/oscar\/"}]}},"_links":{"self":[{"href":"https:\/\/lagnoticias.com\/en\/wp-json\/wp\/v2\/posts\/4707","targetHints":{"allow":["GET"]}}],"collection":[{"href":"https:\/\/lagnoticias.com\/en\/wp-json\/wp\/v2\/posts"}],"about":[{"href":"https:\/\/lagnoticias.com\/en\/wp-json\/wp\/v2\/types\/post"}],"author":[{"embeddable":true,"href":"https:\/\/lagnoticias.com\/en\/wp-json\/wp\/v2\/users\/2"}],"replies":[{"embeddable":true,"href":"https:\/\/lagnoticias.com\/en\/wp-json\/wp\/v2\/comments?post=4707"}],"version-history":[{"count":1,"href":"https:\/\/lagnoticias.com\/en\/wp-json\/wp\/v2\/posts\/4707\/revisions"}],"predecessor-version":[{"id":4709,"href":"https:\/\/lagnoticias.com\/en\/wp-json\/wp\/v2\/posts\/4707\/revisions\/4709"}],"wp:featuredmedia":[{"embeddable":true,"href":"https:\/\/lagnoticias.com\/en\/wp-json\/wp\/v2\/media\/4708"}],"wp:attachment":[{"href":"https:\/\/lagnoticias.com\/en\/wp-json\/wp\/v2\/media?parent=4707"}],"wp:term":[{"taxonomy":"category","embeddable":true,"href":"https:\/\/lagnoticias.com\/en\/wp-json\/wp\/v2\/categories?post=4707"},{"taxonomy":"post_tag","embeddable":true,"href":"https:\/\/lagnoticias.com\/en\/wp-json\/wp\/v2\/tags?post=4707"}],"curies":[{"name":"wp","href":"https:\/\/api.w.org\/{rel}","templated":true}]}}