{"id":4704,"date":"2025-09-04T13:33:18","date_gmt":"2025-09-04T19:33:18","guid":{"rendered":"https:\/\/lagnoticias.com\/?p=4704"},"modified":"2025-09-11T10:54:24","modified_gmt":"2025-09-11T16:54:24","slug":"hoy-se-disputa-el-clasico-centroamericano-el-salvador-vs-guatemala-en-las-eliminatorias-rumbo-al-mundial-2026","status":"publish","type":"post","link":"https:\/\/lagnoticias.com\/en\/2025\/09\/04\/hoy-se-disputa-el-clasico-centroamericano-el-salvador-vs-guatemala-en-las-eliminatorias-rumbo-al-mundial-2026\/","title":{"rendered":"Hoy se disputa el cl\u00e1sico centroamericano: El Salvador vs Guatemala en las eliminatorias rumbo al Mundial 2026"},"content":{"rendered":"<p>Las 2 selecciones vuelven a encontrarse&nbsp;este jueves en el Estadio Cementos Progreso, en Ciudad de Guatemala,&nbsp;donde la eliminatoria mundialista se viste de cl\u00e1sico. En la cancha se disputar\u00e1n mucho m\u00e1s que tres puntos: se juega el orgullo, la historia y la ilusi\u00f3n de miles de aficionados que laten al ritmo del bal\u00f3n.<\/p>\n\n\n\n<h2 class=\"wp-block-heading\">El escenario y el grupo<\/h2>\n\n\n\n<p>El bal\u00f3n rodar\u00e1 a las&nbsp;8:00pm. El duelo abre la acci\u00f3n del Grupo A de la tercera ronda de las eliminatorias de la Concacaf rumbo al Mundial 2026.<\/p>\n\n\n\n<p>En este grupo tambi\u00e9n participan Panam\u00e1 y Surinam.&nbsp;Solo el primer lugar clasificar\u00e1 de manera directa a la Copa del Mundo,&nbsp;mientras que los dos mejores segundos tendr\u00e1n un pase al repechaje intercontinental.<\/p>\n\n\n\n<h2 class=\"wp-block-heading\">Rivalidad hist\u00f3rica entre chapines y cuscatlecos<\/h2>\n\n\n\n<p>El historial refleja paridad total: tres victorias para cada selecci\u00f3n y tres empates en nueve enfrentamientos de eliminatorias, con ocho goles por lado.<\/p>\n\n\n\n<p>La ventaja reciente es guatemalteca. Los chapines han ganado los \u00faltimos tres duelos, incluyendo un contundente 3-0 en la Liga de Naciones de 2023.<\/p>\n\n\n\n<h2 class=\"wp-block-heading\">C\u00f3mo llegan las selecciones<\/h2>\n\n\n\n<p>El Salvador:&nbsp;La Selecta avanz\u00f3 con ocho puntos en su grupo, aunque dej\u00f3 dudas con un empate en casa contra Surinam. Su paso por la Copa Oro fue decepcionante, sin puntos ni goles. En 2025 solo registra un triunfo, un 3-0 sobre Anguilla.<\/p>\n\n\n\n<p>Guatemala:&nbsp;La Azul y Blanco alcanz\u00f3 las semifinales de la Copa Oro 2025 y llega con confianza. En la segunda ronda de las eliminatorias sum\u00f3 nueve puntos y trece goles. Adem\u00e1s, acumula seis victorias consecutivas en casa, con cuatro porter\u00edas en cero.<\/p>\n\n\n\n<h2 class=\"wp-block-heading\">Jugadores clave a seguir<\/h2>\n\n\n\n<p>En Guatemala destacan Nicholas Hagen, portero con dos porter\u00edas invictas en la fase previa, y \u00d3scar Santis, goleador con tres tantos.<\/p>\n\n\n\n<p>En El Salvador, Bryan Tamacas sobresale en defensa y est\u00e1 cerca de un r\u00e9cord de apariciones con la Selecta.<\/p>\n\n\n\n<p><\/p>\n\n\n\n<p><\/p>\n\n\n\n<p><\/p>\n\n\n\n<p><\/p>\n\n\n\n<p>(CA 360)<\/p>","protected":false},"excerpt":{"rendered":"<p>El Salvador y Guatemala se enfrentan en un duelo por la clasificaci\u00f3n mundialista en el que se juegan m\u00e1s que 3 puntos.<\/p>","protected":false},"author":2,"featured_media":4705,"comment_status":"open","ping_status":"open","sticky":false,"template":"","format":"standard","meta":{"_et_pb_use_builder":"off","_et_pb_old_content":"","_et_gb_content_width":"","footnotes":""},"categories":[248],"tags":[267,285,286,536,779,802],"class_list":["post-4704","post","type-post","status-publish","format-standard","has-post-thumbnail","hentry","category-deportes","tag-el-salvador","tag-fifa","tag-futbol","tag-guatemala","tag-la-selecta","tag-mundial-de-futbol-2026"],"yoast_head":"<!-- This site is optimized with the Yoast SEO plugin v27.4 - https:\/\/yoast.com\/product\/yoast-seo-wordpress\/ -->\n<title>Hoy se disputa el cl\u00e1sico centroamericano: El Salvador vs Guatemala en las eliminatorias rumbo al Mundial 2026 - La G Noticias<\/title>\n<meta name=\"robots\" content=\"index, follow, max-snippet:-1, max-image-preview:large, max-video-preview:-1\" \/>\n<link rel=\"canonical\" href=\"https:\/\/lagnoticias.com\/en\/2025\/09\/04\/hoy-se-disputa-el-clasico-centroamericano-el-salvador-vs-guatemala-en-las-eliminatorias-rumbo-al-mundial-2026\/\" \/>\n<meta property=\"og:locale\" content=\"en_US\" \/>\n<meta property=\"og:type\" content=\"article\" \/>\n<meta property=\"og:title\" content=\"Hoy se disputa el cl\u00e1sico centroamericano: El Salvador vs Guatemala en las eliminatorias rumbo al Mundial 2026 - La G Noticias\" \/>\n<meta property=\"og:description\" content=\"El Salvador y Guatemala se enfrentan en un duelo por la clasificaci\u00f3n mundialista en el que se juegan m\u00e1s que 3 puntos.\" \/>\n<meta property=\"og:url\" content=\"https:\/\/lagnoticias.com\/en\/2025\/09\/04\/hoy-se-disputa-el-clasico-centroamericano-el-salvador-vs-guatemala-en-las-eliminatorias-rumbo-al-mundial-2026\/\" \/>\n<meta property=\"og:site_name\" content=\"La G Noticias\" \/>\n<meta property=\"article:publisher\" content=\"https:\/\/www.facebook.com\/LaGNoticias\" \/>\n<meta property=\"article:published_time\" content=\"2025-09-04T19:33:18+00:00\" \/>\n<meta property=\"article:modified_time\" content=\"2025-09-11T16:54:24+00:00\" \/>\n<meta property=\"og:image\" content=\"https:\/\/lagnoticias.com\/wp-content\/uploads\/2025\/09\/7-5.jpg\" \/>\n\t<meta property=\"og:image:width\" content=\"1296\" \/>\n\t<meta property=\"og:image:height\" content=\"729\" \/>\n\t<meta property=\"og:image:type\" content=\"image\/jpeg\" \/>\n<meta name=\"author\" content=\"Oscar\" \/>\n<meta name=\"twitter:card\" content=\"summary_large_image\" \/>\n<meta name=\"twitter:creator\" content=\"@lagnoticias\" \/>\n<meta name=\"twitter:site\" content=\"@lagnoticias\" \/>\n<meta name=\"twitter:label1\" content=\"Written by\" \/>\n\t<meta name=\"twitter:data1\" content=\"Oscar\" \/>\n\t<meta name=\"twitter:label2\" content=\"Est. reading time\" \/>\n\t<meta name=\"twitter:data2\" content=\"2 minutes\" \/>\n<script type=\"application\/ld+json\" class=\"yoast-schema-graph\">{\"@context\":\"https:\\\/\\\/schema.org\",\"@graph\":[{\"@type\":\"Article\",\"@id\":\"https:\\\/\\\/lagnoticias.com\\\/2025\\\/09\\\/04\\\/hoy-se-disputa-el-clasico-centroamericano-el-salvador-vs-guatemala-en-las-eliminatorias-rumbo-al-mundial-2026\\\/#article\",\"isPartOf\":{\"@id\":\"https:\\\/\\\/lagnoticias.com\\\/2025\\\/09\\\/04\\\/hoy-se-disputa-el-clasico-centroamericano-el-salvador-vs-guatemala-en-las-eliminatorias-rumbo-al-mundial-2026\\\/\"},\"author\":{\"name\":\"Oscar\",\"@id\":\"https:\\\/\\\/lagnoticias.com\\\/#\\\/schema\\\/person\\\/cb9bfe13f8de05d2c55270be25c6a550\"},\"headline\":\"Hoy se disputa el cl\u00e1sico centroamericano: El Salvador vs Guatemala en las eliminatorias rumbo al Mundial 2026\",\"datePublished\":\"2025-09-04T19:33:18+00:00\",\"dateModified\":\"2025-09-11T16:54:24+00:00\",\"mainEntityOfPage\":{\"@id\":\"https:\\\/\\\/lagnoticias.com\\\/2025\\\/09\\\/04\\\/hoy-se-disputa-el-clasico-centroamericano-el-salvador-vs-guatemala-en-las-eliminatorias-rumbo-al-mundial-2026\\\/\"},\"wordCount\":342,\"commentCount\":0,\"image\":{\"@id\":\"https:\\\/\\\/lagnoticias.com\\\/2025\\\/09\\\/04\\\/hoy-se-disputa-el-clasico-centroamericano-el-salvador-vs-guatemala-en-las-eliminatorias-rumbo-al-mundial-2026\\\/#primaryimage\"},\"thumbnailUrl\":\"https:\\\/\\\/lagnoticias.com\\\/wp-content\\\/uploads\\\/2025\\\/09\\\/7-5.jpg\",\"keywords\":[\"EL SALVADOR\",\"FIFA\",\"F\u00daTBOL\",\"GUATEMALA\",\"LA SELECTA\",\"MUNDIAL DE F\u00daTBOL 2026\"],\"articleSection\":[\"DEPORTES\"],\"inLanguage\":\"en-US\",\"potentialAction\":[{\"@type\":\"CommentAction\",\"name\":\"Comment\",\"target\":[\"https:\\\/\\\/lagnoticias.com\\\/2025\\\/09\\\/04\\\/hoy-se-disputa-el-clasico-centroamericano-el-salvador-vs-guatemala-en-las-eliminatorias-rumbo-al-mundial-2026\\\/#respond\"]}]},{\"@type\":\"WebPage\",\"@id\":\"https:\\\/\\\/lagnoticias.com\\\/2025\\\/09\\\/04\\\/hoy-se-disputa-el-clasico-centroamericano-el-salvador-vs-guatemala-en-las-eliminatorias-rumbo-al-mundial-2026\\\/\",\"url\":\"https:\\\/\\\/lagnoticias.com\\\/2025\\\/09\\\/04\\\/hoy-se-disputa-el-clasico-centroamericano-el-salvador-vs-guatemala-en-las-eliminatorias-rumbo-al-mundial-2026\\\/\",\"name\":\"Hoy se disputa el cl\u00e1sico centroamericano: El Salvador vs Guatemala en las eliminatorias rumbo al Mundial 2026 - La G Noticias\",\"isPartOf\":{\"@id\":\"https:\\\/\\\/lagnoticias.com\\\/#website\"},\"primaryImageOfPage\":{\"@id\":\"https:\\\/\\\/lagnoticias.com\\\/2025\\\/09\\\/04\\\/hoy-se-disputa-el-clasico-centroamericano-el-salvador-vs-guatemala-en-las-eliminatorias-rumbo-al-mundial-2026\\\/#primaryimage\"},\"image\":{\"@id\":\"https:\\\/\\\/lagnoticias.com\\\/2025\\\/09\\\/04\\\/hoy-se-disputa-el-clasico-centroamericano-el-salvador-vs-guatemala-en-las-eliminatorias-rumbo-al-mundial-2026\\\/#primaryimage\"},\"thumbnailUrl\":\"https:\\\/\\\/lagnoticias.com\\\/wp-content\\\/uploads\\\/2025\\\/09\\\/7-5.jpg\",\"datePublished\":\"2025-09-04T19:33:18+00:00\",\"dateModified\":\"2025-09-11T16:54:24+00:00\",\"author\":{\"@id\":\"https:\\\/\\\/lagnoticias.com\\\/#\\\/schema\\\/person\\\/cb9bfe13f8de05d2c55270be25c6a550\"},\"breadcrumb\":{\"@id\":\"https:\\\/\\\/lagnoticias.com\\\/2025\\\/09\\\/04\\\/hoy-se-disputa-el-clasico-centroamericano-el-salvador-vs-guatemala-en-las-eliminatorias-rumbo-al-mundial-2026\\\/#breadcrumb\"},\"inLanguage\":\"en-US\",\"potentialAction\":[{\"@type\":\"ReadAction\",\"target\":[\"https:\\\/\\\/lagnoticias.com\\\/2025\\\/09\\\/04\\\/hoy-se-disputa-el-clasico-centroamericano-el-salvador-vs-guatemala-en-las-eliminatorias-rumbo-al-mundial-2026\\\/\"]}]},{\"@type\":\"ImageObject\",\"inLanguage\":\"en-US\",\"@id\":\"https:\\\/\\\/lagnoticias.com\\\/2025\\\/09\\\/04\\\/hoy-se-disputa-el-clasico-centroamericano-el-salvador-vs-guatemala-en-las-eliminatorias-rumbo-al-mundial-2026\\\/#primaryimage\",\"url\":\"https:\\\/\\\/lagnoticias.com\\\/wp-content\\\/uploads\\\/2025\\\/09\\\/7-5.jpg\",\"contentUrl\":\"https:\\\/\\\/lagnoticias.com\\\/wp-content\\\/uploads\\\/2025\\\/09\\\/7-5.jpg\",\"width\":1296,\"height\":729},{\"@type\":\"BreadcrumbList\",\"@id\":\"https:\\\/\\\/lagnoticias.com\\\/2025\\\/09\\\/04\\\/hoy-se-disputa-el-clasico-centroamericano-el-salvador-vs-guatemala-en-las-eliminatorias-rumbo-al-mundial-2026\\\/#breadcrumb\",\"itemListElement\":[{\"@type\":\"ListItem\",\"position\":1,\"name\":\"Portada\",\"item\":\"https:\\\/\\\/lagnoticias.com\\\/\"},{\"@type\":\"ListItem\",\"position\":2,\"name\":\"Hoy se disputa el cl\u00e1sico centroamericano: El Salvador vs Guatemala en las eliminatorias rumbo al Mundial 2026\"}]},{\"@type\":\"WebSite\",\"@id\":\"https:\\\/\\\/lagnoticias.com\\\/#website\",\"url\":\"https:\\\/\\\/lagnoticias.com\\\/\",\"name\":\"La G Noticias\",\"description\":\"Noticias Positivas\",\"potentialAction\":[{\"@type\":\"SearchAction\",\"target\":{\"@type\":\"EntryPoint\",\"urlTemplate\":\"https:\\\/\\\/lagnoticias.com\\\/?s={search_term_string}\"},\"query-input\":{\"@type\":\"PropertyValueSpecification\",\"valueRequired\":true,\"valueName\":\"search_term_string\"}}],\"inLanguage\":\"en-US\"},{\"@type\":\"Person\",\"@id\":\"https:\\\/\\\/lagnoticias.com\\\/#\\\/schema\\\/person\\\/cb9bfe13f8de05d2c55270be25c6a550\",\"name\":\"Oscar\",\"image\":{\"@type\":\"ImageObject\",\"inLanguage\":\"en-US\",\"@id\":\"https:\\\/\\\/secure.gravatar.com\\\/avatar\\\/45c195718f652dc7ffdd591dc1f2678956ab7fdadcd359a635edc61304a8c757?s=96&d=mm&r=g\",\"url\":\"https:\\\/\\\/secure.gravatar.com\\\/avatar\\\/45c195718f652dc7ffdd591dc1f2678956ab7fdadcd359a635edc61304a8c757?s=96&d=mm&r=g\",\"contentUrl\":\"https:\\\/\\\/secure.gravatar.com\\\/avatar\\\/45c195718f652dc7ffdd591dc1f2678956ab7fdadcd359a635edc61304a8c757?s=96&d=mm&r=g\",\"caption\":\"Oscar\"},\"url\":\"https:\\\/\\\/lagnoticias.com\\\/en\\\/author\\\/oscar\\\/\"}]}<\/script>\n<!-- \/ Yoast SEO plugin. -->","yoast_head_json":{"title":"Hoy se disputa el cl\u00e1sico centroamericano: El Salvador vs Guatemala en las eliminatorias rumbo al Mundial 2026 - La G Noticias","robots":{"index":"index","follow":"follow","max-snippet":"max-snippet:-1","max-image-preview":"max-image-preview:large","max-video-preview":"max-video-preview:-1"},"canonical":"https:\/\/lagnoticias.com\/en\/2025\/09\/04\/hoy-se-disputa-el-clasico-centroamericano-el-salvador-vs-guatemala-en-las-eliminatorias-rumbo-al-mundial-2026\/","og_locale":"en_US","og_type":"article","og_title":"Hoy se disputa el cl\u00e1sico centroamericano: El Salvador vs Guatemala en las eliminatorias rumbo al Mundial 2026 - La G Noticias","og_description":"El Salvador y Guatemala se enfrentan en un duelo por la clasificaci\u00f3n mundialista en el que se juegan m\u00e1s que 3 puntos.","og_url":"https:\/\/lagnoticias.com\/en\/2025\/09\/04\/hoy-se-disputa-el-clasico-centroamericano-el-salvador-vs-guatemala-en-las-eliminatorias-rumbo-al-mundial-2026\/","og_site_name":"La G Noticias","article_publisher":"https:\/\/www.facebook.com\/LaGNoticias","article_published_time":"2025-09-04T19:33:18+00:00","article_modified_time":"2025-09-11T16:54:24+00:00","og_image":[{"width":1296,"height":729,"url":"https:\/\/lagnoticias.com\/wp-content\/uploads\/2025\/09\/7-5.jpg","type":"image\/jpeg"}],"author":"Oscar","twitter_card":"summary_large_image","twitter_creator":"@lagnoticias","twitter_site":"@lagnoticias","twitter_misc":{"Written by":"Oscar","Est. reading time":"2 minutes"},"schema":{"@context":"https:\/\/schema.org","@graph":[{"@type":"Article","@id":"https:\/\/lagnoticias.com\/2025\/09\/04\/hoy-se-disputa-el-clasico-centroamericano-el-salvador-vs-guatemala-en-las-eliminatorias-rumbo-al-mundial-2026\/#article","isPartOf":{"@id":"https:\/\/lagnoticias.com\/2025\/09\/04\/hoy-se-disputa-el-clasico-centroamericano-el-salvador-vs-guatemala-en-las-eliminatorias-rumbo-al-mundial-2026\/"},"author":{"name":"Oscar","@id":"https:\/\/lagnoticias.com\/#\/schema\/person\/cb9bfe13f8de05d2c55270be25c6a550"},"headline":"Hoy se disputa el cl\u00e1sico centroamericano: El Salvador vs Guatemala en las eliminatorias rumbo al Mundial 2026","datePublished":"2025-09-04T19:33:18+00:00","dateModified":"2025-09-11T16:54:24+00:00","mainEntityOfPage":{"@id":"https:\/\/lagnoticias.com\/2025\/09\/04\/hoy-se-disputa-el-clasico-centroamericano-el-salvador-vs-guatemala-en-las-eliminatorias-rumbo-al-mundial-2026\/"},"wordCount":342,"commentCount":0,"image":{"@id":"https:\/\/lagnoticias.com\/2025\/09\/04\/hoy-se-disputa-el-clasico-centroamericano-el-salvador-vs-guatemala-en-las-eliminatorias-rumbo-al-mundial-2026\/#primaryimage"},"thumbnailUrl":"https:\/\/lagnoticias.com\/wp-content\/uploads\/2025\/09\/7-5.jpg","keywords":["EL SALVADOR","FIFA","F\u00daTBOL","GUATEMALA","LA SELECTA","MUNDIAL DE F\u00daTBOL 2026"],"articleSection":["DEPORTES"],"inLanguage":"en-US","potentialAction":[{"@type":"CommentAction","name":"Comment","target":["https:\/\/lagnoticias.com\/2025\/09\/04\/hoy-se-disputa-el-clasico-centroamericano-el-salvador-vs-guatemala-en-las-eliminatorias-rumbo-al-mundial-2026\/#respond"]}]},{"@type":"WebPage","@id":"https:\/\/lagnoticias.com\/2025\/09\/04\/hoy-se-disputa-el-clasico-centroamericano-el-salvador-vs-guatemala-en-las-eliminatorias-rumbo-al-mundial-2026\/","url":"https:\/\/lagnoticias.com\/2025\/09\/04\/hoy-se-disputa-el-clasico-centroamericano-el-salvador-vs-guatemala-en-las-eliminatorias-rumbo-al-mundial-2026\/","name":"Hoy se disputa el cl\u00e1sico centroamericano: El Salvador vs Guatemala en las eliminatorias rumbo al Mundial 2026 - La G Noticias","isPartOf":{"@id":"https:\/\/lagnoticias.com\/#website"},"primaryImageOfPage":{"@id":"https:\/\/lagnoticias.com\/2025\/09\/04\/hoy-se-disputa-el-clasico-centroamericano-el-salvador-vs-guatemala-en-las-eliminatorias-rumbo-al-mundial-2026\/#primaryimage"},"image":{"@id":"https:\/\/lagnoticias.com\/2025\/09\/04\/hoy-se-disputa-el-clasico-centroamericano-el-salvador-vs-guatemala-en-las-eliminatorias-rumbo-al-mundial-2026\/#primaryimage"},"thumbnailUrl":"https:\/\/lagnoticias.com\/wp-content\/uploads\/2025\/09\/7-5.jpg","datePublished":"2025-09-04T19:33:18+00:00","dateModified":"2025-09-11T16:54:24+00:00","author":{"@id":"https:\/\/lagnoticias.com\/#\/schema\/person\/cb9bfe13f8de05d2c55270be25c6a550"},"breadcrumb":{"@id":"https:\/\/lagnoticias.com\/2025\/09\/04\/hoy-se-disputa-el-clasico-centroamericano-el-salvador-vs-guatemala-en-las-eliminatorias-rumbo-al-mundial-2026\/#breadcrumb"},"inLanguage":"en-US","potentialAction":[{"@type":"ReadAction","target":["https:\/\/lagnoticias.com\/2025\/09\/04\/hoy-se-disputa-el-clasico-centroamericano-el-salvador-vs-guatemala-en-las-eliminatorias-rumbo-al-mundial-2026\/"]}]},{"@type":"ImageObject","inLanguage":"en-US","@id":"https:\/\/lagnoticias.com\/2025\/09\/04\/hoy-se-disputa-el-clasico-centroamericano-el-salvador-vs-guatemala-en-las-eliminatorias-rumbo-al-mundial-2026\/#primaryimage","url":"https:\/\/lagnoticias.com\/wp-content\/uploads\/2025\/09\/7-5.jpg","contentUrl":"https:\/\/lagnoticias.com\/wp-content\/uploads\/2025\/09\/7-5.jpg","width":1296,"height":729},{"@type":"BreadcrumbList","@id":"https:\/\/lagnoticias.com\/2025\/09\/04\/hoy-se-disputa-el-clasico-centroamericano-el-salvador-vs-guatemala-en-las-eliminatorias-rumbo-al-mundial-2026\/#breadcrumb","itemListElement":[{"@type":"ListItem","position":1,"name":"Portada","item":"https:\/\/lagnoticias.com\/"},{"@type":"ListItem","position":2,"name":"Hoy se disputa el cl\u00e1sico centroamericano: El Salvador vs Guatemala en las eliminatorias rumbo al Mundial 2026"}]},{"@type":"WebSite","@id":"https:\/\/lagnoticias.com\/#website","url":"https:\/\/lagnoticias.com\/","name":"La G Noticias","description":"Noticias Positivas","potentialAction":[{"@type":"SearchAction","target":{"@type":"EntryPoint","urlTemplate":"https:\/\/lagnoticias.com\/?s={search_term_string}"},"query-input":{"@type":"PropertyValueSpecification","valueRequired":true,"valueName":"search_term_string"}}],"inLanguage":"en-US"},{"@type":"Person","@id":"https:\/\/lagnoticias.com\/#\/schema\/person\/cb9bfe13f8de05d2c55270be25c6a550","name":"Oscar","image":{"@type":"ImageObject","inLanguage":"en-US","@id":"https:\/\/secure.gravatar.com\/avatar\/45c195718f652dc7ffdd591dc1f2678956ab7fdadcd359a635edc61304a8c757?s=96&d=mm&r=g","url":"https:\/\/secure.gravatar.com\/avatar\/45c195718f652dc7ffdd591dc1f2678956ab7fdadcd359a635edc61304a8c757?s=96&d=mm&r=g","contentUrl":"https:\/\/secure.gravatar.com\/avatar\/45c195718f652dc7ffdd591dc1f2678956ab7fdadcd359a635edc61304a8c757?s=96&d=mm&r=g","caption":"Oscar"},"url":"https:\/\/lagnoticias.com\/en\/author\/oscar\/"}]}},"_links":{"self":[{"href":"https:\/\/lagnoticias.com\/en\/wp-json\/wp\/v2\/posts\/4704","targetHints":{"allow":["GET"]}}],"collection":[{"href":"https:\/\/lagnoticias.com\/en\/wp-json\/wp\/v2\/posts"}],"about":[{"href":"https:\/\/lagnoticias.com\/en\/wp-json\/wp\/v2\/types\/post"}],"author":[{"embeddable":true,"href":"https:\/\/lagnoticias.com\/en\/wp-json\/wp\/v2\/users\/2"}],"replies":[{"embeddable":true,"href":"https:\/\/lagnoticias.com\/en\/wp-json\/wp\/v2\/comments?post=4704"}],"version-history":[{"count":1,"href":"https:\/\/lagnoticias.com\/en\/wp-json\/wp\/v2\/posts\/4704\/revisions"}],"predecessor-version":[{"id":4706,"href":"https:\/\/lagnoticias.com\/en\/wp-json\/wp\/v2\/posts\/4704\/revisions\/4706"}],"wp:featuredmedia":[{"embeddable":true,"href":"https:\/\/lagnoticias.com\/en\/wp-json\/wp\/v2\/media\/4705"}],"wp:attachment":[{"href":"https:\/\/lagnoticias.com\/en\/wp-json\/wp\/v2\/media?parent=4704"}],"wp:term":[{"taxonomy":"category","embeddable":true,"href":"https:\/\/lagnoticias.com\/en\/wp-json\/wp\/v2\/categories?post=4704"},{"taxonomy":"post_tag","embeddable":true,"href":"https:\/\/lagnoticias.com\/en\/wp-json\/wp\/v2\/tags?post=4704"}],"curies":[{"name":"wp","href":"https:\/\/api.w.org\/{rel}","templated":true}]}}