{"id":4701,"date":"2025-09-04T12:18:38","date_gmt":"2025-09-04T18:18:38","guid":{"rendered":"https:\/\/lagnoticias.com\/?p=4701"},"modified":"2025-09-04T12:18:39","modified_gmt":"2025-09-04T18:18:39","slug":"donald-trump-reafirmo-su-compromiso-con-un-acuerdo-de-paz-entre-rusia-y-ucrania","status":"publish","type":"post","link":"https:\/\/lagnoticias.com\/en\/2025\/09\/04\/donald-trump-reafirmo-su-compromiso-con-un-acuerdo-de-paz-entre-rusia-y-ucrania\/","title":{"rendered":"Donald Trump reafirm\u00f3 su compromiso con un acuerdo de paz entre Rusia y Ucrania"},"content":{"rendered":"<p>El presidente de Estados Unidos,&nbsp;Donald Trump, declar\u00f3 a&nbsp;CBS News&nbsp;que sigue comprometido con la b\u00fasqueda de un acuerdo de paz entre&nbsp;Rusia&nbsp;y&nbsp;Ucrania, a pesar de la creciente incertidumbre sobre la posibilidad de un encuentro directo entre&nbsp;Vladimir Putin&nbsp;y&nbsp;Volodimir Zelensky.<\/p>\n\n\n\n<p>Trump calific\u00f3 su postura como&nbsp;realista&nbsp;y&nbsp;optimista, y asegur\u00f3 que observa de cerca c\u00f3mo ambos l\u00edderes manejan la situaci\u00f3n actual. \u201cLo he estado observando, lo he estado observando y lo he estado hablando con el presidente Putin y el presidente Zelensky.&nbsp;Algo va a suceder, pero a\u00fan no est\u00e1n listos. Pero algo va a suceder, lo vamos a lograr\u201d, afirm\u00f3 en una entrevista telef\u00f3nica.<\/p>\n\n\n\n<p>Los comentarios se produjeron mientras Rusia contin\u00faa con ataques sobre territorio ucraniano. A finales del mes pasado, un&nbsp;ataque masivo con drones y misiles contra Kiev&nbsp;provoc\u00f3 la muerte de al menos 15 personas, incluidos cuatro ni\u00f1os, seg\u00fan autoridades locales.<\/p>\n\n\n\n<p>Trump expres\u00f3 su descontento con la violencia, aunque insisti\u00f3 en que mantendr\u00e1 la presi\u00f3n para lograr un acuerdo.&nbsp;\u201cCreo que vamos a solucionarlo todo\u201d, indic\u00f3. Tambi\u00e9n a\u00f1adi\u00f3: \u201cFrancamente, pens\u00e9 que el de Rusia habr\u00eda sido uno de los m\u00e1s f\u00e1ciles de los que he parado, pero parece ser algo un poco m\u00e1s dif\u00edcil que algunos de los otros\u201d.<\/p>\n\n\n\n<p>Trump explic\u00f3 adem\u00e1s a&nbsp;CBS News&nbsp;que su enfoque en las negociaciones internacionales consiste en reunir a los l\u00edderes en una sala y promover acuerdos en tiempo real, bajo su orientaci\u00f3n. \u201cAfortunadamente, hemos tenido d\u00edas muy buenos, y una vez que los re\u00fano en una habitaci\u00f3n, o al menos consigo que hablen, parece que todo funciona.&nbsp;Hemos salvado millones de vidas\u201d, se\u00f1al\u00f3.<\/p>\n\n\n\n<p>M\u00e1s all\u00e1 del conflicto en Ucrania, Trump reclam\u00f3 reconocimiento por su papel en seis o siete procesos de paz internacionales y&nbsp;sostuvo que merece el Premio Nobel de la Paz. Seg\u00fan la Casa Blanca, el mandatario hizo referencia a disputas en&nbsp;Israel e Ir\u00e1n, Ruanda y Rep\u00fablica Democr\u00e1tica del Congo, Armenia y Azerbaiy\u00e1n, Tailandia y Camboya, India y Pakist\u00e1n, Egipto y Etiop\u00eda, y Serbia y Kosovo.<\/p>\n\n\n\n<p><\/p>\n\n\n\n<p><\/p>\n\n\n\n<p><\/p>\n\n\n\n<p>(Infobae)<\/p>","protected":false},"excerpt":{"rendered":"<p>El mandatario de Estados Unidos calific\u00f3 su postura como realista y optimista, e insisti\u00f3 en que mantendr\u00e1 la presi\u00f3n para lograr un acuerdo<\/p>","protected":false},"author":2,"featured_media":4702,"comment_status":"open","ping_status":"open","sticky":false,"template":"","format":"standard","meta":{"_et_pb_use_builder":"off","_et_pb_old_content":"","_et_gb_content_width":"","footnotes":""},"categories":[245],"tags":[272,260,392,391,390],"class_list":["post-4701","post","type-post","status-publish","format-standard","has-post-thumbnail","hentry","category-internacionales","tag-donald-trump","tag-estados-unidos","tag-guerra-rusa-ucrania","tag-rusia","tag-ucrania"],"yoast_head":"<!-- This site is optimized with the Yoast SEO plugin v27.4 - https:\/\/yoast.com\/product\/yoast-seo-wordpress\/ -->\n<title>Donald Trump reafirm\u00f3 su compromiso con un acuerdo de paz entre Rusia y Ucrania - La G Noticias<\/title>\n<meta name=\"robots\" content=\"index, follow, max-snippet:-1, max-image-preview:large, max-video-preview:-1\" \/>\n<link rel=\"canonical\" href=\"https:\/\/lagnoticias.com\/en\/2025\/09\/04\/donald-trump-reafirmo-su-compromiso-con-un-acuerdo-de-paz-entre-rusia-y-ucrania\/\" \/>\n<meta property=\"og:locale\" content=\"en_US\" \/>\n<meta property=\"og:type\" content=\"article\" \/>\n<meta property=\"og:title\" content=\"Donald Trump reafirm\u00f3 su compromiso con un acuerdo de paz entre Rusia y Ucrania - La G Noticias\" \/>\n<meta property=\"og:description\" content=\"El mandatario de Estados Unidos calific\u00f3 su postura como realista y optimista, e insisti\u00f3 en que mantendr\u00e1 la presi\u00f3n para lograr un acuerdo\" \/>\n<meta property=\"og:url\" content=\"https:\/\/lagnoticias.com\/en\/2025\/09\/04\/donald-trump-reafirmo-su-compromiso-con-un-acuerdo-de-paz-entre-rusia-y-ucrania\/\" \/>\n<meta property=\"og:site_name\" content=\"La G Noticias\" \/>\n<meta property=\"article:publisher\" content=\"https:\/\/www.facebook.com\/LaGNoticias\" \/>\n<meta property=\"article:published_time\" content=\"2025-09-04T18:18:38+00:00\" \/>\n<meta property=\"article:modified_time\" content=\"2025-09-04T18:18:39+00:00\" \/>\n<meta property=\"og:image\" content=\"https:\/\/lagnoticias.com\/wp-content\/uploads\/2025\/09\/6-1.jpg\" \/>\n\t<meta property=\"og:image:width\" content=\"1005\" \/>\n\t<meta property=\"og:image:height\" content=\"670\" \/>\n\t<meta property=\"og:image:type\" content=\"image\/jpeg\" \/>\n<meta name=\"author\" content=\"Oscar\" \/>\n<meta name=\"twitter:card\" content=\"summary_large_image\" \/>\n<meta name=\"twitter:creator\" content=\"@lagnoticias\" \/>\n<meta name=\"twitter:site\" content=\"@lagnoticias\" \/>\n<meta name=\"twitter:label1\" content=\"Written by\" \/>\n\t<meta name=\"twitter:data1\" content=\"Oscar\" \/>\n\t<meta name=\"twitter:label2\" content=\"Est. reading time\" \/>\n\t<meta name=\"twitter:data2\" content=\"2 minutes\" \/>\n<script type=\"application\/ld+json\" class=\"yoast-schema-graph\">{\"@context\":\"https:\\\/\\\/schema.org\",\"@graph\":[{\"@type\":\"Article\",\"@id\":\"https:\\\/\\\/lagnoticias.com\\\/2025\\\/09\\\/04\\\/donald-trump-reafirmo-su-compromiso-con-un-acuerdo-de-paz-entre-rusia-y-ucrania\\\/#article\",\"isPartOf\":{\"@id\":\"https:\\\/\\\/lagnoticias.com\\\/2025\\\/09\\\/04\\\/donald-trump-reafirmo-su-compromiso-con-un-acuerdo-de-paz-entre-rusia-y-ucrania\\\/\"},\"author\":{\"name\":\"Oscar\",\"@id\":\"https:\\\/\\\/lagnoticias.com\\\/#\\\/schema\\\/person\\\/cb9bfe13f8de05d2c55270be25c6a550\"},\"headline\":\"Donald Trump reafirm\u00f3 su compromiso con un acuerdo de paz entre Rusia y Ucrania\",\"datePublished\":\"2025-09-04T18:18:38+00:00\",\"dateModified\":\"2025-09-04T18:18:39+00:00\",\"mainEntityOfPage\":{\"@id\":\"https:\\\/\\\/lagnoticias.com\\\/2025\\\/09\\\/04\\\/donald-trump-reafirmo-su-compromiso-con-un-acuerdo-de-paz-entre-rusia-y-ucrania\\\/\"},\"wordCount\":404,\"commentCount\":0,\"image\":{\"@id\":\"https:\\\/\\\/lagnoticias.com\\\/2025\\\/09\\\/04\\\/donald-trump-reafirmo-su-compromiso-con-un-acuerdo-de-paz-entre-rusia-y-ucrania\\\/#primaryimage\"},\"thumbnailUrl\":\"https:\\\/\\\/lagnoticias.com\\\/wp-content\\\/uploads\\\/2025\\\/09\\\/6-1.jpg\",\"keywords\":[\"DONALD TRUMP\",\"ESTADOS UNIDOS\",\"GUERRA RUSA UCRANIA\",\"RUSIA\",\"UCRANIA\"],\"articleSection\":[\"INTERNACIONALES\"],\"inLanguage\":\"en-US\",\"potentialAction\":[{\"@type\":\"CommentAction\",\"name\":\"Comment\",\"target\":[\"https:\\\/\\\/lagnoticias.com\\\/2025\\\/09\\\/04\\\/donald-trump-reafirmo-su-compromiso-con-un-acuerdo-de-paz-entre-rusia-y-ucrania\\\/#respond\"]}]},{\"@type\":\"WebPage\",\"@id\":\"https:\\\/\\\/lagnoticias.com\\\/2025\\\/09\\\/04\\\/donald-trump-reafirmo-su-compromiso-con-un-acuerdo-de-paz-entre-rusia-y-ucrania\\\/\",\"url\":\"https:\\\/\\\/lagnoticias.com\\\/2025\\\/09\\\/04\\\/donald-trump-reafirmo-su-compromiso-con-un-acuerdo-de-paz-entre-rusia-y-ucrania\\\/\",\"name\":\"Donald Trump reafirm\u00f3 su compromiso con un acuerdo de paz entre Rusia y Ucrania - La G Noticias\",\"isPartOf\":{\"@id\":\"https:\\\/\\\/lagnoticias.com\\\/#website\"},\"primaryImageOfPage\":{\"@id\":\"https:\\\/\\\/lagnoticias.com\\\/2025\\\/09\\\/04\\\/donald-trump-reafirmo-su-compromiso-con-un-acuerdo-de-paz-entre-rusia-y-ucrania\\\/#primaryimage\"},\"image\":{\"@id\":\"https:\\\/\\\/lagnoticias.com\\\/2025\\\/09\\\/04\\\/donald-trump-reafirmo-su-compromiso-con-un-acuerdo-de-paz-entre-rusia-y-ucrania\\\/#primaryimage\"},\"thumbnailUrl\":\"https:\\\/\\\/lagnoticias.com\\\/wp-content\\\/uploads\\\/2025\\\/09\\\/6-1.jpg\",\"datePublished\":\"2025-09-04T18:18:38+00:00\",\"dateModified\":\"2025-09-04T18:18:39+00:00\",\"author\":{\"@id\":\"https:\\\/\\\/lagnoticias.com\\\/#\\\/schema\\\/person\\\/cb9bfe13f8de05d2c55270be25c6a550\"},\"breadcrumb\":{\"@id\":\"https:\\\/\\\/lagnoticias.com\\\/2025\\\/09\\\/04\\\/donald-trump-reafirmo-su-compromiso-con-un-acuerdo-de-paz-entre-rusia-y-ucrania\\\/#breadcrumb\"},\"inLanguage\":\"en-US\",\"potentialAction\":[{\"@type\":\"ReadAction\",\"target\":[\"https:\\\/\\\/lagnoticias.com\\\/2025\\\/09\\\/04\\\/donald-trump-reafirmo-su-compromiso-con-un-acuerdo-de-paz-entre-rusia-y-ucrania\\\/\"]}]},{\"@type\":\"ImageObject\",\"inLanguage\":\"en-US\",\"@id\":\"https:\\\/\\\/lagnoticias.com\\\/2025\\\/09\\\/04\\\/donald-trump-reafirmo-su-compromiso-con-un-acuerdo-de-paz-entre-rusia-y-ucrania\\\/#primaryimage\",\"url\":\"https:\\\/\\\/lagnoticias.com\\\/wp-content\\\/uploads\\\/2025\\\/09\\\/6-1.jpg\",\"contentUrl\":\"https:\\\/\\\/lagnoticias.com\\\/wp-content\\\/uploads\\\/2025\\\/09\\\/6-1.jpg\",\"width\":1005,\"height\":670},{\"@type\":\"BreadcrumbList\",\"@id\":\"https:\\\/\\\/lagnoticias.com\\\/2025\\\/09\\\/04\\\/donald-trump-reafirmo-su-compromiso-con-un-acuerdo-de-paz-entre-rusia-y-ucrania\\\/#breadcrumb\",\"itemListElement\":[{\"@type\":\"ListItem\",\"position\":1,\"name\":\"Portada\",\"item\":\"https:\\\/\\\/lagnoticias.com\\\/\"},{\"@type\":\"ListItem\",\"position\":2,\"name\":\"Donald Trump reafirm\u00f3 su compromiso con un acuerdo de paz entre Rusia y Ucrania\"}]},{\"@type\":\"WebSite\",\"@id\":\"https:\\\/\\\/lagnoticias.com\\\/#website\",\"url\":\"https:\\\/\\\/lagnoticias.com\\\/\",\"name\":\"La G Noticias\",\"description\":\"Noticias Positivas\",\"potentialAction\":[{\"@type\":\"SearchAction\",\"target\":{\"@type\":\"EntryPoint\",\"urlTemplate\":\"https:\\\/\\\/lagnoticias.com\\\/?s={search_term_string}\"},\"query-input\":{\"@type\":\"PropertyValueSpecification\",\"valueRequired\":true,\"valueName\":\"search_term_string\"}}],\"inLanguage\":\"en-US\"},{\"@type\":\"Person\",\"@id\":\"https:\\\/\\\/lagnoticias.com\\\/#\\\/schema\\\/person\\\/cb9bfe13f8de05d2c55270be25c6a550\",\"name\":\"Oscar\",\"image\":{\"@type\":\"ImageObject\",\"inLanguage\":\"en-US\",\"@id\":\"https:\\\/\\\/secure.gravatar.com\\\/avatar\\\/45c195718f652dc7ffdd591dc1f2678956ab7fdadcd359a635edc61304a8c757?s=96&d=mm&r=g\",\"url\":\"https:\\\/\\\/secure.gravatar.com\\\/avatar\\\/45c195718f652dc7ffdd591dc1f2678956ab7fdadcd359a635edc61304a8c757?s=96&d=mm&r=g\",\"contentUrl\":\"https:\\\/\\\/secure.gravatar.com\\\/avatar\\\/45c195718f652dc7ffdd591dc1f2678956ab7fdadcd359a635edc61304a8c757?s=96&d=mm&r=g\",\"caption\":\"Oscar\"},\"url\":\"https:\\\/\\\/lagnoticias.com\\\/en\\\/author\\\/oscar\\\/\"}]}<\/script>\n<!-- \/ Yoast SEO plugin. -->","yoast_head_json":{"title":"Donald Trump reafirm\u00f3 su compromiso con un acuerdo de paz entre Rusia y Ucrania - La G Noticias","robots":{"index":"index","follow":"follow","max-snippet":"max-snippet:-1","max-image-preview":"max-image-preview:large","max-video-preview":"max-video-preview:-1"},"canonical":"https:\/\/lagnoticias.com\/en\/2025\/09\/04\/donald-trump-reafirmo-su-compromiso-con-un-acuerdo-de-paz-entre-rusia-y-ucrania\/","og_locale":"en_US","og_type":"article","og_title":"Donald Trump reafirm\u00f3 su compromiso con un acuerdo de paz entre Rusia y Ucrania - La G Noticias","og_description":"El mandatario de Estados Unidos calific\u00f3 su postura como realista y optimista, e insisti\u00f3 en que mantendr\u00e1 la presi\u00f3n para lograr un acuerdo","og_url":"https:\/\/lagnoticias.com\/en\/2025\/09\/04\/donald-trump-reafirmo-su-compromiso-con-un-acuerdo-de-paz-entre-rusia-y-ucrania\/","og_site_name":"La G Noticias","article_publisher":"https:\/\/www.facebook.com\/LaGNoticias","article_published_time":"2025-09-04T18:18:38+00:00","article_modified_time":"2025-09-04T18:18:39+00:00","og_image":[{"width":1005,"height":670,"url":"https:\/\/lagnoticias.com\/wp-content\/uploads\/2025\/09\/6-1.jpg","type":"image\/jpeg"}],"author":"Oscar","twitter_card":"summary_large_image","twitter_creator":"@lagnoticias","twitter_site":"@lagnoticias","twitter_misc":{"Written by":"Oscar","Est. reading time":"2 minutes"},"schema":{"@context":"https:\/\/schema.org","@graph":[{"@type":"Article","@id":"https:\/\/lagnoticias.com\/2025\/09\/04\/donald-trump-reafirmo-su-compromiso-con-un-acuerdo-de-paz-entre-rusia-y-ucrania\/#article","isPartOf":{"@id":"https:\/\/lagnoticias.com\/2025\/09\/04\/donald-trump-reafirmo-su-compromiso-con-un-acuerdo-de-paz-entre-rusia-y-ucrania\/"},"author":{"name":"Oscar","@id":"https:\/\/lagnoticias.com\/#\/schema\/person\/cb9bfe13f8de05d2c55270be25c6a550"},"headline":"Donald Trump reafirm\u00f3 su compromiso con un acuerdo de paz entre Rusia y Ucrania","datePublished":"2025-09-04T18:18:38+00:00","dateModified":"2025-09-04T18:18:39+00:00","mainEntityOfPage":{"@id":"https:\/\/lagnoticias.com\/2025\/09\/04\/donald-trump-reafirmo-su-compromiso-con-un-acuerdo-de-paz-entre-rusia-y-ucrania\/"},"wordCount":404,"commentCount":0,"image":{"@id":"https:\/\/lagnoticias.com\/2025\/09\/04\/donald-trump-reafirmo-su-compromiso-con-un-acuerdo-de-paz-entre-rusia-y-ucrania\/#primaryimage"},"thumbnailUrl":"https:\/\/lagnoticias.com\/wp-content\/uploads\/2025\/09\/6-1.jpg","keywords":["DONALD TRUMP","ESTADOS UNIDOS","GUERRA RUSA UCRANIA","RUSIA","UCRANIA"],"articleSection":["INTERNACIONALES"],"inLanguage":"en-US","potentialAction":[{"@type":"CommentAction","name":"Comment","target":["https:\/\/lagnoticias.com\/2025\/09\/04\/donald-trump-reafirmo-su-compromiso-con-un-acuerdo-de-paz-entre-rusia-y-ucrania\/#respond"]}]},{"@type":"WebPage","@id":"https:\/\/lagnoticias.com\/2025\/09\/04\/donald-trump-reafirmo-su-compromiso-con-un-acuerdo-de-paz-entre-rusia-y-ucrania\/","url":"https:\/\/lagnoticias.com\/2025\/09\/04\/donald-trump-reafirmo-su-compromiso-con-un-acuerdo-de-paz-entre-rusia-y-ucrania\/","name":"Donald Trump reafirm\u00f3 su compromiso con un acuerdo de paz entre Rusia y Ucrania - La G Noticias","isPartOf":{"@id":"https:\/\/lagnoticias.com\/#website"},"primaryImageOfPage":{"@id":"https:\/\/lagnoticias.com\/2025\/09\/04\/donald-trump-reafirmo-su-compromiso-con-un-acuerdo-de-paz-entre-rusia-y-ucrania\/#primaryimage"},"image":{"@id":"https:\/\/lagnoticias.com\/2025\/09\/04\/donald-trump-reafirmo-su-compromiso-con-un-acuerdo-de-paz-entre-rusia-y-ucrania\/#primaryimage"},"thumbnailUrl":"https:\/\/lagnoticias.com\/wp-content\/uploads\/2025\/09\/6-1.jpg","datePublished":"2025-09-04T18:18:38+00:00","dateModified":"2025-09-04T18:18:39+00:00","author":{"@id":"https:\/\/lagnoticias.com\/#\/schema\/person\/cb9bfe13f8de05d2c55270be25c6a550"},"breadcrumb":{"@id":"https:\/\/lagnoticias.com\/2025\/09\/04\/donald-trump-reafirmo-su-compromiso-con-un-acuerdo-de-paz-entre-rusia-y-ucrania\/#breadcrumb"},"inLanguage":"en-US","potentialAction":[{"@type":"ReadAction","target":["https:\/\/lagnoticias.com\/2025\/09\/04\/donald-trump-reafirmo-su-compromiso-con-un-acuerdo-de-paz-entre-rusia-y-ucrania\/"]}]},{"@type":"ImageObject","inLanguage":"en-US","@id":"https:\/\/lagnoticias.com\/2025\/09\/04\/donald-trump-reafirmo-su-compromiso-con-un-acuerdo-de-paz-entre-rusia-y-ucrania\/#primaryimage","url":"https:\/\/lagnoticias.com\/wp-content\/uploads\/2025\/09\/6-1.jpg","contentUrl":"https:\/\/lagnoticias.com\/wp-content\/uploads\/2025\/09\/6-1.jpg","width":1005,"height":670},{"@type":"BreadcrumbList","@id":"https:\/\/lagnoticias.com\/2025\/09\/04\/donald-trump-reafirmo-su-compromiso-con-un-acuerdo-de-paz-entre-rusia-y-ucrania\/#breadcrumb","itemListElement":[{"@type":"ListItem","position":1,"name":"Portada","item":"https:\/\/lagnoticias.com\/"},{"@type":"ListItem","position":2,"name":"Donald Trump reafirm\u00f3 su compromiso con un acuerdo de paz entre Rusia y Ucrania"}]},{"@type":"WebSite","@id":"https:\/\/lagnoticias.com\/#website","url":"https:\/\/lagnoticias.com\/","name":"La G Noticias","description":"Noticias Positivas","potentialAction":[{"@type":"SearchAction","target":{"@type":"EntryPoint","urlTemplate":"https:\/\/lagnoticias.com\/?s={search_term_string}"},"query-input":{"@type":"PropertyValueSpecification","valueRequired":true,"valueName":"search_term_string"}}],"inLanguage":"en-US"},{"@type":"Person","@id":"https:\/\/lagnoticias.com\/#\/schema\/person\/cb9bfe13f8de05d2c55270be25c6a550","name":"Oscar","image":{"@type":"ImageObject","inLanguage":"en-US","@id":"https:\/\/secure.gravatar.com\/avatar\/45c195718f652dc7ffdd591dc1f2678956ab7fdadcd359a635edc61304a8c757?s=96&d=mm&r=g","url":"https:\/\/secure.gravatar.com\/avatar\/45c195718f652dc7ffdd591dc1f2678956ab7fdadcd359a635edc61304a8c757?s=96&d=mm&r=g","contentUrl":"https:\/\/secure.gravatar.com\/avatar\/45c195718f652dc7ffdd591dc1f2678956ab7fdadcd359a635edc61304a8c757?s=96&d=mm&r=g","caption":"Oscar"},"url":"https:\/\/lagnoticias.com\/en\/author\/oscar\/"}]}},"_links":{"self":[{"href":"https:\/\/lagnoticias.com\/en\/wp-json\/wp\/v2\/posts\/4701","targetHints":{"allow":["GET"]}}],"collection":[{"href":"https:\/\/lagnoticias.com\/en\/wp-json\/wp\/v2\/posts"}],"about":[{"href":"https:\/\/lagnoticias.com\/en\/wp-json\/wp\/v2\/types\/post"}],"author":[{"embeddable":true,"href":"https:\/\/lagnoticias.com\/en\/wp-json\/wp\/v2\/users\/2"}],"replies":[{"embeddable":true,"href":"https:\/\/lagnoticias.com\/en\/wp-json\/wp\/v2\/comments?post=4701"}],"version-history":[{"count":1,"href":"https:\/\/lagnoticias.com\/en\/wp-json\/wp\/v2\/posts\/4701\/revisions"}],"predecessor-version":[{"id":4703,"href":"https:\/\/lagnoticias.com\/en\/wp-json\/wp\/v2\/posts\/4701\/revisions\/4703"}],"wp:featuredmedia":[{"embeddable":true,"href":"https:\/\/lagnoticias.com\/en\/wp-json\/wp\/v2\/media\/4702"}],"wp:attachment":[{"href":"https:\/\/lagnoticias.com\/en\/wp-json\/wp\/v2\/media?parent=4701"}],"wp:term":[{"taxonomy":"category","embeddable":true,"href":"https:\/\/lagnoticias.com\/en\/wp-json\/wp\/v2\/categories?post=4701"},{"taxonomy":"post_tag","embeddable":true,"href":"https:\/\/lagnoticias.com\/en\/wp-json\/wp\/v2\/tags?post=4701"}],"curies":[{"name":"wp","href":"https:\/\/api.w.org\/{rel}","templated":true}]}}