{"id":4684,"date":"2025-09-04T09:11:54","date_gmt":"2025-09-04T15:11:54","guid":{"rendered":"https:\/\/lagnoticias.com\/?p=4684"},"modified":"2025-09-04T09:11:55","modified_gmt":"2025-09-04T15:11:55","slug":"el-sequito-de-kim-jong-un-limpio-sus-huellas-tras-cumbre-con-putin","status":"publish","type":"post","link":"https:\/\/lagnoticias.com\/en\/2025\/09\/04\/el-sequito-de-kim-jong-un-limpio-sus-huellas-tras-cumbre-con-putin\/","title":{"rendered":"El s\u00e9quito de Kim Jong-un limpi\u00f3 sus huellas tras cumbre con Putin"},"content":{"rendered":"<p>El personal que acompa\u00f1\u00f3 a&nbsp;Kim Jong-un&nbsp;a&nbsp;Pek\u00edn&nbsp;fue grabado retirando y limpiando minuciosamente los objetos que utiliz\u00f3 el l\u00edder norcoreano tras su reuni\u00f3n con el presidente ruso,&nbsp;Vladimir Putin, un gesto que ilustra el extremo cuidado del r\u00e9gimen por evitar que queden rastros que puedan revelar informaci\u00f3n sobre la salud del dirigente.<\/p>\n\n\n\n<p>\u00abDespu\u00e9s de la finalizaci\u00f3n de las negociaciones, el personal que acompa\u00f1aba al jefe de&nbsp;Corea del Norte&nbsp;elimin\u00f3 cuidadosamente todas las huellas de la presencia de Kim\u00bb, dijo el periodista ruso Alexander Yunashev en su cuenta de Telegram, el mi\u00e9rcoles.<\/p>\n\n\n\n<p>En las im\u00e1genes publicadas por Yunashev se observa c\u00f3mo una asistente de Kim retira el vaso del que hab\u00eda bebido, mientras otro miembro del equipo limpia a fondo el respaldo y los reposabrazos de la silla, as\u00ed como la mesa de centro donde estuvo colocado el vaso.<\/p>\n\n\n\n<p>Kim tambi\u00e9n tom\u00f3 otras precauciones en el marco de su visita al desfile militar por el fin de la Segunda Guerra Mundial en Pek\u00edn.<\/p>\n\n\n\n<p><\/p>\n\n\n\n<p><\/p>\n\n\n\n<figure class=\"wp-block-image aligncenter size-large\"><img loading=\"lazy\" decoding=\"async\" width=\"1024\" height=\"576\" src=\"https:\/\/lagnoticias.com\/wp-content\/uploads\/2025\/09\/73864323_906-1024x576.jpg\" alt=\"\" class=\"wp-image-4686\" srcset=\"https:\/\/lagnoticias.com\/wp-content\/uploads\/2025\/09\/73864323_906-1024x576.jpg 1024w, https:\/\/lagnoticias.com\/wp-content\/uploads\/2025\/09\/73864323_906-980x551.jpg 980w, https:\/\/lagnoticias.com\/wp-content\/uploads\/2025\/09\/73864323_906-480x270.jpg 480w\" sizes=\"(min-width: 0px) and (max-width: 480px) 480px, (min-width: 481px) and (max-width: 980px) 980px, (min-width: 981px) 1024px, 100vw\" \/><\/figure>\n\n\n\n<p><\/p>\n\n\n\n<p><\/p>\n\n\n\n<h2 class=\"wp-block-heading\">Ba\u00f1o privado para evitar filtraci\u00f3n de restos biol\u00f3gicos<\/h2>\n\n\n\n<p><\/p>\n\n\n\n<p>El tren blindado &#8216;Taeyangho&#8217;, con el que viaj\u00f3 a China, cuenta con un ba\u00f1o privado dise\u00f1ado para evitar la filtraci\u00f3n de restos biol\u00f3gicos que pudieran ofrecer pistas sobre su estado de salud, seg\u00fan inform\u00f3 el mi\u00e9rcoles el diario japon\u00e9s&nbsp;Nikkei, citando a fuentes de inteligencia surcoreanas y japonesas.<\/p>\n\n\n\n<p>\u00abLa condici\u00f3n f\u00edsica del l\u00edder supremo tiene un gran impacto en el r\u00e9gimen norcoreano. Corea del Norte hace un esfuerzo particular por aislar todo lo relacionado con eso, como el cabello y el excremento\u00bb, explic\u00f3 un funcionario de inteligencia de&nbsp;Corea del Sur&nbsp;al diario japon\u00e9s.<\/p>\n\n\n\n<p>No es la primera vez que&nbsp;Pionyang&nbsp;aplica este tipo de medidas. En anteriores viajes al extranjero, el personal de Kim ha limpiado cuidadosamente sus habitaciones de hotel y los utensilios que us\u00f3 para eliminar cualquier rastro biol\u00f3gico. Asimismo, Kim nunca emplea bol\u00edgrafos ajenos, sino los que prepara su propia delegaci\u00f3n, seg\u00fan el diario japon\u00e9s.<\/p>\n\n\n\n<p>En 2018 Kim viaj\u00f3 con su propio ba\u00f1o tanto a la cumbre intercoreana como a la de Singapur con&nbsp;Donald Trump.<\/p>\n\n\n\n<p>Un a\u00f1o despu\u00e9s, en camino a Han\u00f3i para su otra cumbre con Washington, Kim fue visto fumando afuera de su tren mientras su hermana Kim Yo-jong recog\u00eda sus colillas para evitar dejar restos de ADN, en im\u00e1genes captadas por la cadena de televisi\u00f3n japonesa TBS.<\/p>\n\n\n\n<p><\/p>\n\n\n\n<p><\/p>\n\n\n\n<figure class=\"wp-block-embed is-type-rich is-provider-twitter wp-block-embed-twitter\"><div class=\"wp-block-embed__wrapper\">\nhttps:\/\/twitter.com\/AlertaNews24\/status\/1963210565406380215\n<\/div><\/figure>\n\n\n\n<p><\/p>\n\n\n\n<p><\/p>\n\n\n\n<p><\/p>\n\n\n\n<p><\/p>\n\n\n\n<p><\/p>\n\n\n\n<p>(DW)<\/p>","protected":false},"excerpt":{"rendered":"<p>Medios de Corea del Sur y del mundo destacaron que la comitiva de Kim Jong-un limpi\u00f3 todo rastro de huellas del l\u00edder norcoreano tras su reuni\u00f3n con Putin en Pek\u00edn.<\/p>","protected":false},"author":2,"featured_media":4685,"comment_status":"open","ping_status":"open","sticky":false,"template":"","format":"standard","meta":{"_et_pb_use_builder":"off","_et_pb_old_content":"","_et_gb_content_width":"","footnotes":""},"categories":[245],"tags":[878,859,394],"class_list":["post-4684","post","type-post","status-publish","format-standard","has-post-thumbnail","hentry","category-internacionales","tag-cumbre","tag-kim-jong-un","tag-vladimir-putin"],"yoast_head":"<!-- This site is optimized with the Yoast SEO plugin v27.4 - https:\/\/yoast.com\/product\/yoast-seo-wordpress\/ -->\n<title>El s\u00e9quito de Kim Jong-un limpi\u00f3 sus huellas tras cumbre con Putin - La G Noticias<\/title>\n<meta name=\"robots\" content=\"index, follow, max-snippet:-1, max-image-preview:large, max-video-preview:-1\" \/>\n<link rel=\"canonical\" href=\"https:\/\/lagnoticias.com\/en\/2025\/09\/04\/el-sequito-de-kim-jong-un-limpio-sus-huellas-tras-cumbre-con-putin\/\" \/>\n<meta property=\"og:locale\" content=\"en_US\" \/>\n<meta property=\"og:type\" content=\"article\" \/>\n<meta property=\"og:title\" content=\"El s\u00e9quito de Kim Jong-un limpi\u00f3 sus huellas tras cumbre con Putin - La G Noticias\" \/>\n<meta property=\"og:description\" content=\"Medios de Corea del Sur y del mundo destacaron que la comitiva de Kim Jong-un limpi\u00f3 todo rastro de huellas del l\u00edder norcoreano tras su reuni\u00f3n con Putin en Pek\u00edn.\" \/>\n<meta property=\"og:url\" content=\"https:\/\/lagnoticias.com\/en\/2025\/09\/04\/el-sequito-de-kim-jong-un-limpio-sus-huellas-tras-cumbre-con-putin\/\" \/>\n<meta property=\"og:site_name\" content=\"La G Noticias\" \/>\n<meta property=\"article:publisher\" content=\"https:\/\/www.facebook.com\/LaGNoticias\" \/>\n<meta property=\"article:published_time\" content=\"2025-09-04T15:11:54+00:00\" \/>\n<meta property=\"article:modified_time\" content=\"2025-09-04T15:11:55+00:00\" \/>\n<meta property=\"og:image\" content=\"https:\/\/lagnoticias.com\/wp-content\/uploads\/2025\/09\/2-3-scaled.jpg\" \/>\n\t<meta property=\"og:image:width\" content=\"2560\" \/>\n\t<meta property=\"og:image:height\" content=\"1699\" \/>\n\t<meta property=\"og:image:type\" content=\"image\/jpeg\" \/>\n<meta name=\"author\" content=\"Oscar\" \/>\n<meta name=\"twitter:card\" content=\"summary_large_image\" \/>\n<meta name=\"twitter:creator\" content=\"@lagnoticias\" \/>\n<meta name=\"twitter:site\" content=\"@lagnoticias\" \/>\n<meta name=\"twitter:label1\" content=\"Written by\" \/>\n\t<meta name=\"twitter:data1\" content=\"Oscar\" \/>\n\t<meta name=\"twitter:label2\" content=\"Est. reading time\" \/>\n\t<meta name=\"twitter:data2\" content=\"3 minutes\" \/>\n<script type=\"application\/ld+json\" class=\"yoast-schema-graph\">{\"@context\":\"https:\\\/\\\/schema.org\",\"@graph\":[{\"@type\":\"Article\",\"@id\":\"https:\\\/\\\/lagnoticias.com\\\/2025\\\/09\\\/04\\\/el-sequito-de-kim-jong-un-limpio-sus-huellas-tras-cumbre-con-putin\\\/#article\",\"isPartOf\":{\"@id\":\"https:\\\/\\\/lagnoticias.com\\\/2025\\\/09\\\/04\\\/el-sequito-de-kim-jong-un-limpio-sus-huellas-tras-cumbre-con-putin\\\/\"},\"author\":{\"name\":\"Oscar\",\"@id\":\"https:\\\/\\\/lagnoticias.com\\\/#\\\/schema\\\/person\\\/cb9bfe13f8de05d2c55270be25c6a550\"},\"headline\":\"El s\u00e9quito de Kim Jong-un limpi\u00f3 sus huellas tras cumbre con Putin\",\"datePublished\":\"2025-09-04T15:11:54+00:00\",\"dateModified\":\"2025-09-04T15:11:55+00:00\",\"mainEntityOfPage\":{\"@id\":\"https:\\\/\\\/lagnoticias.com\\\/2025\\\/09\\\/04\\\/el-sequito-de-kim-jong-un-limpio-sus-huellas-tras-cumbre-con-putin\\\/\"},\"wordCount\":460,\"commentCount\":0,\"image\":{\"@id\":\"https:\\\/\\\/lagnoticias.com\\\/2025\\\/09\\\/04\\\/el-sequito-de-kim-jong-un-limpio-sus-huellas-tras-cumbre-con-putin\\\/#primaryimage\"},\"thumbnailUrl\":\"https:\\\/\\\/lagnoticias.com\\\/wp-content\\\/uploads\\\/2025\\\/09\\\/2-3-scaled.jpg\",\"keywords\":[\"cumbre\",\"Kim Jong Un\",\"VLADIMIR PUTIN\"],\"articleSection\":[\"INTERNACIONALES\"],\"inLanguage\":\"en-US\",\"potentialAction\":[{\"@type\":\"CommentAction\",\"name\":\"Comment\",\"target\":[\"https:\\\/\\\/lagnoticias.com\\\/2025\\\/09\\\/04\\\/el-sequito-de-kim-jong-un-limpio-sus-huellas-tras-cumbre-con-putin\\\/#respond\"]}]},{\"@type\":\"WebPage\",\"@id\":\"https:\\\/\\\/lagnoticias.com\\\/2025\\\/09\\\/04\\\/el-sequito-de-kim-jong-un-limpio-sus-huellas-tras-cumbre-con-putin\\\/\",\"url\":\"https:\\\/\\\/lagnoticias.com\\\/2025\\\/09\\\/04\\\/el-sequito-de-kim-jong-un-limpio-sus-huellas-tras-cumbre-con-putin\\\/\",\"name\":\"El s\u00e9quito de Kim Jong-un limpi\u00f3 sus huellas tras cumbre con Putin - La G Noticias\",\"isPartOf\":{\"@id\":\"https:\\\/\\\/lagnoticias.com\\\/#website\"},\"primaryImageOfPage\":{\"@id\":\"https:\\\/\\\/lagnoticias.com\\\/2025\\\/09\\\/04\\\/el-sequito-de-kim-jong-un-limpio-sus-huellas-tras-cumbre-con-putin\\\/#primaryimage\"},\"image\":{\"@id\":\"https:\\\/\\\/lagnoticias.com\\\/2025\\\/09\\\/04\\\/el-sequito-de-kim-jong-un-limpio-sus-huellas-tras-cumbre-con-putin\\\/#primaryimage\"},\"thumbnailUrl\":\"https:\\\/\\\/lagnoticias.com\\\/wp-content\\\/uploads\\\/2025\\\/09\\\/2-3-scaled.jpg\",\"datePublished\":\"2025-09-04T15:11:54+00:00\",\"dateModified\":\"2025-09-04T15:11:55+00:00\",\"author\":{\"@id\":\"https:\\\/\\\/lagnoticias.com\\\/#\\\/schema\\\/person\\\/cb9bfe13f8de05d2c55270be25c6a550\"},\"breadcrumb\":{\"@id\":\"https:\\\/\\\/lagnoticias.com\\\/2025\\\/09\\\/04\\\/el-sequito-de-kim-jong-un-limpio-sus-huellas-tras-cumbre-con-putin\\\/#breadcrumb\"},\"inLanguage\":\"en-US\",\"potentialAction\":[{\"@type\":\"ReadAction\",\"target\":[\"https:\\\/\\\/lagnoticias.com\\\/2025\\\/09\\\/04\\\/el-sequito-de-kim-jong-un-limpio-sus-huellas-tras-cumbre-con-putin\\\/\"]}]},{\"@type\":\"ImageObject\",\"inLanguage\":\"en-US\",\"@id\":\"https:\\\/\\\/lagnoticias.com\\\/2025\\\/09\\\/04\\\/el-sequito-de-kim-jong-un-limpio-sus-huellas-tras-cumbre-con-putin\\\/#primaryimage\",\"url\":\"https:\\\/\\\/lagnoticias.com\\\/wp-content\\\/uploads\\\/2025\\\/09\\\/2-3-scaled.jpg\",\"contentUrl\":\"https:\\\/\\\/lagnoticias.com\\\/wp-content\\\/uploads\\\/2025\\\/09\\\/2-3-scaled.jpg\",\"width\":2560,\"height\":1699},{\"@type\":\"BreadcrumbList\",\"@id\":\"https:\\\/\\\/lagnoticias.com\\\/2025\\\/09\\\/04\\\/el-sequito-de-kim-jong-un-limpio-sus-huellas-tras-cumbre-con-putin\\\/#breadcrumb\",\"itemListElement\":[{\"@type\":\"ListItem\",\"position\":1,\"name\":\"Portada\",\"item\":\"https:\\\/\\\/lagnoticias.com\\\/\"},{\"@type\":\"ListItem\",\"position\":2,\"name\":\"El s\u00e9quito de Kim Jong-un limpi\u00f3 sus huellas tras cumbre con Putin\"}]},{\"@type\":\"WebSite\",\"@id\":\"https:\\\/\\\/lagnoticias.com\\\/#website\",\"url\":\"https:\\\/\\\/lagnoticias.com\\\/\",\"name\":\"La G Noticias\",\"description\":\"Noticias Positivas\",\"potentialAction\":[{\"@type\":\"SearchAction\",\"target\":{\"@type\":\"EntryPoint\",\"urlTemplate\":\"https:\\\/\\\/lagnoticias.com\\\/?s={search_term_string}\"},\"query-input\":{\"@type\":\"PropertyValueSpecification\",\"valueRequired\":true,\"valueName\":\"search_term_string\"}}],\"inLanguage\":\"en-US\"},{\"@type\":\"Person\",\"@id\":\"https:\\\/\\\/lagnoticias.com\\\/#\\\/schema\\\/person\\\/cb9bfe13f8de05d2c55270be25c6a550\",\"name\":\"Oscar\",\"image\":{\"@type\":\"ImageObject\",\"inLanguage\":\"en-US\",\"@id\":\"https:\\\/\\\/secure.gravatar.com\\\/avatar\\\/45c195718f652dc7ffdd591dc1f2678956ab7fdadcd359a635edc61304a8c757?s=96&d=mm&r=g\",\"url\":\"https:\\\/\\\/secure.gravatar.com\\\/avatar\\\/45c195718f652dc7ffdd591dc1f2678956ab7fdadcd359a635edc61304a8c757?s=96&d=mm&r=g\",\"contentUrl\":\"https:\\\/\\\/secure.gravatar.com\\\/avatar\\\/45c195718f652dc7ffdd591dc1f2678956ab7fdadcd359a635edc61304a8c757?s=96&d=mm&r=g\",\"caption\":\"Oscar\"},\"url\":\"https:\\\/\\\/lagnoticias.com\\\/en\\\/author\\\/oscar\\\/\"}]}<\/script>\n<!-- \/ Yoast SEO plugin. -->","yoast_head_json":{"title":"El s\u00e9quito de Kim Jong-un limpi\u00f3 sus huellas tras cumbre con Putin - La G Noticias","robots":{"index":"index","follow":"follow","max-snippet":"max-snippet:-1","max-image-preview":"max-image-preview:large","max-video-preview":"max-video-preview:-1"},"canonical":"https:\/\/lagnoticias.com\/en\/2025\/09\/04\/el-sequito-de-kim-jong-un-limpio-sus-huellas-tras-cumbre-con-putin\/","og_locale":"en_US","og_type":"article","og_title":"El s\u00e9quito de Kim Jong-un limpi\u00f3 sus huellas tras cumbre con Putin - La G Noticias","og_description":"Medios de Corea del Sur y del mundo destacaron que la comitiva de Kim Jong-un limpi\u00f3 todo rastro de huellas del l\u00edder norcoreano tras su reuni\u00f3n con Putin en Pek\u00edn.","og_url":"https:\/\/lagnoticias.com\/en\/2025\/09\/04\/el-sequito-de-kim-jong-un-limpio-sus-huellas-tras-cumbre-con-putin\/","og_site_name":"La G Noticias","article_publisher":"https:\/\/www.facebook.com\/LaGNoticias","article_published_time":"2025-09-04T15:11:54+00:00","article_modified_time":"2025-09-04T15:11:55+00:00","og_image":[{"width":2560,"height":1699,"url":"https:\/\/lagnoticias.com\/wp-content\/uploads\/2025\/09\/2-3-scaled.jpg","type":"image\/jpeg"}],"author":"Oscar","twitter_card":"summary_large_image","twitter_creator":"@lagnoticias","twitter_site":"@lagnoticias","twitter_misc":{"Written by":"Oscar","Est. reading time":"3 minutes"},"schema":{"@context":"https:\/\/schema.org","@graph":[{"@type":"Article","@id":"https:\/\/lagnoticias.com\/2025\/09\/04\/el-sequito-de-kim-jong-un-limpio-sus-huellas-tras-cumbre-con-putin\/#article","isPartOf":{"@id":"https:\/\/lagnoticias.com\/2025\/09\/04\/el-sequito-de-kim-jong-un-limpio-sus-huellas-tras-cumbre-con-putin\/"},"author":{"name":"Oscar","@id":"https:\/\/lagnoticias.com\/#\/schema\/person\/cb9bfe13f8de05d2c55270be25c6a550"},"headline":"El s\u00e9quito de Kim Jong-un limpi\u00f3 sus huellas tras cumbre con Putin","datePublished":"2025-09-04T15:11:54+00:00","dateModified":"2025-09-04T15:11:55+00:00","mainEntityOfPage":{"@id":"https:\/\/lagnoticias.com\/2025\/09\/04\/el-sequito-de-kim-jong-un-limpio-sus-huellas-tras-cumbre-con-putin\/"},"wordCount":460,"commentCount":0,"image":{"@id":"https:\/\/lagnoticias.com\/2025\/09\/04\/el-sequito-de-kim-jong-un-limpio-sus-huellas-tras-cumbre-con-putin\/#primaryimage"},"thumbnailUrl":"https:\/\/lagnoticias.com\/wp-content\/uploads\/2025\/09\/2-3-scaled.jpg","keywords":["cumbre","Kim Jong Un","VLADIMIR PUTIN"],"articleSection":["INTERNACIONALES"],"inLanguage":"en-US","potentialAction":[{"@type":"CommentAction","name":"Comment","target":["https:\/\/lagnoticias.com\/2025\/09\/04\/el-sequito-de-kim-jong-un-limpio-sus-huellas-tras-cumbre-con-putin\/#respond"]}]},{"@type":"WebPage","@id":"https:\/\/lagnoticias.com\/2025\/09\/04\/el-sequito-de-kim-jong-un-limpio-sus-huellas-tras-cumbre-con-putin\/","url":"https:\/\/lagnoticias.com\/2025\/09\/04\/el-sequito-de-kim-jong-un-limpio-sus-huellas-tras-cumbre-con-putin\/","name":"El s\u00e9quito de Kim Jong-un limpi\u00f3 sus huellas tras cumbre con Putin - La G Noticias","isPartOf":{"@id":"https:\/\/lagnoticias.com\/#website"},"primaryImageOfPage":{"@id":"https:\/\/lagnoticias.com\/2025\/09\/04\/el-sequito-de-kim-jong-un-limpio-sus-huellas-tras-cumbre-con-putin\/#primaryimage"},"image":{"@id":"https:\/\/lagnoticias.com\/2025\/09\/04\/el-sequito-de-kim-jong-un-limpio-sus-huellas-tras-cumbre-con-putin\/#primaryimage"},"thumbnailUrl":"https:\/\/lagnoticias.com\/wp-content\/uploads\/2025\/09\/2-3-scaled.jpg","datePublished":"2025-09-04T15:11:54+00:00","dateModified":"2025-09-04T15:11:55+00:00","author":{"@id":"https:\/\/lagnoticias.com\/#\/schema\/person\/cb9bfe13f8de05d2c55270be25c6a550"},"breadcrumb":{"@id":"https:\/\/lagnoticias.com\/2025\/09\/04\/el-sequito-de-kim-jong-un-limpio-sus-huellas-tras-cumbre-con-putin\/#breadcrumb"},"inLanguage":"en-US","potentialAction":[{"@type":"ReadAction","target":["https:\/\/lagnoticias.com\/2025\/09\/04\/el-sequito-de-kim-jong-un-limpio-sus-huellas-tras-cumbre-con-putin\/"]}]},{"@type":"ImageObject","inLanguage":"en-US","@id":"https:\/\/lagnoticias.com\/2025\/09\/04\/el-sequito-de-kim-jong-un-limpio-sus-huellas-tras-cumbre-con-putin\/#primaryimage","url":"https:\/\/lagnoticias.com\/wp-content\/uploads\/2025\/09\/2-3-scaled.jpg","contentUrl":"https:\/\/lagnoticias.com\/wp-content\/uploads\/2025\/09\/2-3-scaled.jpg","width":2560,"height":1699},{"@type":"BreadcrumbList","@id":"https:\/\/lagnoticias.com\/2025\/09\/04\/el-sequito-de-kim-jong-un-limpio-sus-huellas-tras-cumbre-con-putin\/#breadcrumb","itemListElement":[{"@type":"ListItem","position":1,"name":"Portada","item":"https:\/\/lagnoticias.com\/"},{"@type":"ListItem","position":2,"name":"El s\u00e9quito de Kim Jong-un limpi\u00f3 sus huellas tras cumbre con Putin"}]},{"@type":"WebSite","@id":"https:\/\/lagnoticias.com\/#website","url":"https:\/\/lagnoticias.com\/","name":"La G Noticias","description":"Noticias Positivas","potentialAction":[{"@type":"SearchAction","target":{"@type":"EntryPoint","urlTemplate":"https:\/\/lagnoticias.com\/?s={search_term_string}"},"query-input":{"@type":"PropertyValueSpecification","valueRequired":true,"valueName":"search_term_string"}}],"inLanguage":"en-US"},{"@type":"Person","@id":"https:\/\/lagnoticias.com\/#\/schema\/person\/cb9bfe13f8de05d2c55270be25c6a550","name":"Oscar","image":{"@type":"ImageObject","inLanguage":"en-US","@id":"https:\/\/secure.gravatar.com\/avatar\/45c195718f652dc7ffdd591dc1f2678956ab7fdadcd359a635edc61304a8c757?s=96&d=mm&r=g","url":"https:\/\/secure.gravatar.com\/avatar\/45c195718f652dc7ffdd591dc1f2678956ab7fdadcd359a635edc61304a8c757?s=96&d=mm&r=g","contentUrl":"https:\/\/secure.gravatar.com\/avatar\/45c195718f652dc7ffdd591dc1f2678956ab7fdadcd359a635edc61304a8c757?s=96&d=mm&r=g","caption":"Oscar"},"url":"https:\/\/lagnoticias.com\/en\/author\/oscar\/"}]}},"_links":{"self":[{"href":"https:\/\/lagnoticias.com\/en\/wp-json\/wp\/v2\/posts\/4684","targetHints":{"allow":["GET"]}}],"collection":[{"href":"https:\/\/lagnoticias.com\/en\/wp-json\/wp\/v2\/posts"}],"about":[{"href":"https:\/\/lagnoticias.com\/en\/wp-json\/wp\/v2\/types\/post"}],"author":[{"embeddable":true,"href":"https:\/\/lagnoticias.com\/en\/wp-json\/wp\/v2\/users\/2"}],"replies":[{"embeddable":true,"href":"https:\/\/lagnoticias.com\/en\/wp-json\/wp\/v2\/comments?post=4684"}],"version-history":[{"count":1,"href":"https:\/\/lagnoticias.com\/en\/wp-json\/wp\/v2\/posts\/4684\/revisions"}],"predecessor-version":[{"id":4687,"href":"https:\/\/lagnoticias.com\/en\/wp-json\/wp\/v2\/posts\/4684\/revisions\/4687"}],"wp:featuredmedia":[{"embeddable":true,"href":"https:\/\/lagnoticias.com\/en\/wp-json\/wp\/v2\/media\/4685"}],"wp:attachment":[{"href":"https:\/\/lagnoticias.com\/en\/wp-json\/wp\/v2\/media?parent=4684"}],"wp:term":[{"taxonomy":"category","embeddable":true,"href":"https:\/\/lagnoticias.com\/en\/wp-json\/wp\/v2\/categories?post=4684"},{"taxonomy":"post_tag","embeddable":true,"href":"https:\/\/lagnoticias.com\/en\/wp-json\/wp\/v2\/tags?post=4684"}],"curies":[{"name":"wp","href":"https:\/\/api.w.org\/{rel}","templated":true}]}}