{"id":4680,"date":"2025-09-04T09:00:22","date_gmt":"2025-09-04T15:00:22","guid":{"rendered":"https:\/\/lagnoticias.com\/?p=4680"},"modified":"2025-09-04T09:04:41","modified_gmt":"2025-09-04T15:04:41","slug":"muere-el-disenador-italiano-giorgio-armani-a-los-91-anos","status":"publish","type":"post","link":"https:\/\/lagnoticias.com\/en\/2025\/09\/04\/muere-el-disenador-italiano-giorgio-armani-a-los-91-anos\/","title":{"rendered":"Muere el  dise\u00f1ador italiano Giorgio Armani a los 91 a\u00f1os"},"content":{"rendered":"<p><br>Giorgio Armani, el afamado dise\u00f1ador de moda italiano, muri\u00f3 este jueves a los 91 a\u00f1os en la ciudad de Mil\u00e1n, Italia, anunci\u00f3 la compa\u00f1\u00eda que cre\u00f3.<\/p>\n\n\n\n<p>\u00abCon profundo pesar, el Grupo Armani anuncia el fallecimiento de su creador, fundador e incansable impulsor: Giorgio Armani\u00bb, declar\u00f3 la casa de moda en un comunicado.<\/p>\n\n\n\n<p>El dise\u00f1ador presentaba problemas de salud desde hac\u00eda tiempo. En junio pasado, su condici\u00f3n lo forz\u00f3 a abandonar, por primera vez en su carrera, los desfiles de la Semana de la Moda Masculina de Mil\u00e1n, celebrados en junio.<\/p>\n\n\n\n<p>Armani era sin\u00f3nimo de estilo y elegancia. Y al combinar su talento como dise\u00f1ador y la perspicacia para los negocios, el italiano cre\u00f3 un imperio que facturaba unos US$ 2.700 millones al a\u00f1o y que adem\u00e1s ropa, abarca sectores como la belleza, las fragancias, la m\u00fasica, el deporte e incluso la hosteler\u00eda de lujo.<\/p>\n\n\n\n<h2 class=\"wp-block-heading\">Un creador<\/h2>\n\n\n\n<p>Armani es considerado el responsable de reinventar los trajes de hombre y mujer para un p\u00fablico moderno.<\/p>\n\n\n\n<p>Pero adem\u00e1s promovi\u00f3 ciertas causas. As\u00ed se convirti\u00f3 en el primer dise\u00f1ador en prohibir en sus desfiles a los modelos con bajo peso. La medida la tom\u00f3 tras la muerte de la modelo Ana Carolina Reston en 2006 por anorexia nerviosa.<\/p>\n\n\n\n<p>Alexander Fury, uno de los \u00faltimos en entrevistar al dise\u00f1ador, escribi\u00f3 en The Financial Times que Armani \u00abincorpor\u00f3 a las mujeres al mundo de los trajes de manera tan radical como el de Chanel, creando prendas contundentes y seguras que impulsaron la revoluci\u00f3n social de la mujer trabajadora de la d\u00e9cada de 1980\u00bb.<\/p>\n\n\n\n<p>\u00abEn contraste, relaj\u00f3 la moda masculina, deconstruyendo la sastrer\u00eda tradicional de una manera que ha transformado la forma en que se confeccionan pr\u00e1cticamente todos los trajes del mundo\u00bb, agreg\u00f3 Fury.<\/p>\n\n\n\n<p>Amigo de Hollywood, comprendi\u00f3 el poder de la publicidad y visti\u00f3 a algunas de sus estrellas m\u00e1s importantes para las alfombras rojas, incluyendo los Oscar, como las actrices Zendaya, Cate Blanchett y Julia Roberts.<\/p>\n\n\n\n<p>Tambi\u00e9n dise\u00f1\u00f3 algunos de los trajes que la cantante Lady Gaga ha utilizado en sus conciertos y algunos de los que vistieron los actores en las pel\u00edculas&nbsp;American Gigolo&nbsp;y&nbsp;El lobo de Wall Street.<\/p>\n\n\n\n<p><\/p>\n\n\n\n<p><\/p>\n\n\n\n<figure class=\"wp-block-image aligncenter size-full\"><img loading=\"lazy\" decoding=\"async\" width=\"800\" height=\"449\" src=\"https:\/\/lagnoticias.com\/wp-content\/uploads\/2025\/09\/8-4.jpg\" alt=\"\" class=\"wp-image-4682\" srcset=\"https:\/\/lagnoticias.com\/wp-content\/uploads\/2025\/09\/8-4.jpg 800w, https:\/\/lagnoticias.com\/wp-content\/uploads\/2025\/09\/8-4-480x269.jpg 480w\" sizes=\"(min-width: 0px) and (max-width: 480px) 480px, (min-width: 481px) 800px, 100vw\" \/><\/figure>\n\n\n\n<p><\/p>\n\n\n\n<p><\/p>\n\n\n\n<h2 class=\"wp-block-heading\">Hasta el final<\/h2>\n\n\n\n<p>El Grupo Armani asegur\u00f3 en el comunicado que el dise\u00f1ador \u00abtrabaj\u00f3 hasta el final, dedic\u00e1ndose a la empresa, a las colecciones y a los numerosos proyectos futuros en curso\u00bb.<\/p>\n\n\n\n<p>Pese a la edad y las dolencias que sufr\u00eda, el creador mantuvo hasta el \u00faltimo momento \u00abuna curiosidad incansable y una profunda atenci\u00f3n al presente y a las personas\u00bb.<\/p>\n\n\n\n<p>Su desfile de marzo de 2025 estaba dise\u00f1ado para hacer una declaraci\u00f3n sobre la pol\u00edtica global, y dijo que \u00abquer\u00eda Imaginar una nueva armon\u00eda\u00bb: \u00abEso es lo que todos necesitamos\u00bb, declar\u00f3.<\/p>\n\n\n\n<p>Laura Ingham, de la revista Vogue, quien rindi\u00f3 homenaje al difunto dise\u00f1ador, describi\u00f3 a Armani como un \u00abverdadero caballero\u00bb y un \u00abtit\u00e1n de la industria\u00bb.<\/p>\n\n\n\n<p>A\u00f1adi\u00f3: \u00abSi no sabes nada de moda, igual conoces a Giorgio Armani. Armani construy\u00f3 una casa sin\u00f3nimo de elegancia italiana atemporal y estilo imperecedero\u00bb.<\/p>\n\n\n\n<p>Refiri\u00e9ndose a su estilo cl\u00e1sico, que inclu\u00eda \u00absiluetas refinadas\u00bb y \u00absastrer\u00eda impecable\u00bb, afirm\u00f3: \u00abSu legado est\u00e1 entretejido no solo en la moda del pasado y del presente, sino que seguir\u00e1 moldeando su futuro para las generaciones venideras\u00bb.<\/p>\n\n\n\n<p><\/p>\n\n\n\n<p><\/p>\n\n\n\n<p><\/p>\n\n\n\n<p><\/p>\n\n\n\n<p>(BBC)<\/p>\n\n\n\n<p><\/p>\n\n\n\n<p><\/p>\n\n\n\n<p><\/p>\n\n\n\n<p><\/p>\n\n\n\n<p><\/p>","protected":false},"excerpt":{"rendered":"<p>El dise\u00f1ador Giorgio Armani, considerado el &#8216;rey&#8217; de la moda italiana, falleci\u00f3 este jueves a los 91 a\u00f1os en Mil\u00e1n.<\/p>","protected":false},"author":2,"featured_media":4681,"comment_status":"open","ping_status":"open","sticky":false,"template":"","format":"standard","meta":{"_et_pb_use_builder":"off","_et_pb_old_content":"","_et_gb_content_width":"","footnotes":""},"categories":[249],"tags":[876,875,877,865],"class_list":["post-4680","post","type-post","status-publish","format-standard","has-post-thumbnail","hentry","category-entretenimiento","tag-disenador","tag-giorgio-armani","tag-italia","tag-moda"],"yoast_head":"<!-- This site is optimized with the Yoast SEO plugin v27.4 - https:\/\/yoast.com\/product\/yoast-seo-wordpress\/ -->\n<title>Muere el dise\u00f1ador italiano Giorgio Armani a los 91 a\u00f1os - La G Noticias<\/title>\n<meta name=\"robots\" content=\"index, follow, max-snippet:-1, max-image-preview:large, max-video-preview:-1\" \/>\n<link rel=\"canonical\" href=\"https:\/\/lagnoticias.com\/en\/2025\/09\/04\/muere-el-disenador-italiano-giorgio-armani-a-los-91-anos\/\" \/>\n<meta property=\"og:locale\" content=\"en_US\" \/>\n<meta property=\"og:type\" content=\"article\" \/>\n<meta property=\"og:title\" content=\"Muere el dise\u00f1ador italiano Giorgio Armani a los 91 a\u00f1os - La G Noticias\" \/>\n<meta property=\"og:description\" content=\"El dise\u00f1ador Giorgio Armani, considerado el &#039;rey&#039; de la moda italiana, falleci\u00f3 este jueves a los 91 a\u00f1os en Mil\u00e1n.\" \/>\n<meta property=\"og:url\" content=\"https:\/\/lagnoticias.com\/en\/2025\/09\/04\/muere-el-disenador-italiano-giorgio-armani-a-los-91-anos\/\" \/>\n<meta property=\"og:site_name\" content=\"La G Noticias\" \/>\n<meta property=\"article:publisher\" content=\"https:\/\/www.facebook.com\/LaGNoticias\" \/>\n<meta property=\"article:published_time\" content=\"2025-09-04T15:00:22+00:00\" \/>\n<meta property=\"article:modified_time\" content=\"2025-09-04T15:04:41+00:00\" \/>\n<meta property=\"og:image\" content=\"https:\/\/lagnoticias.com\/wp-content\/uploads\/2025\/09\/1-6.jpg\" \/>\n\t<meta property=\"og:image:width\" content=\"1110\" \/>\n\t<meta property=\"og:image:height\" content=\"624\" \/>\n\t<meta property=\"og:image:type\" content=\"image\/jpeg\" \/>\n<meta name=\"author\" content=\"Oscar\" \/>\n<meta name=\"twitter:card\" content=\"summary_large_image\" \/>\n<meta name=\"twitter:creator\" content=\"@lagnoticias\" \/>\n<meta name=\"twitter:site\" content=\"@lagnoticias\" \/>\n<meta name=\"twitter:label1\" content=\"Written by\" \/>\n\t<meta name=\"twitter:data1\" content=\"Oscar\" \/>\n\t<meta name=\"twitter:label2\" content=\"Est. reading time\" \/>\n\t<meta name=\"twitter:data2\" content=\"1 minute\" \/>\n<script type=\"application\/ld+json\" class=\"yoast-schema-graph\">{\"@context\":\"https:\\\/\\\/schema.org\",\"@graph\":[{\"@type\":\"Article\",\"@id\":\"https:\\\/\\\/lagnoticias.com\\\/2025\\\/09\\\/04\\\/muere-el-disenador-italiano-giorgio-armani-a-los-91-anos\\\/#article\",\"isPartOf\":{\"@id\":\"https:\\\/\\\/lagnoticias.com\\\/2025\\\/09\\\/04\\\/muere-el-disenador-italiano-giorgio-armani-a-los-91-anos\\\/\"},\"author\":{\"name\":\"Oscar\",\"@id\":\"https:\\\/\\\/lagnoticias.com\\\/#\\\/schema\\\/person\\\/cb9bfe13f8de05d2c55270be25c6a550\"},\"headline\":\"Muere el dise\u00f1ador italiano Giorgio Armani a los 91 a\u00f1os\",\"datePublished\":\"2025-09-04T15:00:22+00:00\",\"dateModified\":\"2025-09-04T15:04:41+00:00\",\"mainEntityOfPage\":{\"@id\":\"https:\\\/\\\/lagnoticias.com\\\/2025\\\/09\\\/04\\\/muere-el-disenador-italiano-giorgio-armani-a-los-91-anos\\\/\"},\"wordCount\":586,\"commentCount\":0,\"image\":{\"@id\":\"https:\\\/\\\/lagnoticias.com\\\/2025\\\/09\\\/04\\\/muere-el-disenador-italiano-giorgio-armani-a-los-91-anos\\\/#primaryimage\"},\"thumbnailUrl\":\"https:\\\/\\\/lagnoticias.com\\\/wp-content\\\/uploads\\\/2025\\\/09\\\/1-6.jpg\",\"keywords\":[\"DISE\u00d1ADOR\",\"GIORGIO ARMANI\",\"ITALIA\",\"MODA\"],\"articleSection\":[\"ENTRETENIMIENTO\"],\"inLanguage\":\"en-US\",\"potentialAction\":[{\"@type\":\"CommentAction\",\"name\":\"Comment\",\"target\":[\"https:\\\/\\\/lagnoticias.com\\\/2025\\\/09\\\/04\\\/muere-el-disenador-italiano-giorgio-armani-a-los-91-anos\\\/#respond\"]}]},{\"@type\":\"WebPage\",\"@id\":\"https:\\\/\\\/lagnoticias.com\\\/2025\\\/09\\\/04\\\/muere-el-disenador-italiano-giorgio-armani-a-los-91-anos\\\/\",\"url\":\"https:\\\/\\\/lagnoticias.com\\\/2025\\\/09\\\/04\\\/muere-el-disenador-italiano-giorgio-armani-a-los-91-anos\\\/\",\"name\":\"Muere el dise\u00f1ador italiano Giorgio Armani a los 91 a\u00f1os - La G Noticias\",\"isPartOf\":{\"@id\":\"https:\\\/\\\/lagnoticias.com\\\/#website\"},\"primaryImageOfPage\":{\"@id\":\"https:\\\/\\\/lagnoticias.com\\\/2025\\\/09\\\/04\\\/muere-el-disenador-italiano-giorgio-armani-a-los-91-anos\\\/#primaryimage\"},\"image\":{\"@id\":\"https:\\\/\\\/lagnoticias.com\\\/2025\\\/09\\\/04\\\/muere-el-disenador-italiano-giorgio-armani-a-los-91-anos\\\/#primaryimage\"},\"thumbnailUrl\":\"https:\\\/\\\/lagnoticias.com\\\/wp-content\\\/uploads\\\/2025\\\/09\\\/1-6.jpg\",\"datePublished\":\"2025-09-04T15:00:22+00:00\",\"dateModified\":\"2025-09-04T15:04:41+00:00\",\"author\":{\"@id\":\"https:\\\/\\\/lagnoticias.com\\\/#\\\/schema\\\/person\\\/cb9bfe13f8de05d2c55270be25c6a550\"},\"breadcrumb\":{\"@id\":\"https:\\\/\\\/lagnoticias.com\\\/2025\\\/09\\\/04\\\/muere-el-disenador-italiano-giorgio-armani-a-los-91-anos\\\/#breadcrumb\"},\"inLanguage\":\"en-US\",\"potentialAction\":[{\"@type\":\"ReadAction\",\"target\":[\"https:\\\/\\\/lagnoticias.com\\\/2025\\\/09\\\/04\\\/muere-el-disenador-italiano-giorgio-armani-a-los-91-anos\\\/\"]}]},{\"@type\":\"ImageObject\",\"inLanguage\":\"en-US\",\"@id\":\"https:\\\/\\\/lagnoticias.com\\\/2025\\\/09\\\/04\\\/muere-el-disenador-italiano-giorgio-armani-a-los-91-anos\\\/#primaryimage\",\"url\":\"https:\\\/\\\/lagnoticias.com\\\/wp-content\\\/uploads\\\/2025\\\/09\\\/1-6.jpg\",\"contentUrl\":\"https:\\\/\\\/lagnoticias.com\\\/wp-content\\\/uploads\\\/2025\\\/09\\\/1-6.jpg\",\"width\":1110,\"height\":624},{\"@type\":\"BreadcrumbList\",\"@id\":\"https:\\\/\\\/lagnoticias.com\\\/2025\\\/09\\\/04\\\/muere-el-disenador-italiano-giorgio-armani-a-los-91-anos\\\/#breadcrumb\",\"itemListElement\":[{\"@type\":\"ListItem\",\"position\":1,\"name\":\"Portada\",\"item\":\"https:\\\/\\\/lagnoticias.com\\\/\"},{\"@type\":\"ListItem\",\"position\":2,\"name\":\"Muere el dise\u00f1ador italiano Giorgio Armani a los 91 a\u00f1os\"}]},{\"@type\":\"WebSite\",\"@id\":\"https:\\\/\\\/lagnoticias.com\\\/#website\",\"url\":\"https:\\\/\\\/lagnoticias.com\\\/\",\"name\":\"La G Noticias\",\"description\":\"Noticias Positivas\",\"potentialAction\":[{\"@type\":\"SearchAction\",\"target\":{\"@type\":\"EntryPoint\",\"urlTemplate\":\"https:\\\/\\\/lagnoticias.com\\\/?s={search_term_string}\"},\"query-input\":{\"@type\":\"PropertyValueSpecification\",\"valueRequired\":true,\"valueName\":\"search_term_string\"}}],\"inLanguage\":\"en-US\"},{\"@type\":\"Person\",\"@id\":\"https:\\\/\\\/lagnoticias.com\\\/#\\\/schema\\\/person\\\/cb9bfe13f8de05d2c55270be25c6a550\",\"name\":\"Oscar\",\"image\":{\"@type\":\"ImageObject\",\"inLanguage\":\"en-US\",\"@id\":\"https:\\\/\\\/secure.gravatar.com\\\/avatar\\\/45c195718f652dc7ffdd591dc1f2678956ab7fdadcd359a635edc61304a8c757?s=96&d=mm&r=g\",\"url\":\"https:\\\/\\\/secure.gravatar.com\\\/avatar\\\/45c195718f652dc7ffdd591dc1f2678956ab7fdadcd359a635edc61304a8c757?s=96&d=mm&r=g\",\"contentUrl\":\"https:\\\/\\\/secure.gravatar.com\\\/avatar\\\/45c195718f652dc7ffdd591dc1f2678956ab7fdadcd359a635edc61304a8c757?s=96&d=mm&r=g\",\"caption\":\"Oscar\"},\"url\":\"https:\\\/\\\/lagnoticias.com\\\/en\\\/author\\\/oscar\\\/\"}]}<\/script>\n<!-- \/ Yoast SEO plugin. -->","yoast_head_json":{"title":"Muere el dise\u00f1ador italiano Giorgio Armani a los 91 a\u00f1os - La G Noticias","robots":{"index":"index","follow":"follow","max-snippet":"max-snippet:-1","max-image-preview":"max-image-preview:large","max-video-preview":"max-video-preview:-1"},"canonical":"https:\/\/lagnoticias.com\/en\/2025\/09\/04\/muere-el-disenador-italiano-giorgio-armani-a-los-91-anos\/","og_locale":"en_US","og_type":"article","og_title":"Muere el dise\u00f1ador italiano Giorgio Armani a los 91 a\u00f1os - La G Noticias","og_description":"El dise\u00f1ador Giorgio Armani, considerado el 'rey' de la moda italiana, falleci\u00f3 este jueves a los 91 a\u00f1os en Mil\u00e1n.","og_url":"https:\/\/lagnoticias.com\/en\/2025\/09\/04\/muere-el-disenador-italiano-giorgio-armani-a-los-91-anos\/","og_site_name":"La G Noticias","article_publisher":"https:\/\/www.facebook.com\/LaGNoticias","article_published_time":"2025-09-04T15:00:22+00:00","article_modified_time":"2025-09-04T15:04:41+00:00","og_image":[{"width":1110,"height":624,"url":"https:\/\/lagnoticias.com\/wp-content\/uploads\/2025\/09\/1-6.jpg","type":"image\/jpeg"}],"author":"Oscar","twitter_card":"summary_large_image","twitter_creator":"@lagnoticias","twitter_site":"@lagnoticias","twitter_misc":{"Written by":"Oscar","Est. reading time":"1 minute"},"schema":{"@context":"https:\/\/schema.org","@graph":[{"@type":"Article","@id":"https:\/\/lagnoticias.com\/2025\/09\/04\/muere-el-disenador-italiano-giorgio-armani-a-los-91-anos\/#article","isPartOf":{"@id":"https:\/\/lagnoticias.com\/2025\/09\/04\/muere-el-disenador-italiano-giorgio-armani-a-los-91-anos\/"},"author":{"name":"Oscar","@id":"https:\/\/lagnoticias.com\/#\/schema\/person\/cb9bfe13f8de05d2c55270be25c6a550"},"headline":"Muere el dise\u00f1ador italiano Giorgio Armani a los 91 a\u00f1os","datePublished":"2025-09-04T15:00:22+00:00","dateModified":"2025-09-04T15:04:41+00:00","mainEntityOfPage":{"@id":"https:\/\/lagnoticias.com\/2025\/09\/04\/muere-el-disenador-italiano-giorgio-armani-a-los-91-anos\/"},"wordCount":586,"commentCount":0,"image":{"@id":"https:\/\/lagnoticias.com\/2025\/09\/04\/muere-el-disenador-italiano-giorgio-armani-a-los-91-anos\/#primaryimage"},"thumbnailUrl":"https:\/\/lagnoticias.com\/wp-content\/uploads\/2025\/09\/1-6.jpg","keywords":["DISE\u00d1ADOR","GIORGIO ARMANI","ITALIA","MODA"],"articleSection":["ENTRETENIMIENTO"],"inLanguage":"en-US","potentialAction":[{"@type":"CommentAction","name":"Comment","target":["https:\/\/lagnoticias.com\/2025\/09\/04\/muere-el-disenador-italiano-giorgio-armani-a-los-91-anos\/#respond"]}]},{"@type":"WebPage","@id":"https:\/\/lagnoticias.com\/2025\/09\/04\/muere-el-disenador-italiano-giorgio-armani-a-los-91-anos\/","url":"https:\/\/lagnoticias.com\/2025\/09\/04\/muere-el-disenador-italiano-giorgio-armani-a-los-91-anos\/","name":"Muere el dise\u00f1ador italiano Giorgio Armani a los 91 a\u00f1os - La G Noticias","isPartOf":{"@id":"https:\/\/lagnoticias.com\/#website"},"primaryImageOfPage":{"@id":"https:\/\/lagnoticias.com\/2025\/09\/04\/muere-el-disenador-italiano-giorgio-armani-a-los-91-anos\/#primaryimage"},"image":{"@id":"https:\/\/lagnoticias.com\/2025\/09\/04\/muere-el-disenador-italiano-giorgio-armani-a-los-91-anos\/#primaryimage"},"thumbnailUrl":"https:\/\/lagnoticias.com\/wp-content\/uploads\/2025\/09\/1-6.jpg","datePublished":"2025-09-04T15:00:22+00:00","dateModified":"2025-09-04T15:04:41+00:00","author":{"@id":"https:\/\/lagnoticias.com\/#\/schema\/person\/cb9bfe13f8de05d2c55270be25c6a550"},"breadcrumb":{"@id":"https:\/\/lagnoticias.com\/2025\/09\/04\/muere-el-disenador-italiano-giorgio-armani-a-los-91-anos\/#breadcrumb"},"inLanguage":"en-US","potentialAction":[{"@type":"ReadAction","target":["https:\/\/lagnoticias.com\/2025\/09\/04\/muere-el-disenador-italiano-giorgio-armani-a-los-91-anos\/"]}]},{"@type":"ImageObject","inLanguage":"en-US","@id":"https:\/\/lagnoticias.com\/2025\/09\/04\/muere-el-disenador-italiano-giorgio-armani-a-los-91-anos\/#primaryimage","url":"https:\/\/lagnoticias.com\/wp-content\/uploads\/2025\/09\/1-6.jpg","contentUrl":"https:\/\/lagnoticias.com\/wp-content\/uploads\/2025\/09\/1-6.jpg","width":1110,"height":624},{"@type":"BreadcrumbList","@id":"https:\/\/lagnoticias.com\/2025\/09\/04\/muere-el-disenador-italiano-giorgio-armani-a-los-91-anos\/#breadcrumb","itemListElement":[{"@type":"ListItem","position":1,"name":"Portada","item":"https:\/\/lagnoticias.com\/"},{"@type":"ListItem","position":2,"name":"Muere el dise\u00f1ador italiano Giorgio Armani a los 91 a\u00f1os"}]},{"@type":"WebSite","@id":"https:\/\/lagnoticias.com\/#website","url":"https:\/\/lagnoticias.com\/","name":"La G Noticias","description":"Noticias Positivas","potentialAction":[{"@type":"SearchAction","target":{"@type":"EntryPoint","urlTemplate":"https:\/\/lagnoticias.com\/?s={search_term_string}"},"query-input":{"@type":"PropertyValueSpecification","valueRequired":true,"valueName":"search_term_string"}}],"inLanguage":"en-US"},{"@type":"Person","@id":"https:\/\/lagnoticias.com\/#\/schema\/person\/cb9bfe13f8de05d2c55270be25c6a550","name":"Oscar","image":{"@type":"ImageObject","inLanguage":"en-US","@id":"https:\/\/secure.gravatar.com\/avatar\/45c195718f652dc7ffdd591dc1f2678956ab7fdadcd359a635edc61304a8c757?s=96&d=mm&r=g","url":"https:\/\/secure.gravatar.com\/avatar\/45c195718f652dc7ffdd591dc1f2678956ab7fdadcd359a635edc61304a8c757?s=96&d=mm&r=g","contentUrl":"https:\/\/secure.gravatar.com\/avatar\/45c195718f652dc7ffdd591dc1f2678956ab7fdadcd359a635edc61304a8c757?s=96&d=mm&r=g","caption":"Oscar"},"url":"https:\/\/lagnoticias.com\/en\/author\/oscar\/"}]}},"_links":{"self":[{"href":"https:\/\/lagnoticias.com\/en\/wp-json\/wp\/v2\/posts\/4680","targetHints":{"allow":["GET"]}}],"collection":[{"href":"https:\/\/lagnoticias.com\/en\/wp-json\/wp\/v2\/posts"}],"about":[{"href":"https:\/\/lagnoticias.com\/en\/wp-json\/wp\/v2\/types\/post"}],"author":[{"embeddable":true,"href":"https:\/\/lagnoticias.com\/en\/wp-json\/wp\/v2\/users\/2"}],"replies":[{"embeddable":true,"href":"https:\/\/lagnoticias.com\/en\/wp-json\/wp\/v2\/comments?post=4680"}],"version-history":[{"count":1,"href":"https:\/\/lagnoticias.com\/en\/wp-json\/wp\/v2\/posts\/4680\/revisions"}],"predecessor-version":[{"id":4683,"href":"https:\/\/lagnoticias.com\/en\/wp-json\/wp\/v2\/posts\/4680\/revisions\/4683"}],"wp:featuredmedia":[{"embeddable":true,"href":"https:\/\/lagnoticias.com\/en\/wp-json\/wp\/v2\/media\/4681"}],"wp:attachment":[{"href":"https:\/\/lagnoticias.com\/en\/wp-json\/wp\/v2\/media?parent=4680"}],"wp:term":[{"taxonomy":"category","embeddable":true,"href":"https:\/\/lagnoticias.com\/en\/wp-json\/wp\/v2\/categories?post=4680"},{"taxonomy":"post_tag","embeddable":true,"href":"https:\/\/lagnoticias.com\/en\/wp-json\/wp\/v2\/tags?post=4680"}],"curies":[{"name":"wp","href":"https:\/\/api.w.org\/{rel}","templated":true}]}}