{"id":4677,"date":"2025-09-04T08:46:39","date_gmt":"2025-09-04T14:46:39","guid":{"rendered":"https:\/\/lagnoticias.com\/?p=4677"},"modified":"2025-09-04T08:46:40","modified_gmt":"2025-09-04T14:46:40","slug":"conamype-apoya-a-mas-de-1000000-de-micro-y-pequenos-empresarios-como-motor-de-la-economia-nacional","status":"publish","type":"post","link":"https:\/\/lagnoticias.com\/en\/2025\/09\/04\/conamype-apoya-a-mas-de-1000000-de-micro-y-pequenos-empresarios-como-motor-de-la-economia-nacional\/","title":{"rendered":"Conamype apoya a m\u00e1s de 1,000,000 de micro y peque\u00f1os empresarios como motor de la econom\u00eda nacional"},"content":{"rendered":"<p>El presidente de la Comisi\u00f3n Nacional de la Micro y Peque\u00f1a Empresa (Conamype), Paul Steiner, destac\u00f3 que la instituci\u00f3n cuenta con m\u00e1s de 25 puntos de atenci\u00f3n en todo el territorio. Estos espacios est\u00e1n dise\u00f1ados para brindar asesor\u00eda t\u00e9cnica, capacitaci\u00f3n y orientaci\u00f3n en procesos administrativos, con el fin de que los emprendedores encuentren el respaldo necesario para fortalecer sus negocios.<\/p>\n\n\n\n<p>\u00abSeg\u00fan un informe del ISSS, de diciembre del a\u00f1o pasado, de todos los patronos activos el 89 % eran micro y peque\u00f1os empresarios. Acaba de salir un nuevo informe que indica que el peque\u00f1o contribuyente ha sido el mayor crecimiento de impuestos pagados (&#8230;). Tenemos m\u00e1s de un mill\u00f3n de micro y peque\u00f1os empresarios que est\u00e1n volvi\u00e9ndose el motor de la econom\u00eda\u00bb, enfatiz\u00f3.<\/p>\n\n\n\n<p>Uno de los pilares de este trabajo es la Pol\u00edtica de Integraci\u00f3n Econ\u00f3mica para la Microempresa, impulsada por el mandatario desde octubre de 2023, mediante la cual se entregan herramientas para la organizaci\u00f3n, formalizaci\u00f3n y expansi\u00f3n de los peque\u00f1os negocios. Esta busca trazar una ruta clara hacia la sostenibilidad, generando un ecosistema favorable para que las microempresas logren estabilidad, rompiendo con las barreras que en el pasado les imped\u00edan crecer.<\/p>\n\n\n\n<p>\u201cEl mandatario nos ha dicho, desde un inicio, que si crecemos y no incluye a los de abajo no es sostenible, eso ha sido la base del Plan Cuscatl\u00e1n; es importante que si tenemos alrededor de seis millones de salvadore\u00f1os, el 95 % come gracias a la micro y peque\u00f1a empresa, es el verdadero motor\u00bb, subray\u00f3.<\/p>\n\n\n\n<p>De igual manera, el Gobierno de El Salvador ha implementado mecanismos de financiamiento accesibles y confiables. A trav\u00e9s de los fideicomisos Fecamype y Programype, las mype reciben recursos que les permiten invertir en sus operaciones, innovar y competir con mayores ventajas.&nbsp;<\/p>","protected":false},"excerpt":{"rendered":"<p>El presidente de la Comisi\u00f3n Nacional de la Micro y Peque\u00f1a Empresa (Conamype), Paul Steiner, destac\u00f3 que la instituci\u00f3n cuenta con m\u00e1s de 25 puntos de atenci\u00f3n en todo el territorio. Estos espacios est\u00e1n dise\u00f1ados para brindar asesor\u00eda t\u00e9cnica, capacitaci\u00f3n y orientaci\u00f3n en procesos administrativos, con el fin de que los emprendedores encuentren el respaldo [&hellip;]<\/p>","protected":false},"author":2,"featured_media":4678,"comment_status":"open","ping_status":"open","sticky":false,"template":"","format":"standard","meta":{"_et_pb_use_builder":"off","_et_pb_old_content":"","_et_gb_content_width":"","footnotes":""},"categories":[244],"tags":[298,358,371,300],"class_list":["post-4677","post","type-post","status-publish","format-standard","has-post-thumbnail","hentry","category-nacionales","tag-conamype","tag-economia","tag-empresas","tag-micro-y-pequena-empresa"],"yoast_head":"<!-- This site is optimized with the Yoast SEO plugin v27.4 - https:\/\/yoast.com\/product\/yoast-seo-wordpress\/ -->\n<title>Conamype apoya a m\u00e1s de 1,000,000 de micro y peque\u00f1os empresarios como motor de la econom\u00eda nacional - La G Noticias<\/title>\n<meta name=\"robots\" content=\"index, follow, max-snippet:-1, max-image-preview:large, max-video-preview:-1\" \/>\n<link rel=\"canonical\" href=\"https:\/\/lagnoticias.com\/en\/2025\/09\/04\/conamype-apoya-a-mas-de-1000000-de-micro-y-pequenos-empresarios-como-motor-de-la-economia-nacional\/\" \/>\n<meta property=\"og:locale\" content=\"en_US\" \/>\n<meta property=\"og:type\" content=\"article\" \/>\n<meta property=\"og:title\" content=\"Conamype apoya a m\u00e1s de 1,000,000 de micro y peque\u00f1os empresarios como motor de la econom\u00eda nacional - La G Noticias\" \/>\n<meta property=\"og:description\" content=\"El presidente de la Comisi\u00f3n Nacional de la Micro y Peque\u00f1a Empresa (Conamype), Paul Steiner, destac\u00f3 que la instituci\u00f3n cuenta con m\u00e1s de 25 puntos de atenci\u00f3n en todo el territorio. Estos espacios est\u00e1n dise\u00f1ados para brindar asesor\u00eda t\u00e9cnica, capacitaci\u00f3n y orientaci\u00f3n en procesos administrativos, con el fin de que los emprendedores encuentren el respaldo [&hellip;]\" \/>\n<meta property=\"og:url\" content=\"https:\/\/lagnoticias.com\/en\/2025\/09\/04\/conamype-apoya-a-mas-de-1000000-de-micro-y-pequenos-empresarios-como-motor-de-la-economia-nacional\/\" \/>\n<meta property=\"og:site_name\" content=\"La G Noticias\" \/>\n<meta property=\"article:publisher\" content=\"https:\/\/www.facebook.com\/LaGNoticias\" \/>\n<meta property=\"article:published_time\" content=\"2025-09-04T14:46:39+00:00\" \/>\n<meta property=\"article:modified_time\" content=\"2025-09-04T14:46:40+00:00\" \/>\n<meta property=\"og:image\" content=\"https:\/\/lagnoticias.com\/wp-content\/uploads\/2025\/09\/IMG-20250904-WA0085-scaled.jpg\" \/>\n\t<meta property=\"og:image:width\" content=\"2560\" \/>\n\t<meta property=\"og:image:height\" content=\"1706\" \/>\n\t<meta property=\"og:image:type\" content=\"image\/jpeg\" \/>\n<meta name=\"author\" content=\"Oscar\" \/>\n<meta name=\"twitter:card\" content=\"summary_large_image\" \/>\n<meta name=\"twitter:creator\" content=\"@lagnoticias\" \/>\n<meta name=\"twitter:site\" content=\"@lagnoticias\" \/>\n<meta name=\"twitter:label1\" content=\"Written by\" \/>\n\t<meta name=\"twitter:data1\" content=\"Oscar\" \/>\n\t<meta name=\"twitter:label2\" content=\"Est. reading time\" \/>\n\t<meta name=\"twitter:data2\" content=\"2 minutes\" \/>\n<script type=\"application\/ld+json\" class=\"yoast-schema-graph\">{\"@context\":\"https:\\\/\\\/schema.org\",\"@graph\":[{\"@type\":\"Article\",\"@id\":\"https:\\\/\\\/lagnoticias.com\\\/2025\\\/09\\\/04\\\/conamype-apoya-a-mas-de-1000000-de-micro-y-pequenos-empresarios-como-motor-de-la-economia-nacional\\\/#article\",\"isPartOf\":{\"@id\":\"https:\\\/\\\/lagnoticias.com\\\/2025\\\/09\\\/04\\\/conamype-apoya-a-mas-de-1000000-de-micro-y-pequenos-empresarios-como-motor-de-la-economia-nacional\\\/\"},\"author\":{\"name\":\"Oscar\",\"@id\":\"https:\\\/\\\/lagnoticias.com\\\/#\\\/schema\\\/person\\\/cb9bfe13f8de05d2c55270be25c6a550\"},\"headline\":\"Conamype apoya a m\u00e1s de 1,000,000 de micro y peque\u00f1os empresarios como motor de la econom\u00eda nacional\",\"datePublished\":\"2025-09-04T14:46:39+00:00\",\"dateModified\":\"2025-09-04T14:46:40+00:00\",\"mainEntityOfPage\":{\"@id\":\"https:\\\/\\\/lagnoticias.com\\\/2025\\\/09\\\/04\\\/conamype-apoya-a-mas-de-1000000-de-micro-y-pequenos-empresarios-como-motor-de-la-economia-nacional\\\/\"},\"wordCount\":336,\"commentCount\":0,\"image\":{\"@id\":\"https:\\\/\\\/lagnoticias.com\\\/2025\\\/09\\\/04\\\/conamype-apoya-a-mas-de-1000000-de-micro-y-pequenos-empresarios-como-motor-de-la-economia-nacional\\\/#primaryimage\"},\"thumbnailUrl\":\"https:\\\/\\\/lagnoticias.com\\\/wp-content\\\/uploads\\\/2025\\\/09\\\/IMG-20250904-WA0085-scaled.jpg\",\"keywords\":[\"CONAMYPE\",\"ECONOM\u00cdA\",\"EMPRESAS\",\"MICRO Y PEQUE\u00d1A EMPRESA\"],\"articleSection\":[\"NACIONALES\"],\"inLanguage\":\"en-US\",\"potentialAction\":[{\"@type\":\"CommentAction\",\"name\":\"Comment\",\"target\":[\"https:\\\/\\\/lagnoticias.com\\\/2025\\\/09\\\/04\\\/conamype-apoya-a-mas-de-1000000-de-micro-y-pequenos-empresarios-como-motor-de-la-economia-nacional\\\/#respond\"]}]},{\"@type\":\"WebPage\",\"@id\":\"https:\\\/\\\/lagnoticias.com\\\/2025\\\/09\\\/04\\\/conamype-apoya-a-mas-de-1000000-de-micro-y-pequenos-empresarios-como-motor-de-la-economia-nacional\\\/\",\"url\":\"https:\\\/\\\/lagnoticias.com\\\/2025\\\/09\\\/04\\\/conamype-apoya-a-mas-de-1000000-de-micro-y-pequenos-empresarios-como-motor-de-la-economia-nacional\\\/\",\"name\":\"Conamype apoya a m\u00e1s de 1,000,000 de micro y peque\u00f1os empresarios como motor de la econom\u00eda nacional - La G Noticias\",\"isPartOf\":{\"@id\":\"https:\\\/\\\/lagnoticias.com\\\/#website\"},\"primaryImageOfPage\":{\"@id\":\"https:\\\/\\\/lagnoticias.com\\\/2025\\\/09\\\/04\\\/conamype-apoya-a-mas-de-1000000-de-micro-y-pequenos-empresarios-como-motor-de-la-economia-nacional\\\/#primaryimage\"},\"image\":{\"@id\":\"https:\\\/\\\/lagnoticias.com\\\/2025\\\/09\\\/04\\\/conamype-apoya-a-mas-de-1000000-de-micro-y-pequenos-empresarios-como-motor-de-la-economia-nacional\\\/#primaryimage\"},\"thumbnailUrl\":\"https:\\\/\\\/lagnoticias.com\\\/wp-content\\\/uploads\\\/2025\\\/09\\\/IMG-20250904-WA0085-scaled.jpg\",\"datePublished\":\"2025-09-04T14:46:39+00:00\",\"dateModified\":\"2025-09-04T14:46:40+00:00\",\"author\":{\"@id\":\"https:\\\/\\\/lagnoticias.com\\\/#\\\/schema\\\/person\\\/cb9bfe13f8de05d2c55270be25c6a550\"},\"breadcrumb\":{\"@id\":\"https:\\\/\\\/lagnoticias.com\\\/2025\\\/09\\\/04\\\/conamype-apoya-a-mas-de-1000000-de-micro-y-pequenos-empresarios-como-motor-de-la-economia-nacional\\\/#breadcrumb\"},\"inLanguage\":\"en-US\",\"potentialAction\":[{\"@type\":\"ReadAction\",\"target\":[\"https:\\\/\\\/lagnoticias.com\\\/2025\\\/09\\\/04\\\/conamype-apoya-a-mas-de-1000000-de-micro-y-pequenos-empresarios-como-motor-de-la-economia-nacional\\\/\"]}]},{\"@type\":\"ImageObject\",\"inLanguage\":\"en-US\",\"@id\":\"https:\\\/\\\/lagnoticias.com\\\/2025\\\/09\\\/04\\\/conamype-apoya-a-mas-de-1000000-de-micro-y-pequenos-empresarios-como-motor-de-la-economia-nacional\\\/#primaryimage\",\"url\":\"https:\\\/\\\/lagnoticias.com\\\/wp-content\\\/uploads\\\/2025\\\/09\\\/IMG-20250904-WA0085-scaled.jpg\",\"contentUrl\":\"https:\\\/\\\/lagnoticias.com\\\/wp-content\\\/uploads\\\/2025\\\/09\\\/IMG-20250904-WA0085-scaled.jpg\",\"width\":2560,\"height\":1706},{\"@type\":\"BreadcrumbList\",\"@id\":\"https:\\\/\\\/lagnoticias.com\\\/2025\\\/09\\\/04\\\/conamype-apoya-a-mas-de-1000000-de-micro-y-pequenos-empresarios-como-motor-de-la-economia-nacional\\\/#breadcrumb\",\"itemListElement\":[{\"@type\":\"ListItem\",\"position\":1,\"name\":\"Portada\",\"item\":\"https:\\\/\\\/lagnoticias.com\\\/\"},{\"@type\":\"ListItem\",\"position\":2,\"name\":\"Conamype apoya a m\u00e1s de 1,000,000 de micro y peque\u00f1os empresarios como motor de la econom\u00eda nacional\"}]},{\"@type\":\"WebSite\",\"@id\":\"https:\\\/\\\/lagnoticias.com\\\/#website\",\"url\":\"https:\\\/\\\/lagnoticias.com\\\/\",\"name\":\"La G Noticias\",\"description\":\"Noticias Positivas\",\"potentialAction\":[{\"@type\":\"SearchAction\",\"target\":{\"@type\":\"EntryPoint\",\"urlTemplate\":\"https:\\\/\\\/lagnoticias.com\\\/?s={search_term_string}\"},\"query-input\":{\"@type\":\"PropertyValueSpecification\",\"valueRequired\":true,\"valueName\":\"search_term_string\"}}],\"inLanguage\":\"en-US\"},{\"@type\":\"Person\",\"@id\":\"https:\\\/\\\/lagnoticias.com\\\/#\\\/schema\\\/person\\\/cb9bfe13f8de05d2c55270be25c6a550\",\"name\":\"Oscar\",\"image\":{\"@type\":\"ImageObject\",\"inLanguage\":\"en-US\",\"@id\":\"https:\\\/\\\/secure.gravatar.com\\\/avatar\\\/45c195718f652dc7ffdd591dc1f2678956ab7fdadcd359a635edc61304a8c757?s=96&d=mm&r=g\",\"url\":\"https:\\\/\\\/secure.gravatar.com\\\/avatar\\\/45c195718f652dc7ffdd591dc1f2678956ab7fdadcd359a635edc61304a8c757?s=96&d=mm&r=g\",\"contentUrl\":\"https:\\\/\\\/secure.gravatar.com\\\/avatar\\\/45c195718f652dc7ffdd591dc1f2678956ab7fdadcd359a635edc61304a8c757?s=96&d=mm&r=g\",\"caption\":\"Oscar\"},\"url\":\"https:\\\/\\\/lagnoticias.com\\\/en\\\/author\\\/oscar\\\/\"}]}<\/script>\n<!-- \/ Yoast SEO plugin. -->","yoast_head_json":{"title":"Conamype apoya a m\u00e1s de 1,000,000 de micro y peque\u00f1os empresarios como motor de la econom\u00eda nacional - La G Noticias","robots":{"index":"index","follow":"follow","max-snippet":"max-snippet:-1","max-image-preview":"max-image-preview:large","max-video-preview":"max-video-preview:-1"},"canonical":"https:\/\/lagnoticias.com\/en\/2025\/09\/04\/conamype-apoya-a-mas-de-1000000-de-micro-y-pequenos-empresarios-como-motor-de-la-economia-nacional\/","og_locale":"en_US","og_type":"article","og_title":"Conamype apoya a m\u00e1s de 1,000,000 de micro y peque\u00f1os empresarios como motor de la econom\u00eda nacional - La G Noticias","og_description":"El presidente de la Comisi\u00f3n Nacional de la Micro y Peque\u00f1a Empresa (Conamype), Paul Steiner, destac\u00f3 que la instituci\u00f3n cuenta con m\u00e1s de 25 puntos de atenci\u00f3n en todo el territorio. Estos espacios est\u00e1n dise\u00f1ados para brindar asesor\u00eda t\u00e9cnica, capacitaci\u00f3n y orientaci\u00f3n en procesos administrativos, con el fin de que los emprendedores encuentren el respaldo [&hellip;]","og_url":"https:\/\/lagnoticias.com\/en\/2025\/09\/04\/conamype-apoya-a-mas-de-1000000-de-micro-y-pequenos-empresarios-como-motor-de-la-economia-nacional\/","og_site_name":"La G Noticias","article_publisher":"https:\/\/www.facebook.com\/LaGNoticias","article_published_time":"2025-09-04T14:46:39+00:00","article_modified_time":"2025-09-04T14:46:40+00:00","og_image":[{"width":2560,"height":1706,"url":"https:\/\/lagnoticias.com\/wp-content\/uploads\/2025\/09\/IMG-20250904-WA0085-scaled.jpg","type":"image\/jpeg"}],"author":"Oscar","twitter_card":"summary_large_image","twitter_creator":"@lagnoticias","twitter_site":"@lagnoticias","twitter_misc":{"Written by":"Oscar","Est. reading time":"2 minutes"},"schema":{"@context":"https:\/\/schema.org","@graph":[{"@type":"Article","@id":"https:\/\/lagnoticias.com\/2025\/09\/04\/conamype-apoya-a-mas-de-1000000-de-micro-y-pequenos-empresarios-como-motor-de-la-economia-nacional\/#article","isPartOf":{"@id":"https:\/\/lagnoticias.com\/2025\/09\/04\/conamype-apoya-a-mas-de-1000000-de-micro-y-pequenos-empresarios-como-motor-de-la-economia-nacional\/"},"author":{"name":"Oscar","@id":"https:\/\/lagnoticias.com\/#\/schema\/person\/cb9bfe13f8de05d2c55270be25c6a550"},"headline":"Conamype apoya a m\u00e1s de 1,000,000 de micro y peque\u00f1os empresarios como motor de la econom\u00eda nacional","datePublished":"2025-09-04T14:46:39+00:00","dateModified":"2025-09-04T14:46:40+00:00","mainEntityOfPage":{"@id":"https:\/\/lagnoticias.com\/2025\/09\/04\/conamype-apoya-a-mas-de-1000000-de-micro-y-pequenos-empresarios-como-motor-de-la-economia-nacional\/"},"wordCount":336,"commentCount":0,"image":{"@id":"https:\/\/lagnoticias.com\/2025\/09\/04\/conamype-apoya-a-mas-de-1000000-de-micro-y-pequenos-empresarios-como-motor-de-la-economia-nacional\/#primaryimage"},"thumbnailUrl":"https:\/\/lagnoticias.com\/wp-content\/uploads\/2025\/09\/IMG-20250904-WA0085-scaled.jpg","keywords":["CONAMYPE","ECONOM\u00cdA","EMPRESAS","MICRO Y PEQUE\u00d1A EMPRESA"],"articleSection":["NACIONALES"],"inLanguage":"en-US","potentialAction":[{"@type":"CommentAction","name":"Comment","target":["https:\/\/lagnoticias.com\/2025\/09\/04\/conamype-apoya-a-mas-de-1000000-de-micro-y-pequenos-empresarios-como-motor-de-la-economia-nacional\/#respond"]}]},{"@type":"WebPage","@id":"https:\/\/lagnoticias.com\/2025\/09\/04\/conamype-apoya-a-mas-de-1000000-de-micro-y-pequenos-empresarios-como-motor-de-la-economia-nacional\/","url":"https:\/\/lagnoticias.com\/2025\/09\/04\/conamype-apoya-a-mas-de-1000000-de-micro-y-pequenos-empresarios-como-motor-de-la-economia-nacional\/","name":"Conamype apoya a m\u00e1s de 1,000,000 de micro y peque\u00f1os empresarios como motor de la econom\u00eda nacional - La G Noticias","isPartOf":{"@id":"https:\/\/lagnoticias.com\/#website"},"primaryImageOfPage":{"@id":"https:\/\/lagnoticias.com\/2025\/09\/04\/conamype-apoya-a-mas-de-1000000-de-micro-y-pequenos-empresarios-como-motor-de-la-economia-nacional\/#primaryimage"},"image":{"@id":"https:\/\/lagnoticias.com\/2025\/09\/04\/conamype-apoya-a-mas-de-1000000-de-micro-y-pequenos-empresarios-como-motor-de-la-economia-nacional\/#primaryimage"},"thumbnailUrl":"https:\/\/lagnoticias.com\/wp-content\/uploads\/2025\/09\/IMG-20250904-WA0085-scaled.jpg","datePublished":"2025-09-04T14:46:39+00:00","dateModified":"2025-09-04T14:46:40+00:00","author":{"@id":"https:\/\/lagnoticias.com\/#\/schema\/person\/cb9bfe13f8de05d2c55270be25c6a550"},"breadcrumb":{"@id":"https:\/\/lagnoticias.com\/2025\/09\/04\/conamype-apoya-a-mas-de-1000000-de-micro-y-pequenos-empresarios-como-motor-de-la-economia-nacional\/#breadcrumb"},"inLanguage":"en-US","potentialAction":[{"@type":"ReadAction","target":["https:\/\/lagnoticias.com\/2025\/09\/04\/conamype-apoya-a-mas-de-1000000-de-micro-y-pequenos-empresarios-como-motor-de-la-economia-nacional\/"]}]},{"@type":"ImageObject","inLanguage":"en-US","@id":"https:\/\/lagnoticias.com\/2025\/09\/04\/conamype-apoya-a-mas-de-1000000-de-micro-y-pequenos-empresarios-como-motor-de-la-economia-nacional\/#primaryimage","url":"https:\/\/lagnoticias.com\/wp-content\/uploads\/2025\/09\/IMG-20250904-WA0085-scaled.jpg","contentUrl":"https:\/\/lagnoticias.com\/wp-content\/uploads\/2025\/09\/IMG-20250904-WA0085-scaled.jpg","width":2560,"height":1706},{"@type":"BreadcrumbList","@id":"https:\/\/lagnoticias.com\/2025\/09\/04\/conamype-apoya-a-mas-de-1000000-de-micro-y-pequenos-empresarios-como-motor-de-la-economia-nacional\/#breadcrumb","itemListElement":[{"@type":"ListItem","position":1,"name":"Portada","item":"https:\/\/lagnoticias.com\/"},{"@type":"ListItem","position":2,"name":"Conamype apoya a m\u00e1s de 1,000,000 de micro y peque\u00f1os empresarios como motor de la econom\u00eda nacional"}]},{"@type":"WebSite","@id":"https:\/\/lagnoticias.com\/#website","url":"https:\/\/lagnoticias.com\/","name":"La G Noticias","description":"Noticias Positivas","potentialAction":[{"@type":"SearchAction","target":{"@type":"EntryPoint","urlTemplate":"https:\/\/lagnoticias.com\/?s={search_term_string}"},"query-input":{"@type":"PropertyValueSpecification","valueRequired":true,"valueName":"search_term_string"}}],"inLanguage":"en-US"},{"@type":"Person","@id":"https:\/\/lagnoticias.com\/#\/schema\/person\/cb9bfe13f8de05d2c55270be25c6a550","name":"Oscar","image":{"@type":"ImageObject","inLanguage":"en-US","@id":"https:\/\/secure.gravatar.com\/avatar\/45c195718f652dc7ffdd591dc1f2678956ab7fdadcd359a635edc61304a8c757?s=96&d=mm&r=g","url":"https:\/\/secure.gravatar.com\/avatar\/45c195718f652dc7ffdd591dc1f2678956ab7fdadcd359a635edc61304a8c757?s=96&d=mm&r=g","contentUrl":"https:\/\/secure.gravatar.com\/avatar\/45c195718f652dc7ffdd591dc1f2678956ab7fdadcd359a635edc61304a8c757?s=96&d=mm&r=g","caption":"Oscar"},"url":"https:\/\/lagnoticias.com\/en\/author\/oscar\/"}]}},"_links":{"self":[{"href":"https:\/\/lagnoticias.com\/en\/wp-json\/wp\/v2\/posts\/4677","targetHints":{"allow":["GET"]}}],"collection":[{"href":"https:\/\/lagnoticias.com\/en\/wp-json\/wp\/v2\/posts"}],"about":[{"href":"https:\/\/lagnoticias.com\/en\/wp-json\/wp\/v2\/types\/post"}],"author":[{"embeddable":true,"href":"https:\/\/lagnoticias.com\/en\/wp-json\/wp\/v2\/users\/2"}],"replies":[{"embeddable":true,"href":"https:\/\/lagnoticias.com\/en\/wp-json\/wp\/v2\/comments?post=4677"}],"version-history":[{"count":1,"href":"https:\/\/lagnoticias.com\/en\/wp-json\/wp\/v2\/posts\/4677\/revisions"}],"predecessor-version":[{"id":4679,"href":"https:\/\/lagnoticias.com\/en\/wp-json\/wp\/v2\/posts\/4677\/revisions\/4679"}],"wp:featuredmedia":[{"embeddable":true,"href":"https:\/\/lagnoticias.com\/en\/wp-json\/wp\/v2\/media\/4678"}],"wp:attachment":[{"href":"https:\/\/lagnoticias.com\/en\/wp-json\/wp\/v2\/media?parent=4677"}],"wp:term":[{"taxonomy":"category","embeddable":true,"href":"https:\/\/lagnoticias.com\/en\/wp-json\/wp\/v2\/categories?post=4677"},{"taxonomy":"post_tag","embeddable":true,"href":"https:\/\/lagnoticias.com\/en\/wp-json\/wp\/v2\/tags?post=4677"}],"curies":[{"name":"wp","href":"https:\/\/api.w.org\/{rel}","templated":true}]}}