{"id":4674,"date":"2025-09-03T16:12:57","date_gmt":"2025-09-03T22:12:57","guid":{"rendered":"https:\/\/lagnoticias.com\/?p=4674"},"modified":"2025-09-12T11:55:53","modified_gmt":"2025-09-12T17:55:53","slug":"peru-construira-una-nueva-carcel-en-el-fronton-inspirada-en-el-modelo-cecot","status":"publish","type":"post","link":"https:\/\/lagnoticias.com\/en\/2025\/09\/03\/peru-construira-una-nueva-carcel-en-el-fronton-inspirada-en-el-modelo-cecot\/","title":{"rendered":"Per\u00fa construir\u00e1 una nueva c\u00e1rcel en El Front\u00f3n inspirada en el modelo CECOT"},"content":{"rendered":"<p>El ministro de Justicia de Per\u00fa, Juan Jos\u00e9 Santiv\u00e1\u00f1ez, anunci\u00f3 la construcci\u00f3n de un nuevo penal de m\u00e1xima seguridad que se levantar\u00e1 en la isla El Front\u00f3n. El penal estar\u00eda operativo en un plazo de 8 a 10 meses. El proyecto contar\u00e1 con una inversi\u00f3n de 174 millones de d\u00f3lares financiados por la empresa privada, y ser\u00e1 ejecutado bajo un modelo modular prefabricado inspirado en el centro penitenciario CECOT de El Salvador.<\/p>\n\n\n\n<p><\/p>\n\n\n\n<h2 class=\"wp-block-heading\">Construcci\u00f3n acelerada: un penal listo en menos de un a\u00f1o<\/h2>\n\n\n\n<p><\/p>\n\n\n\n<p>En una conferencia de prensa y mediante comunicados oficiales, el titular del Ministerio de Justicia y Derechos Humanos, Juan Jos\u00e9 Santiv\u00e1\u00f1ez, detall\u00f3 que la construcci\u00f3n del nuevo penal de El Front\u00f3n tendr\u00e1 una duraci\u00f3n estimada de entre ocho y diez meses.<\/p>\n\n\n\n<p>La rapidez del proceso ser\u00e1 posible gracias al uso de&nbsp;infraestructura modular prefabricada, tecnolog\u00eda que permite reducir dr\u00e1sticamente los plazos sin sacrificar la seguridad o la funcionalidad del recinto. El dise\u00f1o se inspira en la c\u00e1rcel de m\u00e1xima seguridad&nbsp;CECOT (Centro de Confinamiento del Terrorismo)&nbsp;construida en El Salvador, que ha sido referencia regional en materia penitenciaria.<\/p>\n\n\n\n<p><\/p>\n\n\n\n<h2 class=\"wp-block-heading\">\u00bfQui\u00e9nes ser\u00e1n los internos del nuevo penal?<\/h2>\n\n\n\n<p><\/p>\n\n\n\n<p>El penal est\u00e1 dise\u00f1ado para&nbsp;albergar hasta 2000 reclusos de alta peligrosidad, entre ellos l\u00edderes de organizaciones criminales, sicarios, asesinos y extorsionadores. Todos ellos estar\u00e1n bajo un&nbsp;r\u00e9gimen cerrado especial, que incluye:<\/p>\n\n\n\n<ul class=\"wp-block-list\">\n<li>Aislamiento permanente<\/li>\n\n\n\n<li>Prohibici\u00f3n de visitas<\/li>\n\n\n\n<li>Monitoreo constante<\/li>\n\n\n\n<li>Limitaci\u00f3n total de comunicaciones<\/li>\n<\/ul>\n\n\n\n<p>\u201cEl objetivo es garantizar que los cabecillas criminales no tengan contacto alguno con el exterior ni posibilidad de seguir operando desde prisi\u00f3n\u201d, declar\u00f3 Santiv\u00e1\u00f1ez.<\/p>\n\n\n\n<p><\/p>\n\n\n\n<h2 class=\"wp-block-heading\">Financiamiento privado y modalidad de ejecuci\u00f3n<\/h2>\n\n\n\n<p><\/p>\n\n\n\n<p>El penal ser\u00e1 financiado con una inversi\u00f3n de&nbsp;174 millones de d\u00f3lares&nbsp;aportados por la empresa privada, bajo el mecanismo de&nbsp;obras por impuestos (OxI).<\/p>\n\n\n\n<p>Este sistema permite que el sector privado adelante obras de infraestructura p\u00fablica a cambio de beneficios tributarios. Seg\u00fan el ministro, esta modalidad garantiza&nbsp;transparencia, eficiencia t\u00e9cnica&nbsp;y&nbsp;menores tiempos de ejecuci\u00f3n.<\/p>\n\n\n\n<p>\u201cEs una apuesta estrat\u00e9gica del Estado, y el sector privado est\u00e1 colaborando decididamente\u201d, subray\u00f3 Santiv\u00e1\u00f1ez.<\/p>\n\n\n\n<p><\/p>\n\n\n\n<h2 class=\"wp-block-heading\">Las Fuerzas Armadas se suman al proyecto<\/h2>\n\n\n\n<p><\/p>\n\n\n\n<p>La presidenta Dina Boluarte orden\u00f3 la firma de un&nbsp;convenio tripartito&nbsp;entre el Ministerio de Justicia, el Instituto Nacional Penitenciario (INPE) y el Ministerio de Defensa. A trav\u00e9s de este acuerdo, las&nbsp;Fuerzas Armadas estar\u00e1n a cargo de la limpieza y preparaci\u00f3n del terreno, as\u00ed como de la demolici\u00f3n de las estructuras existentes en la isla.<\/p>\n\n\n\n<p>Ingenieros militares especializados se encargar\u00e1n del&nbsp;movimiento de tierras, la&nbsp;habilitaci\u00f3n de \u00e1reas de construcci\u00f3n, y la&nbsp;instalaci\u00f3n log\u00edstica&nbsp;necesaria para iniciar las obras lo antes posible.<\/p>\n\n\n\n<p>Este respaldo institucional busca acortar los tiempos y asegurar la viabilidad t\u00e9cnica del proyecto.<\/p>\n\n\n\n<p><\/p>\n\n\n\n<p><\/p>\n\n\n\n<p><\/p>\n\n\n\n<p><\/p>\n\n\n\n<p><\/p>\n\n\n\n<p>(Caretas)<\/p>","protected":false},"excerpt":{"rendered":"<p>El ministro de Justicia de Per\u00fa, Juan Jos\u00e9 Santiv\u00e1\u00f1ez, anunci\u00f3 la construcci\u00f3n de un nuevo penal de m\u00e1xima seguridad que se levantar\u00e1 en la isla El Front\u00f3n. El penal estar\u00eda operativo en un plazo de 8 a 10 meses. El proyecto contar\u00e1 con una inversi\u00f3n de 174 millones de d\u00f3lares financiados por la empresa privada, [&hellip;]<\/p>","protected":false},"author":2,"featured_media":4675,"comment_status":"open","ping_status":"open","sticky":false,"template":"","format":"standard","meta":{"_et_pb_use_builder":"off","_et_pb_old_content":"","_et_gb_content_width":"","footnotes":""},"categories":[245],"tags":[874,376,267,852],"class_list":["post-4674","post","type-post","status-publish","format-standard","has-post-thumbnail","hentry","category-internacionales","tag-carcel","tag-cecot","tag-el-salvador","tag-peru"],"yoast_head":"<!-- This site is optimized with the Yoast SEO plugin v27.4 - https:\/\/yoast.com\/product\/yoast-seo-wordpress\/ -->\n<title>Per\u00fa construir\u00e1 una nueva c\u00e1rcel en El Front\u00f3n inspirada en el modelo CECOT - La G Noticias<\/title>\n<meta name=\"robots\" content=\"index, follow, max-snippet:-1, max-image-preview:large, max-video-preview:-1\" \/>\n<link rel=\"canonical\" href=\"https:\/\/lagnoticias.com\/en\/2025\/09\/03\/peru-construira-una-nueva-carcel-en-el-fronton-inspirada-en-el-modelo-cecot\/\" \/>\n<meta property=\"og:locale\" content=\"en_US\" \/>\n<meta property=\"og:type\" content=\"article\" \/>\n<meta property=\"og:title\" content=\"Per\u00fa construir\u00e1 una nueva c\u00e1rcel en El Front\u00f3n inspirada en el modelo CECOT - La G Noticias\" \/>\n<meta property=\"og:description\" content=\"El ministro de Justicia de Per\u00fa, Juan Jos\u00e9 Santiv\u00e1\u00f1ez, anunci\u00f3 la construcci\u00f3n de un nuevo penal de m\u00e1xima seguridad que se levantar\u00e1 en la isla El Front\u00f3n. El penal estar\u00eda operativo en un plazo de 8 a 10 meses. El proyecto contar\u00e1 con una inversi\u00f3n de 174 millones de d\u00f3lares financiados por la empresa privada, [&hellip;]\" \/>\n<meta property=\"og:url\" content=\"https:\/\/lagnoticias.com\/en\/2025\/09\/03\/peru-construira-una-nueva-carcel-en-el-fronton-inspirada-en-el-modelo-cecot\/\" \/>\n<meta property=\"og:site_name\" content=\"La G Noticias\" \/>\n<meta property=\"article:publisher\" content=\"https:\/\/www.facebook.com\/LaGNoticias\" \/>\n<meta property=\"article:published_time\" content=\"2025-09-03T22:12:57+00:00\" \/>\n<meta property=\"article:modified_time\" content=\"2025-09-12T17:55:53+00:00\" \/>\n<meta property=\"og:image\" content=\"https:\/\/lagnoticias.com\/wp-content\/uploads\/2025\/09\/9-1.jpg\" \/>\n\t<meta property=\"og:image:width\" content=\"1170\" \/>\n\t<meta property=\"og:image:height\" content=\"780\" \/>\n\t<meta property=\"og:image:type\" content=\"image\/jpeg\" \/>\n<meta name=\"author\" content=\"Oscar\" \/>\n<meta name=\"twitter:card\" content=\"summary_large_image\" \/>\n<meta name=\"twitter:creator\" content=\"@lagnoticias\" \/>\n<meta name=\"twitter:site\" content=\"@lagnoticias\" \/>\n<meta name=\"twitter:label1\" content=\"Written by\" \/>\n\t<meta name=\"twitter:data1\" content=\"Oscar\" \/>\n\t<meta name=\"twitter:label2\" content=\"Est. reading time\" \/>\n\t<meta name=\"twitter:data2\" content=\"3 minutes\" \/>\n<script type=\"application\/ld+json\" class=\"yoast-schema-graph\">{\"@context\":\"https:\\\/\\\/schema.org\",\"@graph\":[{\"@type\":\"Article\",\"@id\":\"https:\\\/\\\/lagnoticias.com\\\/2025\\\/09\\\/03\\\/peru-construira-una-nueva-carcel-en-el-fronton-inspirada-en-el-modelo-cecot\\\/#article\",\"isPartOf\":{\"@id\":\"https:\\\/\\\/lagnoticias.com\\\/2025\\\/09\\\/03\\\/peru-construira-una-nueva-carcel-en-el-fronton-inspirada-en-el-modelo-cecot\\\/\"},\"author\":{\"name\":\"Oscar\",\"@id\":\"https:\\\/\\\/lagnoticias.com\\\/#\\\/schema\\\/person\\\/cb9bfe13f8de05d2c55270be25c6a550\"},\"headline\":\"Per\u00fa construir\u00e1 una nueva c\u00e1rcel en El Front\u00f3n inspirada en el modelo CECOT\",\"datePublished\":\"2025-09-03T22:12:57+00:00\",\"dateModified\":\"2025-09-12T17:55:53+00:00\",\"mainEntityOfPage\":{\"@id\":\"https:\\\/\\\/lagnoticias.com\\\/2025\\\/09\\\/03\\\/peru-construira-una-nueva-carcel-en-el-fronton-inspirada-en-el-modelo-cecot\\\/\"},\"wordCount\":511,\"commentCount\":0,\"image\":{\"@id\":\"https:\\\/\\\/lagnoticias.com\\\/2025\\\/09\\\/03\\\/peru-construira-una-nueva-carcel-en-el-fronton-inspirada-en-el-modelo-cecot\\\/#primaryimage\"},\"thumbnailUrl\":\"https:\\\/\\\/lagnoticias.com\\\/wp-content\\\/uploads\\\/2025\\\/09\\\/9-1.jpg\",\"keywords\":[\"C\u00c1RCEL\",\"CECOT\",\"EL SALVADOR\",\"PERU\"],\"articleSection\":[\"INTERNACIONALES\"],\"inLanguage\":\"en-US\",\"potentialAction\":[{\"@type\":\"CommentAction\",\"name\":\"Comment\",\"target\":[\"https:\\\/\\\/lagnoticias.com\\\/2025\\\/09\\\/03\\\/peru-construira-una-nueva-carcel-en-el-fronton-inspirada-en-el-modelo-cecot\\\/#respond\"]}]},{\"@type\":\"WebPage\",\"@id\":\"https:\\\/\\\/lagnoticias.com\\\/2025\\\/09\\\/03\\\/peru-construira-una-nueva-carcel-en-el-fronton-inspirada-en-el-modelo-cecot\\\/\",\"url\":\"https:\\\/\\\/lagnoticias.com\\\/2025\\\/09\\\/03\\\/peru-construira-una-nueva-carcel-en-el-fronton-inspirada-en-el-modelo-cecot\\\/\",\"name\":\"Per\u00fa construir\u00e1 una nueva c\u00e1rcel en El Front\u00f3n inspirada en el modelo CECOT - La G Noticias\",\"isPartOf\":{\"@id\":\"https:\\\/\\\/lagnoticias.com\\\/#website\"},\"primaryImageOfPage\":{\"@id\":\"https:\\\/\\\/lagnoticias.com\\\/2025\\\/09\\\/03\\\/peru-construira-una-nueva-carcel-en-el-fronton-inspirada-en-el-modelo-cecot\\\/#primaryimage\"},\"image\":{\"@id\":\"https:\\\/\\\/lagnoticias.com\\\/2025\\\/09\\\/03\\\/peru-construira-una-nueva-carcel-en-el-fronton-inspirada-en-el-modelo-cecot\\\/#primaryimage\"},\"thumbnailUrl\":\"https:\\\/\\\/lagnoticias.com\\\/wp-content\\\/uploads\\\/2025\\\/09\\\/9-1.jpg\",\"datePublished\":\"2025-09-03T22:12:57+00:00\",\"dateModified\":\"2025-09-12T17:55:53+00:00\",\"author\":{\"@id\":\"https:\\\/\\\/lagnoticias.com\\\/#\\\/schema\\\/person\\\/cb9bfe13f8de05d2c55270be25c6a550\"},\"breadcrumb\":{\"@id\":\"https:\\\/\\\/lagnoticias.com\\\/2025\\\/09\\\/03\\\/peru-construira-una-nueva-carcel-en-el-fronton-inspirada-en-el-modelo-cecot\\\/#breadcrumb\"},\"inLanguage\":\"en-US\",\"potentialAction\":[{\"@type\":\"ReadAction\",\"target\":[\"https:\\\/\\\/lagnoticias.com\\\/2025\\\/09\\\/03\\\/peru-construira-una-nueva-carcel-en-el-fronton-inspirada-en-el-modelo-cecot\\\/\"]}]},{\"@type\":\"ImageObject\",\"inLanguage\":\"en-US\",\"@id\":\"https:\\\/\\\/lagnoticias.com\\\/2025\\\/09\\\/03\\\/peru-construira-una-nueva-carcel-en-el-fronton-inspirada-en-el-modelo-cecot\\\/#primaryimage\",\"url\":\"https:\\\/\\\/lagnoticias.com\\\/wp-content\\\/uploads\\\/2025\\\/09\\\/9-1.jpg\",\"contentUrl\":\"https:\\\/\\\/lagnoticias.com\\\/wp-content\\\/uploads\\\/2025\\\/09\\\/9-1.jpg\",\"width\":1170,\"height\":780},{\"@type\":\"BreadcrumbList\",\"@id\":\"https:\\\/\\\/lagnoticias.com\\\/2025\\\/09\\\/03\\\/peru-construira-una-nueva-carcel-en-el-fronton-inspirada-en-el-modelo-cecot\\\/#breadcrumb\",\"itemListElement\":[{\"@type\":\"ListItem\",\"position\":1,\"name\":\"Portada\",\"item\":\"https:\\\/\\\/lagnoticias.com\\\/\"},{\"@type\":\"ListItem\",\"position\":2,\"name\":\"Per\u00fa construir\u00e1 una nueva c\u00e1rcel en El Front\u00f3n inspirada en el modelo CECOT\"}]},{\"@type\":\"WebSite\",\"@id\":\"https:\\\/\\\/lagnoticias.com\\\/#website\",\"url\":\"https:\\\/\\\/lagnoticias.com\\\/\",\"name\":\"La G Noticias\",\"description\":\"Noticias Positivas\",\"potentialAction\":[{\"@type\":\"SearchAction\",\"target\":{\"@type\":\"EntryPoint\",\"urlTemplate\":\"https:\\\/\\\/lagnoticias.com\\\/?s={search_term_string}\"},\"query-input\":{\"@type\":\"PropertyValueSpecification\",\"valueRequired\":true,\"valueName\":\"search_term_string\"}}],\"inLanguage\":\"en-US\"},{\"@type\":\"Person\",\"@id\":\"https:\\\/\\\/lagnoticias.com\\\/#\\\/schema\\\/person\\\/cb9bfe13f8de05d2c55270be25c6a550\",\"name\":\"Oscar\",\"image\":{\"@type\":\"ImageObject\",\"inLanguage\":\"en-US\",\"@id\":\"https:\\\/\\\/secure.gravatar.com\\\/avatar\\\/45c195718f652dc7ffdd591dc1f2678956ab7fdadcd359a635edc61304a8c757?s=96&d=mm&r=g\",\"url\":\"https:\\\/\\\/secure.gravatar.com\\\/avatar\\\/45c195718f652dc7ffdd591dc1f2678956ab7fdadcd359a635edc61304a8c757?s=96&d=mm&r=g\",\"contentUrl\":\"https:\\\/\\\/secure.gravatar.com\\\/avatar\\\/45c195718f652dc7ffdd591dc1f2678956ab7fdadcd359a635edc61304a8c757?s=96&d=mm&r=g\",\"caption\":\"Oscar\"},\"url\":\"https:\\\/\\\/lagnoticias.com\\\/en\\\/author\\\/oscar\\\/\"}]}<\/script>\n<!-- \/ Yoast SEO plugin. -->","yoast_head_json":{"title":"Per\u00fa construir\u00e1 una nueva c\u00e1rcel en El Front\u00f3n inspirada en el modelo CECOT - La G Noticias","robots":{"index":"index","follow":"follow","max-snippet":"max-snippet:-1","max-image-preview":"max-image-preview:large","max-video-preview":"max-video-preview:-1"},"canonical":"https:\/\/lagnoticias.com\/en\/2025\/09\/03\/peru-construira-una-nueva-carcel-en-el-fronton-inspirada-en-el-modelo-cecot\/","og_locale":"en_US","og_type":"article","og_title":"Per\u00fa construir\u00e1 una nueva c\u00e1rcel en El Front\u00f3n inspirada en el modelo CECOT - La G Noticias","og_description":"El ministro de Justicia de Per\u00fa, Juan Jos\u00e9 Santiv\u00e1\u00f1ez, anunci\u00f3 la construcci\u00f3n de un nuevo penal de m\u00e1xima seguridad que se levantar\u00e1 en la isla El Front\u00f3n. El penal estar\u00eda operativo en un plazo de 8 a 10 meses. El proyecto contar\u00e1 con una inversi\u00f3n de 174 millones de d\u00f3lares financiados por la empresa privada, [&hellip;]","og_url":"https:\/\/lagnoticias.com\/en\/2025\/09\/03\/peru-construira-una-nueva-carcel-en-el-fronton-inspirada-en-el-modelo-cecot\/","og_site_name":"La G Noticias","article_publisher":"https:\/\/www.facebook.com\/LaGNoticias","article_published_time":"2025-09-03T22:12:57+00:00","article_modified_time":"2025-09-12T17:55:53+00:00","og_image":[{"width":1170,"height":780,"url":"https:\/\/lagnoticias.com\/wp-content\/uploads\/2025\/09\/9-1.jpg","type":"image\/jpeg"}],"author":"Oscar","twitter_card":"summary_large_image","twitter_creator":"@lagnoticias","twitter_site":"@lagnoticias","twitter_misc":{"Written by":"Oscar","Est. reading time":"3 minutes"},"schema":{"@context":"https:\/\/schema.org","@graph":[{"@type":"Article","@id":"https:\/\/lagnoticias.com\/2025\/09\/03\/peru-construira-una-nueva-carcel-en-el-fronton-inspirada-en-el-modelo-cecot\/#article","isPartOf":{"@id":"https:\/\/lagnoticias.com\/2025\/09\/03\/peru-construira-una-nueva-carcel-en-el-fronton-inspirada-en-el-modelo-cecot\/"},"author":{"name":"Oscar","@id":"https:\/\/lagnoticias.com\/#\/schema\/person\/cb9bfe13f8de05d2c55270be25c6a550"},"headline":"Per\u00fa construir\u00e1 una nueva c\u00e1rcel en El Front\u00f3n inspirada en el modelo CECOT","datePublished":"2025-09-03T22:12:57+00:00","dateModified":"2025-09-12T17:55:53+00:00","mainEntityOfPage":{"@id":"https:\/\/lagnoticias.com\/2025\/09\/03\/peru-construira-una-nueva-carcel-en-el-fronton-inspirada-en-el-modelo-cecot\/"},"wordCount":511,"commentCount":0,"image":{"@id":"https:\/\/lagnoticias.com\/2025\/09\/03\/peru-construira-una-nueva-carcel-en-el-fronton-inspirada-en-el-modelo-cecot\/#primaryimage"},"thumbnailUrl":"https:\/\/lagnoticias.com\/wp-content\/uploads\/2025\/09\/9-1.jpg","keywords":["C\u00c1RCEL","CECOT","EL SALVADOR","PERU"],"articleSection":["INTERNACIONALES"],"inLanguage":"en-US","potentialAction":[{"@type":"CommentAction","name":"Comment","target":["https:\/\/lagnoticias.com\/2025\/09\/03\/peru-construira-una-nueva-carcel-en-el-fronton-inspirada-en-el-modelo-cecot\/#respond"]}]},{"@type":"WebPage","@id":"https:\/\/lagnoticias.com\/2025\/09\/03\/peru-construira-una-nueva-carcel-en-el-fronton-inspirada-en-el-modelo-cecot\/","url":"https:\/\/lagnoticias.com\/2025\/09\/03\/peru-construira-una-nueva-carcel-en-el-fronton-inspirada-en-el-modelo-cecot\/","name":"Per\u00fa construir\u00e1 una nueva c\u00e1rcel en El Front\u00f3n inspirada en el modelo CECOT - La G Noticias","isPartOf":{"@id":"https:\/\/lagnoticias.com\/#website"},"primaryImageOfPage":{"@id":"https:\/\/lagnoticias.com\/2025\/09\/03\/peru-construira-una-nueva-carcel-en-el-fronton-inspirada-en-el-modelo-cecot\/#primaryimage"},"image":{"@id":"https:\/\/lagnoticias.com\/2025\/09\/03\/peru-construira-una-nueva-carcel-en-el-fronton-inspirada-en-el-modelo-cecot\/#primaryimage"},"thumbnailUrl":"https:\/\/lagnoticias.com\/wp-content\/uploads\/2025\/09\/9-1.jpg","datePublished":"2025-09-03T22:12:57+00:00","dateModified":"2025-09-12T17:55:53+00:00","author":{"@id":"https:\/\/lagnoticias.com\/#\/schema\/person\/cb9bfe13f8de05d2c55270be25c6a550"},"breadcrumb":{"@id":"https:\/\/lagnoticias.com\/2025\/09\/03\/peru-construira-una-nueva-carcel-en-el-fronton-inspirada-en-el-modelo-cecot\/#breadcrumb"},"inLanguage":"en-US","potentialAction":[{"@type":"ReadAction","target":["https:\/\/lagnoticias.com\/2025\/09\/03\/peru-construira-una-nueva-carcel-en-el-fronton-inspirada-en-el-modelo-cecot\/"]}]},{"@type":"ImageObject","inLanguage":"en-US","@id":"https:\/\/lagnoticias.com\/2025\/09\/03\/peru-construira-una-nueva-carcel-en-el-fronton-inspirada-en-el-modelo-cecot\/#primaryimage","url":"https:\/\/lagnoticias.com\/wp-content\/uploads\/2025\/09\/9-1.jpg","contentUrl":"https:\/\/lagnoticias.com\/wp-content\/uploads\/2025\/09\/9-1.jpg","width":1170,"height":780},{"@type":"BreadcrumbList","@id":"https:\/\/lagnoticias.com\/2025\/09\/03\/peru-construira-una-nueva-carcel-en-el-fronton-inspirada-en-el-modelo-cecot\/#breadcrumb","itemListElement":[{"@type":"ListItem","position":1,"name":"Portada","item":"https:\/\/lagnoticias.com\/"},{"@type":"ListItem","position":2,"name":"Per\u00fa construir\u00e1 una nueva c\u00e1rcel en El Front\u00f3n inspirada en el modelo CECOT"}]},{"@type":"WebSite","@id":"https:\/\/lagnoticias.com\/#website","url":"https:\/\/lagnoticias.com\/","name":"La G Noticias","description":"Noticias Positivas","potentialAction":[{"@type":"SearchAction","target":{"@type":"EntryPoint","urlTemplate":"https:\/\/lagnoticias.com\/?s={search_term_string}"},"query-input":{"@type":"PropertyValueSpecification","valueRequired":true,"valueName":"search_term_string"}}],"inLanguage":"en-US"},{"@type":"Person","@id":"https:\/\/lagnoticias.com\/#\/schema\/person\/cb9bfe13f8de05d2c55270be25c6a550","name":"Oscar","image":{"@type":"ImageObject","inLanguage":"en-US","@id":"https:\/\/secure.gravatar.com\/avatar\/45c195718f652dc7ffdd591dc1f2678956ab7fdadcd359a635edc61304a8c757?s=96&d=mm&r=g","url":"https:\/\/secure.gravatar.com\/avatar\/45c195718f652dc7ffdd591dc1f2678956ab7fdadcd359a635edc61304a8c757?s=96&d=mm&r=g","contentUrl":"https:\/\/secure.gravatar.com\/avatar\/45c195718f652dc7ffdd591dc1f2678956ab7fdadcd359a635edc61304a8c757?s=96&d=mm&r=g","caption":"Oscar"},"url":"https:\/\/lagnoticias.com\/en\/author\/oscar\/"}]}},"_links":{"self":[{"href":"https:\/\/lagnoticias.com\/en\/wp-json\/wp\/v2\/posts\/4674","targetHints":{"allow":["GET"]}}],"collection":[{"href":"https:\/\/lagnoticias.com\/en\/wp-json\/wp\/v2\/posts"}],"about":[{"href":"https:\/\/lagnoticias.com\/en\/wp-json\/wp\/v2\/types\/post"}],"author":[{"embeddable":true,"href":"https:\/\/lagnoticias.com\/en\/wp-json\/wp\/v2\/users\/2"}],"replies":[{"embeddable":true,"href":"https:\/\/lagnoticias.com\/en\/wp-json\/wp\/v2\/comments?post=4674"}],"version-history":[{"count":1,"href":"https:\/\/lagnoticias.com\/en\/wp-json\/wp\/v2\/posts\/4674\/revisions"}],"predecessor-version":[{"id":4676,"href":"https:\/\/lagnoticias.com\/en\/wp-json\/wp\/v2\/posts\/4674\/revisions\/4676"}],"wp:featuredmedia":[{"embeddable":true,"href":"https:\/\/lagnoticias.com\/en\/wp-json\/wp\/v2\/media\/4675"}],"wp:attachment":[{"href":"https:\/\/lagnoticias.com\/en\/wp-json\/wp\/v2\/media?parent=4674"}],"wp:term":[{"taxonomy":"category","embeddable":true,"href":"https:\/\/lagnoticias.com\/en\/wp-json\/wp\/v2\/categories?post=4674"},{"taxonomy":"post_tag","embeddable":true,"href":"https:\/\/lagnoticias.com\/en\/wp-json\/wp\/v2\/tags?post=4674"}],"curies":[{"name":"wp","href":"https:\/\/api.w.org\/{rel}","templated":true}]}}