{"id":4668,"date":"2025-09-03T15:37:14","date_gmt":"2025-09-03T21:37:14","guid":{"rendered":"https:\/\/lagnoticias.com\/?p=4668"},"modified":"2025-09-03T15:37:15","modified_gmt":"2025-09-03T21:37:15","slug":"la-serie-betty-la-fea-la-historia-continua-fue-renovada-para-una-tercera-temporada-en-prime-video","status":"publish","type":"post","link":"https:\/\/lagnoticias.com\/en\/2025\/09\/03\/la-serie-betty-la-fea-la-historia-continua-fue-renovada-para-una-tercera-temporada-en-prime-video\/","title":{"rendered":"La serie \u00abBetty la Fea: la historia contin\u00faa\u00bb fue renovada para una tercera temporada en Prime Video"},"content":{"rendered":"<p>Prime Video\u00a0anunci\u00f3 hoy la renovaci\u00f3n de la aclamada serie\u00a0Betty la Fea: La Historia Contin\u00faa\u00a0para una tercera temporada, tras el \u00e9xito de su segunda entrega, que se convirti\u00f3 en el t\u00edtulo colombiano n\u00famero uno en Prime Video en Colombia durante su primera semana de estreno en 2025.<\/p>\n\n\n\n<p>La pr\u00f3xima temporada contar\u00e1 con una emocionante incorporaci\u00f3n: el regreso de\u00a0Diego Cadavid, quien retomar\u00e1 su ic\u00f3nico papel de Rom\u00e1n, personaje de la novela original, a\u00f1adiendo una capa extra de nostalgia y emoci\u00f3n para los fans de toda la vida de esta querida franquicia.<\/p>\n\n\n\n<p>Esta renovaci\u00f3n confirma que la serie, producida por Estudios RCN,\u00a0sigue siendo un fen\u00f3meno a nivel mundial. Contin\u00faa cautivando a audiencias de todas las generaciones con sus historias de empoderamiento, crecimiento personal y las siempre complicadas din\u00e1micas en Ecomoda, mientras se alinea con el compromiso de Prime Video de ofrecer tramas originales y emocionantes que conectan con los espectadores de todo el mundo.<\/p>\n\n\n\n<h2 class=\"wp-block-heading\">De qu\u00e9 trata la segunda temporada de Betty la Fea: La Historia Contin\u00faa<\/h2>\n\n\n\n<p>Esta nueva temporada retoma exactamente donde termin\u00f3 la anterior, con Betty enfrentando decisiones que sacuden su presente y redefinen la historia de su familia. Mientras intenta reconstruir su relaci\u00f3n con su hija Mila y lidiar con la creciente distancia emocional entre ella y Armando, nuevos secretos salen a la luz, inclu\u00edda la inesperada noticia del embarazo de alguien cercano a ella, lo que pondr\u00e1 a prueba la estabilidad de todo aquello que cre\u00eda tener bajo control.<\/p>\n\n\n\n<p>Con el regreso estelar de&nbsp;<strong>Ana Mar\u00eda Orozco<\/strong>&nbsp;y&nbsp;<strong>Jorge Enrique Abello<\/strong>, junto a gran parte del elenco original, la segunda temporada est\u00e1 disponible en Prime Video.<\/p>","protected":false},"excerpt":{"rendered":"<p>La querida serie colombiana contin\u00faa su \u00e9xito global.<\/p>","protected":false},"author":2,"featured_media":4669,"comment_status":"open","ping_status":"open","sticky":false,"template":"","format":"standard","meta":{"_et_pb_use_builder":"off","_et_pb_old_content":"","_et_gb_content_width":"","footnotes":""},"categories":[249],"tags":[662,700,505,565],"class_list":["post-4668","post","type-post","status-publish","format-standard","has-post-thumbnail","hentry","category-entretenimiento","tag-betty-la-fea","tag-prime-video","tag-serie","tag-series-de-tv"],"yoast_head":"<!-- This site is optimized with the Yoast SEO plugin v27.4 - https:\/\/yoast.com\/product\/yoast-seo-wordpress\/ -->\n<title>La serie &quot;Betty la Fea: la historia contin\u00faa&quot; fue renovada para una tercera temporada en Prime Video - La G Noticias<\/title>\n<meta name=\"robots\" content=\"index, follow, max-snippet:-1, max-image-preview:large, max-video-preview:-1\" \/>\n<link rel=\"canonical\" href=\"https:\/\/lagnoticias.com\/en\/2025\/09\/03\/la-serie-betty-la-fea-la-historia-continua-fue-renovada-para-una-tercera-temporada-en-prime-video\/\" \/>\n<meta property=\"og:locale\" content=\"en_US\" \/>\n<meta property=\"og:type\" content=\"article\" \/>\n<meta property=\"og:title\" content=\"La serie &quot;Betty la Fea: la historia contin\u00faa&quot; fue renovada para una tercera temporada en Prime Video - La G Noticias\" \/>\n<meta property=\"og:description\" content=\"La querida serie colombiana contin\u00faa su \u00e9xito global.\" \/>\n<meta property=\"og:url\" content=\"https:\/\/lagnoticias.com\/en\/2025\/09\/03\/la-serie-betty-la-fea-la-historia-continua-fue-renovada-para-una-tercera-temporada-en-prime-video\/\" \/>\n<meta property=\"og:site_name\" content=\"La G Noticias\" \/>\n<meta property=\"article:publisher\" content=\"https:\/\/www.facebook.com\/LaGNoticias\" \/>\n<meta property=\"article:published_time\" content=\"2025-09-03T21:37:14+00:00\" \/>\n<meta property=\"article:modified_time\" content=\"2025-09-03T21:37:15+00:00\" \/>\n<meta property=\"og:image\" content=\"https:\/\/lagnoticias.com\/wp-content\/uploads\/2025\/09\/7-4.jpg\" \/>\n\t<meta property=\"og:image:width\" content=\"655\" \/>\n\t<meta property=\"og:image:height\" content=\"368\" \/>\n\t<meta property=\"og:image:type\" content=\"image\/jpeg\" \/>\n<meta name=\"author\" content=\"Oscar\" \/>\n<meta name=\"twitter:card\" content=\"summary_large_image\" \/>\n<meta name=\"twitter:creator\" content=\"@lagnoticias\" \/>\n<meta name=\"twitter:site\" content=\"@lagnoticias\" \/>\n<meta name=\"twitter:label1\" content=\"Written by\" \/>\n\t<meta name=\"twitter:data1\" content=\"Oscar\" \/>\n\t<meta name=\"twitter:label2\" content=\"Est. reading time\" \/>\n\t<meta name=\"twitter:data2\" content=\"2 minutes\" \/>\n<script type=\"application\/ld+json\" class=\"yoast-schema-graph\">{\"@context\":\"https:\\\/\\\/schema.org\",\"@graph\":[{\"@type\":\"Article\",\"@id\":\"https:\\\/\\\/lagnoticias.com\\\/2025\\\/09\\\/03\\\/la-serie-betty-la-fea-la-historia-continua-fue-renovada-para-una-tercera-temporada-en-prime-video\\\/#article\",\"isPartOf\":{\"@id\":\"https:\\\/\\\/lagnoticias.com\\\/2025\\\/09\\\/03\\\/la-serie-betty-la-fea-la-historia-continua-fue-renovada-para-una-tercera-temporada-en-prime-video\\\/\"},\"author\":{\"name\":\"Oscar\",\"@id\":\"https:\\\/\\\/lagnoticias.com\\\/#\\\/schema\\\/person\\\/cb9bfe13f8de05d2c55270be25c6a550\"},\"headline\":\"La serie \u00abBetty la Fea: la historia contin\u00faa\u00bb fue renovada para una tercera temporada en Prime Video\",\"datePublished\":\"2025-09-03T21:37:14+00:00\",\"dateModified\":\"2025-09-03T21:37:15+00:00\",\"mainEntityOfPage\":{\"@id\":\"https:\\\/\\\/lagnoticias.com\\\/2025\\\/09\\\/03\\\/la-serie-betty-la-fea-la-historia-continua-fue-renovada-para-una-tercera-temporada-en-prime-video\\\/\"},\"wordCount\":311,\"commentCount\":0,\"image\":{\"@id\":\"https:\\\/\\\/lagnoticias.com\\\/2025\\\/09\\\/03\\\/la-serie-betty-la-fea-la-historia-continua-fue-renovada-para-una-tercera-temporada-en-prime-video\\\/#primaryimage\"},\"thumbnailUrl\":\"https:\\\/\\\/lagnoticias.com\\\/wp-content\\\/uploads\\\/2025\\\/09\\\/7-4.jpg\",\"keywords\":[\"betty la fea\",\"PRIME VIDEO\",\"serie\",\"SERIES DE TV\"],\"articleSection\":[\"ENTRETENIMIENTO\"],\"inLanguage\":\"en-US\",\"potentialAction\":[{\"@type\":\"CommentAction\",\"name\":\"Comment\",\"target\":[\"https:\\\/\\\/lagnoticias.com\\\/2025\\\/09\\\/03\\\/la-serie-betty-la-fea-la-historia-continua-fue-renovada-para-una-tercera-temporada-en-prime-video\\\/#respond\"]}]},{\"@type\":\"WebPage\",\"@id\":\"https:\\\/\\\/lagnoticias.com\\\/2025\\\/09\\\/03\\\/la-serie-betty-la-fea-la-historia-continua-fue-renovada-para-una-tercera-temporada-en-prime-video\\\/\",\"url\":\"https:\\\/\\\/lagnoticias.com\\\/2025\\\/09\\\/03\\\/la-serie-betty-la-fea-la-historia-continua-fue-renovada-para-una-tercera-temporada-en-prime-video\\\/\",\"name\":\"La serie \\\"Betty la Fea: la historia contin\u00faa\\\" fue renovada para una tercera temporada en Prime Video - La G Noticias\",\"isPartOf\":{\"@id\":\"https:\\\/\\\/lagnoticias.com\\\/#website\"},\"primaryImageOfPage\":{\"@id\":\"https:\\\/\\\/lagnoticias.com\\\/2025\\\/09\\\/03\\\/la-serie-betty-la-fea-la-historia-continua-fue-renovada-para-una-tercera-temporada-en-prime-video\\\/#primaryimage\"},\"image\":{\"@id\":\"https:\\\/\\\/lagnoticias.com\\\/2025\\\/09\\\/03\\\/la-serie-betty-la-fea-la-historia-continua-fue-renovada-para-una-tercera-temporada-en-prime-video\\\/#primaryimage\"},\"thumbnailUrl\":\"https:\\\/\\\/lagnoticias.com\\\/wp-content\\\/uploads\\\/2025\\\/09\\\/7-4.jpg\",\"datePublished\":\"2025-09-03T21:37:14+00:00\",\"dateModified\":\"2025-09-03T21:37:15+00:00\",\"author\":{\"@id\":\"https:\\\/\\\/lagnoticias.com\\\/#\\\/schema\\\/person\\\/cb9bfe13f8de05d2c55270be25c6a550\"},\"breadcrumb\":{\"@id\":\"https:\\\/\\\/lagnoticias.com\\\/2025\\\/09\\\/03\\\/la-serie-betty-la-fea-la-historia-continua-fue-renovada-para-una-tercera-temporada-en-prime-video\\\/#breadcrumb\"},\"inLanguage\":\"en-US\",\"potentialAction\":[{\"@type\":\"ReadAction\",\"target\":[\"https:\\\/\\\/lagnoticias.com\\\/2025\\\/09\\\/03\\\/la-serie-betty-la-fea-la-historia-continua-fue-renovada-para-una-tercera-temporada-en-prime-video\\\/\"]}]},{\"@type\":\"ImageObject\",\"inLanguage\":\"en-US\",\"@id\":\"https:\\\/\\\/lagnoticias.com\\\/2025\\\/09\\\/03\\\/la-serie-betty-la-fea-la-historia-continua-fue-renovada-para-una-tercera-temporada-en-prime-video\\\/#primaryimage\",\"url\":\"https:\\\/\\\/lagnoticias.com\\\/wp-content\\\/uploads\\\/2025\\\/09\\\/7-4.jpg\",\"contentUrl\":\"https:\\\/\\\/lagnoticias.com\\\/wp-content\\\/uploads\\\/2025\\\/09\\\/7-4.jpg\",\"width\":655,\"height\":368},{\"@type\":\"BreadcrumbList\",\"@id\":\"https:\\\/\\\/lagnoticias.com\\\/2025\\\/09\\\/03\\\/la-serie-betty-la-fea-la-historia-continua-fue-renovada-para-una-tercera-temporada-en-prime-video\\\/#breadcrumb\",\"itemListElement\":[{\"@type\":\"ListItem\",\"position\":1,\"name\":\"Portada\",\"item\":\"https:\\\/\\\/lagnoticias.com\\\/\"},{\"@type\":\"ListItem\",\"position\":2,\"name\":\"La serie \u00abBetty la Fea: la historia contin\u00faa\u00bb fue renovada para una tercera temporada en Prime Video\"}]},{\"@type\":\"WebSite\",\"@id\":\"https:\\\/\\\/lagnoticias.com\\\/#website\",\"url\":\"https:\\\/\\\/lagnoticias.com\\\/\",\"name\":\"La G Noticias\",\"description\":\"Noticias Positivas\",\"potentialAction\":[{\"@type\":\"SearchAction\",\"target\":{\"@type\":\"EntryPoint\",\"urlTemplate\":\"https:\\\/\\\/lagnoticias.com\\\/?s={search_term_string}\"},\"query-input\":{\"@type\":\"PropertyValueSpecification\",\"valueRequired\":true,\"valueName\":\"search_term_string\"}}],\"inLanguage\":\"en-US\"},{\"@type\":\"Person\",\"@id\":\"https:\\\/\\\/lagnoticias.com\\\/#\\\/schema\\\/person\\\/cb9bfe13f8de05d2c55270be25c6a550\",\"name\":\"Oscar\",\"image\":{\"@type\":\"ImageObject\",\"inLanguage\":\"en-US\",\"@id\":\"https:\\\/\\\/secure.gravatar.com\\\/avatar\\\/45c195718f652dc7ffdd591dc1f2678956ab7fdadcd359a635edc61304a8c757?s=96&d=mm&r=g\",\"url\":\"https:\\\/\\\/secure.gravatar.com\\\/avatar\\\/45c195718f652dc7ffdd591dc1f2678956ab7fdadcd359a635edc61304a8c757?s=96&d=mm&r=g\",\"contentUrl\":\"https:\\\/\\\/secure.gravatar.com\\\/avatar\\\/45c195718f652dc7ffdd591dc1f2678956ab7fdadcd359a635edc61304a8c757?s=96&d=mm&r=g\",\"caption\":\"Oscar\"},\"url\":\"https:\\\/\\\/lagnoticias.com\\\/en\\\/author\\\/oscar\\\/\"}]}<\/script>\n<!-- \/ Yoast SEO plugin. -->","yoast_head_json":{"title":"La serie \"Betty la Fea: la historia contin\u00faa\" fue renovada para una tercera temporada en Prime Video - La G Noticias","robots":{"index":"index","follow":"follow","max-snippet":"max-snippet:-1","max-image-preview":"max-image-preview:large","max-video-preview":"max-video-preview:-1"},"canonical":"https:\/\/lagnoticias.com\/en\/2025\/09\/03\/la-serie-betty-la-fea-la-historia-continua-fue-renovada-para-una-tercera-temporada-en-prime-video\/","og_locale":"en_US","og_type":"article","og_title":"La serie \"Betty la Fea: la historia contin\u00faa\" fue renovada para una tercera temporada en Prime Video - La G Noticias","og_description":"La querida serie colombiana contin\u00faa su \u00e9xito global.","og_url":"https:\/\/lagnoticias.com\/en\/2025\/09\/03\/la-serie-betty-la-fea-la-historia-continua-fue-renovada-para-una-tercera-temporada-en-prime-video\/","og_site_name":"La G Noticias","article_publisher":"https:\/\/www.facebook.com\/LaGNoticias","article_published_time":"2025-09-03T21:37:14+00:00","article_modified_time":"2025-09-03T21:37:15+00:00","og_image":[{"width":655,"height":368,"url":"https:\/\/lagnoticias.com\/wp-content\/uploads\/2025\/09\/7-4.jpg","type":"image\/jpeg"}],"author":"Oscar","twitter_card":"summary_large_image","twitter_creator":"@lagnoticias","twitter_site":"@lagnoticias","twitter_misc":{"Written by":"Oscar","Est. reading time":"2 minutes"},"schema":{"@context":"https:\/\/schema.org","@graph":[{"@type":"Article","@id":"https:\/\/lagnoticias.com\/2025\/09\/03\/la-serie-betty-la-fea-la-historia-continua-fue-renovada-para-una-tercera-temporada-en-prime-video\/#article","isPartOf":{"@id":"https:\/\/lagnoticias.com\/2025\/09\/03\/la-serie-betty-la-fea-la-historia-continua-fue-renovada-para-una-tercera-temporada-en-prime-video\/"},"author":{"name":"Oscar","@id":"https:\/\/lagnoticias.com\/#\/schema\/person\/cb9bfe13f8de05d2c55270be25c6a550"},"headline":"La serie \u00abBetty la Fea: la historia contin\u00faa\u00bb fue renovada para una tercera temporada en Prime Video","datePublished":"2025-09-03T21:37:14+00:00","dateModified":"2025-09-03T21:37:15+00:00","mainEntityOfPage":{"@id":"https:\/\/lagnoticias.com\/2025\/09\/03\/la-serie-betty-la-fea-la-historia-continua-fue-renovada-para-una-tercera-temporada-en-prime-video\/"},"wordCount":311,"commentCount":0,"image":{"@id":"https:\/\/lagnoticias.com\/2025\/09\/03\/la-serie-betty-la-fea-la-historia-continua-fue-renovada-para-una-tercera-temporada-en-prime-video\/#primaryimage"},"thumbnailUrl":"https:\/\/lagnoticias.com\/wp-content\/uploads\/2025\/09\/7-4.jpg","keywords":["betty la fea","PRIME VIDEO","serie","SERIES DE TV"],"articleSection":["ENTRETENIMIENTO"],"inLanguage":"en-US","potentialAction":[{"@type":"CommentAction","name":"Comment","target":["https:\/\/lagnoticias.com\/2025\/09\/03\/la-serie-betty-la-fea-la-historia-continua-fue-renovada-para-una-tercera-temporada-en-prime-video\/#respond"]}]},{"@type":"WebPage","@id":"https:\/\/lagnoticias.com\/2025\/09\/03\/la-serie-betty-la-fea-la-historia-continua-fue-renovada-para-una-tercera-temporada-en-prime-video\/","url":"https:\/\/lagnoticias.com\/2025\/09\/03\/la-serie-betty-la-fea-la-historia-continua-fue-renovada-para-una-tercera-temporada-en-prime-video\/","name":"La serie \"Betty la Fea: la historia contin\u00faa\" fue renovada para una tercera temporada en Prime Video - La G Noticias","isPartOf":{"@id":"https:\/\/lagnoticias.com\/#website"},"primaryImageOfPage":{"@id":"https:\/\/lagnoticias.com\/2025\/09\/03\/la-serie-betty-la-fea-la-historia-continua-fue-renovada-para-una-tercera-temporada-en-prime-video\/#primaryimage"},"image":{"@id":"https:\/\/lagnoticias.com\/2025\/09\/03\/la-serie-betty-la-fea-la-historia-continua-fue-renovada-para-una-tercera-temporada-en-prime-video\/#primaryimage"},"thumbnailUrl":"https:\/\/lagnoticias.com\/wp-content\/uploads\/2025\/09\/7-4.jpg","datePublished":"2025-09-03T21:37:14+00:00","dateModified":"2025-09-03T21:37:15+00:00","author":{"@id":"https:\/\/lagnoticias.com\/#\/schema\/person\/cb9bfe13f8de05d2c55270be25c6a550"},"breadcrumb":{"@id":"https:\/\/lagnoticias.com\/2025\/09\/03\/la-serie-betty-la-fea-la-historia-continua-fue-renovada-para-una-tercera-temporada-en-prime-video\/#breadcrumb"},"inLanguage":"en-US","potentialAction":[{"@type":"ReadAction","target":["https:\/\/lagnoticias.com\/2025\/09\/03\/la-serie-betty-la-fea-la-historia-continua-fue-renovada-para-una-tercera-temporada-en-prime-video\/"]}]},{"@type":"ImageObject","inLanguage":"en-US","@id":"https:\/\/lagnoticias.com\/2025\/09\/03\/la-serie-betty-la-fea-la-historia-continua-fue-renovada-para-una-tercera-temporada-en-prime-video\/#primaryimage","url":"https:\/\/lagnoticias.com\/wp-content\/uploads\/2025\/09\/7-4.jpg","contentUrl":"https:\/\/lagnoticias.com\/wp-content\/uploads\/2025\/09\/7-4.jpg","width":655,"height":368},{"@type":"BreadcrumbList","@id":"https:\/\/lagnoticias.com\/2025\/09\/03\/la-serie-betty-la-fea-la-historia-continua-fue-renovada-para-una-tercera-temporada-en-prime-video\/#breadcrumb","itemListElement":[{"@type":"ListItem","position":1,"name":"Portada","item":"https:\/\/lagnoticias.com\/"},{"@type":"ListItem","position":2,"name":"La serie \u00abBetty la Fea: la historia contin\u00faa\u00bb fue renovada para una tercera temporada en Prime Video"}]},{"@type":"WebSite","@id":"https:\/\/lagnoticias.com\/#website","url":"https:\/\/lagnoticias.com\/","name":"La G Noticias","description":"Noticias Positivas","potentialAction":[{"@type":"SearchAction","target":{"@type":"EntryPoint","urlTemplate":"https:\/\/lagnoticias.com\/?s={search_term_string}"},"query-input":{"@type":"PropertyValueSpecification","valueRequired":true,"valueName":"search_term_string"}}],"inLanguage":"en-US"},{"@type":"Person","@id":"https:\/\/lagnoticias.com\/#\/schema\/person\/cb9bfe13f8de05d2c55270be25c6a550","name":"Oscar","image":{"@type":"ImageObject","inLanguage":"en-US","@id":"https:\/\/secure.gravatar.com\/avatar\/45c195718f652dc7ffdd591dc1f2678956ab7fdadcd359a635edc61304a8c757?s=96&d=mm&r=g","url":"https:\/\/secure.gravatar.com\/avatar\/45c195718f652dc7ffdd591dc1f2678956ab7fdadcd359a635edc61304a8c757?s=96&d=mm&r=g","contentUrl":"https:\/\/secure.gravatar.com\/avatar\/45c195718f652dc7ffdd591dc1f2678956ab7fdadcd359a635edc61304a8c757?s=96&d=mm&r=g","caption":"Oscar"},"url":"https:\/\/lagnoticias.com\/en\/author\/oscar\/"}]}},"_links":{"self":[{"href":"https:\/\/lagnoticias.com\/en\/wp-json\/wp\/v2\/posts\/4668","targetHints":{"allow":["GET"]}}],"collection":[{"href":"https:\/\/lagnoticias.com\/en\/wp-json\/wp\/v2\/posts"}],"about":[{"href":"https:\/\/lagnoticias.com\/en\/wp-json\/wp\/v2\/types\/post"}],"author":[{"embeddable":true,"href":"https:\/\/lagnoticias.com\/en\/wp-json\/wp\/v2\/users\/2"}],"replies":[{"embeddable":true,"href":"https:\/\/lagnoticias.com\/en\/wp-json\/wp\/v2\/comments?post=4668"}],"version-history":[{"count":1,"href":"https:\/\/lagnoticias.com\/en\/wp-json\/wp\/v2\/posts\/4668\/revisions"}],"predecessor-version":[{"id":4670,"href":"https:\/\/lagnoticias.com\/en\/wp-json\/wp\/v2\/posts\/4668\/revisions\/4670"}],"wp:featuredmedia":[{"embeddable":true,"href":"https:\/\/lagnoticias.com\/en\/wp-json\/wp\/v2\/media\/4669"}],"wp:attachment":[{"href":"https:\/\/lagnoticias.com\/en\/wp-json\/wp\/v2\/media?parent=4668"}],"wp:term":[{"taxonomy":"category","embeddable":true,"href":"https:\/\/lagnoticias.com\/en\/wp-json\/wp\/v2\/categories?post=4668"},{"taxonomy":"post_tag","embeddable":true,"href":"https:\/\/lagnoticias.com\/en\/wp-json\/wp\/v2\/tags?post=4668"}],"curies":[{"name":"wp","href":"https:\/\/api.w.org\/{rel}","templated":true}]}}