{"id":4665,"date":"2025-09-03T12:52:59","date_gmt":"2025-09-03T18:52:59","guid":{"rendered":"https:\/\/lagnoticias.com\/?p=4665"},"modified":"2025-09-03T12:53:00","modified_gmt":"2025-09-03T18:53:00","slug":"putin-dice-que-sin-acuerdo-de-paz-seguira-guerra-en-ucrania","status":"publish","type":"post","link":"https:\/\/lagnoticias.com\/en\/2025\/09\/03\/putin-dice-que-sin-acuerdo-de-paz-seguira-guerra-en-ucrania\/","title":{"rendered":"Putin dice que sin acuerdo de paz seguir\u00e1 guerra en Ucrania"},"content":{"rendered":"<p>El presidente ruso,&nbsp;Vlad\u00edmir Putin, asegur\u00f3 este mi\u00e9rcoles que ve \u00abcierta luz al final del t\u00fanel\u00bb en Ucrania gracias a los esfuerzos diplom\u00e1ticos de Estados Unidos, pero, en caso de que las negociaciones de paz no prosperen, Rusia seguir\u00e1 persiguiendo sus objetivos \u00abpor medios militares\u00bb.<\/p>\n\n\n\n<p>Putin subray\u00f3, al t\u00e9rmino de su visita a China, que \u00absi el sentido com\u00fan impera, se podr\u00e1 alcanzar un acuerdo aceptable para este conflicto\u00bb. \u00abM\u00e1s a\u00fan cuando vemos el estado de \u00e1nimo de la actual administraci\u00f3n de EE.UU. dirigida por el presidente Trump. Vemos no s\u00f3lo llamados, sino un deseo sincero de encontrar una soluci\u00f3n\u00bb, dijo.<\/p>\n\n\n\n<p>Si dicho proceso no llega a buen puerto, a\u00f1adi\u00f3, \u00abtendremos que lograr los objetivos que nos hemos marcado por la v\u00eda militar\u00bb. Al respecto, subray\u00f3 que&nbsp;el ej\u00e9rcito ruso avanza \u00abexitosamente\u00bb&nbsp;en casi todos los sectores del frente, mientras que la situaci\u00f3n del enemigo es \u00abcr\u00edtica\u00bb, apenas cuenta con reservas y la mayor\u00eda de sus brigadas tienen menos de la mitad del personal necesario.<\/p>\n\n\n\n<p>El presidente de Rusia afirm\u00f3 que est\u00e1 dispuesto a reunirse con su hom\u00f3logo ucraniano,&nbsp;Volodimir Zelenski, si este viaja a Mosc\u00fa. \u00abSi Zelenski est\u00e1 preparado (a reunirse), que venga a Mosc\u00fa y esta reuni\u00f3n tendr\u00e1 lugar\u00bb, dijo el jefe del Kremlin.<\/p>\n\n\n\n<h2 class=\"wp-block-heading\">Responsabilidad europea<\/h2>\n\n\n\n<p>En cuanto a las garant\u00edas de seguridad para Ucrania, neg\u00f3 que dicho tema se hubiera abordado en la&nbsp;cumbre de mediados de agosto con Trump en Alaska, y a\u00f1adi\u00f3 que \u00e9stas no pueden adoptarse \u00aba costa de Rusia\u00bb.<\/p>\n\n\n\n<p>Putin tambi\u00e9n aludi\u00f3 a las acusaciones del canciller alem\u00e1n,&nbsp;Friedrich Merz, quien calific\u00f3 hoy al jefe del Kremlin de \u00abcriminal de guerra\u00bb, afirmaciones que consider\u00f3 \u00abun intento desacertado\u00bb de renunciar a la responsabilidad de su pa\u00eds en el estallido de la actual \u00abtragedia\u00bb, es decir, el comienzo del conflicto en Ucrania en 2014.<\/p>\n\n\n\n<p>Record\u00f3 que los pa\u00edses europeos fueron los que permitieron el&nbsp;derrocamiento violento del entonces presidente de Ucrania, V\u00edktor Yanukovich, en la&nbsp;revoluci\u00f3n popular del Euromaid\u00e1n&nbsp;que \u00e9l tach\u00f3 una vez m\u00e1s de \u00abgolpe de Estado\u00bb.<\/p>","protected":false},"excerpt":{"rendered":"<p>El jefe del Kremlin asegur\u00f3 en rueda de prensa que el ej\u00e9rcito ruso sigue a la ofensiva en todo el frente y que Europa tiene responsabilidad en el inicio del conflicto entre Mosc\u00fa y Kiev.<\/p>","protected":false},"author":2,"featured_media":4666,"comment_status":"open","ping_status":"open","sticky":false,"template":"","format":"standard","meta":{"_et_pb_use_builder":"off","_et_pb_old_content":"","_et_gb_content_width":"","footnotes":""},"categories":[245],"tags":[392,391,390,394],"class_list":["post-4665","post","type-post","status-publish","format-standard","has-post-thumbnail","hentry","category-internacionales","tag-guerra-rusa-ucrania","tag-rusia","tag-ucrania","tag-vladimir-putin"],"yoast_head":"<!-- This site is optimized with the Yoast SEO plugin v27.4 - https:\/\/yoast.com\/product\/yoast-seo-wordpress\/ -->\n<title>Putin dice que sin acuerdo de paz seguir\u00e1 guerra en Ucrania - La G Noticias<\/title>\n<meta name=\"robots\" content=\"index, follow, max-snippet:-1, max-image-preview:large, max-video-preview:-1\" \/>\n<link rel=\"canonical\" href=\"https:\/\/lagnoticias.com\/en\/2025\/09\/03\/putin-dice-que-sin-acuerdo-de-paz-seguira-guerra-en-ucrania\/\" \/>\n<meta property=\"og:locale\" content=\"en_US\" \/>\n<meta property=\"og:type\" content=\"article\" \/>\n<meta property=\"og:title\" content=\"Putin dice que sin acuerdo de paz seguir\u00e1 guerra en Ucrania - La G Noticias\" \/>\n<meta property=\"og:description\" content=\"El jefe del Kremlin asegur\u00f3 en rueda de prensa que el ej\u00e9rcito ruso sigue a la ofensiva en todo el frente y que Europa tiene responsabilidad en el inicio del conflicto entre Mosc\u00fa y Kiev.\" \/>\n<meta property=\"og:url\" content=\"https:\/\/lagnoticias.com\/en\/2025\/09\/03\/putin-dice-que-sin-acuerdo-de-paz-seguira-guerra-en-ucrania\/\" \/>\n<meta property=\"og:site_name\" content=\"La G Noticias\" \/>\n<meta property=\"article:publisher\" content=\"https:\/\/www.facebook.com\/LaGNoticias\" \/>\n<meta property=\"article:published_time\" content=\"2025-09-03T18:52:59+00:00\" \/>\n<meta property=\"article:modified_time\" content=\"2025-09-03T18:53:00+00:00\" \/>\n<meta property=\"og:image\" content=\"https:\/\/lagnoticias.com\/wp-content\/uploads\/2025\/09\/4-5.jpg\" \/>\n\t<meta property=\"og:image:width\" content=\"1280\" \/>\n\t<meta property=\"og:image:height\" content=\"720\" \/>\n\t<meta property=\"og:image:type\" content=\"image\/jpeg\" \/>\n<meta name=\"author\" content=\"Oscar\" \/>\n<meta name=\"twitter:card\" content=\"summary_large_image\" \/>\n<meta name=\"twitter:creator\" content=\"@lagnoticias\" \/>\n<meta name=\"twitter:site\" content=\"@lagnoticias\" \/>\n<meta name=\"twitter:label1\" content=\"Written by\" \/>\n\t<meta name=\"twitter:data1\" content=\"Oscar\" \/>\n\t<meta name=\"twitter:label2\" content=\"Est. reading time\" \/>\n\t<meta name=\"twitter:data2\" content=\"2 minutes\" \/>\n<script type=\"application\/ld+json\" class=\"yoast-schema-graph\">{\"@context\":\"https:\\\/\\\/schema.org\",\"@graph\":[{\"@type\":\"Article\",\"@id\":\"https:\\\/\\\/lagnoticias.com\\\/2025\\\/09\\\/03\\\/putin-dice-que-sin-acuerdo-de-paz-seguira-guerra-en-ucrania\\\/#article\",\"isPartOf\":{\"@id\":\"https:\\\/\\\/lagnoticias.com\\\/2025\\\/09\\\/03\\\/putin-dice-que-sin-acuerdo-de-paz-seguira-guerra-en-ucrania\\\/\"},\"author\":{\"name\":\"Oscar\",\"@id\":\"https:\\\/\\\/lagnoticias.com\\\/#\\\/schema\\\/person\\\/cb9bfe13f8de05d2c55270be25c6a550\"},\"headline\":\"Putin dice que sin acuerdo de paz seguir\u00e1 guerra en Ucrania\",\"datePublished\":\"2025-09-03T18:52:59+00:00\",\"dateModified\":\"2025-09-03T18:53:00+00:00\",\"mainEntityOfPage\":{\"@id\":\"https:\\\/\\\/lagnoticias.com\\\/2025\\\/09\\\/03\\\/putin-dice-que-sin-acuerdo-de-paz-seguira-guerra-en-ucrania\\\/\"},\"wordCount\":383,\"commentCount\":0,\"image\":{\"@id\":\"https:\\\/\\\/lagnoticias.com\\\/2025\\\/09\\\/03\\\/putin-dice-que-sin-acuerdo-de-paz-seguira-guerra-en-ucrania\\\/#primaryimage\"},\"thumbnailUrl\":\"https:\\\/\\\/lagnoticias.com\\\/wp-content\\\/uploads\\\/2025\\\/09\\\/4-5.jpg\",\"keywords\":[\"GUERRA RUSA UCRANIA\",\"RUSIA\",\"UCRANIA\",\"VLADIMIR PUTIN\"],\"articleSection\":[\"INTERNACIONALES\"],\"inLanguage\":\"en-US\",\"potentialAction\":[{\"@type\":\"CommentAction\",\"name\":\"Comment\",\"target\":[\"https:\\\/\\\/lagnoticias.com\\\/2025\\\/09\\\/03\\\/putin-dice-que-sin-acuerdo-de-paz-seguira-guerra-en-ucrania\\\/#respond\"]}]},{\"@type\":\"WebPage\",\"@id\":\"https:\\\/\\\/lagnoticias.com\\\/2025\\\/09\\\/03\\\/putin-dice-que-sin-acuerdo-de-paz-seguira-guerra-en-ucrania\\\/\",\"url\":\"https:\\\/\\\/lagnoticias.com\\\/2025\\\/09\\\/03\\\/putin-dice-que-sin-acuerdo-de-paz-seguira-guerra-en-ucrania\\\/\",\"name\":\"Putin dice que sin acuerdo de paz seguir\u00e1 guerra en Ucrania - La G Noticias\",\"isPartOf\":{\"@id\":\"https:\\\/\\\/lagnoticias.com\\\/#website\"},\"primaryImageOfPage\":{\"@id\":\"https:\\\/\\\/lagnoticias.com\\\/2025\\\/09\\\/03\\\/putin-dice-que-sin-acuerdo-de-paz-seguira-guerra-en-ucrania\\\/#primaryimage\"},\"image\":{\"@id\":\"https:\\\/\\\/lagnoticias.com\\\/2025\\\/09\\\/03\\\/putin-dice-que-sin-acuerdo-de-paz-seguira-guerra-en-ucrania\\\/#primaryimage\"},\"thumbnailUrl\":\"https:\\\/\\\/lagnoticias.com\\\/wp-content\\\/uploads\\\/2025\\\/09\\\/4-5.jpg\",\"datePublished\":\"2025-09-03T18:52:59+00:00\",\"dateModified\":\"2025-09-03T18:53:00+00:00\",\"author\":{\"@id\":\"https:\\\/\\\/lagnoticias.com\\\/#\\\/schema\\\/person\\\/cb9bfe13f8de05d2c55270be25c6a550\"},\"breadcrumb\":{\"@id\":\"https:\\\/\\\/lagnoticias.com\\\/2025\\\/09\\\/03\\\/putin-dice-que-sin-acuerdo-de-paz-seguira-guerra-en-ucrania\\\/#breadcrumb\"},\"inLanguage\":\"en-US\",\"potentialAction\":[{\"@type\":\"ReadAction\",\"target\":[\"https:\\\/\\\/lagnoticias.com\\\/2025\\\/09\\\/03\\\/putin-dice-que-sin-acuerdo-de-paz-seguira-guerra-en-ucrania\\\/\"]}]},{\"@type\":\"ImageObject\",\"inLanguage\":\"en-US\",\"@id\":\"https:\\\/\\\/lagnoticias.com\\\/2025\\\/09\\\/03\\\/putin-dice-que-sin-acuerdo-de-paz-seguira-guerra-en-ucrania\\\/#primaryimage\",\"url\":\"https:\\\/\\\/lagnoticias.com\\\/wp-content\\\/uploads\\\/2025\\\/09\\\/4-5.jpg\",\"contentUrl\":\"https:\\\/\\\/lagnoticias.com\\\/wp-content\\\/uploads\\\/2025\\\/09\\\/4-5.jpg\",\"width\":1280,\"height\":720},{\"@type\":\"BreadcrumbList\",\"@id\":\"https:\\\/\\\/lagnoticias.com\\\/2025\\\/09\\\/03\\\/putin-dice-que-sin-acuerdo-de-paz-seguira-guerra-en-ucrania\\\/#breadcrumb\",\"itemListElement\":[{\"@type\":\"ListItem\",\"position\":1,\"name\":\"Portada\",\"item\":\"https:\\\/\\\/lagnoticias.com\\\/\"},{\"@type\":\"ListItem\",\"position\":2,\"name\":\"Putin dice que sin acuerdo de paz seguir\u00e1 guerra en Ucrania\"}]},{\"@type\":\"WebSite\",\"@id\":\"https:\\\/\\\/lagnoticias.com\\\/#website\",\"url\":\"https:\\\/\\\/lagnoticias.com\\\/\",\"name\":\"La G Noticias\",\"description\":\"Noticias Positivas\",\"potentialAction\":[{\"@type\":\"SearchAction\",\"target\":{\"@type\":\"EntryPoint\",\"urlTemplate\":\"https:\\\/\\\/lagnoticias.com\\\/?s={search_term_string}\"},\"query-input\":{\"@type\":\"PropertyValueSpecification\",\"valueRequired\":true,\"valueName\":\"search_term_string\"}}],\"inLanguage\":\"en-US\"},{\"@type\":\"Person\",\"@id\":\"https:\\\/\\\/lagnoticias.com\\\/#\\\/schema\\\/person\\\/cb9bfe13f8de05d2c55270be25c6a550\",\"name\":\"Oscar\",\"image\":{\"@type\":\"ImageObject\",\"inLanguage\":\"en-US\",\"@id\":\"https:\\\/\\\/secure.gravatar.com\\\/avatar\\\/45c195718f652dc7ffdd591dc1f2678956ab7fdadcd359a635edc61304a8c757?s=96&d=mm&r=g\",\"url\":\"https:\\\/\\\/secure.gravatar.com\\\/avatar\\\/45c195718f652dc7ffdd591dc1f2678956ab7fdadcd359a635edc61304a8c757?s=96&d=mm&r=g\",\"contentUrl\":\"https:\\\/\\\/secure.gravatar.com\\\/avatar\\\/45c195718f652dc7ffdd591dc1f2678956ab7fdadcd359a635edc61304a8c757?s=96&d=mm&r=g\",\"caption\":\"Oscar\"},\"url\":\"https:\\\/\\\/lagnoticias.com\\\/en\\\/author\\\/oscar\\\/\"}]}<\/script>\n<!-- \/ Yoast SEO plugin. -->","yoast_head_json":{"title":"Putin dice que sin acuerdo de paz seguir\u00e1 guerra en Ucrania - La G Noticias","robots":{"index":"index","follow":"follow","max-snippet":"max-snippet:-1","max-image-preview":"max-image-preview:large","max-video-preview":"max-video-preview:-1"},"canonical":"https:\/\/lagnoticias.com\/en\/2025\/09\/03\/putin-dice-que-sin-acuerdo-de-paz-seguira-guerra-en-ucrania\/","og_locale":"en_US","og_type":"article","og_title":"Putin dice que sin acuerdo de paz seguir\u00e1 guerra en Ucrania - La G Noticias","og_description":"El jefe del Kremlin asegur\u00f3 en rueda de prensa que el ej\u00e9rcito ruso sigue a la ofensiva en todo el frente y que Europa tiene responsabilidad en el inicio del conflicto entre Mosc\u00fa y Kiev.","og_url":"https:\/\/lagnoticias.com\/en\/2025\/09\/03\/putin-dice-que-sin-acuerdo-de-paz-seguira-guerra-en-ucrania\/","og_site_name":"La G Noticias","article_publisher":"https:\/\/www.facebook.com\/LaGNoticias","article_published_time":"2025-09-03T18:52:59+00:00","article_modified_time":"2025-09-03T18:53:00+00:00","og_image":[{"width":1280,"height":720,"url":"https:\/\/lagnoticias.com\/wp-content\/uploads\/2025\/09\/4-5.jpg","type":"image\/jpeg"}],"author":"Oscar","twitter_card":"summary_large_image","twitter_creator":"@lagnoticias","twitter_site":"@lagnoticias","twitter_misc":{"Written by":"Oscar","Est. reading time":"2 minutes"},"schema":{"@context":"https:\/\/schema.org","@graph":[{"@type":"Article","@id":"https:\/\/lagnoticias.com\/2025\/09\/03\/putin-dice-que-sin-acuerdo-de-paz-seguira-guerra-en-ucrania\/#article","isPartOf":{"@id":"https:\/\/lagnoticias.com\/2025\/09\/03\/putin-dice-que-sin-acuerdo-de-paz-seguira-guerra-en-ucrania\/"},"author":{"name":"Oscar","@id":"https:\/\/lagnoticias.com\/#\/schema\/person\/cb9bfe13f8de05d2c55270be25c6a550"},"headline":"Putin dice que sin acuerdo de paz seguir\u00e1 guerra en Ucrania","datePublished":"2025-09-03T18:52:59+00:00","dateModified":"2025-09-03T18:53:00+00:00","mainEntityOfPage":{"@id":"https:\/\/lagnoticias.com\/2025\/09\/03\/putin-dice-que-sin-acuerdo-de-paz-seguira-guerra-en-ucrania\/"},"wordCount":383,"commentCount":0,"image":{"@id":"https:\/\/lagnoticias.com\/2025\/09\/03\/putin-dice-que-sin-acuerdo-de-paz-seguira-guerra-en-ucrania\/#primaryimage"},"thumbnailUrl":"https:\/\/lagnoticias.com\/wp-content\/uploads\/2025\/09\/4-5.jpg","keywords":["GUERRA RUSA UCRANIA","RUSIA","UCRANIA","VLADIMIR PUTIN"],"articleSection":["INTERNACIONALES"],"inLanguage":"en-US","potentialAction":[{"@type":"CommentAction","name":"Comment","target":["https:\/\/lagnoticias.com\/2025\/09\/03\/putin-dice-que-sin-acuerdo-de-paz-seguira-guerra-en-ucrania\/#respond"]}]},{"@type":"WebPage","@id":"https:\/\/lagnoticias.com\/2025\/09\/03\/putin-dice-que-sin-acuerdo-de-paz-seguira-guerra-en-ucrania\/","url":"https:\/\/lagnoticias.com\/2025\/09\/03\/putin-dice-que-sin-acuerdo-de-paz-seguira-guerra-en-ucrania\/","name":"Putin dice que sin acuerdo de paz seguir\u00e1 guerra en Ucrania - La G Noticias","isPartOf":{"@id":"https:\/\/lagnoticias.com\/#website"},"primaryImageOfPage":{"@id":"https:\/\/lagnoticias.com\/2025\/09\/03\/putin-dice-que-sin-acuerdo-de-paz-seguira-guerra-en-ucrania\/#primaryimage"},"image":{"@id":"https:\/\/lagnoticias.com\/2025\/09\/03\/putin-dice-que-sin-acuerdo-de-paz-seguira-guerra-en-ucrania\/#primaryimage"},"thumbnailUrl":"https:\/\/lagnoticias.com\/wp-content\/uploads\/2025\/09\/4-5.jpg","datePublished":"2025-09-03T18:52:59+00:00","dateModified":"2025-09-03T18:53:00+00:00","author":{"@id":"https:\/\/lagnoticias.com\/#\/schema\/person\/cb9bfe13f8de05d2c55270be25c6a550"},"breadcrumb":{"@id":"https:\/\/lagnoticias.com\/2025\/09\/03\/putin-dice-que-sin-acuerdo-de-paz-seguira-guerra-en-ucrania\/#breadcrumb"},"inLanguage":"en-US","potentialAction":[{"@type":"ReadAction","target":["https:\/\/lagnoticias.com\/2025\/09\/03\/putin-dice-que-sin-acuerdo-de-paz-seguira-guerra-en-ucrania\/"]}]},{"@type":"ImageObject","inLanguage":"en-US","@id":"https:\/\/lagnoticias.com\/2025\/09\/03\/putin-dice-que-sin-acuerdo-de-paz-seguira-guerra-en-ucrania\/#primaryimage","url":"https:\/\/lagnoticias.com\/wp-content\/uploads\/2025\/09\/4-5.jpg","contentUrl":"https:\/\/lagnoticias.com\/wp-content\/uploads\/2025\/09\/4-5.jpg","width":1280,"height":720},{"@type":"BreadcrumbList","@id":"https:\/\/lagnoticias.com\/2025\/09\/03\/putin-dice-que-sin-acuerdo-de-paz-seguira-guerra-en-ucrania\/#breadcrumb","itemListElement":[{"@type":"ListItem","position":1,"name":"Portada","item":"https:\/\/lagnoticias.com\/"},{"@type":"ListItem","position":2,"name":"Putin dice que sin acuerdo de paz seguir\u00e1 guerra en Ucrania"}]},{"@type":"WebSite","@id":"https:\/\/lagnoticias.com\/#website","url":"https:\/\/lagnoticias.com\/","name":"La G Noticias","description":"Noticias Positivas","potentialAction":[{"@type":"SearchAction","target":{"@type":"EntryPoint","urlTemplate":"https:\/\/lagnoticias.com\/?s={search_term_string}"},"query-input":{"@type":"PropertyValueSpecification","valueRequired":true,"valueName":"search_term_string"}}],"inLanguage":"en-US"},{"@type":"Person","@id":"https:\/\/lagnoticias.com\/#\/schema\/person\/cb9bfe13f8de05d2c55270be25c6a550","name":"Oscar","image":{"@type":"ImageObject","inLanguage":"en-US","@id":"https:\/\/secure.gravatar.com\/avatar\/45c195718f652dc7ffdd591dc1f2678956ab7fdadcd359a635edc61304a8c757?s=96&d=mm&r=g","url":"https:\/\/secure.gravatar.com\/avatar\/45c195718f652dc7ffdd591dc1f2678956ab7fdadcd359a635edc61304a8c757?s=96&d=mm&r=g","contentUrl":"https:\/\/secure.gravatar.com\/avatar\/45c195718f652dc7ffdd591dc1f2678956ab7fdadcd359a635edc61304a8c757?s=96&d=mm&r=g","caption":"Oscar"},"url":"https:\/\/lagnoticias.com\/en\/author\/oscar\/"}]}},"_links":{"self":[{"href":"https:\/\/lagnoticias.com\/en\/wp-json\/wp\/v2\/posts\/4665","targetHints":{"allow":["GET"]}}],"collection":[{"href":"https:\/\/lagnoticias.com\/en\/wp-json\/wp\/v2\/posts"}],"about":[{"href":"https:\/\/lagnoticias.com\/en\/wp-json\/wp\/v2\/types\/post"}],"author":[{"embeddable":true,"href":"https:\/\/lagnoticias.com\/en\/wp-json\/wp\/v2\/users\/2"}],"replies":[{"embeddable":true,"href":"https:\/\/lagnoticias.com\/en\/wp-json\/wp\/v2\/comments?post=4665"}],"version-history":[{"count":1,"href":"https:\/\/lagnoticias.com\/en\/wp-json\/wp\/v2\/posts\/4665\/revisions"}],"predecessor-version":[{"id":4667,"href":"https:\/\/lagnoticias.com\/en\/wp-json\/wp\/v2\/posts\/4665\/revisions\/4667"}],"wp:featuredmedia":[{"embeddable":true,"href":"https:\/\/lagnoticias.com\/en\/wp-json\/wp\/v2\/media\/4666"}],"wp:attachment":[{"href":"https:\/\/lagnoticias.com\/en\/wp-json\/wp\/v2\/media?parent=4665"}],"wp:term":[{"taxonomy":"category","embeddable":true,"href":"https:\/\/lagnoticias.com\/en\/wp-json\/wp\/v2\/categories?post=4665"},{"taxonomy":"post_tag","embeddable":true,"href":"https:\/\/lagnoticias.com\/en\/wp-json\/wp\/v2\/tags?post=4665"}],"curies":[{"name":"wp","href":"https:\/\/api.w.org\/{rel}","templated":true}]}}