{"id":4615,"date":"2025-09-02T10:27:31","date_gmt":"2025-09-02T16:27:31","guid":{"rendered":"https:\/\/lagnoticias.com\/?p=4615"},"modified":"2025-09-02T10:27:32","modified_gmt":"2025-09-02T16:27:32","slug":"fiscalia-ordena-la-captura-de-cuatro-miembros-de-una-banda-dedicada-al-hurto-en-iglesias-en-la-paz","status":"publish","type":"post","link":"https:\/\/lagnoticias.com\/en\/2025\/09\/02\/fiscalia-ordena-la-captura-de-cuatro-miembros-de-una-banda-dedicada-al-hurto-en-iglesias-en-la-paz\/","title":{"rendered":"Fiscal\u00eda ordena la captura de cuatro miembros de una banda dedicada al hurto en iglesias en La Paz"},"content":{"rendered":"<p>La Fiscal\u00eda General de la Rep\u00fablica orden\u00f3 la captura de cuatro integrantes de una estructura criminal por dedicarse al hurto de im\u00e1genes religiosas en templos cat\u00f3licos en el departamento de La Paz.<\/p>\n\n\n\n<p>Los detenidos son Oscar Armando Zepeda P\u00e9rez, Marcos Emilio Hern\u00e1ndez, Brayan Alexander Cornejo P\u00e9rez y Juan Antonio L\u00f3pez, y se les procesar\u00e1 por el delito de hurto y da\u00f1os.<\/p>\n\n\n\n<p>El primer hurto se cometi\u00f3 el pasado 10 de agosto en la iglesia cat\u00f3lica del cant\u00f3n la Carbonera del distrito de San Pedro Nonualco, en donde hurtaron una imagen antigua de la Virgen de F\u00e1tima, valorada en $2,500.00 d\u00f3lares.<\/p>\n\n\n\n<p>El segundo acto delincuencial se registr\u00f3 el 16 de agosto pasado, en el templo del cant\u00f3n San Antonio del distrito de Santiago Nonualco, del municipio de La Paz Centro, en el que sustrajeron dos im\u00e1genes antiguas del santo Ni\u00f1o de Atocha, valoradas en $1,000.00.<\/p>\n\n\n\n<p>Los aprehendidos aprovechaban las horas nocturnas o cuando las iglesias se encontraban solas para cometer los hurtos.<\/p>\n\n\n\n<p><\/p>\n\n\n\n<p><\/p>\n\n\n\n<p><\/p>\n\n\n\n<p><\/p>\n\n\n\n<p><\/p>\n\n\n\n<p>(FGR)<\/p>","protected":false},"excerpt":{"rendered":"<p>La Fiscal\u00eda General de la Rep\u00fablica orden\u00f3 la captura de cuatro integrantes de una estructura criminal por dedicarse al hurto de im\u00e1genes religiosas en templos cat\u00f3licos en el departamento de La Paz. Los detenidos son Oscar Armando Zepeda P\u00e9rez, Marcos Emilio Hern\u00e1ndez, Brayan Alexander Cornejo P\u00e9rez y Juan Antonio L\u00f3pez, y se les procesar\u00e1 por [&hellip;]<\/p>","protected":false},"author":2,"featured_media":4616,"comment_status":"open","ping_status":"open","sticky":false,"template":"","format":"standard","meta":{"_et_pb_use_builder":"off","_et_pb_old_content":"","_et_gb_content_width":"","footnotes":""},"categories":[244],"tags":[291,267,257,861],"class_list":["post-4615","post","type-post","status-publish","format-standard","has-post-thumbnail","hentry","category-nacionales","tag-capturados","tag-el-salvador","tag-fgr","tag-hurto"],"yoast_head":"<!-- This site is optimized with the Yoast SEO plugin v27.4 - https:\/\/yoast.com\/product\/yoast-seo-wordpress\/ -->\n<title>Fiscal\u00eda ordena la captura de cuatro miembros de una banda dedicada al hurto en iglesias en La Paz - La G Noticias<\/title>\n<meta name=\"robots\" content=\"index, follow, max-snippet:-1, max-image-preview:large, max-video-preview:-1\" \/>\n<link rel=\"canonical\" href=\"https:\/\/lagnoticias.com\/en\/2025\/09\/02\/fiscalia-ordena-la-captura-de-cuatro-miembros-de-una-banda-dedicada-al-hurto-en-iglesias-en-la-paz\/\" \/>\n<meta property=\"og:locale\" content=\"en_US\" \/>\n<meta property=\"og:type\" content=\"article\" \/>\n<meta property=\"og:title\" content=\"Fiscal\u00eda ordena la captura de cuatro miembros de una banda dedicada al hurto en iglesias en La Paz - La G Noticias\" \/>\n<meta property=\"og:description\" content=\"La Fiscal\u00eda General de la Rep\u00fablica orden\u00f3 la captura de cuatro integrantes de una estructura criminal por dedicarse al hurto de im\u00e1genes religiosas en templos cat\u00f3licos en el departamento de La Paz. Los detenidos son Oscar Armando Zepeda P\u00e9rez, Marcos Emilio Hern\u00e1ndez, Brayan Alexander Cornejo P\u00e9rez y Juan Antonio L\u00f3pez, y se les procesar\u00e1 por [&hellip;]\" \/>\n<meta property=\"og:url\" content=\"https:\/\/lagnoticias.com\/en\/2025\/09\/02\/fiscalia-ordena-la-captura-de-cuatro-miembros-de-una-banda-dedicada-al-hurto-en-iglesias-en-la-paz\/\" \/>\n<meta property=\"og:site_name\" content=\"La G Noticias\" \/>\n<meta property=\"article:publisher\" content=\"https:\/\/www.facebook.com\/LaGNoticias\" \/>\n<meta property=\"article:published_time\" content=\"2025-09-02T16:27:31+00:00\" \/>\n<meta property=\"article:modified_time\" content=\"2025-09-02T16:27:32+00:00\" \/>\n<meta property=\"og:image\" content=\"https:\/\/lagnoticias.com\/wp-content\/uploads\/2025\/09\/1-3.jpg\" \/>\n\t<meta property=\"og:image:width\" content=\"1090\" \/>\n\t<meta property=\"og:image:height\" content=\"817\" \/>\n\t<meta property=\"og:image:type\" content=\"image\/jpeg\" \/>\n<meta name=\"author\" content=\"Oscar\" \/>\n<meta name=\"twitter:card\" content=\"summary_large_image\" \/>\n<meta name=\"twitter:creator\" content=\"@lagnoticias\" \/>\n<meta name=\"twitter:site\" content=\"@lagnoticias\" \/>\n<meta name=\"twitter:label1\" content=\"Written by\" \/>\n\t<meta name=\"twitter:data1\" content=\"Oscar\" \/>\n\t<meta name=\"twitter:label2\" content=\"Est. reading time\" \/>\n\t<meta name=\"twitter:data2\" content=\"1 minute\" \/>\n<script type=\"application\/ld+json\" class=\"yoast-schema-graph\">{\"@context\":\"https:\\\/\\\/schema.org\",\"@graph\":[{\"@type\":\"Article\",\"@id\":\"https:\\\/\\\/lagnoticias.com\\\/2025\\\/09\\\/02\\\/fiscalia-ordena-la-captura-de-cuatro-miembros-de-una-banda-dedicada-al-hurto-en-iglesias-en-la-paz\\\/#article\",\"isPartOf\":{\"@id\":\"https:\\\/\\\/lagnoticias.com\\\/2025\\\/09\\\/02\\\/fiscalia-ordena-la-captura-de-cuatro-miembros-de-una-banda-dedicada-al-hurto-en-iglesias-en-la-paz\\\/\"},\"author\":{\"name\":\"Oscar\",\"@id\":\"https:\\\/\\\/lagnoticias.com\\\/#\\\/schema\\\/person\\\/cb9bfe13f8de05d2c55270be25c6a550\"},\"headline\":\"Fiscal\u00eda ordena la captura de cuatro miembros de una banda dedicada al hurto en iglesias en La Paz\",\"datePublished\":\"2025-09-02T16:27:31+00:00\",\"dateModified\":\"2025-09-02T16:27:32+00:00\",\"mainEntityOfPage\":{\"@id\":\"https:\\\/\\\/lagnoticias.com\\\/2025\\\/09\\\/02\\\/fiscalia-ordena-la-captura-de-cuatro-miembros-de-una-banda-dedicada-al-hurto-en-iglesias-en-la-paz\\\/\"},\"wordCount\":193,\"commentCount\":0,\"image\":{\"@id\":\"https:\\\/\\\/lagnoticias.com\\\/2025\\\/09\\\/02\\\/fiscalia-ordena-la-captura-de-cuatro-miembros-de-una-banda-dedicada-al-hurto-en-iglesias-en-la-paz\\\/#primaryimage\"},\"thumbnailUrl\":\"https:\\\/\\\/lagnoticias.com\\\/wp-content\\\/uploads\\\/2025\\\/09\\\/1-3.jpg\",\"keywords\":[\"CAPTURADOS\",\"EL SALVADOR\",\"FGR\",\"hurto\"],\"articleSection\":[\"NACIONALES\"],\"inLanguage\":\"en-US\",\"potentialAction\":[{\"@type\":\"CommentAction\",\"name\":\"Comment\",\"target\":[\"https:\\\/\\\/lagnoticias.com\\\/2025\\\/09\\\/02\\\/fiscalia-ordena-la-captura-de-cuatro-miembros-de-una-banda-dedicada-al-hurto-en-iglesias-en-la-paz\\\/#respond\"]}]},{\"@type\":\"WebPage\",\"@id\":\"https:\\\/\\\/lagnoticias.com\\\/2025\\\/09\\\/02\\\/fiscalia-ordena-la-captura-de-cuatro-miembros-de-una-banda-dedicada-al-hurto-en-iglesias-en-la-paz\\\/\",\"url\":\"https:\\\/\\\/lagnoticias.com\\\/2025\\\/09\\\/02\\\/fiscalia-ordena-la-captura-de-cuatro-miembros-de-una-banda-dedicada-al-hurto-en-iglesias-en-la-paz\\\/\",\"name\":\"Fiscal\u00eda ordena la captura de cuatro miembros de una banda dedicada al hurto en iglesias en La Paz - La G Noticias\",\"isPartOf\":{\"@id\":\"https:\\\/\\\/lagnoticias.com\\\/#website\"},\"primaryImageOfPage\":{\"@id\":\"https:\\\/\\\/lagnoticias.com\\\/2025\\\/09\\\/02\\\/fiscalia-ordena-la-captura-de-cuatro-miembros-de-una-banda-dedicada-al-hurto-en-iglesias-en-la-paz\\\/#primaryimage\"},\"image\":{\"@id\":\"https:\\\/\\\/lagnoticias.com\\\/2025\\\/09\\\/02\\\/fiscalia-ordena-la-captura-de-cuatro-miembros-de-una-banda-dedicada-al-hurto-en-iglesias-en-la-paz\\\/#primaryimage\"},\"thumbnailUrl\":\"https:\\\/\\\/lagnoticias.com\\\/wp-content\\\/uploads\\\/2025\\\/09\\\/1-3.jpg\",\"datePublished\":\"2025-09-02T16:27:31+00:00\",\"dateModified\":\"2025-09-02T16:27:32+00:00\",\"author\":{\"@id\":\"https:\\\/\\\/lagnoticias.com\\\/#\\\/schema\\\/person\\\/cb9bfe13f8de05d2c55270be25c6a550\"},\"breadcrumb\":{\"@id\":\"https:\\\/\\\/lagnoticias.com\\\/2025\\\/09\\\/02\\\/fiscalia-ordena-la-captura-de-cuatro-miembros-de-una-banda-dedicada-al-hurto-en-iglesias-en-la-paz\\\/#breadcrumb\"},\"inLanguage\":\"en-US\",\"potentialAction\":[{\"@type\":\"ReadAction\",\"target\":[\"https:\\\/\\\/lagnoticias.com\\\/2025\\\/09\\\/02\\\/fiscalia-ordena-la-captura-de-cuatro-miembros-de-una-banda-dedicada-al-hurto-en-iglesias-en-la-paz\\\/\"]}]},{\"@type\":\"ImageObject\",\"inLanguage\":\"en-US\",\"@id\":\"https:\\\/\\\/lagnoticias.com\\\/2025\\\/09\\\/02\\\/fiscalia-ordena-la-captura-de-cuatro-miembros-de-una-banda-dedicada-al-hurto-en-iglesias-en-la-paz\\\/#primaryimage\",\"url\":\"https:\\\/\\\/lagnoticias.com\\\/wp-content\\\/uploads\\\/2025\\\/09\\\/1-3.jpg\",\"contentUrl\":\"https:\\\/\\\/lagnoticias.com\\\/wp-content\\\/uploads\\\/2025\\\/09\\\/1-3.jpg\",\"width\":1090,\"height\":817},{\"@type\":\"BreadcrumbList\",\"@id\":\"https:\\\/\\\/lagnoticias.com\\\/2025\\\/09\\\/02\\\/fiscalia-ordena-la-captura-de-cuatro-miembros-de-una-banda-dedicada-al-hurto-en-iglesias-en-la-paz\\\/#breadcrumb\",\"itemListElement\":[{\"@type\":\"ListItem\",\"position\":1,\"name\":\"Portada\",\"item\":\"https:\\\/\\\/lagnoticias.com\\\/\"},{\"@type\":\"ListItem\",\"position\":2,\"name\":\"Fiscal\u00eda ordena la captura de cuatro miembros de una banda dedicada al hurto en iglesias en La Paz\"}]},{\"@type\":\"WebSite\",\"@id\":\"https:\\\/\\\/lagnoticias.com\\\/#website\",\"url\":\"https:\\\/\\\/lagnoticias.com\\\/\",\"name\":\"La G Noticias\",\"description\":\"Noticias Positivas\",\"potentialAction\":[{\"@type\":\"SearchAction\",\"target\":{\"@type\":\"EntryPoint\",\"urlTemplate\":\"https:\\\/\\\/lagnoticias.com\\\/?s={search_term_string}\"},\"query-input\":{\"@type\":\"PropertyValueSpecification\",\"valueRequired\":true,\"valueName\":\"search_term_string\"}}],\"inLanguage\":\"en-US\"},{\"@type\":\"Person\",\"@id\":\"https:\\\/\\\/lagnoticias.com\\\/#\\\/schema\\\/person\\\/cb9bfe13f8de05d2c55270be25c6a550\",\"name\":\"Oscar\",\"image\":{\"@type\":\"ImageObject\",\"inLanguage\":\"en-US\",\"@id\":\"https:\\\/\\\/secure.gravatar.com\\\/avatar\\\/45c195718f652dc7ffdd591dc1f2678956ab7fdadcd359a635edc61304a8c757?s=96&d=mm&r=g\",\"url\":\"https:\\\/\\\/secure.gravatar.com\\\/avatar\\\/45c195718f652dc7ffdd591dc1f2678956ab7fdadcd359a635edc61304a8c757?s=96&d=mm&r=g\",\"contentUrl\":\"https:\\\/\\\/secure.gravatar.com\\\/avatar\\\/45c195718f652dc7ffdd591dc1f2678956ab7fdadcd359a635edc61304a8c757?s=96&d=mm&r=g\",\"caption\":\"Oscar\"},\"url\":\"https:\\\/\\\/lagnoticias.com\\\/en\\\/author\\\/oscar\\\/\"}]}<\/script>\n<!-- \/ Yoast SEO plugin. -->","yoast_head_json":{"title":"Fiscal\u00eda ordena la captura de cuatro miembros de una banda dedicada al hurto en iglesias en La Paz - La G Noticias","robots":{"index":"index","follow":"follow","max-snippet":"max-snippet:-1","max-image-preview":"max-image-preview:large","max-video-preview":"max-video-preview:-1"},"canonical":"https:\/\/lagnoticias.com\/en\/2025\/09\/02\/fiscalia-ordena-la-captura-de-cuatro-miembros-de-una-banda-dedicada-al-hurto-en-iglesias-en-la-paz\/","og_locale":"en_US","og_type":"article","og_title":"Fiscal\u00eda ordena la captura de cuatro miembros de una banda dedicada al hurto en iglesias en La Paz - La G Noticias","og_description":"La Fiscal\u00eda General de la Rep\u00fablica orden\u00f3 la captura de cuatro integrantes de una estructura criminal por dedicarse al hurto de im\u00e1genes religiosas en templos cat\u00f3licos en el departamento de La Paz. Los detenidos son Oscar Armando Zepeda P\u00e9rez, Marcos Emilio Hern\u00e1ndez, Brayan Alexander Cornejo P\u00e9rez y Juan Antonio L\u00f3pez, y se les procesar\u00e1 por [&hellip;]","og_url":"https:\/\/lagnoticias.com\/en\/2025\/09\/02\/fiscalia-ordena-la-captura-de-cuatro-miembros-de-una-banda-dedicada-al-hurto-en-iglesias-en-la-paz\/","og_site_name":"La G Noticias","article_publisher":"https:\/\/www.facebook.com\/LaGNoticias","article_published_time":"2025-09-02T16:27:31+00:00","article_modified_time":"2025-09-02T16:27:32+00:00","og_image":[{"width":1090,"height":817,"url":"https:\/\/lagnoticias.com\/wp-content\/uploads\/2025\/09\/1-3.jpg","type":"image\/jpeg"}],"author":"Oscar","twitter_card":"summary_large_image","twitter_creator":"@lagnoticias","twitter_site":"@lagnoticias","twitter_misc":{"Written by":"Oscar","Est. reading time":"1 minute"},"schema":{"@context":"https:\/\/schema.org","@graph":[{"@type":"Article","@id":"https:\/\/lagnoticias.com\/2025\/09\/02\/fiscalia-ordena-la-captura-de-cuatro-miembros-de-una-banda-dedicada-al-hurto-en-iglesias-en-la-paz\/#article","isPartOf":{"@id":"https:\/\/lagnoticias.com\/2025\/09\/02\/fiscalia-ordena-la-captura-de-cuatro-miembros-de-una-banda-dedicada-al-hurto-en-iglesias-en-la-paz\/"},"author":{"name":"Oscar","@id":"https:\/\/lagnoticias.com\/#\/schema\/person\/cb9bfe13f8de05d2c55270be25c6a550"},"headline":"Fiscal\u00eda ordena la captura de cuatro miembros de una banda dedicada al hurto en iglesias en La Paz","datePublished":"2025-09-02T16:27:31+00:00","dateModified":"2025-09-02T16:27:32+00:00","mainEntityOfPage":{"@id":"https:\/\/lagnoticias.com\/2025\/09\/02\/fiscalia-ordena-la-captura-de-cuatro-miembros-de-una-banda-dedicada-al-hurto-en-iglesias-en-la-paz\/"},"wordCount":193,"commentCount":0,"image":{"@id":"https:\/\/lagnoticias.com\/2025\/09\/02\/fiscalia-ordena-la-captura-de-cuatro-miembros-de-una-banda-dedicada-al-hurto-en-iglesias-en-la-paz\/#primaryimage"},"thumbnailUrl":"https:\/\/lagnoticias.com\/wp-content\/uploads\/2025\/09\/1-3.jpg","keywords":["CAPTURADOS","EL SALVADOR","FGR","hurto"],"articleSection":["NACIONALES"],"inLanguage":"en-US","potentialAction":[{"@type":"CommentAction","name":"Comment","target":["https:\/\/lagnoticias.com\/2025\/09\/02\/fiscalia-ordena-la-captura-de-cuatro-miembros-de-una-banda-dedicada-al-hurto-en-iglesias-en-la-paz\/#respond"]}]},{"@type":"WebPage","@id":"https:\/\/lagnoticias.com\/2025\/09\/02\/fiscalia-ordena-la-captura-de-cuatro-miembros-de-una-banda-dedicada-al-hurto-en-iglesias-en-la-paz\/","url":"https:\/\/lagnoticias.com\/2025\/09\/02\/fiscalia-ordena-la-captura-de-cuatro-miembros-de-una-banda-dedicada-al-hurto-en-iglesias-en-la-paz\/","name":"Fiscal\u00eda ordena la captura de cuatro miembros de una banda dedicada al hurto en iglesias en La Paz - La G Noticias","isPartOf":{"@id":"https:\/\/lagnoticias.com\/#website"},"primaryImageOfPage":{"@id":"https:\/\/lagnoticias.com\/2025\/09\/02\/fiscalia-ordena-la-captura-de-cuatro-miembros-de-una-banda-dedicada-al-hurto-en-iglesias-en-la-paz\/#primaryimage"},"image":{"@id":"https:\/\/lagnoticias.com\/2025\/09\/02\/fiscalia-ordena-la-captura-de-cuatro-miembros-de-una-banda-dedicada-al-hurto-en-iglesias-en-la-paz\/#primaryimage"},"thumbnailUrl":"https:\/\/lagnoticias.com\/wp-content\/uploads\/2025\/09\/1-3.jpg","datePublished":"2025-09-02T16:27:31+00:00","dateModified":"2025-09-02T16:27:32+00:00","author":{"@id":"https:\/\/lagnoticias.com\/#\/schema\/person\/cb9bfe13f8de05d2c55270be25c6a550"},"breadcrumb":{"@id":"https:\/\/lagnoticias.com\/2025\/09\/02\/fiscalia-ordena-la-captura-de-cuatro-miembros-de-una-banda-dedicada-al-hurto-en-iglesias-en-la-paz\/#breadcrumb"},"inLanguage":"en-US","potentialAction":[{"@type":"ReadAction","target":["https:\/\/lagnoticias.com\/2025\/09\/02\/fiscalia-ordena-la-captura-de-cuatro-miembros-de-una-banda-dedicada-al-hurto-en-iglesias-en-la-paz\/"]}]},{"@type":"ImageObject","inLanguage":"en-US","@id":"https:\/\/lagnoticias.com\/2025\/09\/02\/fiscalia-ordena-la-captura-de-cuatro-miembros-de-una-banda-dedicada-al-hurto-en-iglesias-en-la-paz\/#primaryimage","url":"https:\/\/lagnoticias.com\/wp-content\/uploads\/2025\/09\/1-3.jpg","contentUrl":"https:\/\/lagnoticias.com\/wp-content\/uploads\/2025\/09\/1-3.jpg","width":1090,"height":817},{"@type":"BreadcrumbList","@id":"https:\/\/lagnoticias.com\/2025\/09\/02\/fiscalia-ordena-la-captura-de-cuatro-miembros-de-una-banda-dedicada-al-hurto-en-iglesias-en-la-paz\/#breadcrumb","itemListElement":[{"@type":"ListItem","position":1,"name":"Portada","item":"https:\/\/lagnoticias.com\/"},{"@type":"ListItem","position":2,"name":"Fiscal\u00eda ordena la captura de cuatro miembros de una banda dedicada al hurto en iglesias en La Paz"}]},{"@type":"WebSite","@id":"https:\/\/lagnoticias.com\/#website","url":"https:\/\/lagnoticias.com\/","name":"La G Noticias","description":"Noticias Positivas","potentialAction":[{"@type":"SearchAction","target":{"@type":"EntryPoint","urlTemplate":"https:\/\/lagnoticias.com\/?s={search_term_string}"},"query-input":{"@type":"PropertyValueSpecification","valueRequired":true,"valueName":"search_term_string"}}],"inLanguage":"en-US"},{"@type":"Person","@id":"https:\/\/lagnoticias.com\/#\/schema\/person\/cb9bfe13f8de05d2c55270be25c6a550","name":"Oscar","image":{"@type":"ImageObject","inLanguage":"en-US","@id":"https:\/\/secure.gravatar.com\/avatar\/45c195718f652dc7ffdd591dc1f2678956ab7fdadcd359a635edc61304a8c757?s=96&d=mm&r=g","url":"https:\/\/secure.gravatar.com\/avatar\/45c195718f652dc7ffdd591dc1f2678956ab7fdadcd359a635edc61304a8c757?s=96&d=mm&r=g","contentUrl":"https:\/\/secure.gravatar.com\/avatar\/45c195718f652dc7ffdd591dc1f2678956ab7fdadcd359a635edc61304a8c757?s=96&d=mm&r=g","caption":"Oscar"},"url":"https:\/\/lagnoticias.com\/en\/author\/oscar\/"}]}},"_links":{"self":[{"href":"https:\/\/lagnoticias.com\/en\/wp-json\/wp\/v2\/posts\/4615","targetHints":{"allow":["GET"]}}],"collection":[{"href":"https:\/\/lagnoticias.com\/en\/wp-json\/wp\/v2\/posts"}],"about":[{"href":"https:\/\/lagnoticias.com\/en\/wp-json\/wp\/v2\/types\/post"}],"author":[{"embeddable":true,"href":"https:\/\/lagnoticias.com\/en\/wp-json\/wp\/v2\/users\/2"}],"replies":[{"embeddable":true,"href":"https:\/\/lagnoticias.com\/en\/wp-json\/wp\/v2\/comments?post=4615"}],"version-history":[{"count":1,"href":"https:\/\/lagnoticias.com\/en\/wp-json\/wp\/v2\/posts\/4615\/revisions"}],"predecessor-version":[{"id":4617,"href":"https:\/\/lagnoticias.com\/en\/wp-json\/wp\/v2\/posts\/4615\/revisions\/4617"}],"wp:featuredmedia":[{"embeddable":true,"href":"https:\/\/lagnoticias.com\/en\/wp-json\/wp\/v2\/media\/4616"}],"wp:attachment":[{"href":"https:\/\/lagnoticias.com\/en\/wp-json\/wp\/v2\/media?parent=4615"}],"wp:term":[{"taxonomy":"category","embeddable":true,"href":"https:\/\/lagnoticias.com\/en\/wp-json\/wp\/v2\/categories?post=4615"},{"taxonomy":"post_tag","embeddable":true,"href":"https:\/\/lagnoticias.com\/en\/wp-json\/wp\/v2\/tags?post=4615"}],"curies":[{"name":"wp","href":"https:\/\/api.w.org\/{rel}","templated":true}]}}