{"id":4606,"date":"2025-09-02T08:57:43","date_gmt":"2025-09-02T14:57:43","guid":{"rendered":"https:\/\/lagnoticias.com\/?p=4606"},"modified":"2025-09-12T11:56:16","modified_gmt":"2025-09-12T17:56:16","slug":"adios-celulares-elon-musk-anticipa-el-fin-del-dispositivo-y-conto-cual-sera-su-reemplazo","status":"publish","type":"post","link":"https:\/\/lagnoticias.com\/en\/2025\/09\/02\/adios-celulares-elon-musk-anticipa-el-fin-del-dispositivo-y-conto-cual-sera-su-reemplazo\/","title":{"rendered":"\u00bfAdi\u00f3s celulares? Elon Musk anticipa el fin del dispositivo y cont\u00f3 cu\u00e1l ser\u00e1 su reemplazo"},"content":{"rendered":"<p>Elon Musk&nbsp;volvi\u00f3 a sacudir el debate tecnol\u00f3gico con una predicci\u00f3n que parece salida de la ciencia ficci\u00f3n: los tel\u00e9fonos m\u00f3viles podr\u00edan quedar obsoletos en un futuro cercano. El empresario apuesta a que la conexi\u00f3n entre el cerebro y las computadoras ser\u00e1 el nuevo est\u00e1ndar, gracias a los avances de&nbsp;Neuralink, su compa\u00f1\u00eda de neurotecnolog\u00eda.<\/p>\n\n\n\n<p>Seg\u00fan&nbsp;Musk, los implantes neuronales permitir\u00e1n realizar todas las funciones que hoy se hacen desde un celular -navegar en internet, enviar mensajes o controlar dispositivos- pero sin necesidad de pantallas ni teclados: bastar\u00e1 con pensarlo.<\/p>\n\n\n\n<p><\/p>\n\n\n\n<h2 class=\"wp-block-heading\">Neuralink y las primeras pruebas en humanos<\/h2>\n\n\n\n<p><\/p>\n\n\n\n<p><\/p>\n\n\n\n<figure class=\"wp-block-image aligncenter size-full\"><img loading=\"lazy\" decoding=\"async\" width=\"730\" height=\"408\" src=\"https:\/\/lagnoticias.com\/wp-content\/uploads\/2025\/09\/2-2.jpg\" alt=\"\" class=\"wp-image-4607\" srcset=\"https:\/\/lagnoticias.com\/wp-content\/uploads\/2025\/09\/2-2.jpg 730w, https:\/\/lagnoticias.com\/wp-content\/uploads\/2025\/09\/2-2-480x268.jpg 480w\" sizes=\"(min-width: 0px) and (max-width: 480px) 480px, (min-width: 481px) 730px, 100vw\" \/><\/figure>\n\n\n\n<p><\/p>\n\n\n\n<p><\/p>\n\n\n\n<p>La visi\u00f3n del magnate ya comenz\u00f3 a materializarse. Neuralink implant\u00f3 por primera vez un chip en un paciente humano, Noland Arbaugh, quien logr\u00f3 manejar una computadora \u00fanicamente con sus pensamientos. El ensayo demostr\u00f3 que la interfaz cerebro-computadora funciona no solo en tareas simples como navegar o escribir, sino tambi\u00e9n en actividades m\u00e1s complejas, como jugar videojuegos.<\/p>\n\n\n\n<p>A 18 meses de la cirug\u00eda, el joven&nbsp;describe un cambio radical en su d\u00eda a d\u00eda. Dedica hasta diez horas diarias a estudiar, trabajar y usar el dispositivo, algo que antes era impensable. Actualmente cursa neurociencia en Arizona y tambi\u00e9n dicta conferencias,&nbsp;destacando que el chip le devolvi\u00f3 autonom\u00eda y prop\u00f3sito.<\/p>\n\n\n\n<p>\u201cAntes pasaba los d\u00edas dormido y las noches despierto\u2026&nbsp;no ten\u00eda metas ni sentido\u201d, cont\u00f3. Hoy asegura que siente que su potencial est\u00e1 de vuelta y que puede desarrollarlo de formas significativas.<\/p>\n\n\n\n<p>Arbaugh decidi\u00f3 sumarse al ensayo cl\u00ednico no solo para mejorar su vida, sino tambi\u00e9n para aportar al avance cient\u00edfico:&nbsp;\u201cAunque algo saliera mal, sab\u00eda que mi participaci\u00f3n pod\u00eda ayudar a otros en el futuro\u201d, relat\u00f3. Neuralink se encarg\u00f3 de los gastos de la cirug\u00eda y los traslados, y el joven ha recibido remuneraci\u00f3n por conferencias vinculadas al proyecto, incluida una presentaci\u00f3n p\u00fablica en febrero de 2024.<\/p>\n\n\n\n<p>El dispositivo desarrollado por la firma mide apenas 23 mil\u00edmetros de di\u00e1metro, cuenta con 1,024 electrodos y se inserta en \u00e1reas espec\u00edficas del cerebro a trav\u00e9s de un robot quir\u00fargico. Una vez colocado, traduce impulsos el\u00e9ctricos en \u00f3rdenes digitales que se transmiten de manera inal\u00e1mbrica a otros equipos.<\/p>\n\n\n\n<p><\/p>\n\n\n\n<h2 class=\"wp-block-heading\">\u00bfEl inicio de una nueva era digital?<\/h2>\n\n\n\n<p><\/p>\n\n\n\n<p>Musk sostiene que, en pocos a\u00f1os, la tecnolog\u00eda ser\u00e1 lo suficientemente&nbsp;segura y eficiente&nbsp;para una adopci\u00f3n masiva, lo que eliminar\u00eda la dependencia del celular como dispositivo central.<\/p>\n\n\n\n<p>Aunque persisten interrogantes \u00e9ticos y desaf\u00edos t\u00e9cnicos, el proyecto abre la puerta a una transformaci\u00f3n radical: un mundo en el que la mente se convierta en la principal interfaz con el universo digital.<\/p>","protected":false},"excerpt":{"rendered":"<p>Elon Musk&nbsp;volvi\u00f3 a sacudir el debate tecnol\u00f3gico con una predicci\u00f3n que parece salida de la ciencia ficci\u00f3n: los tel\u00e9fonos m\u00f3viles podr\u00edan quedar obsoletos en un futuro cercano. El empresario apuesta a que la conexi\u00f3n entre el cerebro y las computadoras ser\u00e1 el nuevo est\u00e1ndar, gracias a los avances de&nbsp;Neuralink, su compa\u00f1\u00eda de neurotecnolog\u00eda. Seg\u00fan&nbsp;Musk, los [&hellip;]<\/p>","protected":false},"author":2,"featured_media":4608,"comment_status":"open","ping_status":"open","sticky":false,"template":"","format":"standard","meta":{"_et_pb_use_builder":"off","_et_pb_old_content":"","_et_gb_content_width":"","footnotes":""},"categories":[247],"tags":[322,858,857],"class_list":["post-4606","post","type-post","status-publish","format-standard","has-post-thumbnail","hentry","category-tecnologia","tag-celulares","tag-elon-musk","tag-neurociencia"],"yoast_head":"<!-- This site is optimized with the Yoast SEO plugin v27.4 - https:\/\/yoast.com\/product\/yoast-seo-wordpress\/ -->\n<title>\u00bfAdi\u00f3s celulares? Elon Musk anticipa el fin del dispositivo y cont\u00f3 cu\u00e1l ser\u00e1 su reemplazo - La G Noticias<\/title>\n<meta name=\"robots\" content=\"index, follow, max-snippet:-1, max-image-preview:large, max-video-preview:-1\" \/>\n<link rel=\"canonical\" href=\"https:\/\/lagnoticias.com\/en\/2025\/09\/02\/adios-celulares-elon-musk-anticipa-el-fin-del-dispositivo-y-conto-cual-sera-su-reemplazo\/\" \/>\n<meta property=\"og:locale\" content=\"en_US\" \/>\n<meta property=\"og:type\" content=\"article\" \/>\n<meta property=\"og:title\" content=\"\u00bfAdi\u00f3s celulares? Elon Musk anticipa el fin del dispositivo y cont\u00f3 cu\u00e1l ser\u00e1 su reemplazo - La G Noticias\" \/>\n<meta property=\"og:description\" content=\"Elon Musk&nbsp;volvi\u00f3 a sacudir el debate tecnol\u00f3gico con una predicci\u00f3n que parece salida de la ciencia ficci\u00f3n: los tel\u00e9fonos m\u00f3viles podr\u00edan quedar obsoletos en un futuro cercano. El empresario apuesta a que la conexi\u00f3n entre el cerebro y las computadoras ser\u00e1 el nuevo est\u00e1ndar, gracias a los avances de&nbsp;Neuralink, su compa\u00f1\u00eda de neurotecnolog\u00eda. Seg\u00fan&nbsp;Musk, los [&hellip;]\" \/>\n<meta property=\"og:url\" content=\"https:\/\/lagnoticias.com\/en\/2025\/09\/02\/adios-celulares-elon-musk-anticipa-el-fin-del-dispositivo-y-conto-cual-sera-su-reemplazo\/\" \/>\n<meta property=\"og:site_name\" content=\"La G Noticias\" \/>\n<meta property=\"article:publisher\" content=\"https:\/\/www.facebook.com\/LaGNoticias\" \/>\n<meta property=\"article:published_time\" content=\"2025-09-02T14:57:43+00:00\" \/>\n<meta property=\"article:modified_time\" content=\"2025-09-12T17:56:16+00:00\" \/>\n<meta property=\"og:image\" content=\"https:\/\/lagnoticias.com\/wp-content\/uploads\/2025\/09\/7-2.jpg\" \/>\n\t<meta property=\"og:image:width\" content=\"1900\" \/>\n\t<meta property=\"og:image:height\" content=\"1069\" \/>\n\t<meta property=\"og:image:type\" content=\"image\/jpeg\" \/>\n<meta name=\"author\" content=\"Oscar\" \/>\n<meta name=\"twitter:card\" content=\"summary_large_image\" \/>\n<meta name=\"twitter:creator\" content=\"@lagnoticias\" \/>\n<meta name=\"twitter:site\" content=\"@lagnoticias\" \/>\n<meta name=\"twitter:label1\" content=\"Written by\" \/>\n\t<meta name=\"twitter:data1\" content=\"Oscar\" \/>\n\t<meta name=\"twitter:label2\" content=\"Est. reading time\" \/>\n\t<meta name=\"twitter:data2\" content=\"3 minutes\" \/>\n<script type=\"application\/ld+json\" class=\"yoast-schema-graph\">{\"@context\":\"https:\\\/\\\/schema.org\",\"@graph\":[{\"@type\":\"Article\",\"@id\":\"https:\\\/\\\/lagnoticias.com\\\/2025\\\/09\\\/02\\\/adios-celulares-elon-musk-anticipa-el-fin-del-dispositivo-y-conto-cual-sera-su-reemplazo\\\/#article\",\"isPartOf\":{\"@id\":\"https:\\\/\\\/lagnoticias.com\\\/2025\\\/09\\\/02\\\/adios-celulares-elon-musk-anticipa-el-fin-del-dispositivo-y-conto-cual-sera-su-reemplazo\\\/\"},\"author\":{\"name\":\"Oscar\",\"@id\":\"https:\\\/\\\/lagnoticias.com\\\/#\\\/schema\\\/person\\\/cb9bfe13f8de05d2c55270be25c6a550\"},\"headline\":\"\u00bfAdi\u00f3s celulares? Elon Musk anticipa el fin del dispositivo y cont\u00f3 cu\u00e1l ser\u00e1 su reemplazo\",\"datePublished\":\"2025-09-02T14:57:43+00:00\",\"dateModified\":\"2025-09-12T17:56:16+00:00\",\"mainEntityOfPage\":{\"@id\":\"https:\\\/\\\/lagnoticias.com\\\/2025\\\/09\\\/02\\\/adios-celulares-elon-musk-anticipa-el-fin-del-dispositivo-y-conto-cual-sera-su-reemplazo\\\/\"},\"wordCount\":488,\"commentCount\":0,\"image\":{\"@id\":\"https:\\\/\\\/lagnoticias.com\\\/2025\\\/09\\\/02\\\/adios-celulares-elon-musk-anticipa-el-fin-del-dispositivo-y-conto-cual-sera-su-reemplazo\\\/#primaryimage\"},\"thumbnailUrl\":\"https:\\\/\\\/lagnoticias.com\\\/wp-content\\\/uploads\\\/2025\\\/09\\\/7-2.jpg\",\"keywords\":[\"CELULARES\",\"ELON MUSK\",\"NEUROCIENCIA\"],\"articleSection\":[\"TECNOLOG\u00cdA\"],\"inLanguage\":\"en-US\",\"potentialAction\":[{\"@type\":\"CommentAction\",\"name\":\"Comment\",\"target\":[\"https:\\\/\\\/lagnoticias.com\\\/2025\\\/09\\\/02\\\/adios-celulares-elon-musk-anticipa-el-fin-del-dispositivo-y-conto-cual-sera-su-reemplazo\\\/#respond\"]}]},{\"@type\":\"WebPage\",\"@id\":\"https:\\\/\\\/lagnoticias.com\\\/2025\\\/09\\\/02\\\/adios-celulares-elon-musk-anticipa-el-fin-del-dispositivo-y-conto-cual-sera-su-reemplazo\\\/\",\"url\":\"https:\\\/\\\/lagnoticias.com\\\/2025\\\/09\\\/02\\\/adios-celulares-elon-musk-anticipa-el-fin-del-dispositivo-y-conto-cual-sera-su-reemplazo\\\/\",\"name\":\"\u00bfAdi\u00f3s celulares? Elon Musk anticipa el fin del dispositivo y cont\u00f3 cu\u00e1l ser\u00e1 su reemplazo - La G Noticias\",\"isPartOf\":{\"@id\":\"https:\\\/\\\/lagnoticias.com\\\/#website\"},\"primaryImageOfPage\":{\"@id\":\"https:\\\/\\\/lagnoticias.com\\\/2025\\\/09\\\/02\\\/adios-celulares-elon-musk-anticipa-el-fin-del-dispositivo-y-conto-cual-sera-su-reemplazo\\\/#primaryimage\"},\"image\":{\"@id\":\"https:\\\/\\\/lagnoticias.com\\\/2025\\\/09\\\/02\\\/adios-celulares-elon-musk-anticipa-el-fin-del-dispositivo-y-conto-cual-sera-su-reemplazo\\\/#primaryimage\"},\"thumbnailUrl\":\"https:\\\/\\\/lagnoticias.com\\\/wp-content\\\/uploads\\\/2025\\\/09\\\/7-2.jpg\",\"datePublished\":\"2025-09-02T14:57:43+00:00\",\"dateModified\":\"2025-09-12T17:56:16+00:00\",\"author\":{\"@id\":\"https:\\\/\\\/lagnoticias.com\\\/#\\\/schema\\\/person\\\/cb9bfe13f8de05d2c55270be25c6a550\"},\"breadcrumb\":{\"@id\":\"https:\\\/\\\/lagnoticias.com\\\/2025\\\/09\\\/02\\\/adios-celulares-elon-musk-anticipa-el-fin-del-dispositivo-y-conto-cual-sera-su-reemplazo\\\/#breadcrumb\"},\"inLanguage\":\"en-US\",\"potentialAction\":[{\"@type\":\"ReadAction\",\"target\":[\"https:\\\/\\\/lagnoticias.com\\\/2025\\\/09\\\/02\\\/adios-celulares-elon-musk-anticipa-el-fin-del-dispositivo-y-conto-cual-sera-su-reemplazo\\\/\"]}]},{\"@type\":\"ImageObject\",\"inLanguage\":\"en-US\",\"@id\":\"https:\\\/\\\/lagnoticias.com\\\/2025\\\/09\\\/02\\\/adios-celulares-elon-musk-anticipa-el-fin-del-dispositivo-y-conto-cual-sera-su-reemplazo\\\/#primaryimage\",\"url\":\"https:\\\/\\\/lagnoticias.com\\\/wp-content\\\/uploads\\\/2025\\\/09\\\/7-2.jpg\",\"contentUrl\":\"https:\\\/\\\/lagnoticias.com\\\/wp-content\\\/uploads\\\/2025\\\/09\\\/7-2.jpg\",\"width\":1900,\"height\":1069},{\"@type\":\"BreadcrumbList\",\"@id\":\"https:\\\/\\\/lagnoticias.com\\\/2025\\\/09\\\/02\\\/adios-celulares-elon-musk-anticipa-el-fin-del-dispositivo-y-conto-cual-sera-su-reemplazo\\\/#breadcrumb\",\"itemListElement\":[{\"@type\":\"ListItem\",\"position\":1,\"name\":\"Portada\",\"item\":\"https:\\\/\\\/lagnoticias.com\\\/\"},{\"@type\":\"ListItem\",\"position\":2,\"name\":\"\u00bfAdi\u00f3s celulares? Elon Musk anticipa el fin del dispositivo y cont\u00f3 cu\u00e1l ser\u00e1 su reemplazo\"}]},{\"@type\":\"WebSite\",\"@id\":\"https:\\\/\\\/lagnoticias.com\\\/#website\",\"url\":\"https:\\\/\\\/lagnoticias.com\\\/\",\"name\":\"La G Noticias\",\"description\":\"Noticias Positivas\",\"potentialAction\":[{\"@type\":\"SearchAction\",\"target\":{\"@type\":\"EntryPoint\",\"urlTemplate\":\"https:\\\/\\\/lagnoticias.com\\\/?s={search_term_string}\"},\"query-input\":{\"@type\":\"PropertyValueSpecification\",\"valueRequired\":true,\"valueName\":\"search_term_string\"}}],\"inLanguage\":\"en-US\"},{\"@type\":\"Person\",\"@id\":\"https:\\\/\\\/lagnoticias.com\\\/#\\\/schema\\\/person\\\/cb9bfe13f8de05d2c55270be25c6a550\",\"name\":\"Oscar\",\"image\":{\"@type\":\"ImageObject\",\"inLanguage\":\"en-US\",\"@id\":\"https:\\\/\\\/secure.gravatar.com\\\/avatar\\\/45c195718f652dc7ffdd591dc1f2678956ab7fdadcd359a635edc61304a8c757?s=96&d=mm&r=g\",\"url\":\"https:\\\/\\\/secure.gravatar.com\\\/avatar\\\/45c195718f652dc7ffdd591dc1f2678956ab7fdadcd359a635edc61304a8c757?s=96&d=mm&r=g\",\"contentUrl\":\"https:\\\/\\\/secure.gravatar.com\\\/avatar\\\/45c195718f652dc7ffdd591dc1f2678956ab7fdadcd359a635edc61304a8c757?s=96&d=mm&r=g\",\"caption\":\"Oscar\"},\"url\":\"https:\\\/\\\/lagnoticias.com\\\/en\\\/author\\\/oscar\\\/\"}]}<\/script>\n<!-- \/ Yoast SEO plugin. -->","yoast_head_json":{"title":"\u00bfAdi\u00f3s celulares? Elon Musk anticipa el fin del dispositivo y cont\u00f3 cu\u00e1l ser\u00e1 su reemplazo - La G Noticias","robots":{"index":"index","follow":"follow","max-snippet":"max-snippet:-1","max-image-preview":"max-image-preview:large","max-video-preview":"max-video-preview:-1"},"canonical":"https:\/\/lagnoticias.com\/en\/2025\/09\/02\/adios-celulares-elon-musk-anticipa-el-fin-del-dispositivo-y-conto-cual-sera-su-reemplazo\/","og_locale":"en_US","og_type":"article","og_title":"\u00bfAdi\u00f3s celulares? Elon Musk anticipa el fin del dispositivo y cont\u00f3 cu\u00e1l ser\u00e1 su reemplazo - La G Noticias","og_description":"Elon Musk&nbsp;volvi\u00f3 a sacudir el debate tecnol\u00f3gico con una predicci\u00f3n que parece salida de la ciencia ficci\u00f3n: los tel\u00e9fonos m\u00f3viles podr\u00edan quedar obsoletos en un futuro cercano. El empresario apuesta a que la conexi\u00f3n entre el cerebro y las computadoras ser\u00e1 el nuevo est\u00e1ndar, gracias a los avances de&nbsp;Neuralink, su compa\u00f1\u00eda de neurotecnolog\u00eda. Seg\u00fan&nbsp;Musk, los [&hellip;]","og_url":"https:\/\/lagnoticias.com\/en\/2025\/09\/02\/adios-celulares-elon-musk-anticipa-el-fin-del-dispositivo-y-conto-cual-sera-su-reemplazo\/","og_site_name":"La G Noticias","article_publisher":"https:\/\/www.facebook.com\/LaGNoticias","article_published_time":"2025-09-02T14:57:43+00:00","article_modified_time":"2025-09-12T17:56:16+00:00","og_image":[{"width":1900,"height":1069,"url":"https:\/\/lagnoticias.com\/wp-content\/uploads\/2025\/09\/7-2.jpg","type":"image\/jpeg"}],"author":"Oscar","twitter_card":"summary_large_image","twitter_creator":"@lagnoticias","twitter_site":"@lagnoticias","twitter_misc":{"Written by":"Oscar","Est. reading time":"3 minutes"},"schema":{"@context":"https:\/\/schema.org","@graph":[{"@type":"Article","@id":"https:\/\/lagnoticias.com\/2025\/09\/02\/adios-celulares-elon-musk-anticipa-el-fin-del-dispositivo-y-conto-cual-sera-su-reemplazo\/#article","isPartOf":{"@id":"https:\/\/lagnoticias.com\/2025\/09\/02\/adios-celulares-elon-musk-anticipa-el-fin-del-dispositivo-y-conto-cual-sera-su-reemplazo\/"},"author":{"name":"Oscar","@id":"https:\/\/lagnoticias.com\/#\/schema\/person\/cb9bfe13f8de05d2c55270be25c6a550"},"headline":"\u00bfAdi\u00f3s celulares? Elon Musk anticipa el fin del dispositivo y cont\u00f3 cu\u00e1l ser\u00e1 su reemplazo","datePublished":"2025-09-02T14:57:43+00:00","dateModified":"2025-09-12T17:56:16+00:00","mainEntityOfPage":{"@id":"https:\/\/lagnoticias.com\/2025\/09\/02\/adios-celulares-elon-musk-anticipa-el-fin-del-dispositivo-y-conto-cual-sera-su-reemplazo\/"},"wordCount":488,"commentCount":0,"image":{"@id":"https:\/\/lagnoticias.com\/2025\/09\/02\/adios-celulares-elon-musk-anticipa-el-fin-del-dispositivo-y-conto-cual-sera-su-reemplazo\/#primaryimage"},"thumbnailUrl":"https:\/\/lagnoticias.com\/wp-content\/uploads\/2025\/09\/7-2.jpg","keywords":["CELULARES","ELON MUSK","NEUROCIENCIA"],"articleSection":["TECNOLOG\u00cdA"],"inLanguage":"en-US","potentialAction":[{"@type":"CommentAction","name":"Comment","target":["https:\/\/lagnoticias.com\/2025\/09\/02\/adios-celulares-elon-musk-anticipa-el-fin-del-dispositivo-y-conto-cual-sera-su-reemplazo\/#respond"]}]},{"@type":"WebPage","@id":"https:\/\/lagnoticias.com\/2025\/09\/02\/adios-celulares-elon-musk-anticipa-el-fin-del-dispositivo-y-conto-cual-sera-su-reemplazo\/","url":"https:\/\/lagnoticias.com\/2025\/09\/02\/adios-celulares-elon-musk-anticipa-el-fin-del-dispositivo-y-conto-cual-sera-su-reemplazo\/","name":"\u00bfAdi\u00f3s celulares? Elon Musk anticipa el fin del dispositivo y cont\u00f3 cu\u00e1l ser\u00e1 su reemplazo - La G Noticias","isPartOf":{"@id":"https:\/\/lagnoticias.com\/#website"},"primaryImageOfPage":{"@id":"https:\/\/lagnoticias.com\/2025\/09\/02\/adios-celulares-elon-musk-anticipa-el-fin-del-dispositivo-y-conto-cual-sera-su-reemplazo\/#primaryimage"},"image":{"@id":"https:\/\/lagnoticias.com\/2025\/09\/02\/adios-celulares-elon-musk-anticipa-el-fin-del-dispositivo-y-conto-cual-sera-su-reemplazo\/#primaryimage"},"thumbnailUrl":"https:\/\/lagnoticias.com\/wp-content\/uploads\/2025\/09\/7-2.jpg","datePublished":"2025-09-02T14:57:43+00:00","dateModified":"2025-09-12T17:56:16+00:00","author":{"@id":"https:\/\/lagnoticias.com\/#\/schema\/person\/cb9bfe13f8de05d2c55270be25c6a550"},"breadcrumb":{"@id":"https:\/\/lagnoticias.com\/2025\/09\/02\/adios-celulares-elon-musk-anticipa-el-fin-del-dispositivo-y-conto-cual-sera-su-reemplazo\/#breadcrumb"},"inLanguage":"en-US","potentialAction":[{"@type":"ReadAction","target":["https:\/\/lagnoticias.com\/2025\/09\/02\/adios-celulares-elon-musk-anticipa-el-fin-del-dispositivo-y-conto-cual-sera-su-reemplazo\/"]}]},{"@type":"ImageObject","inLanguage":"en-US","@id":"https:\/\/lagnoticias.com\/2025\/09\/02\/adios-celulares-elon-musk-anticipa-el-fin-del-dispositivo-y-conto-cual-sera-su-reemplazo\/#primaryimage","url":"https:\/\/lagnoticias.com\/wp-content\/uploads\/2025\/09\/7-2.jpg","contentUrl":"https:\/\/lagnoticias.com\/wp-content\/uploads\/2025\/09\/7-2.jpg","width":1900,"height":1069},{"@type":"BreadcrumbList","@id":"https:\/\/lagnoticias.com\/2025\/09\/02\/adios-celulares-elon-musk-anticipa-el-fin-del-dispositivo-y-conto-cual-sera-su-reemplazo\/#breadcrumb","itemListElement":[{"@type":"ListItem","position":1,"name":"Portada","item":"https:\/\/lagnoticias.com\/"},{"@type":"ListItem","position":2,"name":"\u00bfAdi\u00f3s celulares? Elon Musk anticipa el fin del dispositivo y cont\u00f3 cu\u00e1l ser\u00e1 su reemplazo"}]},{"@type":"WebSite","@id":"https:\/\/lagnoticias.com\/#website","url":"https:\/\/lagnoticias.com\/","name":"La G Noticias","description":"Noticias Positivas","potentialAction":[{"@type":"SearchAction","target":{"@type":"EntryPoint","urlTemplate":"https:\/\/lagnoticias.com\/?s={search_term_string}"},"query-input":{"@type":"PropertyValueSpecification","valueRequired":true,"valueName":"search_term_string"}}],"inLanguage":"en-US"},{"@type":"Person","@id":"https:\/\/lagnoticias.com\/#\/schema\/person\/cb9bfe13f8de05d2c55270be25c6a550","name":"Oscar","image":{"@type":"ImageObject","inLanguage":"en-US","@id":"https:\/\/secure.gravatar.com\/avatar\/45c195718f652dc7ffdd591dc1f2678956ab7fdadcd359a635edc61304a8c757?s=96&d=mm&r=g","url":"https:\/\/secure.gravatar.com\/avatar\/45c195718f652dc7ffdd591dc1f2678956ab7fdadcd359a635edc61304a8c757?s=96&d=mm&r=g","contentUrl":"https:\/\/secure.gravatar.com\/avatar\/45c195718f652dc7ffdd591dc1f2678956ab7fdadcd359a635edc61304a8c757?s=96&d=mm&r=g","caption":"Oscar"},"url":"https:\/\/lagnoticias.com\/en\/author\/oscar\/"}]}},"_links":{"self":[{"href":"https:\/\/lagnoticias.com\/en\/wp-json\/wp\/v2\/posts\/4606","targetHints":{"allow":["GET"]}}],"collection":[{"href":"https:\/\/lagnoticias.com\/en\/wp-json\/wp\/v2\/posts"}],"about":[{"href":"https:\/\/lagnoticias.com\/en\/wp-json\/wp\/v2\/types\/post"}],"author":[{"embeddable":true,"href":"https:\/\/lagnoticias.com\/en\/wp-json\/wp\/v2\/users\/2"}],"replies":[{"embeddable":true,"href":"https:\/\/lagnoticias.com\/en\/wp-json\/wp\/v2\/comments?post=4606"}],"version-history":[{"count":1,"href":"https:\/\/lagnoticias.com\/en\/wp-json\/wp\/v2\/posts\/4606\/revisions"}],"predecessor-version":[{"id":4609,"href":"https:\/\/lagnoticias.com\/en\/wp-json\/wp\/v2\/posts\/4606\/revisions\/4609"}],"wp:featuredmedia":[{"embeddable":true,"href":"https:\/\/lagnoticias.com\/en\/wp-json\/wp\/v2\/media\/4608"}],"wp:attachment":[{"href":"https:\/\/lagnoticias.com\/en\/wp-json\/wp\/v2\/media?parent=4606"}],"wp:term":[{"taxonomy":"category","embeddable":true,"href":"https:\/\/lagnoticias.com\/en\/wp-json\/wp\/v2\/categories?post=4606"},{"taxonomy":"post_tag","embeddable":true,"href":"https:\/\/lagnoticias.com\/en\/wp-json\/wp\/v2\/tags?post=4606"}],"curies":[{"name":"wp","href":"https:\/\/api.w.org\/{rel}","templated":true}]}}