{"id":4603,"date":"2025-09-02T08:45:27","date_gmt":"2025-09-02T14:45:27","guid":{"rendered":"https:\/\/lagnoticias.com\/?p=4603"},"modified":"2025-09-02T08:45:27","modified_gmt":"2025-09-02T14:45:27","slug":"belinda-anuncia-dueto-de-chicas-superpoderosas-y-fans-piensan-en-cazzu","status":"publish","type":"post","link":"https:\/\/lagnoticias.com\/en\/2025\/09\/02\/belinda-anuncia-dueto-de-chicas-superpoderosas-y-fans-piensan-en-cazzu\/","title":{"rendered":"Belinda anuncia dueto de \u201cchicas superpoderosas\u201d y fans piensan en Cazzu"},"content":{"rendered":"<p>Belinda&nbsp;sorprendi\u00f3 a sus fans al revelar que&nbsp;est\u00e1 preparando un nuevo dueto&nbsp;al que describi\u00f3 como&nbsp;\u201cel dueto de las chicas superpoderosas\u201d.&nbsp;La confesi\u00f3n desat\u00f3 rumores inmediatos sobre la posibilidad de que la colaboraci\u00f3n sea con Cazzu, una de las artistas m\u00e1s influyentes de la m\u00fasica urbana en Latinoam\u00e9rica.<\/p>\n\n\n\n<p><\/p>\n\n\n\n<h2 class=\"wp-block-heading\">Una semana llena de momentos virales<\/h2>\n\n\n\n<p><\/p>\n\n\n\n<p>La cantante vivi\u00f3&nbsp;d\u00edas intensos&nbsp;que marcaron un antes y un despu\u00e9s en su carrera. Primero&nbsp;particip\u00f3 en la filmaci\u00f3n de un video musical en Puerto Rico&nbsp;junto a Sebasti\u00e1n Yatra y Gente&nbsp;de Zona, cuyo estreno est\u00e1 previsto para septiembre.<\/p>\n\n\n\n<p>Poco despu\u00e9s,&nbsp;fue invitada por&nbsp;Bad Bunny&nbsp;a uno de sus conciertos&nbsp;en el Coliseo de Puerto Rico, donde protagoniz\u00f3 uno de los momentos m\u00e1s virales del a\u00f1o al bailar junto al reguetonero.<\/p>\n\n\n\n<p>Pues esta semana fue incre\u00edble porque estuvimos en Puerto Rico, grab\u00e9 un video con Yatra, con Gente de Zona, que es una canci\u00f3n que va a venir ya muy pronto, sale en septiembre, el video qued\u00f3 espectacular y de repente Bad Bunny nos invit\u00f3 al concierto, a la casita, no lo conoc\u00eda en persona, \u00e9l habla de m\u00ed en dos canciones y se acerc\u00f3, bailamos, la pasamos s\u00faper bien\u201d\u2014 comparti\u00f3 Belinda en entrevista.<\/p>\n\n\n\n<p>La artista asegur\u00f3 que&nbsp;ese encuentro fue uno de los m\u00e1s especiales de su trayectoria: \u201cFue una noche s\u00faper divertida porque compartimos el gusto por la m\u00fasica, al final somos artistas que hemos evolucionado, cada quien, en su g\u00e9nero, en su estilo y me encant\u00f3, creo que es un momento muy importante para m\u00ed en mi carrera\u201d.<\/p>\n\n\n\n<p><\/p>\n\n\n\n<h2 class=\"wp-block-heading\">El dueto de las chicas superpoderosas<\/h2>\n\n\n\n<p><\/p>\n\n\n\n<p>Belinda&nbsp;adelant\u00f3 que est\u00e1 trabajando en nuevos proyectos donde&nbsp;busca explorar g\u00e9neros diferentes&nbsp;a los que el p\u00fablico est\u00e1 acostumbrado. Entre ellos,&nbsp;resalt\u00f3 la grabaci\u00f3n de un tema&nbsp;que,&nbsp;seg\u00fan sus propias palabras, marcar\u00e1 un giro importante en la industria musical mexicana.<\/p>\n\n\n\n<p>Estoy haciendo muchas cosas distintas, diferentes ritmos de m\u00fasica y tambi\u00e9n viene un dueto s\u00faper importante que ma\u00f1ana voy a ir al estudio a grabar y va a ser el dueto para m\u00ed de las chicas superpoderosas y creo que eso tambi\u00e9n va a cambiar mucho el concepto de c\u00f3mo se han hecho las canciones en M\u00e9xico\u201d\u2014 revel\u00f3.<\/p>\n\n\n\n<p>Aunque&nbsp;no confirm\u00f3 con qui\u00e9n ser\u00e1 la colaboraci\u00f3n, en redes sociales los fans&nbsp;no tardaron en especular sobre Cazzu como la posible compa\u00f1era&nbsp;de este proyecto, debido a la conexi\u00f3n que ambas artistas han mostrado con la m\u00fasica urbana y al creciente inter\u00e9s por ver a mujeres unirse en la industria.<\/p>\n\n\n\n<p><\/p>\n\n\n\n<h2 class=\"wp-block-heading\">Mujeres apoyando a mujeres en la m\u00fasica<\/h2>\n\n\n\n<p><\/p>\n\n\n\n<p>M\u00e1s all\u00e1 de los rumores,&nbsp;Belinda subray\u00f3 la relevancia de impulsar colaboraciones femeninas, una tendencia que cada vez toma m\u00e1s fuerza en la escena internacional.<\/p>\n\n\n\n<p>\u201cEs m\u00e1s importante tener colaboraciones entre mujeres, apoyarnos entre mujeres\u201d\u2014 recalc\u00f3 la int\u00e9rprete de \u201cEres t\u00fa\u201d.<\/p>\n\n\n\n<p>Este mensaje fue bien recibido por sus seguidores, quienes consideran que la uni\u00f3n de voces femeninas no solo&nbsp;enriquece la oferta musical, sino que tambi\u00e9n&nbsp;env\u00eda un mensaje positivo de sororidad y empoderamiento.<\/p>\n\n\n\n<p><\/p>\n\n\n\n<h2 class=\"wp-block-heading\">Los pr\u00f3ximos pasos de Belinda<\/h2>\n\n\n\n<p><\/p>\n\n\n\n<p>Con el estreno del video junto a Sebasti\u00e1n Yatra y Gente de Zona en puerta,&nbsp;el recuerdo imborrable de su dueto con Shakira en \u201cD\u00eda de enero\u201d&nbsp;y ahora la expectativa por el misterioso tema de las \u201cchicas superpoderosas\u201d, Belinda confirma que&nbsp;atraviesa una de las etapas m\u00e1s din\u00e1micas y exitosas de su carrera.<\/p>","protected":false},"excerpt":{"rendered":"<p>Belinda anunci\u00f3 que grabar\u00e1 un \u201cdueto de chicas superpoderosas\u201d.<\/p>","protected":false},"author":2,"featured_media":4604,"comment_status":"open","ping_status":"open","sticky":false,"template":"","format":"standard","meta":{"_et_pb_use_builder":"off","_et_pb_old_content":"","_et_gb_content_width":"","footnotes":""},"categories":[249],"tags":[429,763,343,695],"class_list":["post-4603","post","type-post","status-publish","format-standard","has-post-thumbnail","hentry","category-entretenimiento","tag-artista","tag-belinda","tag-cantante","tag-cazzu"],"yoast_head":"<!-- This site is optimized with the Yoast SEO plugin v27.4 - https:\/\/yoast.com\/product\/yoast-seo-wordpress\/ -->\n<title>Belinda anuncia dueto de \u201cchicas superpoderosas\u201d y fans piensan en Cazzu - La G Noticias<\/title>\n<meta name=\"robots\" content=\"index, follow, max-snippet:-1, max-image-preview:large, max-video-preview:-1\" \/>\n<link rel=\"canonical\" href=\"https:\/\/lagnoticias.com\/en\/2025\/09\/02\/belinda-anuncia-dueto-de-chicas-superpoderosas-y-fans-piensan-en-cazzu\/\" \/>\n<meta property=\"og:locale\" content=\"en_US\" \/>\n<meta property=\"og:type\" content=\"article\" \/>\n<meta property=\"og:title\" content=\"Belinda anuncia dueto de \u201cchicas superpoderosas\u201d y fans piensan en Cazzu - La G Noticias\" \/>\n<meta property=\"og:description\" content=\"Belinda anunci\u00f3 que grabar\u00e1 un \u201cdueto de chicas superpoderosas\u201d.\" \/>\n<meta property=\"og:url\" content=\"https:\/\/lagnoticias.com\/en\/2025\/09\/02\/belinda-anuncia-dueto-de-chicas-superpoderosas-y-fans-piensan-en-cazzu\/\" \/>\n<meta property=\"og:site_name\" content=\"La G Noticias\" \/>\n<meta property=\"article:publisher\" content=\"https:\/\/www.facebook.com\/LaGNoticias\" \/>\n<meta property=\"article:published_time\" content=\"2025-09-02T14:45:27+00:00\" \/>\n<meta property=\"og:image\" content=\"https:\/\/lagnoticias.com\/wp-content\/uploads\/2025\/09\/1-2.jpg\" \/>\n\t<meta property=\"og:image:width\" content=\"1280\" \/>\n\t<meta property=\"og:image:height\" content=\"770\" \/>\n\t<meta property=\"og:image:type\" content=\"image\/jpeg\" \/>\n<meta name=\"author\" content=\"Oscar\" \/>\n<meta name=\"twitter:card\" content=\"summary_large_image\" \/>\n<meta name=\"twitter:creator\" content=\"@lagnoticias\" \/>\n<meta name=\"twitter:site\" content=\"@lagnoticias\" \/>\n<meta name=\"twitter:label1\" content=\"Written by\" \/>\n\t<meta name=\"twitter:data1\" content=\"Oscar\" \/>\n\t<meta name=\"twitter:label2\" content=\"Est. reading time\" \/>\n\t<meta name=\"twitter:data2\" content=\"3 minutes\" \/>\n<script type=\"application\/ld+json\" class=\"yoast-schema-graph\">{\"@context\":\"https:\\\/\\\/schema.org\",\"@graph\":[{\"@type\":\"Article\",\"@id\":\"https:\\\/\\\/lagnoticias.com\\\/2025\\\/09\\\/02\\\/belinda-anuncia-dueto-de-chicas-superpoderosas-y-fans-piensan-en-cazzu\\\/#article\",\"isPartOf\":{\"@id\":\"https:\\\/\\\/lagnoticias.com\\\/2025\\\/09\\\/02\\\/belinda-anuncia-dueto-de-chicas-superpoderosas-y-fans-piensan-en-cazzu\\\/\"},\"author\":{\"name\":\"Oscar\",\"@id\":\"https:\\\/\\\/lagnoticias.com\\\/#\\\/schema\\\/person\\\/cb9bfe13f8de05d2c55270be25c6a550\"},\"headline\":\"Belinda anuncia dueto de \u201cchicas superpoderosas\u201d y fans piensan en Cazzu\",\"datePublished\":\"2025-09-02T14:45:27+00:00\",\"mainEntityOfPage\":{\"@id\":\"https:\\\/\\\/lagnoticias.com\\\/2025\\\/09\\\/02\\\/belinda-anuncia-dueto-de-chicas-superpoderosas-y-fans-piensan-en-cazzu\\\/\"},\"wordCount\":648,\"commentCount\":0,\"image\":{\"@id\":\"https:\\\/\\\/lagnoticias.com\\\/2025\\\/09\\\/02\\\/belinda-anuncia-dueto-de-chicas-superpoderosas-y-fans-piensan-en-cazzu\\\/#primaryimage\"},\"thumbnailUrl\":\"https:\\\/\\\/lagnoticias.com\\\/wp-content\\\/uploads\\\/2025\\\/09\\\/1-2.jpg\",\"keywords\":[\"ARTISTA\",\"BELINDA\",\"CANTANTE\",\"CAZZU\"],\"articleSection\":[\"ENTRETENIMIENTO\"],\"inLanguage\":\"en-US\",\"potentialAction\":[{\"@type\":\"CommentAction\",\"name\":\"Comment\",\"target\":[\"https:\\\/\\\/lagnoticias.com\\\/2025\\\/09\\\/02\\\/belinda-anuncia-dueto-de-chicas-superpoderosas-y-fans-piensan-en-cazzu\\\/#respond\"]}]},{\"@type\":\"WebPage\",\"@id\":\"https:\\\/\\\/lagnoticias.com\\\/2025\\\/09\\\/02\\\/belinda-anuncia-dueto-de-chicas-superpoderosas-y-fans-piensan-en-cazzu\\\/\",\"url\":\"https:\\\/\\\/lagnoticias.com\\\/2025\\\/09\\\/02\\\/belinda-anuncia-dueto-de-chicas-superpoderosas-y-fans-piensan-en-cazzu\\\/\",\"name\":\"Belinda anuncia dueto de \u201cchicas superpoderosas\u201d y fans piensan en Cazzu - La G Noticias\",\"isPartOf\":{\"@id\":\"https:\\\/\\\/lagnoticias.com\\\/#website\"},\"primaryImageOfPage\":{\"@id\":\"https:\\\/\\\/lagnoticias.com\\\/2025\\\/09\\\/02\\\/belinda-anuncia-dueto-de-chicas-superpoderosas-y-fans-piensan-en-cazzu\\\/#primaryimage\"},\"image\":{\"@id\":\"https:\\\/\\\/lagnoticias.com\\\/2025\\\/09\\\/02\\\/belinda-anuncia-dueto-de-chicas-superpoderosas-y-fans-piensan-en-cazzu\\\/#primaryimage\"},\"thumbnailUrl\":\"https:\\\/\\\/lagnoticias.com\\\/wp-content\\\/uploads\\\/2025\\\/09\\\/1-2.jpg\",\"datePublished\":\"2025-09-02T14:45:27+00:00\",\"author\":{\"@id\":\"https:\\\/\\\/lagnoticias.com\\\/#\\\/schema\\\/person\\\/cb9bfe13f8de05d2c55270be25c6a550\"},\"breadcrumb\":{\"@id\":\"https:\\\/\\\/lagnoticias.com\\\/2025\\\/09\\\/02\\\/belinda-anuncia-dueto-de-chicas-superpoderosas-y-fans-piensan-en-cazzu\\\/#breadcrumb\"},\"inLanguage\":\"en-US\",\"potentialAction\":[{\"@type\":\"ReadAction\",\"target\":[\"https:\\\/\\\/lagnoticias.com\\\/2025\\\/09\\\/02\\\/belinda-anuncia-dueto-de-chicas-superpoderosas-y-fans-piensan-en-cazzu\\\/\"]}]},{\"@type\":\"ImageObject\",\"inLanguage\":\"en-US\",\"@id\":\"https:\\\/\\\/lagnoticias.com\\\/2025\\\/09\\\/02\\\/belinda-anuncia-dueto-de-chicas-superpoderosas-y-fans-piensan-en-cazzu\\\/#primaryimage\",\"url\":\"https:\\\/\\\/lagnoticias.com\\\/wp-content\\\/uploads\\\/2025\\\/09\\\/1-2.jpg\",\"contentUrl\":\"https:\\\/\\\/lagnoticias.com\\\/wp-content\\\/uploads\\\/2025\\\/09\\\/1-2.jpg\",\"width\":1280,\"height\":770},{\"@type\":\"BreadcrumbList\",\"@id\":\"https:\\\/\\\/lagnoticias.com\\\/2025\\\/09\\\/02\\\/belinda-anuncia-dueto-de-chicas-superpoderosas-y-fans-piensan-en-cazzu\\\/#breadcrumb\",\"itemListElement\":[{\"@type\":\"ListItem\",\"position\":1,\"name\":\"Portada\",\"item\":\"https:\\\/\\\/lagnoticias.com\\\/\"},{\"@type\":\"ListItem\",\"position\":2,\"name\":\"Belinda anuncia dueto de \u201cchicas superpoderosas\u201d y fans piensan en Cazzu\"}]},{\"@type\":\"WebSite\",\"@id\":\"https:\\\/\\\/lagnoticias.com\\\/#website\",\"url\":\"https:\\\/\\\/lagnoticias.com\\\/\",\"name\":\"La G Noticias\",\"description\":\"Noticias Positivas\",\"potentialAction\":[{\"@type\":\"SearchAction\",\"target\":{\"@type\":\"EntryPoint\",\"urlTemplate\":\"https:\\\/\\\/lagnoticias.com\\\/?s={search_term_string}\"},\"query-input\":{\"@type\":\"PropertyValueSpecification\",\"valueRequired\":true,\"valueName\":\"search_term_string\"}}],\"inLanguage\":\"en-US\"},{\"@type\":\"Person\",\"@id\":\"https:\\\/\\\/lagnoticias.com\\\/#\\\/schema\\\/person\\\/cb9bfe13f8de05d2c55270be25c6a550\",\"name\":\"Oscar\",\"image\":{\"@type\":\"ImageObject\",\"inLanguage\":\"en-US\",\"@id\":\"https:\\\/\\\/secure.gravatar.com\\\/avatar\\\/45c195718f652dc7ffdd591dc1f2678956ab7fdadcd359a635edc61304a8c757?s=96&d=mm&r=g\",\"url\":\"https:\\\/\\\/secure.gravatar.com\\\/avatar\\\/45c195718f652dc7ffdd591dc1f2678956ab7fdadcd359a635edc61304a8c757?s=96&d=mm&r=g\",\"contentUrl\":\"https:\\\/\\\/secure.gravatar.com\\\/avatar\\\/45c195718f652dc7ffdd591dc1f2678956ab7fdadcd359a635edc61304a8c757?s=96&d=mm&r=g\",\"caption\":\"Oscar\"},\"url\":\"https:\\\/\\\/lagnoticias.com\\\/en\\\/author\\\/oscar\\\/\"}]}<\/script>\n<!-- \/ Yoast SEO plugin. -->","yoast_head_json":{"title":"Belinda anuncia dueto de \u201cchicas superpoderosas\u201d y fans piensan en Cazzu - La G Noticias","robots":{"index":"index","follow":"follow","max-snippet":"max-snippet:-1","max-image-preview":"max-image-preview:large","max-video-preview":"max-video-preview:-1"},"canonical":"https:\/\/lagnoticias.com\/en\/2025\/09\/02\/belinda-anuncia-dueto-de-chicas-superpoderosas-y-fans-piensan-en-cazzu\/","og_locale":"en_US","og_type":"article","og_title":"Belinda anuncia dueto de \u201cchicas superpoderosas\u201d y fans piensan en Cazzu - La G Noticias","og_description":"Belinda anunci\u00f3 que grabar\u00e1 un \u201cdueto de chicas superpoderosas\u201d.","og_url":"https:\/\/lagnoticias.com\/en\/2025\/09\/02\/belinda-anuncia-dueto-de-chicas-superpoderosas-y-fans-piensan-en-cazzu\/","og_site_name":"La G Noticias","article_publisher":"https:\/\/www.facebook.com\/LaGNoticias","article_published_time":"2025-09-02T14:45:27+00:00","og_image":[{"width":1280,"height":770,"url":"https:\/\/lagnoticias.com\/wp-content\/uploads\/2025\/09\/1-2.jpg","type":"image\/jpeg"}],"author":"Oscar","twitter_card":"summary_large_image","twitter_creator":"@lagnoticias","twitter_site":"@lagnoticias","twitter_misc":{"Written by":"Oscar","Est. reading time":"3 minutes"},"schema":{"@context":"https:\/\/schema.org","@graph":[{"@type":"Article","@id":"https:\/\/lagnoticias.com\/2025\/09\/02\/belinda-anuncia-dueto-de-chicas-superpoderosas-y-fans-piensan-en-cazzu\/#article","isPartOf":{"@id":"https:\/\/lagnoticias.com\/2025\/09\/02\/belinda-anuncia-dueto-de-chicas-superpoderosas-y-fans-piensan-en-cazzu\/"},"author":{"name":"Oscar","@id":"https:\/\/lagnoticias.com\/#\/schema\/person\/cb9bfe13f8de05d2c55270be25c6a550"},"headline":"Belinda anuncia dueto de \u201cchicas superpoderosas\u201d y fans piensan en Cazzu","datePublished":"2025-09-02T14:45:27+00:00","mainEntityOfPage":{"@id":"https:\/\/lagnoticias.com\/2025\/09\/02\/belinda-anuncia-dueto-de-chicas-superpoderosas-y-fans-piensan-en-cazzu\/"},"wordCount":648,"commentCount":0,"image":{"@id":"https:\/\/lagnoticias.com\/2025\/09\/02\/belinda-anuncia-dueto-de-chicas-superpoderosas-y-fans-piensan-en-cazzu\/#primaryimage"},"thumbnailUrl":"https:\/\/lagnoticias.com\/wp-content\/uploads\/2025\/09\/1-2.jpg","keywords":["ARTISTA","BELINDA","CANTANTE","CAZZU"],"articleSection":["ENTRETENIMIENTO"],"inLanguage":"en-US","potentialAction":[{"@type":"CommentAction","name":"Comment","target":["https:\/\/lagnoticias.com\/2025\/09\/02\/belinda-anuncia-dueto-de-chicas-superpoderosas-y-fans-piensan-en-cazzu\/#respond"]}]},{"@type":"WebPage","@id":"https:\/\/lagnoticias.com\/2025\/09\/02\/belinda-anuncia-dueto-de-chicas-superpoderosas-y-fans-piensan-en-cazzu\/","url":"https:\/\/lagnoticias.com\/2025\/09\/02\/belinda-anuncia-dueto-de-chicas-superpoderosas-y-fans-piensan-en-cazzu\/","name":"Belinda anuncia dueto de \u201cchicas superpoderosas\u201d y fans piensan en Cazzu - La G Noticias","isPartOf":{"@id":"https:\/\/lagnoticias.com\/#website"},"primaryImageOfPage":{"@id":"https:\/\/lagnoticias.com\/2025\/09\/02\/belinda-anuncia-dueto-de-chicas-superpoderosas-y-fans-piensan-en-cazzu\/#primaryimage"},"image":{"@id":"https:\/\/lagnoticias.com\/2025\/09\/02\/belinda-anuncia-dueto-de-chicas-superpoderosas-y-fans-piensan-en-cazzu\/#primaryimage"},"thumbnailUrl":"https:\/\/lagnoticias.com\/wp-content\/uploads\/2025\/09\/1-2.jpg","datePublished":"2025-09-02T14:45:27+00:00","author":{"@id":"https:\/\/lagnoticias.com\/#\/schema\/person\/cb9bfe13f8de05d2c55270be25c6a550"},"breadcrumb":{"@id":"https:\/\/lagnoticias.com\/2025\/09\/02\/belinda-anuncia-dueto-de-chicas-superpoderosas-y-fans-piensan-en-cazzu\/#breadcrumb"},"inLanguage":"en-US","potentialAction":[{"@type":"ReadAction","target":["https:\/\/lagnoticias.com\/2025\/09\/02\/belinda-anuncia-dueto-de-chicas-superpoderosas-y-fans-piensan-en-cazzu\/"]}]},{"@type":"ImageObject","inLanguage":"en-US","@id":"https:\/\/lagnoticias.com\/2025\/09\/02\/belinda-anuncia-dueto-de-chicas-superpoderosas-y-fans-piensan-en-cazzu\/#primaryimage","url":"https:\/\/lagnoticias.com\/wp-content\/uploads\/2025\/09\/1-2.jpg","contentUrl":"https:\/\/lagnoticias.com\/wp-content\/uploads\/2025\/09\/1-2.jpg","width":1280,"height":770},{"@type":"BreadcrumbList","@id":"https:\/\/lagnoticias.com\/2025\/09\/02\/belinda-anuncia-dueto-de-chicas-superpoderosas-y-fans-piensan-en-cazzu\/#breadcrumb","itemListElement":[{"@type":"ListItem","position":1,"name":"Portada","item":"https:\/\/lagnoticias.com\/"},{"@type":"ListItem","position":2,"name":"Belinda anuncia dueto de \u201cchicas superpoderosas\u201d y fans piensan en Cazzu"}]},{"@type":"WebSite","@id":"https:\/\/lagnoticias.com\/#website","url":"https:\/\/lagnoticias.com\/","name":"La G Noticias","description":"Noticias Positivas","potentialAction":[{"@type":"SearchAction","target":{"@type":"EntryPoint","urlTemplate":"https:\/\/lagnoticias.com\/?s={search_term_string}"},"query-input":{"@type":"PropertyValueSpecification","valueRequired":true,"valueName":"search_term_string"}}],"inLanguage":"en-US"},{"@type":"Person","@id":"https:\/\/lagnoticias.com\/#\/schema\/person\/cb9bfe13f8de05d2c55270be25c6a550","name":"Oscar","image":{"@type":"ImageObject","inLanguage":"en-US","@id":"https:\/\/secure.gravatar.com\/avatar\/45c195718f652dc7ffdd591dc1f2678956ab7fdadcd359a635edc61304a8c757?s=96&d=mm&r=g","url":"https:\/\/secure.gravatar.com\/avatar\/45c195718f652dc7ffdd591dc1f2678956ab7fdadcd359a635edc61304a8c757?s=96&d=mm&r=g","contentUrl":"https:\/\/secure.gravatar.com\/avatar\/45c195718f652dc7ffdd591dc1f2678956ab7fdadcd359a635edc61304a8c757?s=96&d=mm&r=g","caption":"Oscar"},"url":"https:\/\/lagnoticias.com\/en\/author\/oscar\/"}]}},"_links":{"self":[{"href":"https:\/\/lagnoticias.com\/en\/wp-json\/wp\/v2\/posts\/4603","targetHints":{"allow":["GET"]}}],"collection":[{"href":"https:\/\/lagnoticias.com\/en\/wp-json\/wp\/v2\/posts"}],"about":[{"href":"https:\/\/lagnoticias.com\/en\/wp-json\/wp\/v2\/types\/post"}],"author":[{"embeddable":true,"href":"https:\/\/lagnoticias.com\/en\/wp-json\/wp\/v2\/users\/2"}],"replies":[{"embeddable":true,"href":"https:\/\/lagnoticias.com\/en\/wp-json\/wp\/v2\/comments?post=4603"}],"version-history":[{"count":1,"href":"https:\/\/lagnoticias.com\/en\/wp-json\/wp\/v2\/posts\/4603\/revisions"}],"predecessor-version":[{"id":4605,"href":"https:\/\/lagnoticias.com\/en\/wp-json\/wp\/v2\/posts\/4603\/revisions\/4605"}],"wp:featuredmedia":[{"embeddable":true,"href":"https:\/\/lagnoticias.com\/en\/wp-json\/wp\/v2\/media\/4604"}],"wp:attachment":[{"href":"https:\/\/lagnoticias.com\/en\/wp-json\/wp\/v2\/media?parent=4603"}],"wp:term":[{"taxonomy":"category","embeddable":true,"href":"https:\/\/lagnoticias.com\/en\/wp-json\/wp\/v2\/categories?post=4603"},{"taxonomy":"post_tag","embeddable":true,"href":"https:\/\/lagnoticias.com\/en\/wp-json\/wp\/v2\/tags?post=4603"}],"curies":[{"name":"wp","href":"https:\/\/api.w.org\/{rel}","templated":true}]}}