{"id":4596,"date":"2025-09-01T16:25:40","date_gmt":"2025-09-01T22:25:40","guid":{"rendered":"https:\/\/lagnoticias.com\/?p=4596"},"modified":"2025-09-12T11:56:26","modified_gmt":"2025-09-12T17:56:26","slug":"gobierno-comparte-experiencia-gastronomica-turistica-con-el-centro-de-formacion-en-turismo-de-peru","status":"publish","type":"post","link":"https:\/\/lagnoticias.com\/en\/2025\/09\/01\/gobierno-comparte-experiencia-gastronomica-turistica-con-el-centro-de-formacion-en-turismo-de-peru\/","title":{"rendered":"Gobierno comparte experiencia gastron\u00f3mica tur\u00edstica con el Centro de Formaci\u00f3n en Turismo de Per\u00fa"},"content":{"rendered":"<p>Este d\u00eda la titular de Ministerio de Turismo, Morena Valdez; la directora general de la Agencia de El Salvador para la Cooperaci\u00f3n Internacional (Esco) del Ministerio de Relaciones Exteriores, Karla de Palma; y la directora Ejecutiva de la Cooperaci\u00f3n Salvadore\u00f1a de Turismo, Alejandra Dur\u00e1n, se reunieron con representantes del Centro de Formaci\u00f3n en Turismo (Centofur) de Per\u00fa, para compartir experiencias gastron\u00f3micas entre ambas naciones.<\/p>\n\n\n\n<p>Este encuentro abre las puertas para que los salvadore\u00f1os que forman parte del proyecto Gastro Lab, en la zona de Surf City, puedan conocer m\u00e1s sobre la cocina peruana como una herramienta que les permita elevar a est\u00e1ndares internacionales la gastronom\u00eda local y contribuir al desarrollo de la poblaci\u00f3n.<\/p>\n\n\n\n<p>\u201cEs un gusto para nosotros recibirlos en el Ministerio de Turismo y dar apertura a esta sesi\u00f3n, que ser\u00eda la \u00faltima actividad que tenemos que hacer en el proyecto de Fortalecimiento de capacidades de la sede de Gastro-Lab Surf City, a trav\u00e9s de intercambios de experiencias gastron\u00f3micas entre El Salvador y el Per\u00fa\u201d, dijo la ministra de Turismo.<\/p>\n\n\n\n<p>Por su parte, la directora general de la Esco, destac\u00f3 los beneficios de Gastro Lab, asegurando que \u201cimpacta en otras pol\u00edticas p\u00fablicas, previene la migraci\u00f3n al dar oportunidades a j\u00f3venes, fomenta la participaci\u00f3n de mujeres y de grupos considerados como focos de atenci\u00f3n\u201d para la empleabilidad.<\/p>\n\n\n\n<p>\u201cPoder crear esas cadenas de desarrollo tur\u00edstico en la zona impacta con lo que el presidente nos ha dicho a todos que impulsemos la econom\u00eda. Esto se traduce en que las familias tienen mejores condiciones de vida, los agricultores, toda la econom\u00eda local se va dinamizando con un proyecto de cooperaci\u00f3n\u201d.<\/p>\n\n\n\n<p>Como parte del encuentro, las autoridades realizaron una visita por Gastro Lab Sur City, en La Libertad Costa. El coordinador del proyecto Gastro Lab Surf City, Otoniel Leiva, dijo que se est\u00e1 considerando ampliar los laboratorios a la zona norte del pa\u00eds.<\/p>","protected":false},"excerpt":{"rendered":"<p>Este d\u00eda la titular de Ministerio de Turismo, Morena Valdez; la directora general de la Agencia de El Salvador para la Cooperaci\u00f3n Internacional (Esco) del Ministerio de Relaciones Exteriores, Karla de Palma; y la directora Ejecutiva de la Cooperaci\u00f3n Salvadore\u00f1a de Turismo, Alejandra Dur\u00e1n, se reunieron con representantes del Centro de Formaci\u00f3n en Turismo (Centofur) [&hellip;]<\/p>","protected":false},"author":2,"featured_media":4597,"comment_status":"open","ping_status":"open","sticky":false,"template":"","format":"standard","meta":{"_et_pb_use_builder":"off","_et_pb_old_content":"","_et_gb_content_width":"","footnotes":""},"categories":[244],"tags":[267,851,268,314,852],"class_list":["post-4596","post","type-post","status-publish","format-standard","has-post-thumbnail","hentry","category-nacionales","tag-el-salvador","tag-gastronomia-turistica","tag-gobierno-de-el-salvador","tag-mitur","tag-peru"],"yoast_head":"<!-- This site is optimized with the Yoast SEO plugin v27.4 - https:\/\/yoast.com\/product\/yoast-seo-wordpress\/ -->\n<title>Gobierno comparte experiencia gastron\u00f3mica tur\u00edstica con el Centro de Formaci\u00f3n en Turismo de Per\u00fa - La G Noticias<\/title>\n<meta name=\"robots\" content=\"index, follow, max-snippet:-1, max-image-preview:large, max-video-preview:-1\" \/>\n<link rel=\"canonical\" href=\"https:\/\/lagnoticias.com\/en\/2025\/09\/01\/gobierno-comparte-experiencia-gastronomica-turistica-con-el-centro-de-formacion-en-turismo-de-peru\/\" \/>\n<meta property=\"og:locale\" content=\"en_US\" \/>\n<meta property=\"og:type\" content=\"article\" \/>\n<meta property=\"og:title\" content=\"Gobierno comparte experiencia gastron\u00f3mica tur\u00edstica con el Centro de Formaci\u00f3n en Turismo de Per\u00fa - La G Noticias\" \/>\n<meta property=\"og:description\" content=\"Este d\u00eda la titular de Ministerio de Turismo, Morena Valdez; la directora general de la Agencia de El Salvador para la Cooperaci\u00f3n Internacional (Esco) del Ministerio de Relaciones Exteriores, Karla de Palma; y la directora Ejecutiva de la Cooperaci\u00f3n Salvadore\u00f1a de Turismo, Alejandra Dur\u00e1n, se reunieron con representantes del Centro de Formaci\u00f3n en Turismo (Centofur) [&hellip;]\" \/>\n<meta property=\"og:url\" content=\"https:\/\/lagnoticias.com\/en\/2025\/09\/01\/gobierno-comparte-experiencia-gastronomica-turistica-con-el-centro-de-formacion-en-turismo-de-peru\/\" \/>\n<meta property=\"og:site_name\" content=\"La G Noticias\" \/>\n<meta property=\"article:publisher\" content=\"https:\/\/www.facebook.com\/LaGNoticias\" \/>\n<meta property=\"article:published_time\" content=\"2025-09-01T22:25:40+00:00\" \/>\n<meta property=\"article:modified_time\" content=\"2025-09-12T17:56:26+00:00\" \/>\n<meta property=\"og:image\" content=\"https:\/\/lagnoticias.com\/wp-content\/uploads\/2025\/09\/539111853_1136758118628447_835968306378750685_n.jpg\" \/>\n\t<meta property=\"og:image:width\" content=\"2048\" \/>\n\t<meta property=\"og:image:height\" content=\"1084\" \/>\n\t<meta property=\"og:image:type\" content=\"image\/jpeg\" \/>\n<meta name=\"author\" content=\"Oscar\" \/>\n<meta name=\"twitter:card\" content=\"summary_large_image\" \/>\n<meta name=\"twitter:creator\" content=\"@lagnoticias\" \/>\n<meta name=\"twitter:site\" content=\"@lagnoticias\" \/>\n<meta name=\"twitter:label1\" content=\"Written by\" \/>\n\t<meta name=\"twitter:data1\" content=\"Oscar\" \/>\n\t<meta name=\"twitter:label2\" content=\"Est. reading time\" \/>\n\t<meta name=\"twitter:data2\" content=\"2 minutes\" \/>\n<script type=\"application\/ld+json\" class=\"yoast-schema-graph\">{\"@context\":\"https:\\\/\\\/schema.org\",\"@graph\":[{\"@type\":\"Article\",\"@id\":\"https:\\\/\\\/lagnoticias.com\\\/2025\\\/09\\\/01\\\/gobierno-comparte-experiencia-gastronomica-turistica-con-el-centro-de-formacion-en-turismo-de-peru\\\/#article\",\"isPartOf\":{\"@id\":\"https:\\\/\\\/lagnoticias.com\\\/2025\\\/09\\\/01\\\/gobierno-comparte-experiencia-gastronomica-turistica-con-el-centro-de-formacion-en-turismo-de-peru\\\/\"},\"author\":{\"name\":\"Oscar\",\"@id\":\"https:\\\/\\\/lagnoticias.com\\\/#\\\/schema\\\/person\\\/cb9bfe13f8de05d2c55270be25c6a550\"},\"headline\":\"Gobierno comparte experiencia gastron\u00f3mica tur\u00edstica con el Centro de Formaci\u00f3n en Turismo de Per\u00fa\",\"datePublished\":\"2025-09-01T22:25:40+00:00\",\"dateModified\":\"2025-09-12T17:56:26+00:00\",\"mainEntityOfPage\":{\"@id\":\"https:\\\/\\\/lagnoticias.com\\\/2025\\\/09\\\/01\\\/gobierno-comparte-experiencia-gastronomica-turistica-con-el-centro-de-formacion-en-turismo-de-peru\\\/\"},\"wordCount\":354,\"commentCount\":0,\"image\":{\"@id\":\"https:\\\/\\\/lagnoticias.com\\\/2025\\\/09\\\/01\\\/gobierno-comparte-experiencia-gastronomica-turistica-con-el-centro-de-formacion-en-turismo-de-peru\\\/#primaryimage\"},\"thumbnailUrl\":\"https:\\\/\\\/lagnoticias.com\\\/wp-content\\\/uploads\\\/2025\\\/09\\\/539111853_1136758118628447_835968306378750685_n.jpg\",\"keywords\":[\"EL SALVADOR\",\"GASTRONOM\u00cdA TUR\u00cdSTICA\",\"GOBIERNO DE EL SALVADOR\",\"MITUR\",\"PERU\"],\"articleSection\":[\"NACIONALES\"],\"inLanguage\":\"en-US\",\"potentialAction\":[{\"@type\":\"CommentAction\",\"name\":\"Comment\",\"target\":[\"https:\\\/\\\/lagnoticias.com\\\/2025\\\/09\\\/01\\\/gobierno-comparte-experiencia-gastronomica-turistica-con-el-centro-de-formacion-en-turismo-de-peru\\\/#respond\"]}]},{\"@type\":\"WebPage\",\"@id\":\"https:\\\/\\\/lagnoticias.com\\\/2025\\\/09\\\/01\\\/gobierno-comparte-experiencia-gastronomica-turistica-con-el-centro-de-formacion-en-turismo-de-peru\\\/\",\"url\":\"https:\\\/\\\/lagnoticias.com\\\/2025\\\/09\\\/01\\\/gobierno-comparte-experiencia-gastronomica-turistica-con-el-centro-de-formacion-en-turismo-de-peru\\\/\",\"name\":\"Gobierno comparte experiencia gastron\u00f3mica tur\u00edstica con el Centro de Formaci\u00f3n en Turismo de Per\u00fa - La G Noticias\",\"isPartOf\":{\"@id\":\"https:\\\/\\\/lagnoticias.com\\\/#website\"},\"primaryImageOfPage\":{\"@id\":\"https:\\\/\\\/lagnoticias.com\\\/2025\\\/09\\\/01\\\/gobierno-comparte-experiencia-gastronomica-turistica-con-el-centro-de-formacion-en-turismo-de-peru\\\/#primaryimage\"},\"image\":{\"@id\":\"https:\\\/\\\/lagnoticias.com\\\/2025\\\/09\\\/01\\\/gobierno-comparte-experiencia-gastronomica-turistica-con-el-centro-de-formacion-en-turismo-de-peru\\\/#primaryimage\"},\"thumbnailUrl\":\"https:\\\/\\\/lagnoticias.com\\\/wp-content\\\/uploads\\\/2025\\\/09\\\/539111853_1136758118628447_835968306378750685_n.jpg\",\"datePublished\":\"2025-09-01T22:25:40+00:00\",\"dateModified\":\"2025-09-12T17:56:26+00:00\",\"author\":{\"@id\":\"https:\\\/\\\/lagnoticias.com\\\/#\\\/schema\\\/person\\\/cb9bfe13f8de05d2c55270be25c6a550\"},\"breadcrumb\":{\"@id\":\"https:\\\/\\\/lagnoticias.com\\\/2025\\\/09\\\/01\\\/gobierno-comparte-experiencia-gastronomica-turistica-con-el-centro-de-formacion-en-turismo-de-peru\\\/#breadcrumb\"},\"inLanguage\":\"en-US\",\"potentialAction\":[{\"@type\":\"ReadAction\",\"target\":[\"https:\\\/\\\/lagnoticias.com\\\/2025\\\/09\\\/01\\\/gobierno-comparte-experiencia-gastronomica-turistica-con-el-centro-de-formacion-en-turismo-de-peru\\\/\"]}]},{\"@type\":\"ImageObject\",\"inLanguage\":\"en-US\",\"@id\":\"https:\\\/\\\/lagnoticias.com\\\/2025\\\/09\\\/01\\\/gobierno-comparte-experiencia-gastronomica-turistica-con-el-centro-de-formacion-en-turismo-de-peru\\\/#primaryimage\",\"url\":\"https:\\\/\\\/lagnoticias.com\\\/wp-content\\\/uploads\\\/2025\\\/09\\\/539111853_1136758118628447_835968306378750685_n.jpg\",\"contentUrl\":\"https:\\\/\\\/lagnoticias.com\\\/wp-content\\\/uploads\\\/2025\\\/09\\\/539111853_1136758118628447_835968306378750685_n.jpg\",\"width\":2048,\"height\":1084},{\"@type\":\"BreadcrumbList\",\"@id\":\"https:\\\/\\\/lagnoticias.com\\\/2025\\\/09\\\/01\\\/gobierno-comparte-experiencia-gastronomica-turistica-con-el-centro-de-formacion-en-turismo-de-peru\\\/#breadcrumb\",\"itemListElement\":[{\"@type\":\"ListItem\",\"position\":1,\"name\":\"Portada\",\"item\":\"https:\\\/\\\/lagnoticias.com\\\/\"},{\"@type\":\"ListItem\",\"position\":2,\"name\":\"Gobierno comparte experiencia gastron\u00f3mica tur\u00edstica con el Centro de Formaci\u00f3n en Turismo de Per\u00fa\"}]},{\"@type\":\"WebSite\",\"@id\":\"https:\\\/\\\/lagnoticias.com\\\/#website\",\"url\":\"https:\\\/\\\/lagnoticias.com\\\/\",\"name\":\"La G Noticias\",\"description\":\"Noticias Positivas\",\"potentialAction\":[{\"@type\":\"SearchAction\",\"target\":{\"@type\":\"EntryPoint\",\"urlTemplate\":\"https:\\\/\\\/lagnoticias.com\\\/?s={search_term_string}\"},\"query-input\":{\"@type\":\"PropertyValueSpecification\",\"valueRequired\":true,\"valueName\":\"search_term_string\"}}],\"inLanguage\":\"en-US\"},{\"@type\":\"Person\",\"@id\":\"https:\\\/\\\/lagnoticias.com\\\/#\\\/schema\\\/person\\\/cb9bfe13f8de05d2c55270be25c6a550\",\"name\":\"Oscar\",\"image\":{\"@type\":\"ImageObject\",\"inLanguage\":\"en-US\",\"@id\":\"https:\\\/\\\/secure.gravatar.com\\\/avatar\\\/45c195718f652dc7ffdd591dc1f2678956ab7fdadcd359a635edc61304a8c757?s=96&d=mm&r=g\",\"url\":\"https:\\\/\\\/secure.gravatar.com\\\/avatar\\\/45c195718f652dc7ffdd591dc1f2678956ab7fdadcd359a635edc61304a8c757?s=96&d=mm&r=g\",\"contentUrl\":\"https:\\\/\\\/secure.gravatar.com\\\/avatar\\\/45c195718f652dc7ffdd591dc1f2678956ab7fdadcd359a635edc61304a8c757?s=96&d=mm&r=g\",\"caption\":\"Oscar\"},\"url\":\"https:\\\/\\\/lagnoticias.com\\\/en\\\/author\\\/oscar\\\/\"}]}<\/script>\n<!-- \/ Yoast SEO plugin. -->","yoast_head_json":{"title":"Gobierno comparte experiencia gastron\u00f3mica tur\u00edstica con el Centro de Formaci\u00f3n en Turismo de Per\u00fa - La G Noticias","robots":{"index":"index","follow":"follow","max-snippet":"max-snippet:-1","max-image-preview":"max-image-preview:large","max-video-preview":"max-video-preview:-1"},"canonical":"https:\/\/lagnoticias.com\/en\/2025\/09\/01\/gobierno-comparte-experiencia-gastronomica-turistica-con-el-centro-de-formacion-en-turismo-de-peru\/","og_locale":"en_US","og_type":"article","og_title":"Gobierno comparte experiencia gastron\u00f3mica tur\u00edstica con el Centro de Formaci\u00f3n en Turismo de Per\u00fa - La G Noticias","og_description":"Este d\u00eda la titular de Ministerio de Turismo, Morena Valdez; la directora general de la Agencia de El Salvador para la Cooperaci\u00f3n Internacional (Esco) del Ministerio de Relaciones Exteriores, Karla de Palma; y la directora Ejecutiva de la Cooperaci\u00f3n Salvadore\u00f1a de Turismo, Alejandra Dur\u00e1n, se reunieron con representantes del Centro de Formaci\u00f3n en Turismo (Centofur) [&hellip;]","og_url":"https:\/\/lagnoticias.com\/en\/2025\/09\/01\/gobierno-comparte-experiencia-gastronomica-turistica-con-el-centro-de-formacion-en-turismo-de-peru\/","og_site_name":"La G Noticias","article_publisher":"https:\/\/www.facebook.com\/LaGNoticias","article_published_time":"2025-09-01T22:25:40+00:00","article_modified_time":"2025-09-12T17:56:26+00:00","og_image":[{"width":2048,"height":1084,"url":"https:\/\/lagnoticias.com\/wp-content\/uploads\/2025\/09\/539111853_1136758118628447_835968306378750685_n.jpg","type":"image\/jpeg"}],"author":"Oscar","twitter_card":"summary_large_image","twitter_creator":"@lagnoticias","twitter_site":"@lagnoticias","twitter_misc":{"Written by":"Oscar","Est. reading time":"2 minutes"},"schema":{"@context":"https:\/\/schema.org","@graph":[{"@type":"Article","@id":"https:\/\/lagnoticias.com\/2025\/09\/01\/gobierno-comparte-experiencia-gastronomica-turistica-con-el-centro-de-formacion-en-turismo-de-peru\/#article","isPartOf":{"@id":"https:\/\/lagnoticias.com\/2025\/09\/01\/gobierno-comparte-experiencia-gastronomica-turistica-con-el-centro-de-formacion-en-turismo-de-peru\/"},"author":{"name":"Oscar","@id":"https:\/\/lagnoticias.com\/#\/schema\/person\/cb9bfe13f8de05d2c55270be25c6a550"},"headline":"Gobierno comparte experiencia gastron\u00f3mica tur\u00edstica con el Centro de Formaci\u00f3n en Turismo de Per\u00fa","datePublished":"2025-09-01T22:25:40+00:00","dateModified":"2025-09-12T17:56:26+00:00","mainEntityOfPage":{"@id":"https:\/\/lagnoticias.com\/2025\/09\/01\/gobierno-comparte-experiencia-gastronomica-turistica-con-el-centro-de-formacion-en-turismo-de-peru\/"},"wordCount":354,"commentCount":0,"image":{"@id":"https:\/\/lagnoticias.com\/2025\/09\/01\/gobierno-comparte-experiencia-gastronomica-turistica-con-el-centro-de-formacion-en-turismo-de-peru\/#primaryimage"},"thumbnailUrl":"https:\/\/lagnoticias.com\/wp-content\/uploads\/2025\/09\/539111853_1136758118628447_835968306378750685_n.jpg","keywords":["EL SALVADOR","GASTRONOM\u00cdA TUR\u00cdSTICA","GOBIERNO DE EL SALVADOR","MITUR","PERU"],"articleSection":["NACIONALES"],"inLanguage":"en-US","potentialAction":[{"@type":"CommentAction","name":"Comment","target":["https:\/\/lagnoticias.com\/2025\/09\/01\/gobierno-comparte-experiencia-gastronomica-turistica-con-el-centro-de-formacion-en-turismo-de-peru\/#respond"]}]},{"@type":"WebPage","@id":"https:\/\/lagnoticias.com\/2025\/09\/01\/gobierno-comparte-experiencia-gastronomica-turistica-con-el-centro-de-formacion-en-turismo-de-peru\/","url":"https:\/\/lagnoticias.com\/2025\/09\/01\/gobierno-comparte-experiencia-gastronomica-turistica-con-el-centro-de-formacion-en-turismo-de-peru\/","name":"Gobierno comparte experiencia gastron\u00f3mica tur\u00edstica con el Centro de Formaci\u00f3n en Turismo de Per\u00fa - La G Noticias","isPartOf":{"@id":"https:\/\/lagnoticias.com\/#website"},"primaryImageOfPage":{"@id":"https:\/\/lagnoticias.com\/2025\/09\/01\/gobierno-comparte-experiencia-gastronomica-turistica-con-el-centro-de-formacion-en-turismo-de-peru\/#primaryimage"},"image":{"@id":"https:\/\/lagnoticias.com\/2025\/09\/01\/gobierno-comparte-experiencia-gastronomica-turistica-con-el-centro-de-formacion-en-turismo-de-peru\/#primaryimage"},"thumbnailUrl":"https:\/\/lagnoticias.com\/wp-content\/uploads\/2025\/09\/539111853_1136758118628447_835968306378750685_n.jpg","datePublished":"2025-09-01T22:25:40+00:00","dateModified":"2025-09-12T17:56:26+00:00","author":{"@id":"https:\/\/lagnoticias.com\/#\/schema\/person\/cb9bfe13f8de05d2c55270be25c6a550"},"breadcrumb":{"@id":"https:\/\/lagnoticias.com\/2025\/09\/01\/gobierno-comparte-experiencia-gastronomica-turistica-con-el-centro-de-formacion-en-turismo-de-peru\/#breadcrumb"},"inLanguage":"en-US","potentialAction":[{"@type":"ReadAction","target":["https:\/\/lagnoticias.com\/2025\/09\/01\/gobierno-comparte-experiencia-gastronomica-turistica-con-el-centro-de-formacion-en-turismo-de-peru\/"]}]},{"@type":"ImageObject","inLanguage":"en-US","@id":"https:\/\/lagnoticias.com\/2025\/09\/01\/gobierno-comparte-experiencia-gastronomica-turistica-con-el-centro-de-formacion-en-turismo-de-peru\/#primaryimage","url":"https:\/\/lagnoticias.com\/wp-content\/uploads\/2025\/09\/539111853_1136758118628447_835968306378750685_n.jpg","contentUrl":"https:\/\/lagnoticias.com\/wp-content\/uploads\/2025\/09\/539111853_1136758118628447_835968306378750685_n.jpg","width":2048,"height":1084},{"@type":"BreadcrumbList","@id":"https:\/\/lagnoticias.com\/2025\/09\/01\/gobierno-comparte-experiencia-gastronomica-turistica-con-el-centro-de-formacion-en-turismo-de-peru\/#breadcrumb","itemListElement":[{"@type":"ListItem","position":1,"name":"Portada","item":"https:\/\/lagnoticias.com\/"},{"@type":"ListItem","position":2,"name":"Gobierno comparte experiencia gastron\u00f3mica tur\u00edstica con el Centro de Formaci\u00f3n en Turismo de Per\u00fa"}]},{"@type":"WebSite","@id":"https:\/\/lagnoticias.com\/#website","url":"https:\/\/lagnoticias.com\/","name":"La G Noticias","description":"Noticias Positivas","potentialAction":[{"@type":"SearchAction","target":{"@type":"EntryPoint","urlTemplate":"https:\/\/lagnoticias.com\/?s={search_term_string}"},"query-input":{"@type":"PropertyValueSpecification","valueRequired":true,"valueName":"search_term_string"}}],"inLanguage":"en-US"},{"@type":"Person","@id":"https:\/\/lagnoticias.com\/#\/schema\/person\/cb9bfe13f8de05d2c55270be25c6a550","name":"Oscar","image":{"@type":"ImageObject","inLanguage":"en-US","@id":"https:\/\/secure.gravatar.com\/avatar\/45c195718f652dc7ffdd591dc1f2678956ab7fdadcd359a635edc61304a8c757?s=96&d=mm&r=g","url":"https:\/\/secure.gravatar.com\/avatar\/45c195718f652dc7ffdd591dc1f2678956ab7fdadcd359a635edc61304a8c757?s=96&d=mm&r=g","contentUrl":"https:\/\/secure.gravatar.com\/avatar\/45c195718f652dc7ffdd591dc1f2678956ab7fdadcd359a635edc61304a8c757?s=96&d=mm&r=g","caption":"Oscar"},"url":"https:\/\/lagnoticias.com\/en\/author\/oscar\/"}]}},"_links":{"self":[{"href":"https:\/\/lagnoticias.com\/en\/wp-json\/wp\/v2\/posts\/4596","targetHints":{"allow":["GET"]}}],"collection":[{"href":"https:\/\/lagnoticias.com\/en\/wp-json\/wp\/v2\/posts"}],"about":[{"href":"https:\/\/lagnoticias.com\/en\/wp-json\/wp\/v2\/types\/post"}],"author":[{"embeddable":true,"href":"https:\/\/lagnoticias.com\/en\/wp-json\/wp\/v2\/users\/2"}],"replies":[{"embeddable":true,"href":"https:\/\/lagnoticias.com\/en\/wp-json\/wp\/v2\/comments?post=4596"}],"version-history":[{"count":1,"href":"https:\/\/lagnoticias.com\/en\/wp-json\/wp\/v2\/posts\/4596\/revisions"}],"predecessor-version":[{"id":4598,"href":"https:\/\/lagnoticias.com\/en\/wp-json\/wp\/v2\/posts\/4596\/revisions\/4598"}],"wp:featuredmedia":[{"embeddable":true,"href":"https:\/\/lagnoticias.com\/en\/wp-json\/wp\/v2\/media\/4597"}],"wp:attachment":[{"href":"https:\/\/lagnoticias.com\/en\/wp-json\/wp\/v2\/media?parent=4596"}],"wp:term":[{"taxonomy":"category","embeddable":true,"href":"https:\/\/lagnoticias.com\/en\/wp-json\/wp\/v2\/categories?post=4596"},{"taxonomy":"post_tag","embeddable":true,"href":"https:\/\/lagnoticias.com\/en\/wp-json\/wp\/v2\/tags?post=4596"}],"curies":[{"name":"wp","href":"https:\/\/api.w.org\/{rel}","templated":true}]}}