{"id":4590,"date":"2025-09-01T13:54:45","date_gmt":"2025-09-01T19:54:45","guid":{"rendered":"https:\/\/lagnoticias.com\/?p=4590"},"modified":"2025-09-01T13:54:46","modified_gmt":"2025-09-01T19:54:46","slug":"manchester-united-descarta-al-dibu-martinez-y-ficha-a-otro-portero","status":"publish","type":"post","link":"https:\/\/lagnoticias.com\/en\/2025\/09\/01\/manchester-united-descarta-al-dibu-martinez-y-ficha-a-otro-portero\/","title":{"rendered":"Manchester United descarta al \u201cDibu\u201d Mart\u00ednez y ficha a otro portero"},"content":{"rendered":"<p>Emiliano \u201cDibu\u201d Mart\u00ednez, el arquero campe\u00f3n del mundo con Argentina,&nbsp;sigue sin encontrar la salida que buscaba del Aston Villa. A pesar de los rumores que lo colocaban en clubes de mayor renombre, el mercado de transferencias cerr\u00f3 y el argentino permanecer\u00e1 en Villa Park, al menos hasta la pr\u00f3xima ventana de fichajes. Su deseo de dar un salto en su carrera se \u201ctop\u00f3 con pared\u201d, y los aficionados ya especulan sobre qu\u00e9 sigue para el carism\u00e1tico portero.<\/p>\n\n\n\n<p><\/p>\n\n\n\n<h2 class=\"wp-block-heading\">\u00bfEl Manchester United lo dej\u00f3 plantado?<\/h2>\n\n\n\n<p><\/p>\n\n\n\n<p>Hace apenas unas horas, el nombre de \u201cDibu\u201d son\u00f3 como&nbsp;posible refuerzo del Manchester United. Sin embargo, el club ingl\u00e9s nunca lo vio como su primera opci\u00f3n. Los Red Devils ten\u00edan en la mira a&nbsp;Senne Lammens, un joven arquero belga del Royal Antwerp. Las negociaciones con el guardameta de 23 a\u00f1os avanzaron r\u00e1pido y se cerraron con \u00e9xito, dejando a Mart\u00ednez&nbsp;fuera de los planes de Old Trafford.<\/p>\n\n\n\n<p><\/p>\n\n\n\n<h2 class=\"wp-block-heading\">Galatasaray tambi\u00e9n lo busc\u00f3, pero no convenci\u00f3<\/h2>\n\n\n\n<p><\/p>\n\n\n\n<p>Tras el portazo del Manchester United, el\u00a0Galatasaray\u00a0de Turqu\u00eda levant\u00f3 la mano con una oferta por \u201cDibu\u201d. El club turco\u00a0estaba dispuesto a negociar, y Aston Villa\u00a0no se habr\u00eda opuesto a su salida. Sin embargo, el propio Mart\u00ednez\u00a0rechaz\u00f3 la propuesta. Jugar en la liga turca\u00a0no entraba en sus planes, ya que \u00e9l buscaba seguir compitiendo. Un verano de ilusiones frustradas.<\/p>\n\n\n\n<p>Desde el cierre de la temporada pasada, \u201cDibu\u201d dej\u00f3 claro que&nbsp;quer\u00eda un cambio de aires. Su objetivo era unirse a un club con mayor proyecci\u00f3n, uno que&nbsp;peleara por t\u00edtulos importantes. Sin embargo, el mercado de verano no trajo las ofertas que esperaba. Ahora, con el cierre de la ventana de transferencias, su futuro inmediato&nbsp;est\u00e1 atado al Aston Villa, un equipo competitivo pero que no est\u00e1 al nivel de los gigantes europeos que Mart\u00ednez ten\u00eda en mente.<\/p>","protected":false},"excerpt":{"rendered":"<p>En el \u00faltimo d\u00eda del mercado, cunado todo parec\u00eda que el argentino ser\u00eda nuevo Red Devil, no fue as\u00ed.<\/p>","protected":false},"author":2,"featured_media":4591,"comment_status":"open","ping_status":"open","sticky":false,"template":"","format":"standard","meta":{"_et_pb_use_builder":"off","_et_pb_old_content":"","_et_gb_content_width":"","footnotes":""},"categories":[248],"tags":[849,848,286,847],"class_list":["post-4590","post","type-post","status-publish","format-standard","has-post-thumbnail","hentry","category-deportes","tag-argentina","tag-dibu-martinez","tag-futbol","tag-manchester-united"],"yoast_head":"<!-- This site is optimized with the Yoast SEO plugin v27.4 - https:\/\/yoast.com\/product\/yoast-seo-wordpress\/ -->\n<title>Manchester United descarta al \u201cDibu\u201d Mart\u00ednez y ficha a otro portero - La G Noticias<\/title>\n<meta name=\"robots\" content=\"index, follow, max-snippet:-1, max-image-preview:large, max-video-preview:-1\" \/>\n<link rel=\"canonical\" href=\"https:\/\/lagnoticias.com\/en\/2025\/09\/01\/manchester-united-descarta-al-dibu-martinez-y-ficha-a-otro-portero\/\" \/>\n<meta property=\"og:locale\" content=\"en_US\" \/>\n<meta property=\"og:type\" content=\"article\" \/>\n<meta property=\"og:title\" content=\"Manchester United descarta al \u201cDibu\u201d Mart\u00ednez y ficha a otro portero - La G Noticias\" \/>\n<meta property=\"og:description\" content=\"En el \u00faltimo d\u00eda del mercado, cunado todo parec\u00eda que el argentino ser\u00eda nuevo Red Devil, no fue as\u00ed.\" \/>\n<meta property=\"og:url\" content=\"https:\/\/lagnoticias.com\/en\/2025\/09\/01\/manchester-united-descarta-al-dibu-martinez-y-ficha-a-otro-portero\/\" \/>\n<meta property=\"og:site_name\" content=\"La G Noticias\" \/>\n<meta property=\"article:publisher\" content=\"https:\/\/www.facebook.com\/LaGNoticias\" \/>\n<meta property=\"article:published_time\" content=\"2025-09-01T19:54:45+00:00\" \/>\n<meta property=\"article:modified_time\" content=\"2025-09-01T19:54:46+00:00\" \/>\n<meta property=\"og:image\" content=\"https:\/\/lagnoticias.com\/wp-content\/uploads\/2025\/09\/4-2.jpg\" \/>\n\t<meta property=\"og:image:width\" content=\"1200\" \/>\n\t<meta property=\"og:image:height\" content=\"800\" \/>\n\t<meta property=\"og:image:type\" content=\"image\/jpeg\" \/>\n<meta name=\"author\" content=\"Oscar\" \/>\n<meta name=\"twitter:card\" content=\"summary_large_image\" \/>\n<meta name=\"twitter:creator\" content=\"@lagnoticias\" \/>\n<meta name=\"twitter:site\" content=\"@lagnoticias\" \/>\n<meta name=\"twitter:label1\" content=\"Written by\" \/>\n\t<meta name=\"twitter:data1\" content=\"Oscar\" \/>\n\t<meta name=\"twitter:label2\" content=\"Est. reading time\" \/>\n\t<meta name=\"twitter:data2\" content=\"2 minutes\" \/>\n<script type=\"application\/ld+json\" class=\"yoast-schema-graph\">{\"@context\":\"https:\\\/\\\/schema.org\",\"@graph\":[{\"@type\":\"Article\",\"@id\":\"https:\\\/\\\/lagnoticias.com\\\/2025\\\/09\\\/01\\\/manchester-united-descarta-al-dibu-martinez-y-ficha-a-otro-portero\\\/#article\",\"isPartOf\":{\"@id\":\"https:\\\/\\\/lagnoticias.com\\\/2025\\\/09\\\/01\\\/manchester-united-descarta-al-dibu-martinez-y-ficha-a-otro-portero\\\/\"},\"author\":{\"name\":\"Oscar\",\"@id\":\"https:\\\/\\\/lagnoticias.com\\\/#\\\/schema\\\/person\\\/cb9bfe13f8de05d2c55270be25c6a550\"},\"headline\":\"Manchester United descarta al \u201cDibu\u201d Mart\u00ednez y ficha a otro portero\",\"datePublished\":\"2025-09-01T19:54:45+00:00\",\"dateModified\":\"2025-09-01T19:54:46+00:00\",\"mainEntityOfPage\":{\"@id\":\"https:\\\/\\\/lagnoticias.com\\\/2025\\\/09\\\/01\\\/manchester-united-descarta-al-dibu-martinez-y-ficha-a-otro-portero\\\/\"},\"wordCount\":340,\"commentCount\":0,\"image\":{\"@id\":\"https:\\\/\\\/lagnoticias.com\\\/2025\\\/09\\\/01\\\/manchester-united-descarta-al-dibu-martinez-y-ficha-a-otro-portero\\\/#primaryimage\"},\"thumbnailUrl\":\"https:\\\/\\\/lagnoticias.com\\\/wp-content\\\/uploads\\\/2025\\\/09\\\/4-2.jpg\",\"keywords\":[\"ARGENTINA\",\"DIBU MART\u00cdNEZ\",\"F\u00daTBOL\",\"MANCHESTER UNITED\"],\"articleSection\":[\"DEPORTES\"],\"inLanguage\":\"en-US\",\"potentialAction\":[{\"@type\":\"CommentAction\",\"name\":\"Comment\",\"target\":[\"https:\\\/\\\/lagnoticias.com\\\/2025\\\/09\\\/01\\\/manchester-united-descarta-al-dibu-martinez-y-ficha-a-otro-portero\\\/#respond\"]}]},{\"@type\":\"WebPage\",\"@id\":\"https:\\\/\\\/lagnoticias.com\\\/2025\\\/09\\\/01\\\/manchester-united-descarta-al-dibu-martinez-y-ficha-a-otro-portero\\\/\",\"url\":\"https:\\\/\\\/lagnoticias.com\\\/2025\\\/09\\\/01\\\/manchester-united-descarta-al-dibu-martinez-y-ficha-a-otro-portero\\\/\",\"name\":\"Manchester United descarta al \u201cDibu\u201d Mart\u00ednez y ficha a otro portero - La G Noticias\",\"isPartOf\":{\"@id\":\"https:\\\/\\\/lagnoticias.com\\\/#website\"},\"primaryImageOfPage\":{\"@id\":\"https:\\\/\\\/lagnoticias.com\\\/2025\\\/09\\\/01\\\/manchester-united-descarta-al-dibu-martinez-y-ficha-a-otro-portero\\\/#primaryimage\"},\"image\":{\"@id\":\"https:\\\/\\\/lagnoticias.com\\\/2025\\\/09\\\/01\\\/manchester-united-descarta-al-dibu-martinez-y-ficha-a-otro-portero\\\/#primaryimage\"},\"thumbnailUrl\":\"https:\\\/\\\/lagnoticias.com\\\/wp-content\\\/uploads\\\/2025\\\/09\\\/4-2.jpg\",\"datePublished\":\"2025-09-01T19:54:45+00:00\",\"dateModified\":\"2025-09-01T19:54:46+00:00\",\"author\":{\"@id\":\"https:\\\/\\\/lagnoticias.com\\\/#\\\/schema\\\/person\\\/cb9bfe13f8de05d2c55270be25c6a550\"},\"breadcrumb\":{\"@id\":\"https:\\\/\\\/lagnoticias.com\\\/2025\\\/09\\\/01\\\/manchester-united-descarta-al-dibu-martinez-y-ficha-a-otro-portero\\\/#breadcrumb\"},\"inLanguage\":\"en-US\",\"potentialAction\":[{\"@type\":\"ReadAction\",\"target\":[\"https:\\\/\\\/lagnoticias.com\\\/2025\\\/09\\\/01\\\/manchester-united-descarta-al-dibu-martinez-y-ficha-a-otro-portero\\\/\"]}]},{\"@type\":\"ImageObject\",\"inLanguage\":\"en-US\",\"@id\":\"https:\\\/\\\/lagnoticias.com\\\/2025\\\/09\\\/01\\\/manchester-united-descarta-al-dibu-martinez-y-ficha-a-otro-portero\\\/#primaryimage\",\"url\":\"https:\\\/\\\/lagnoticias.com\\\/wp-content\\\/uploads\\\/2025\\\/09\\\/4-2.jpg\",\"contentUrl\":\"https:\\\/\\\/lagnoticias.com\\\/wp-content\\\/uploads\\\/2025\\\/09\\\/4-2.jpg\",\"width\":1200,\"height\":800},{\"@type\":\"BreadcrumbList\",\"@id\":\"https:\\\/\\\/lagnoticias.com\\\/2025\\\/09\\\/01\\\/manchester-united-descarta-al-dibu-martinez-y-ficha-a-otro-portero\\\/#breadcrumb\",\"itemListElement\":[{\"@type\":\"ListItem\",\"position\":1,\"name\":\"Portada\",\"item\":\"https:\\\/\\\/lagnoticias.com\\\/\"},{\"@type\":\"ListItem\",\"position\":2,\"name\":\"Manchester United descarta al \u201cDibu\u201d Mart\u00ednez y ficha a otro portero\"}]},{\"@type\":\"WebSite\",\"@id\":\"https:\\\/\\\/lagnoticias.com\\\/#website\",\"url\":\"https:\\\/\\\/lagnoticias.com\\\/\",\"name\":\"La G Noticias\",\"description\":\"Noticias Positivas\",\"potentialAction\":[{\"@type\":\"SearchAction\",\"target\":{\"@type\":\"EntryPoint\",\"urlTemplate\":\"https:\\\/\\\/lagnoticias.com\\\/?s={search_term_string}\"},\"query-input\":{\"@type\":\"PropertyValueSpecification\",\"valueRequired\":true,\"valueName\":\"search_term_string\"}}],\"inLanguage\":\"en-US\"},{\"@type\":\"Person\",\"@id\":\"https:\\\/\\\/lagnoticias.com\\\/#\\\/schema\\\/person\\\/cb9bfe13f8de05d2c55270be25c6a550\",\"name\":\"Oscar\",\"image\":{\"@type\":\"ImageObject\",\"inLanguage\":\"en-US\",\"@id\":\"https:\\\/\\\/secure.gravatar.com\\\/avatar\\\/45c195718f652dc7ffdd591dc1f2678956ab7fdadcd359a635edc61304a8c757?s=96&d=mm&r=g\",\"url\":\"https:\\\/\\\/secure.gravatar.com\\\/avatar\\\/45c195718f652dc7ffdd591dc1f2678956ab7fdadcd359a635edc61304a8c757?s=96&d=mm&r=g\",\"contentUrl\":\"https:\\\/\\\/secure.gravatar.com\\\/avatar\\\/45c195718f652dc7ffdd591dc1f2678956ab7fdadcd359a635edc61304a8c757?s=96&d=mm&r=g\",\"caption\":\"Oscar\"},\"url\":\"https:\\\/\\\/lagnoticias.com\\\/en\\\/author\\\/oscar\\\/\"}]}<\/script>\n<!-- \/ Yoast SEO plugin. -->","yoast_head_json":{"title":"Manchester United descarta al \u201cDibu\u201d Mart\u00ednez y ficha a otro portero - La G Noticias","robots":{"index":"index","follow":"follow","max-snippet":"max-snippet:-1","max-image-preview":"max-image-preview:large","max-video-preview":"max-video-preview:-1"},"canonical":"https:\/\/lagnoticias.com\/en\/2025\/09\/01\/manchester-united-descarta-al-dibu-martinez-y-ficha-a-otro-portero\/","og_locale":"en_US","og_type":"article","og_title":"Manchester United descarta al \u201cDibu\u201d Mart\u00ednez y ficha a otro portero - La G Noticias","og_description":"En el \u00faltimo d\u00eda del mercado, cunado todo parec\u00eda que el argentino ser\u00eda nuevo Red Devil, no fue as\u00ed.","og_url":"https:\/\/lagnoticias.com\/en\/2025\/09\/01\/manchester-united-descarta-al-dibu-martinez-y-ficha-a-otro-portero\/","og_site_name":"La G Noticias","article_publisher":"https:\/\/www.facebook.com\/LaGNoticias","article_published_time":"2025-09-01T19:54:45+00:00","article_modified_time":"2025-09-01T19:54:46+00:00","og_image":[{"width":1200,"height":800,"url":"https:\/\/lagnoticias.com\/wp-content\/uploads\/2025\/09\/4-2.jpg","type":"image\/jpeg"}],"author":"Oscar","twitter_card":"summary_large_image","twitter_creator":"@lagnoticias","twitter_site":"@lagnoticias","twitter_misc":{"Written by":"Oscar","Est. reading time":"2 minutes"},"schema":{"@context":"https:\/\/schema.org","@graph":[{"@type":"Article","@id":"https:\/\/lagnoticias.com\/2025\/09\/01\/manchester-united-descarta-al-dibu-martinez-y-ficha-a-otro-portero\/#article","isPartOf":{"@id":"https:\/\/lagnoticias.com\/2025\/09\/01\/manchester-united-descarta-al-dibu-martinez-y-ficha-a-otro-portero\/"},"author":{"name":"Oscar","@id":"https:\/\/lagnoticias.com\/#\/schema\/person\/cb9bfe13f8de05d2c55270be25c6a550"},"headline":"Manchester United descarta al \u201cDibu\u201d Mart\u00ednez y ficha a otro portero","datePublished":"2025-09-01T19:54:45+00:00","dateModified":"2025-09-01T19:54:46+00:00","mainEntityOfPage":{"@id":"https:\/\/lagnoticias.com\/2025\/09\/01\/manchester-united-descarta-al-dibu-martinez-y-ficha-a-otro-portero\/"},"wordCount":340,"commentCount":0,"image":{"@id":"https:\/\/lagnoticias.com\/2025\/09\/01\/manchester-united-descarta-al-dibu-martinez-y-ficha-a-otro-portero\/#primaryimage"},"thumbnailUrl":"https:\/\/lagnoticias.com\/wp-content\/uploads\/2025\/09\/4-2.jpg","keywords":["ARGENTINA","DIBU MART\u00cdNEZ","F\u00daTBOL","MANCHESTER UNITED"],"articleSection":["DEPORTES"],"inLanguage":"en-US","potentialAction":[{"@type":"CommentAction","name":"Comment","target":["https:\/\/lagnoticias.com\/2025\/09\/01\/manchester-united-descarta-al-dibu-martinez-y-ficha-a-otro-portero\/#respond"]}]},{"@type":"WebPage","@id":"https:\/\/lagnoticias.com\/2025\/09\/01\/manchester-united-descarta-al-dibu-martinez-y-ficha-a-otro-portero\/","url":"https:\/\/lagnoticias.com\/2025\/09\/01\/manchester-united-descarta-al-dibu-martinez-y-ficha-a-otro-portero\/","name":"Manchester United descarta al \u201cDibu\u201d Mart\u00ednez y ficha a otro portero - La G Noticias","isPartOf":{"@id":"https:\/\/lagnoticias.com\/#website"},"primaryImageOfPage":{"@id":"https:\/\/lagnoticias.com\/2025\/09\/01\/manchester-united-descarta-al-dibu-martinez-y-ficha-a-otro-portero\/#primaryimage"},"image":{"@id":"https:\/\/lagnoticias.com\/2025\/09\/01\/manchester-united-descarta-al-dibu-martinez-y-ficha-a-otro-portero\/#primaryimage"},"thumbnailUrl":"https:\/\/lagnoticias.com\/wp-content\/uploads\/2025\/09\/4-2.jpg","datePublished":"2025-09-01T19:54:45+00:00","dateModified":"2025-09-01T19:54:46+00:00","author":{"@id":"https:\/\/lagnoticias.com\/#\/schema\/person\/cb9bfe13f8de05d2c55270be25c6a550"},"breadcrumb":{"@id":"https:\/\/lagnoticias.com\/2025\/09\/01\/manchester-united-descarta-al-dibu-martinez-y-ficha-a-otro-portero\/#breadcrumb"},"inLanguage":"en-US","potentialAction":[{"@type":"ReadAction","target":["https:\/\/lagnoticias.com\/2025\/09\/01\/manchester-united-descarta-al-dibu-martinez-y-ficha-a-otro-portero\/"]}]},{"@type":"ImageObject","inLanguage":"en-US","@id":"https:\/\/lagnoticias.com\/2025\/09\/01\/manchester-united-descarta-al-dibu-martinez-y-ficha-a-otro-portero\/#primaryimage","url":"https:\/\/lagnoticias.com\/wp-content\/uploads\/2025\/09\/4-2.jpg","contentUrl":"https:\/\/lagnoticias.com\/wp-content\/uploads\/2025\/09\/4-2.jpg","width":1200,"height":800},{"@type":"BreadcrumbList","@id":"https:\/\/lagnoticias.com\/2025\/09\/01\/manchester-united-descarta-al-dibu-martinez-y-ficha-a-otro-portero\/#breadcrumb","itemListElement":[{"@type":"ListItem","position":1,"name":"Portada","item":"https:\/\/lagnoticias.com\/"},{"@type":"ListItem","position":2,"name":"Manchester United descarta al \u201cDibu\u201d Mart\u00ednez y ficha a otro portero"}]},{"@type":"WebSite","@id":"https:\/\/lagnoticias.com\/#website","url":"https:\/\/lagnoticias.com\/","name":"La G Noticias","description":"Noticias Positivas","potentialAction":[{"@type":"SearchAction","target":{"@type":"EntryPoint","urlTemplate":"https:\/\/lagnoticias.com\/?s={search_term_string}"},"query-input":{"@type":"PropertyValueSpecification","valueRequired":true,"valueName":"search_term_string"}}],"inLanguage":"en-US"},{"@type":"Person","@id":"https:\/\/lagnoticias.com\/#\/schema\/person\/cb9bfe13f8de05d2c55270be25c6a550","name":"Oscar","image":{"@type":"ImageObject","inLanguage":"en-US","@id":"https:\/\/secure.gravatar.com\/avatar\/45c195718f652dc7ffdd591dc1f2678956ab7fdadcd359a635edc61304a8c757?s=96&d=mm&r=g","url":"https:\/\/secure.gravatar.com\/avatar\/45c195718f652dc7ffdd591dc1f2678956ab7fdadcd359a635edc61304a8c757?s=96&d=mm&r=g","contentUrl":"https:\/\/secure.gravatar.com\/avatar\/45c195718f652dc7ffdd591dc1f2678956ab7fdadcd359a635edc61304a8c757?s=96&d=mm&r=g","caption":"Oscar"},"url":"https:\/\/lagnoticias.com\/en\/author\/oscar\/"}]}},"_links":{"self":[{"href":"https:\/\/lagnoticias.com\/en\/wp-json\/wp\/v2\/posts\/4590","targetHints":{"allow":["GET"]}}],"collection":[{"href":"https:\/\/lagnoticias.com\/en\/wp-json\/wp\/v2\/posts"}],"about":[{"href":"https:\/\/lagnoticias.com\/en\/wp-json\/wp\/v2\/types\/post"}],"author":[{"embeddable":true,"href":"https:\/\/lagnoticias.com\/en\/wp-json\/wp\/v2\/users\/2"}],"replies":[{"embeddable":true,"href":"https:\/\/lagnoticias.com\/en\/wp-json\/wp\/v2\/comments?post=4590"}],"version-history":[{"count":1,"href":"https:\/\/lagnoticias.com\/en\/wp-json\/wp\/v2\/posts\/4590\/revisions"}],"predecessor-version":[{"id":4592,"href":"https:\/\/lagnoticias.com\/en\/wp-json\/wp\/v2\/posts\/4590\/revisions\/4592"}],"wp:featuredmedia":[{"embeddable":true,"href":"https:\/\/lagnoticias.com\/en\/wp-json\/wp\/v2\/media\/4591"}],"wp:attachment":[{"href":"https:\/\/lagnoticias.com\/en\/wp-json\/wp\/v2\/media?parent=4590"}],"wp:term":[{"taxonomy":"category","embeddable":true,"href":"https:\/\/lagnoticias.com\/en\/wp-json\/wp\/v2\/categories?post=4590"},{"taxonomy":"post_tag","embeddable":true,"href":"https:\/\/lagnoticias.com\/en\/wp-json\/wp\/v2\/tags?post=4590"}],"curies":[{"name":"wp","href":"https:\/\/api.w.org\/{rel}","templated":true}]}}