{"id":4587,"date":"2025-09-01T12:18:05","date_gmt":"2025-09-01T18:18:05","guid":{"rendered":"https:\/\/lagnoticias.com\/?p=4587"},"modified":"2025-09-01T12:18:05","modified_gmt":"2025-09-01T18:18:05","slug":"gobierno-reporta-cero-impunidad-de-enero-a-la-fecha-y-reafirma-efectividad-del-plan-control-territorial","status":"publish","type":"post","link":"https:\/\/lagnoticias.com\/en\/2025\/09\/01\/gobierno-reporta-cero-impunidad-de-enero-a-la-fecha-y-reafirma-efectividad-del-plan-control-territorial\/","title":{"rendered":"Gobierno reporta cero impunidad de enero a la fecha y reafirma efectividad del Plan Control Territorial"},"content":{"rendered":"<p>De acuerdo con los ministros de Seguridad P\u00fablica y Justicia, Gustavo Villatoro; y de la Defensa Nacional, Ren\u00e9 Francis Merino Monroy, la estrategia de seguridad denominada Plan Control Territorial, est\u00e1 combinada con el componente de justicia, esto permite no solo las capturas y la reducci\u00f3n de delitos de alto impacto, sino responder a la poblaci\u00f3n con un registro de cero impunidad.<\/p>\n\n\n\n<p>\u201cEste a\u00f1o, la tasa de efectividad es del 100 %, es decir, impunidad cero frente a un cierre del a\u00f1o pasado de arriba del 1.4 de impunidad, o sea, es una transformaci\u00f3n completa en materia de seguridad y esto solo se logra bajo un liderazgo firme y valiente y dos instituciones que comandadas por el presidente\u201d, resalt\u00f3 Villatoro.<\/p>\n\n\n\n<p>El titular de Seguridad P\u00fablica y Justicia destac\u00f3 adem\u00e1s que el presidente Bukele ha dotado de las mejores herramientas a las instituciones de seguridad p\u00fablica, mientras que el r\u00e9gimen de excepci\u00f3n es un instrumento constitucional que ha permitido hacer frente a las pandillas, parte de los resultados son los 1,000 d\u00edas con cero homicidios alcanzados, dijo.<\/p>\n\n\n\n<p>\u00abEn junio de 2021, el presidente Bukele orden\u00f3 duplicar el recurso humano en el territorio. Es as\u00ed como la poblaci\u00f3n tuvo confianza de nuevo. Esas actividades nos permitieron recuperar el territorio poco a poco, de tal manera que cuando llegamos a la batalla decisiva, el d\u00eda en que las pandillas lanzaron su ofensiva, ellos no tendr\u00edan c\u00f3mo responder\u00bb, mencion\u00f3 Merino Monroy.<\/p>\n\n\n\n<p>El impacto de estas acciones se refleja directamente en la vida cotidiana de la poblaci\u00f3n, las comunidades que antes eran acechadas por la violencia originadas por las pandillas ahora experimentan paz, tranquilidad y oportunidades de desarrollo.&nbsp;<\/p>","protected":false},"excerpt":{"rendered":"<p>De acuerdo con los ministros de Seguridad P\u00fablica y Justicia, Gustavo Villatoro; y de la Defensa Nacional, Ren\u00e9 Francis Merino Monroy, la estrategia de seguridad denominada Plan Control Territorial, est\u00e1 combinada con el componente de justicia, esto permite no solo las capturas y la reducci\u00f3n de delitos de alto impacto, sino responder a la poblaci\u00f3n [&hellip;]<\/p>","protected":false},"author":2,"featured_media":4588,"comment_status":"open","ping_status":"open","sticky":false,"template":"","format":"standard","meta":{"_et_pb_use_builder":"off","_et_pb_old_content":"","_et_gb_content_width":"","footnotes":""},"categories":[244],"tags":[267,268,375,805],"class_list":["post-4587","post","type-post","status-publish","format-standard","has-post-thumbnail","hentry","category-nacionales","tag-el-salvador","tag-gobierno-de-el-salvador","tag-nayib-bukele","tag-plan-control-territorial"],"yoast_head":"<!-- This site is optimized with the Yoast SEO plugin v27.4 - https:\/\/yoast.com\/product\/yoast-seo-wordpress\/ -->\n<title>Gobierno reporta cero impunidad de enero a la fecha y reafirma efectividad del Plan Control Territorial - La G Noticias<\/title>\n<meta name=\"robots\" content=\"index, follow, max-snippet:-1, max-image-preview:large, max-video-preview:-1\" \/>\n<link rel=\"canonical\" href=\"https:\/\/lagnoticias.com\/en\/2025\/09\/01\/gobierno-reporta-cero-impunidad-de-enero-a-la-fecha-y-reafirma-efectividad-del-plan-control-territorial\/\" \/>\n<meta property=\"og:locale\" content=\"en_US\" \/>\n<meta property=\"og:type\" content=\"article\" \/>\n<meta property=\"og:title\" content=\"Gobierno reporta cero impunidad de enero a la fecha y reafirma efectividad del Plan Control Territorial - La G Noticias\" \/>\n<meta property=\"og:description\" content=\"De acuerdo con los ministros de Seguridad P\u00fablica y Justicia, Gustavo Villatoro; y de la Defensa Nacional, Ren\u00e9 Francis Merino Monroy, la estrategia de seguridad denominada Plan Control Territorial, est\u00e1 combinada con el componente de justicia, esto permite no solo las capturas y la reducci\u00f3n de delitos de alto impacto, sino responder a la poblaci\u00f3n [&hellip;]\" \/>\n<meta property=\"og:url\" content=\"https:\/\/lagnoticias.com\/en\/2025\/09\/01\/gobierno-reporta-cero-impunidad-de-enero-a-la-fecha-y-reafirma-efectividad-del-plan-control-territorial\/\" \/>\n<meta property=\"og:site_name\" content=\"La G Noticias\" \/>\n<meta property=\"article:publisher\" content=\"https:\/\/www.facebook.com\/LaGNoticias\" \/>\n<meta property=\"article:published_time\" content=\"2025-09-01T18:18:05+00:00\" \/>\n<meta property=\"og:image\" content=\"https:\/\/lagnoticias.com\/wp-content\/uploads\/2025\/09\/118A4460-scaled.jpg\" \/>\n\t<meta property=\"og:image:width\" content=\"2560\" \/>\n\t<meta property=\"og:image:height\" content=\"1707\" \/>\n\t<meta property=\"og:image:type\" content=\"image\/jpeg\" \/>\n<meta name=\"author\" content=\"Oscar\" \/>\n<meta name=\"twitter:card\" content=\"summary_large_image\" \/>\n<meta name=\"twitter:creator\" content=\"@lagnoticias\" \/>\n<meta name=\"twitter:site\" content=\"@lagnoticias\" \/>\n<meta name=\"twitter:label1\" content=\"Written by\" \/>\n\t<meta name=\"twitter:data1\" content=\"Oscar\" \/>\n\t<meta name=\"twitter:label2\" content=\"Est. reading time\" \/>\n\t<meta name=\"twitter:data2\" content=\"2 minutes\" \/>\n<script type=\"application\/ld+json\" class=\"yoast-schema-graph\">{\"@context\":\"https:\\\/\\\/schema.org\",\"@graph\":[{\"@type\":\"Article\",\"@id\":\"https:\\\/\\\/lagnoticias.com\\\/2025\\\/09\\\/01\\\/gobierno-reporta-cero-impunidad-de-enero-a-la-fecha-y-reafirma-efectividad-del-plan-control-territorial\\\/#article\",\"isPartOf\":{\"@id\":\"https:\\\/\\\/lagnoticias.com\\\/2025\\\/09\\\/01\\\/gobierno-reporta-cero-impunidad-de-enero-a-la-fecha-y-reafirma-efectividad-del-plan-control-territorial\\\/\"},\"author\":{\"name\":\"Oscar\",\"@id\":\"https:\\\/\\\/lagnoticias.com\\\/#\\\/schema\\\/person\\\/cb9bfe13f8de05d2c55270be25c6a550\"},\"headline\":\"Gobierno reporta cero impunidad de enero a la fecha y reafirma efectividad del Plan Control Territorial\",\"datePublished\":\"2025-09-01T18:18:05+00:00\",\"mainEntityOfPage\":{\"@id\":\"https:\\\/\\\/lagnoticias.com\\\/2025\\\/09\\\/01\\\/gobierno-reporta-cero-impunidad-de-enero-a-la-fecha-y-reafirma-efectividad-del-plan-control-territorial\\\/\"},\"wordCount\":301,\"commentCount\":0,\"image\":{\"@id\":\"https:\\\/\\\/lagnoticias.com\\\/2025\\\/09\\\/01\\\/gobierno-reporta-cero-impunidad-de-enero-a-la-fecha-y-reafirma-efectividad-del-plan-control-territorial\\\/#primaryimage\"},\"thumbnailUrl\":\"https:\\\/\\\/lagnoticias.com\\\/wp-content\\\/uploads\\\/2025\\\/09\\\/118A4460-scaled.jpg\",\"keywords\":[\"EL SALVADOR\",\"GOBIERNO DE EL SALVADOR\",\"NAYIB BUKELE\",\"PLAN CONTROL TERRITORIAL\"],\"articleSection\":[\"NACIONALES\"],\"inLanguage\":\"en-US\",\"potentialAction\":[{\"@type\":\"CommentAction\",\"name\":\"Comment\",\"target\":[\"https:\\\/\\\/lagnoticias.com\\\/2025\\\/09\\\/01\\\/gobierno-reporta-cero-impunidad-de-enero-a-la-fecha-y-reafirma-efectividad-del-plan-control-territorial\\\/#respond\"]}]},{\"@type\":\"WebPage\",\"@id\":\"https:\\\/\\\/lagnoticias.com\\\/2025\\\/09\\\/01\\\/gobierno-reporta-cero-impunidad-de-enero-a-la-fecha-y-reafirma-efectividad-del-plan-control-territorial\\\/\",\"url\":\"https:\\\/\\\/lagnoticias.com\\\/2025\\\/09\\\/01\\\/gobierno-reporta-cero-impunidad-de-enero-a-la-fecha-y-reafirma-efectividad-del-plan-control-territorial\\\/\",\"name\":\"Gobierno reporta cero impunidad de enero a la fecha y reafirma efectividad del Plan Control Territorial - La G Noticias\",\"isPartOf\":{\"@id\":\"https:\\\/\\\/lagnoticias.com\\\/#website\"},\"primaryImageOfPage\":{\"@id\":\"https:\\\/\\\/lagnoticias.com\\\/2025\\\/09\\\/01\\\/gobierno-reporta-cero-impunidad-de-enero-a-la-fecha-y-reafirma-efectividad-del-plan-control-territorial\\\/#primaryimage\"},\"image\":{\"@id\":\"https:\\\/\\\/lagnoticias.com\\\/2025\\\/09\\\/01\\\/gobierno-reporta-cero-impunidad-de-enero-a-la-fecha-y-reafirma-efectividad-del-plan-control-territorial\\\/#primaryimage\"},\"thumbnailUrl\":\"https:\\\/\\\/lagnoticias.com\\\/wp-content\\\/uploads\\\/2025\\\/09\\\/118A4460-scaled.jpg\",\"datePublished\":\"2025-09-01T18:18:05+00:00\",\"author\":{\"@id\":\"https:\\\/\\\/lagnoticias.com\\\/#\\\/schema\\\/person\\\/cb9bfe13f8de05d2c55270be25c6a550\"},\"breadcrumb\":{\"@id\":\"https:\\\/\\\/lagnoticias.com\\\/2025\\\/09\\\/01\\\/gobierno-reporta-cero-impunidad-de-enero-a-la-fecha-y-reafirma-efectividad-del-plan-control-territorial\\\/#breadcrumb\"},\"inLanguage\":\"en-US\",\"potentialAction\":[{\"@type\":\"ReadAction\",\"target\":[\"https:\\\/\\\/lagnoticias.com\\\/2025\\\/09\\\/01\\\/gobierno-reporta-cero-impunidad-de-enero-a-la-fecha-y-reafirma-efectividad-del-plan-control-territorial\\\/\"]}]},{\"@type\":\"ImageObject\",\"inLanguage\":\"en-US\",\"@id\":\"https:\\\/\\\/lagnoticias.com\\\/2025\\\/09\\\/01\\\/gobierno-reporta-cero-impunidad-de-enero-a-la-fecha-y-reafirma-efectividad-del-plan-control-territorial\\\/#primaryimage\",\"url\":\"https:\\\/\\\/lagnoticias.com\\\/wp-content\\\/uploads\\\/2025\\\/09\\\/118A4460-scaled.jpg\",\"contentUrl\":\"https:\\\/\\\/lagnoticias.com\\\/wp-content\\\/uploads\\\/2025\\\/09\\\/118A4460-scaled.jpg\",\"width\":2560,\"height\":1707},{\"@type\":\"BreadcrumbList\",\"@id\":\"https:\\\/\\\/lagnoticias.com\\\/2025\\\/09\\\/01\\\/gobierno-reporta-cero-impunidad-de-enero-a-la-fecha-y-reafirma-efectividad-del-plan-control-territorial\\\/#breadcrumb\",\"itemListElement\":[{\"@type\":\"ListItem\",\"position\":1,\"name\":\"Portada\",\"item\":\"https:\\\/\\\/lagnoticias.com\\\/\"},{\"@type\":\"ListItem\",\"position\":2,\"name\":\"Gobierno reporta cero impunidad de enero a la fecha y reafirma efectividad del Plan Control Territorial\"}]},{\"@type\":\"WebSite\",\"@id\":\"https:\\\/\\\/lagnoticias.com\\\/#website\",\"url\":\"https:\\\/\\\/lagnoticias.com\\\/\",\"name\":\"La G Noticias\",\"description\":\"Noticias Positivas\",\"potentialAction\":[{\"@type\":\"SearchAction\",\"target\":{\"@type\":\"EntryPoint\",\"urlTemplate\":\"https:\\\/\\\/lagnoticias.com\\\/?s={search_term_string}\"},\"query-input\":{\"@type\":\"PropertyValueSpecification\",\"valueRequired\":true,\"valueName\":\"search_term_string\"}}],\"inLanguage\":\"en-US\"},{\"@type\":\"Person\",\"@id\":\"https:\\\/\\\/lagnoticias.com\\\/#\\\/schema\\\/person\\\/cb9bfe13f8de05d2c55270be25c6a550\",\"name\":\"Oscar\",\"image\":{\"@type\":\"ImageObject\",\"inLanguage\":\"en-US\",\"@id\":\"https:\\\/\\\/secure.gravatar.com\\\/avatar\\\/45c195718f652dc7ffdd591dc1f2678956ab7fdadcd359a635edc61304a8c757?s=96&d=mm&r=g\",\"url\":\"https:\\\/\\\/secure.gravatar.com\\\/avatar\\\/45c195718f652dc7ffdd591dc1f2678956ab7fdadcd359a635edc61304a8c757?s=96&d=mm&r=g\",\"contentUrl\":\"https:\\\/\\\/secure.gravatar.com\\\/avatar\\\/45c195718f652dc7ffdd591dc1f2678956ab7fdadcd359a635edc61304a8c757?s=96&d=mm&r=g\",\"caption\":\"Oscar\"},\"url\":\"https:\\\/\\\/lagnoticias.com\\\/en\\\/author\\\/oscar\\\/\"}]}<\/script>\n<!-- \/ Yoast SEO plugin. -->","yoast_head_json":{"title":"Gobierno reporta cero impunidad de enero a la fecha y reafirma efectividad del Plan Control Territorial - La G Noticias","robots":{"index":"index","follow":"follow","max-snippet":"max-snippet:-1","max-image-preview":"max-image-preview:large","max-video-preview":"max-video-preview:-1"},"canonical":"https:\/\/lagnoticias.com\/en\/2025\/09\/01\/gobierno-reporta-cero-impunidad-de-enero-a-la-fecha-y-reafirma-efectividad-del-plan-control-territorial\/","og_locale":"en_US","og_type":"article","og_title":"Gobierno reporta cero impunidad de enero a la fecha y reafirma efectividad del Plan Control Territorial - La G Noticias","og_description":"De acuerdo con los ministros de Seguridad P\u00fablica y Justicia, Gustavo Villatoro; y de la Defensa Nacional, Ren\u00e9 Francis Merino Monroy, la estrategia de seguridad denominada Plan Control Territorial, est\u00e1 combinada con el componente de justicia, esto permite no solo las capturas y la reducci\u00f3n de delitos de alto impacto, sino responder a la poblaci\u00f3n [&hellip;]","og_url":"https:\/\/lagnoticias.com\/en\/2025\/09\/01\/gobierno-reporta-cero-impunidad-de-enero-a-la-fecha-y-reafirma-efectividad-del-plan-control-territorial\/","og_site_name":"La G Noticias","article_publisher":"https:\/\/www.facebook.com\/LaGNoticias","article_published_time":"2025-09-01T18:18:05+00:00","og_image":[{"width":2560,"height":1707,"url":"https:\/\/lagnoticias.com\/wp-content\/uploads\/2025\/09\/118A4460-scaled.jpg","type":"image\/jpeg"}],"author":"Oscar","twitter_card":"summary_large_image","twitter_creator":"@lagnoticias","twitter_site":"@lagnoticias","twitter_misc":{"Written by":"Oscar","Est. reading time":"2 minutes"},"schema":{"@context":"https:\/\/schema.org","@graph":[{"@type":"Article","@id":"https:\/\/lagnoticias.com\/2025\/09\/01\/gobierno-reporta-cero-impunidad-de-enero-a-la-fecha-y-reafirma-efectividad-del-plan-control-territorial\/#article","isPartOf":{"@id":"https:\/\/lagnoticias.com\/2025\/09\/01\/gobierno-reporta-cero-impunidad-de-enero-a-la-fecha-y-reafirma-efectividad-del-plan-control-territorial\/"},"author":{"name":"Oscar","@id":"https:\/\/lagnoticias.com\/#\/schema\/person\/cb9bfe13f8de05d2c55270be25c6a550"},"headline":"Gobierno reporta cero impunidad de enero a la fecha y reafirma efectividad del Plan Control Territorial","datePublished":"2025-09-01T18:18:05+00:00","mainEntityOfPage":{"@id":"https:\/\/lagnoticias.com\/2025\/09\/01\/gobierno-reporta-cero-impunidad-de-enero-a-la-fecha-y-reafirma-efectividad-del-plan-control-territorial\/"},"wordCount":301,"commentCount":0,"image":{"@id":"https:\/\/lagnoticias.com\/2025\/09\/01\/gobierno-reporta-cero-impunidad-de-enero-a-la-fecha-y-reafirma-efectividad-del-plan-control-territorial\/#primaryimage"},"thumbnailUrl":"https:\/\/lagnoticias.com\/wp-content\/uploads\/2025\/09\/118A4460-scaled.jpg","keywords":["EL SALVADOR","GOBIERNO DE EL SALVADOR","NAYIB BUKELE","PLAN CONTROL TERRITORIAL"],"articleSection":["NACIONALES"],"inLanguage":"en-US","potentialAction":[{"@type":"CommentAction","name":"Comment","target":["https:\/\/lagnoticias.com\/2025\/09\/01\/gobierno-reporta-cero-impunidad-de-enero-a-la-fecha-y-reafirma-efectividad-del-plan-control-territorial\/#respond"]}]},{"@type":"WebPage","@id":"https:\/\/lagnoticias.com\/2025\/09\/01\/gobierno-reporta-cero-impunidad-de-enero-a-la-fecha-y-reafirma-efectividad-del-plan-control-territorial\/","url":"https:\/\/lagnoticias.com\/2025\/09\/01\/gobierno-reporta-cero-impunidad-de-enero-a-la-fecha-y-reafirma-efectividad-del-plan-control-territorial\/","name":"Gobierno reporta cero impunidad de enero a la fecha y reafirma efectividad del Plan Control Territorial - La G Noticias","isPartOf":{"@id":"https:\/\/lagnoticias.com\/#website"},"primaryImageOfPage":{"@id":"https:\/\/lagnoticias.com\/2025\/09\/01\/gobierno-reporta-cero-impunidad-de-enero-a-la-fecha-y-reafirma-efectividad-del-plan-control-territorial\/#primaryimage"},"image":{"@id":"https:\/\/lagnoticias.com\/2025\/09\/01\/gobierno-reporta-cero-impunidad-de-enero-a-la-fecha-y-reafirma-efectividad-del-plan-control-territorial\/#primaryimage"},"thumbnailUrl":"https:\/\/lagnoticias.com\/wp-content\/uploads\/2025\/09\/118A4460-scaled.jpg","datePublished":"2025-09-01T18:18:05+00:00","author":{"@id":"https:\/\/lagnoticias.com\/#\/schema\/person\/cb9bfe13f8de05d2c55270be25c6a550"},"breadcrumb":{"@id":"https:\/\/lagnoticias.com\/2025\/09\/01\/gobierno-reporta-cero-impunidad-de-enero-a-la-fecha-y-reafirma-efectividad-del-plan-control-territorial\/#breadcrumb"},"inLanguage":"en-US","potentialAction":[{"@type":"ReadAction","target":["https:\/\/lagnoticias.com\/2025\/09\/01\/gobierno-reporta-cero-impunidad-de-enero-a-la-fecha-y-reafirma-efectividad-del-plan-control-territorial\/"]}]},{"@type":"ImageObject","inLanguage":"en-US","@id":"https:\/\/lagnoticias.com\/2025\/09\/01\/gobierno-reporta-cero-impunidad-de-enero-a-la-fecha-y-reafirma-efectividad-del-plan-control-territorial\/#primaryimage","url":"https:\/\/lagnoticias.com\/wp-content\/uploads\/2025\/09\/118A4460-scaled.jpg","contentUrl":"https:\/\/lagnoticias.com\/wp-content\/uploads\/2025\/09\/118A4460-scaled.jpg","width":2560,"height":1707},{"@type":"BreadcrumbList","@id":"https:\/\/lagnoticias.com\/2025\/09\/01\/gobierno-reporta-cero-impunidad-de-enero-a-la-fecha-y-reafirma-efectividad-del-plan-control-territorial\/#breadcrumb","itemListElement":[{"@type":"ListItem","position":1,"name":"Portada","item":"https:\/\/lagnoticias.com\/"},{"@type":"ListItem","position":2,"name":"Gobierno reporta cero impunidad de enero a la fecha y reafirma efectividad del Plan Control Territorial"}]},{"@type":"WebSite","@id":"https:\/\/lagnoticias.com\/#website","url":"https:\/\/lagnoticias.com\/","name":"La G Noticias","description":"Noticias Positivas","potentialAction":[{"@type":"SearchAction","target":{"@type":"EntryPoint","urlTemplate":"https:\/\/lagnoticias.com\/?s={search_term_string}"},"query-input":{"@type":"PropertyValueSpecification","valueRequired":true,"valueName":"search_term_string"}}],"inLanguage":"en-US"},{"@type":"Person","@id":"https:\/\/lagnoticias.com\/#\/schema\/person\/cb9bfe13f8de05d2c55270be25c6a550","name":"Oscar","image":{"@type":"ImageObject","inLanguage":"en-US","@id":"https:\/\/secure.gravatar.com\/avatar\/45c195718f652dc7ffdd591dc1f2678956ab7fdadcd359a635edc61304a8c757?s=96&d=mm&r=g","url":"https:\/\/secure.gravatar.com\/avatar\/45c195718f652dc7ffdd591dc1f2678956ab7fdadcd359a635edc61304a8c757?s=96&d=mm&r=g","contentUrl":"https:\/\/secure.gravatar.com\/avatar\/45c195718f652dc7ffdd591dc1f2678956ab7fdadcd359a635edc61304a8c757?s=96&d=mm&r=g","caption":"Oscar"},"url":"https:\/\/lagnoticias.com\/en\/author\/oscar\/"}]}},"_links":{"self":[{"href":"https:\/\/lagnoticias.com\/en\/wp-json\/wp\/v2\/posts\/4587","targetHints":{"allow":["GET"]}}],"collection":[{"href":"https:\/\/lagnoticias.com\/en\/wp-json\/wp\/v2\/posts"}],"about":[{"href":"https:\/\/lagnoticias.com\/en\/wp-json\/wp\/v2\/types\/post"}],"author":[{"embeddable":true,"href":"https:\/\/lagnoticias.com\/en\/wp-json\/wp\/v2\/users\/2"}],"replies":[{"embeddable":true,"href":"https:\/\/lagnoticias.com\/en\/wp-json\/wp\/v2\/comments?post=4587"}],"version-history":[{"count":1,"href":"https:\/\/lagnoticias.com\/en\/wp-json\/wp\/v2\/posts\/4587\/revisions"}],"predecessor-version":[{"id":4589,"href":"https:\/\/lagnoticias.com\/en\/wp-json\/wp\/v2\/posts\/4587\/revisions\/4589"}],"wp:featuredmedia":[{"embeddable":true,"href":"https:\/\/lagnoticias.com\/en\/wp-json\/wp\/v2\/media\/4588"}],"wp:attachment":[{"href":"https:\/\/lagnoticias.com\/en\/wp-json\/wp\/v2\/media?parent=4587"}],"wp:term":[{"taxonomy":"category","embeddable":true,"href":"https:\/\/lagnoticias.com\/en\/wp-json\/wp\/v2\/categories?post=4587"},{"taxonomy":"post_tag","embeddable":true,"href":"https:\/\/lagnoticias.com\/en\/wp-json\/wp\/v2\/tags?post=4587"}],"curies":[{"name":"wp","href":"https:\/\/api.w.org\/{rel}","templated":true}]}}