{"id":4576,"date":"2025-09-01T10:07:34","date_gmt":"2025-09-01T16:07:34","guid":{"rendered":"https:\/\/lagnoticias.com\/?p=4576"},"modified":"2025-09-12T11:56:35","modified_gmt":"2025-09-12T17:56:35","slug":"combustibles-mantendran-su-precio-durante-los-proximos-15-dias","status":"publish","type":"post","link":"https:\/\/lagnoticias.com\/en\/2025\/09\/01\/combustibles-mantendran-su-precio-durante-los-proximos-15-dias\/","title":{"rendered":"Combustibles mantendr\u00e1n su precio durante los pr\u00f3ximos 15 d\u00edas"},"content":{"rendered":"<p>La Direcci\u00f3n General de Energ\u00eda, Hidrocarburos y Minas (DGEHM) anunci\u00f3 este lunes los precios de referencia del combustible que estar\u00e1n vigentes durante la primer quincena de septiembre.<\/p>\n\n\n\n<p>Los precios de referencia de los combustibles en El Salvador no experimentar\u00e1n variaci\u00f3n alguna, se mantendr\u00e1n vigentes durante una quincena m\u00e1s.<\/p>\n\n\n\n<p>Ante esto, el precio de la&nbsp;gasolina especial&nbsp;es la siguiente: $3.80 en la zona central, $3.81 en la zona occidental y $3.84 en el oriente del pa\u00eds. Para la gasolina regular,&nbsp;los precios de referencia son los siguientes: $3.51en el centro del pa\u00eds, $3.52 en el occidente y $3.55 en la zona oriental. El di\u00e9sel,&nbsp;por su parte, tendr\u00e1 la siguiente cotizaci\u00f3n: $3.29 (zona central), $3.30 (zona occidental) y $3.34 (zona oriental).<\/p>\n\n\n\n<p>Estos precios estar\u00e1n vigentes hasta el 15 de septiembre, cuando se anuncien los nuevos precios.<\/p>\n\n\n\n<p><\/p>\n\n\n\n<figure class=\"wp-block-embed is-type-rich is-provider-twitter wp-block-embed-twitter\"><div class=\"wp-block-embed__wrapper\">\nhttps:\/\/twitter.com\/DGEHMSV\/status\/1962501275632762963\n<\/div><\/figure>\n\n\n\n<p><\/p>","protected":false},"excerpt":{"rendered":"<p>Los precios no experimentar\u00e1n cambios para los primeros d\u00edas del mes de septiembre.<\/p>","protected":false},"author":2,"featured_media":4577,"comment_status":"open","ping_status":"open","sticky":false,"template":"","format":"standard","meta":{"_et_pb_use_builder":"off","_et_pb_old_content":"","_et_gb_content_width":"","footnotes":""},"categories":[244],"tags":[609,840,404,841],"class_list":["post-4576","post","type-post","status-publish","format-standard","has-post-thumbnail","hentry","category-nacionales","tag-combustibles","tag-gasolina","tag-precio-de-los-combustibles","tag-precios-de-referencia"],"yoast_head":"<!-- This site is optimized with the Yoast SEO plugin v27.4 - https:\/\/yoast.com\/product\/yoast-seo-wordpress\/ -->\n<title>Combustibles mantendr\u00e1n su precio durante los pr\u00f3ximos 15 d\u00edas - La G Noticias<\/title>\n<meta name=\"robots\" content=\"index, follow, max-snippet:-1, max-image-preview:large, max-video-preview:-1\" \/>\n<link rel=\"canonical\" href=\"https:\/\/lagnoticias.com\/en\/2025\/09\/01\/combustibles-mantendran-su-precio-durante-los-proximos-15-dias\/\" \/>\n<meta property=\"og:locale\" content=\"en_US\" \/>\n<meta property=\"og:type\" content=\"article\" \/>\n<meta property=\"og:title\" content=\"Combustibles mantendr\u00e1n su precio durante los pr\u00f3ximos 15 d\u00edas - La G Noticias\" \/>\n<meta property=\"og:description\" content=\"Los precios no experimentar\u00e1n cambios para los primeros d\u00edas del mes de septiembre.\" \/>\n<meta property=\"og:url\" content=\"https:\/\/lagnoticias.com\/en\/2025\/09\/01\/combustibles-mantendran-su-precio-durante-los-proximos-15-dias\/\" \/>\n<meta property=\"og:site_name\" content=\"La G Noticias\" \/>\n<meta property=\"article:publisher\" content=\"https:\/\/www.facebook.com\/LaGNoticias\" \/>\n<meta property=\"article:published_time\" content=\"2025-09-01T16:07:34+00:00\" \/>\n<meta property=\"article:modified_time\" content=\"2025-09-12T17:56:35+00:00\" \/>\n<meta property=\"og:image\" content=\"https:\/\/lagnoticias.com\/wp-content\/uploads\/2025\/09\/3.jpg\" \/>\n\t<meta property=\"og:image:width\" content=\"794\" \/>\n\t<meta property=\"og:image:height\" content=\"496\" \/>\n\t<meta property=\"og:image:type\" content=\"image\/jpeg\" \/>\n<meta name=\"author\" content=\"Oscar\" \/>\n<meta name=\"twitter:card\" content=\"summary_large_image\" \/>\n<meta name=\"twitter:creator\" content=\"@lagnoticias\" \/>\n<meta name=\"twitter:site\" content=\"@lagnoticias\" \/>\n<meta name=\"twitter:label1\" content=\"Written by\" \/>\n\t<meta name=\"twitter:data1\" content=\"Oscar\" \/>\n\t<meta name=\"twitter:label2\" content=\"Est. reading time\" \/>\n\t<meta name=\"twitter:data2\" content=\"1 minute\" \/>\n<script type=\"application\/ld+json\" class=\"yoast-schema-graph\">{\"@context\":\"https:\\\/\\\/schema.org\",\"@graph\":[{\"@type\":\"Article\",\"@id\":\"https:\\\/\\\/lagnoticias.com\\\/2025\\\/09\\\/01\\\/combustibles-mantendran-su-precio-durante-los-proximos-15-dias\\\/#article\",\"isPartOf\":{\"@id\":\"https:\\\/\\\/lagnoticias.com\\\/2025\\\/09\\\/01\\\/combustibles-mantendran-su-precio-durante-los-proximos-15-dias\\\/\"},\"author\":{\"name\":\"Oscar\",\"@id\":\"https:\\\/\\\/lagnoticias.com\\\/#\\\/schema\\\/person\\\/cb9bfe13f8de05d2c55270be25c6a550\"},\"headline\":\"Combustibles mantendr\u00e1n su precio durante los pr\u00f3ximos 15 d\u00edas\",\"datePublished\":\"2025-09-01T16:07:34+00:00\",\"dateModified\":\"2025-09-12T17:56:35+00:00\",\"mainEntityOfPage\":{\"@id\":\"https:\\\/\\\/lagnoticias.com\\\/2025\\\/09\\\/01\\\/combustibles-mantendran-su-precio-durante-los-proximos-15-dias\\\/\"},\"wordCount\":159,\"commentCount\":0,\"image\":{\"@id\":\"https:\\\/\\\/lagnoticias.com\\\/2025\\\/09\\\/01\\\/combustibles-mantendran-su-precio-durante-los-proximos-15-dias\\\/#primaryimage\"},\"thumbnailUrl\":\"https:\\\/\\\/lagnoticias.com\\\/wp-content\\\/uploads\\\/2025\\\/09\\\/3.jpg\",\"keywords\":[\"COMBUSTIBLES\",\"GASOLINA\",\"precio de los combustibles\",\"PRECIOS DE REFERENCIA\"],\"articleSection\":[\"NACIONALES\"],\"inLanguage\":\"en-US\",\"potentialAction\":[{\"@type\":\"CommentAction\",\"name\":\"Comment\",\"target\":[\"https:\\\/\\\/lagnoticias.com\\\/2025\\\/09\\\/01\\\/combustibles-mantendran-su-precio-durante-los-proximos-15-dias\\\/#respond\"]}]},{\"@type\":\"WebPage\",\"@id\":\"https:\\\/\\\/lagnoticias.com\\\/2025\\\/09\\\/01\\\/combustibles-mantendran-su-precio-durante-los-proximos-15-dias\\\/\",\"url\":\"https:\\\/\\\/lagnoticias.com\\\/2025\\\/09\\\/01\\\/combustibles-mantendran-su-precio-durante-los-proximos-15-dias\\\/\",\"name\":\"Combustibles mantendr\u00e1n su precio durante los pr\u00f3ximos 15 d\u00edas - La G Noticias\",\"isPartOf\":{\"@id\":\"https:\\\/\\\/lagnoticias.com\\\/#website\"},\"primaryImageOfPage\":{\"@id\":\"https:\\\/\\\/lagnoticias.com\\\/2025\\\/09\\\/01\\\/combustibles-mantendran-su-precio-durante-los-proximos-15-dias\\\/#primaryimage\"},\"image\":{\"@id\":\"https:\\\/\\\/lagnoticias.com\\\/2025\\\/09\\\/01\\\/combustibles-mantendran-su-precio-durante-los-proximos-15-dias\\\/#primaryimage\"},\"thumbnailUrl\":\"https:\\\/\\\/lagnoticias.com\\\/wp-content\\\/uploads\\\/2025\\\/09\\\/3.jpg\",\"datePublished\":\"2025-09-01T16:07:34+00:00\",\"dateModified\":\"2025-09-12T17:56:35+00:00\",\"author\":{\"@id\":\"https:\\\/\\\/lagnoticias.com\\\/#\\\/schema\\\/person\\\/cb9bfe13f8de05d2c55270be25c6a550\"},\"breadcrumb\":{\"@id\":\"https:\\\/\\\/lagnoticias.com\\\/2025\\\/09\\\/01\\\/combustibles-mantendran-su-precio-durante-los-proximos-15-dias\\\/#breadcrumb\"},\"inLanguage\":\"en-US\",\"potentialAction\":[{\"@type\":\"ReadAction\",\"target\":[\"https:\\\/\\\/lagnoticias.com\\\/2025\\\/09\\\/01\\\/combustibles-mantendran-su-precio-durante-los-proximos-15-dias\\\/\"]}]},{\"@type\":\"ImageObject\",\"inLanguage\":\"en-US\",\"@id\":\"https:\\\/\\\/lagnoticias.com\\\/2025\\\/09\\\/01\\\/combustibles-mantendran-su-precio-durante-los-proximos-15-dias\\\/#primaryimage\",\"url\":\"https:\\\/\\\/lagnoticias.com\\\/wp-content\\\/uploads\\\/2025\\\/09\\\/3.jpg\",\"contentUrl\":\"https:\\\/\\\/lagnoticias.com\\\/wp-content\\\/uploads\\\/2025\\\/09\\\/3.jpg\",\"width\":794,\"height\":496},{\"@type\":\"BreadcrumbList\",\"@id\":\"https:\\\/\\\/lagnoticias.com\\\/2025\\\/09\\\/01\\\/combustibles-mantendran-su-precio-durante-los-proximos-15-dias\\\/#breadcrumb\",\"itemListElement\":[{\"@type\":\"ListItem\",\"position\":1,\"name\":\"Portada\",\"item\":\"https:\\\/\\\/lagnoticias.com\\\/\"},{\"@type\":\"ListItem\",\"position\":2,\"name\":\"Combustibles mantendr\u00e1n su precio durante los pr\u00f3ximos 15 d\u00edas\"}]},{\"@type\":\"WebSite\",\"@id\":\"https:\\\/\\\/lagnoticias.com\\\/#website\",\"url\":\"https:\\\/\\\/lagnoticias.com\\\/\",\"name\":\"La G Noticias\",\"description\":\"Noticias Positivas\",\"potentialAction\":[{\"@type\":\"SearchAction\",\"target\":{\"@type\":\"EntryPoint\",\"urlTemplate\":\"https:\\\/\\\/lagnoticias.com\\\/?s={search_term_string}\"},\"query-input\":{\"@type\":\"PropertyValueSpecification\",\"valueRequired\":true,\"valueName\":\"search_term_string\"}}],\"inLanguage\":\"en-US\"},{\"@type\":\"Person\",\"@id\":\"https:\\\/\\\/lagnoticias.com\\\/#\\\/schema\\\/person\\\/cb9bfe13f8de05d2c55270be25c6a550\",\"name\":\"Oscar\",\"image\":{\"@type\":\"ImageObject\",\"inLanguage\":\"en-US\",\"@id\":\"https:\\\/\\\/secure.gravatar.com\\\/avatar\\\/45c195718f652dc7ffdd591dc1f2678956ab7fdadcd359a635edc61304a8c757?s=96&d=mm&r=g\",\"url\":\"https:\\\/\\\/secure.gravatar.com\\\/avatar\\\/45c195718f652dc7ffdd591dc1f2678956ab7fdadcd359a635edc61304a8c757?s=96&d=mm&r=g\",\"contentUrl\":\"https:\\\/\\\/secure.gravatar.com\\\/avatar\\\/45c195718f652dc7ffdd591dc1f2678956ab7fdadcd359a635edc61304a8c757?s=96&d=mm&r=g\",\"caption\":\"Oscar\"},\"url\":\"https:\\\/\\\/lagnoticias.com\\\/en\\\/author\\\/oscar\\\/\"}]}<\/script>\n<!-- \/ Yoast SEO plugin. -->","yoast_head_json":{"title":"Combustibles mantendr\u00e1n su precio durante los pr\u00f3ximos 15 d\u00edas - La G Noticias","robots":{"index":"index","follow":"follow","max-snippet":"max-snippet:-1","max-image-preview":"max-image-preview:large","max-video-preview":"max-video-preview:-1"},"canonical":"https:\/\/lagnoticias.com\/en\/2025\/09\/01\/combustibles-mantendran-su-precio-durante-los-proximos-15-dias\/","og_locale":"en_US","og_type":"article","og_title":"Combustibles mantendr\u00e1n su precio durante los pr\u00f3ximos 15 d\u00edas - La G Noticias","og_description":"Los precios no experimentar\u00e1n cambios para los primeros d\u00edas del mes de septiembre.","og_url":"https:\/\/lagnoticias.com\/en\/2025\/09\/01\/combustibles-mantendran-su-precio-durante-los-proximos-15-dias\/","og_site_name":"La G Noticias","article_publisher":"https:\/\/www.facebook.com\/LaGNoticias","article_published_time":"2025-09-01T16:07:34+00:00","article_modified_time":"2025-09-12T17:56:35+00:00","og_image":[{"width":794,"height":496,"url":"https:\/\/lagnoticias.com\/wp-content\/uploads\/2025\/09\/3.jpg","type":"image\/jpeg"}],"author":"Oscar","twitter_card":"summary_large_image","twitter_creator":"@lagnoticias","twitter_site":"@lagnoticias","twitter_misc":{"Written by":"Oscar","Est. reading time":"1 minute"},"schema":{"@context":"https:\/\/schema.org","@graph":[{"@type":"Article","@id":"https:\/\/lagnoticias.com\/2025\/09\/01\/combustibles-mantendran-su-precio-durante-los-proximos-15-dias\/#article","isPartOf":{"@id":"https:\/\/lagnoticias.com\/2025\/09\/01\/combustibles-mantendran-su-precio-durante-los-proximos-15-dias\/"},"author":{"name":"Oscar","@id":"https:\/\/lagnoticias.com\/#\/schema\/person\/cb9bfe13f8de05d2c55270be25c6a550"},"headline":"Combustibles mantendr\u00e1n su precio durante los pr\u00f3ximos 15 d\u00edas","datePublished":"2025-09-01T16:07:34+00:00","dateModified":"2025-09-12T17:56:35+00:00","mainEntityOfPage":{"@id":"https:\/\/lagnoticias.com\/2025\/09\/01\/combustibles-mantendran-su-precio-durante-los-proximos-15-dias\/"},"wordCount":159,"commentCount":0,"image":{"@id":"https:\/\/lagnoticias.com\/2025\/09\/01\/combustibles-mantendran-su-precio-durante-los-proximos-15-dias\/#primaryimage"},"thumbnailUrl":"https:\/\/lagnoticias.com\/wp-content\/uploads\/2025\/09\/3.jpg","keywords":["COMBUSTIBLES","GASOLINA","precio de los combustibles","PRECIOS DE REFERENCIA"],"articleSection":["NACIONALES"],"inLanguage":"en-US","potentialAction":[{"@type":"CommentAction","name":"Comment","target":["https:\/\/lagnoticias.com\/2025\/09\/01\/combustibles-mantendran-su-precio-durante-los-proximos-15-dias\/#respond"]}]},{"@type":"WebPage","@id":"https:\/\/lagnoticias.com\/2025\/09\/01\/combustibles-mantendran-su-precio-durante-los-proximos-15-dias\/","url":"https:\/\/lagnoticias.com\/2025\/09\/01\/combustibles-mantendran-su-precio-durante-los-proximos-15-dias\/","name":"Combustibles mantendr\u00e1n su precio durante los pr\u00f3ximos 15 d\u00edas - La G Noticias","isPartOf":{"@id":"https:\/\/lagnoticias.com\/#website"},"primaryImageOfPage":{"@id":"https:\/\/lagnoticias.com\/2025\/09\/01\/combustibles-mantendran-su-precio-durante-los-proximos-15-dias\/#primaryimage"},"image":{"@id":"https:\/\/lagnoticias.com\/2025\/09\/01\/combustibles-mantendran-su-precio-durante-los-proximos-15-dias\/#primaryimage"},"thumbnailUrl":"https:\/\/lagnoticias.com\/wp-content\/uploads\/2025\/09\/3.jpg","datePublished":"2025-09-01T16:07:34+00:00","dateModified":"2025-09-12T17:56:35+00:00","author":{"@id":"https:\/\/lagnoticias.com\/#\/schema\/person\/cb9bfe13f8de05d2c55270be25c6a550"},"breadcrumb":{"@id":"https:\/\/lagnoticias.com\/2025\/09\/01\/combustibles-mantendran-su-precio-durante-los-proximos-15-dias\/#breadcrumb"},"inLanguage":"en-US","potentialAction":[{"@type":"ReadAction","target":["https:\/\/lagnoticias.com\/2025\/09\/01\/combustibles-mantendran-su-precio-durante-los-proximos-15-dias\/"]}]},{"@type":"ImageObject","inLanguage":"en-US","@id":"https:\/\/lagnoticias.com\/2025\/09\/01\/combustibles-mantendran-su-precio-durante-los-proximos-15-dias\/#primaryimage","url":"https:\/\/lagnoticias.com\/wp-content\/uploads\/2025\/09\/3.jpg","contentUrl":"https:\/\/lagnoticias.com\/wp-content\/uploads\/2025\/09\/3.jpg","width":794,"height":496},{"@type":"BreadcrumbList","@id":"https:\/\/lagnoticias.com\/2025\/09\/01\/combustibles-mantendran-su-precio-durante-los-proximos-15-dias\/#breadcrumb","itemListElement":[{"@type":"ListItem","position":1,"name":"Portada","item":"https:\/\/lagnoticias.com\/"},{"@type":"ListItem","position":2,"name":"Combustibles mantendr\u00e1n su precio durante los pr\u00f3ximos 15 d\u00edas"}]},{"@type":"WebSite","@id":"https:\/\/lagnoticias.com\/#website","url":"https:\/\/lagnoticias.com\/","name":"La G Noticias","description":"Noticias Positivas","potentialAction":[{"@type":"SearchAction","target":{"@type":"EntryPoint","urlTemplate":"https:\/\/lagnoticias.com\/?s={search_term_string}"},"query-input":{"@type":"PropertyValueSpecification","valueRequired":true,"valueName":"search_term_string"}}],"inLanguage":"en-US"},{"@type":"Person","@id":"https:\/\/lagnoticias.com\/#\/schema\/person\/cb9bfe13f8de05d2c55270be25c6a550","name":"Oscar","image":{"@type":"ImageObject","inLanguage":"en-US","@id":"https:\/\/secure.gravatar.com\/avatar\/45c195718f652dc7ffdd591dc1f2678956ab7fdadcd359a635edc61304a8c757?s=96&d=mm&r=g","url":"https:\/\/secure.gravatar.com\/avatar\/45c195718f652dc7ffdd591dc1f2678956ab7fdadcd359a635edc61304a8c757?s=96&d=mm&r=g","contentUrl":"https:\/\/secure.gravatar.com\/avatar\/45c195718f652dc7ffdd591dc1f2678956ab7fdadcd359a635edc61304a8c757?s=96&d=mm&r=g","caption":"Oscar"},"url":"https:\/\/lagnoticias.com\/en\/author\/oscar\/"}]}},"_links":{"self":[{"href":"https:\/\/lagnoticias.com\/en\/wp-json\/wp\/v2\/posts\/4576","targetHints":{"allow":["GET"]}}],"collection":[{"href":"https:\/\/lagnoticias.com\/en\/wp-json\/wp\/v2\/posts"}],"about":[{"href":"https:\/\/lagnoticias.com\/en\/wp-json\/wp\/v2\/types\/post"}],"author":[{"embeddable":true,"href":"https:\/\/lagnoticias.com\/en\/wp-json\/wp\/v2\/users\/2"}],"replies":[{"embeddable":true,"href":"https:\/\/lagnoticias.com\/en\/wp-json\/wp\/v2\/comments?post=4576"}],"version-history":[{"count":1,"href":"https:\/\/lagnoticias.com\/en\/wp-json\/wp\/v2\/posts\/4576\/revisions"}],"predecessor-version":[{"id":4578,"href":"https:\/\/lagnoticias.com\/en\/wp-json\/wp\/v2\/posts\/4576\/revisions\/4578"}],"wp:featuredmedia":[{"embeddable":true,"href":"https:\/\/lagnoticias.com\/en\/wp-json\/wp\/v2\/media\/4577"}],"wp:attachment":[{"href":"https:\/\/lagnoticias.com\/en\/wp-json\/wp\/v2\/media?parent=4576"}],"wp:term":[{"taxonomy":"category","embeddable":true,"href":"https:\/\/lagnoticias.com\/en\/wp-json\/wp\/v2\/categories?post=4576"},{"taxonomy":"post_tag","embeddable":true,"href":"https:\/\/lagnoticias.com\/en\/wp-json\/wp\/v2\/tags?post=4576"}],"curies":[{"name":"wp","href":"https:\/\/api.w.org\/{rel}","templated":true}]}}