{"id":4479,"date":"2025-08-29T08:49:20","date_gmt":"2025-08-29T14:49:20","guid":{"rendered":"https:\/\/lagnoticias.com\/?p=4479"},"modified":"2025-08-29T08:49:21","modified_gmt":"2025-08-29T14:49:21","slug":"asi-quedaron-los-clasificados-a-cuartos-de-final-en-la-copa-centroamericana-de-concacaf","status":"publish","type":"post","link":"https:\/\/lagnoticias.com\/en\/2025\/08\/29\/asi-quedaron-los-clasificados-a-cuartos-de-final-en-la-copa-centroamericana-de-concacaf\/","title":{"rendered":"As\u00ed quedaron los clasificados a cuartos de final en la Copa Centroamericana de Concacaf"},"content":{"rendered":"<p>La Copa Centroamericana 2025 dej\u00f3 emociones y sue\u00f1os rotos ayer.\u00a0Olimpia, Plaza Amador y Alajuelense aseguraron su pase a cuartos de final, mientras que \u00c1guila, Antigua GFC y Alianza quedaron eliminados.<\/p>\n\n\n\n<h2 class=\"wp-block-heading\">Alajuelense clasifica y elimina a Antigua GFC<\/h2>\n\n\n\n<p>En Costa Rica,&nbsp;Alajuelense venci\u00f3 1-0 a Antigua Guatemala FC&nbsp;con un gol de Anthony Hern\u00e1ndez al minuto 83. El triunfo asegur\u00f3 el pase del conjunto manudo, mientras que el equipo guatemalteco qued\u00f3 eliminado al finalizar con floja producci\u00f3n ofensiva.<\/p>\n\n\n\n<h2 class=\"wp-block-heading\">Real Estel\u00ed se despide con triunfo sobre \u00c1guila<\/h2>\n\n\n\n<p>El Real Estel\u00ed derrot\u00f3 2-0 a Club Deportivo \u00c1guila en Nicaragua.&nbsp;Byron Bonilla abri\u00f3 el marcador al minuto 25 con un tiro libre, y Widman Talavera sentenci\u00f3 al 58\u2019. Con este resultado, Estel\u00ed cerr\u00f3 su participaci\u00f3n con dignidad, aunque ya estaba eliminado. \u00c1guila, de El Salvador, qued\u00f3 fuera tras sumar solo 4 puntos.<\/p>\n\n\n\n<h2 class=\"wp-block-heading\">Olimpia lidera el Grupo D con goleada sobre Xelaj\u00fa MC<\/h2>\n\n\n\n<p>El hondure\u00f1o Olimpia mostr\u00f3 contundencia y gole\u00f3 3-0 a Xelaj\u00fa MC en Tegucigalpa.&nbsp;Elison Rivas, Jerry Bengtson y Jorge Benguch\u00e9 marcaron entre los minutos 33 y 37, dejando sin reacci\u00f3n al rival. Con este resultado, Olimpia cerr\u00f3 como l\u00edder con 10 puntos y&nbsp;Xelaj\u00fa, de Guatemala, avanz\u00f3 en segundo lugar con 9 unidades.<\/p>\n\n\n\n<h2 class=\"wp-block-heading\">Plaza Amador elimina a Alianza y cierra con puntaje perfecto<\/h2>\n\n\n\n<p>En Panam\u00e1,&nbsp;Plaza Amador venci\u00f3 1-0 a Alianza de San Salvador&nbsp;gracias a un gol de Everardo Rose al minuto 40. El equipo paname\u00f1o concluy\u00f3 la fase con puntaje ideal y asegur\u00f3 el liderato de su grupo. Alianza, en cambio, termin\u00f3 con solo 4 puntos y qued\u00f3 fuera del torneo.<\/p>\n\n\n\n<p><\/p>\n\n\n\n<p><\/p>\n\n\n\n<p><\/p>\n\n\n\n<p><\/p>\n\n\n\n<p>(CA 360)<\/p>","protected":false},"excerpt":{"rendered":"<p>En los 4 juegos del mi\u00e9rcoles, los locales vencieron. <\/p>","protected":false},"author":2,"featured_media":4480,"comment_status":"open","ping_status":"open","sticky":false,"template":"","format":"standard","meta":{"_et_pb_use_builder":"off","_et_pb_old_content":"","_et_gb_content_width":"","footnotes":""},"categories":[248],"tags":[],"class_list":["post-4479","post","type-post","status-publish","format-standard","has-post-thumbnail","hentry","category-deportes"],"yoast_head":"<!-- This site is optimized with the Yoast SEO plugin v27.4 - https:\/\/yoast.com\/product\/yoast-seo-wordpress\/ -->\n<title>As\u00ed quedaron los clasificados a cuartos de final en la Copa Centroamericana de Concacaf - La G Noticias<\/title>\n<meta name=\"robots\" content=\"index, follow, max-snippet:-1, max-image-preview:large, max-video-preview:-1\" \/>\n<link rel=\"canonical\" href=\"https:\/\/lagnoticias.com\/en\/2025\/08\/29\/asi-quedaron-los-clasificados-a-cuartos-de-final-en-la-copa-centroamericana-de-concacaf\/\" \/>\n<meta property=\"og:locale\" content=\"en_US\" \/>\n<meta property=\"og:type\" content=\"article\" \/>\n<meta property=\"og:title\" content=\"As\u00ed quedaron los clasificados a cuartos de final en la Copa Centroamericana de Concacaf - La G Noticias\" \/>\n<meta property=\"og:description\" content=\"En los 4 juegos del mi\u00e9rcoles, los locales vencieron.\" \/>\n<meta property=\"og:url\" content=\"https:\/\/lagnoticias.com\/en\/2025\/08\/29\/asi-quedaron-los-clasificados-a-cuartos-de-final-en-la-copa-centroamericana-de-concacaf\/\" \/>\n<meta property=\"og:site_name\" content=\"La G Noticias\" \/>\n<meta property=\"article:publisher\" content=\"https:\/\/www.facebook.com\/LaGNoticias\" \/>\n<meta property=\"article:published_time\" content=\"2025-08-29T14:49:20+00:00\" \/>\n<meta property=\"article:modified_time\" content=\"2025-08-29T14:49:21+00:00\" \/>\n<meta property=\"og:image\" content=\"https:\/\/lagnoticias.com\/wp-content\/uploads\/2025\/08\/1-21.jpg\" \/>\n\t<meta property=\"og:image:width\" content=\"1067\" \/>\n\t<meta property=\"og:image:height\" content=\"572\" \/>\n\t<meta property=\"og:image:type\" content=\"image\/jpeg\" \/>\n<meta name=\"author\" content=\"Oscar\" \/>\n<meta name=\"twitter:card\" content=\"summary_large_image\" \/>\n<meta name=\"twitter:creator\" content=\"@lagnoticias\" \/>\n<meta name=\"twitter:site\" content=\"@lagnoticias\" \/>\n<meta name=\"twitter:label1\" content=\"Written by\" \/>\n\t<meta name=\"twitter:data1\" content=\"Oscar\" \/>\n\t<meta name=\"twitter:label2\" content=\"Est. reading time\" \/>\n\t<meta name=\"twitter:data2\" content=\"2 minutes\" \/>\n<script type=\"application\/ld+json\" class=\"yoast-schema-graph\">{\"@context\":\"https:\\\/\\\/schema.org\",\"@graph\":[{\"@type\":\"Article\",\"@id\":\"https:\\\/\\\/lagnoticias.com\\\/2025\\\/08\\\/29\\\/asi-quedaron-los-clasificados-a-cuartos-de-final-en-la-copa-centroamericana-de-concacaf\\\/#article\",\"isPartOf\":{\"@id\":\"https:\\\/\\\/lagnoticias.com\\\/2025\\\/08\\\/29\\\/asi-quedaron-los-clasificados-a-cuartos-de-final-en-la-copa-centroamericana-de-concacaf\\\/\"},\"author\":{\"name\":\"Oscar\",\"@id\":\"https:\\\/\\\/lagnoticias.com\\\/#\\\/schema\\\/person\\\/cb9bfe13f8de05d2c55270be25c6a550\"},\"headline\":\"As\u00ed quedaron los clasificados a cuartos de final en la Copa Centroamericana de Concacaf\",\"datePublished\":\"2025-08-29T14:49:20+00:00\",\"dateModified\":\"2025-08-29T14:49:21+00:00\",\"mainEntityOfPage\":{\"@id\":\"https:\\\/\\\/lagnoticias.com\\\/2025\\\/08\\\/29\\\/asi-quedaron-los-clasificados-a-cuartos-de-final-en-la-copa-centroamericana-de-concacaf\\\/\"},\"wordCount\":281,\"commentCount\":0,\"image\":{\"@id\":\"https:\\\/\\\/lagnoticias.com\\\/2025\\\/08\\\/29\\\/asi-quedaron-los-clasificados-a-cuartos-de-final-en-la-copa-centroamericana-de-concacaf\\\/#primaryimage\"},\"thumbnailUrl\":\"https:\\\/\\\/lagnoticias.com\\\/wp-content\\\/uploads\\\/2025\\\/08\\\/1-21.jpg\",\"articleSection\":[\"DEPORTES\"],\"inLanguage\":\"en-US\",\"potentialAction\":[{\"@type\":\"CommentAction\",\"name\":\"Comment\",\"target\":[\"https:\\\/\\\/lagnoticias.com\\\/2025\\\/08\\\/29\\\/asi-quedaron-los-clasificados-a-cuartos-de-final-en-la-copa-centroamericana-de-concacaf\\\/#respond\"]}]},{\"@type\":\"WebPage\",\"@id\":\"https:\\\/\\\/lagnoticias.com\\\/2025\\\/08\\\/29\\\/asi-quedaron-los-clasificados-a-cuartos-de-final-en-la-copa-centroamericana-de-concacaf\\\/\",\"url\":\"https:\\\/\\\/lagnoticias.com\\\/2025\\\/08\\\/29\\\/asi-quedaron-los-clasificados-a-cuartos-de-final-en-la-copa-centroamericana-de-concacaf\\\/\",\"name\":\"As\u00ed quedaron los clasificados a cuartos de final en la Copa Centroamericana de Concacaf - La G Noticias\",\"isPartOf\":{\"@id\":\"https:\\\/\\\/lagnoticias.com\\\/#website\"},\"primaryImageOfPage\":{\"@id\":\"https:\\\/\\\/lagnoticias.com\\\/2025\\\/08\\\/29\\\/asi-quedaron-los-clasificados-a-cuartos-de-final-en-la-copa-centroamericana-de-concacaf\\\/#primaryimage\"},\"image\":{\"@id\":\"https:\\\/\\\/lagnoticias.com\\\/2025\\\/08\\\/29\\\/asi-quedaron-los-clasificados-a-cuartos-de-final-en-la-copa-centroamericana-de-concacaf\\\/#primaryimage\"},\"thumbnailUrl\":\"https:\\\/\\\/lagnoticias.com\\\/wp-content\\\/uploads\\\/2025\\\/08\\\/1-21.jpg\",\"datePublished\":\"2025-08-29T14:49:20+00:00\",\"dateModified\":\"2025-08-29T14:49:21+00:00\",\"author\":{\"@id\":\"https:\\\/\\\/lagnoticias.com\\\/#\\\/schema\\\/person\\\/cb9bfe13f8de05d2c55270be25c6a550\"},\"breadcrumb\":{\"@id\":\"https:\\\/\\\/lagnoticias.com\\\/2025\\\/08\\\/29\\\/asi-quedaron-los-clasificados-a-cuartos-de-final-en-la-copa-centroamericana-de-concacaf\\\/#breadcrumb\"},\"inLanguage\":\"en-US\",\"potentialAction\":[{\"@type\":\"ReadAction\",\"target\":[\"https:\\\/\\\/lagnoticias.com\\\/2025\\\/08\\\/29\\\/asi-quedaron-los-clasificados-a-cuartos-de-final-en-la-copa-centroamericana-de-concacaf\\\/\"]}]},{\"@type\":\"ImageObject\",\"inLanguage\":\"en-US\",\"@id\":\"https:\\\/\\\/lagnoticias.com\\\/2025\\\/08\\\/29\\\/asi-quedaron-los-clasificados-a-cuartos-de-final-en-la-copa-centroamericana-de-concacaf\\\/#primaryimage\",\"url\":\"https:\\\/\\\/lagnoticias.com\\\/wp-content\\\/uploads\\\/2025\\\/08\\\/1-21.jpg\",\"contentUrl\":\"https:\\\/\\\/lagnoticias.com\\\/wp-content\\\/uploads\\\/2025\\\/08\\\/1-21.jpg\",\"width\":1067,\"height\":572},{\"@type\":\"BreadcrumbList\",\"@id\":\"https:\\\/\\\/lagnoticias.com\\\/2025\\\/08\\\/29\\\/asi-quedaron-los-clasificados-a-cuartos-de-final-en-la-copa-centroamericana-de-concacaf\\\/#breadcrumb\",\"itemListElement\":[{\"@type\":\"ListItem\",\"position\":1,\"name\":\"Portada\",\"item\":\"https:\\\/\\\/lagnoticias.com\\\/\"},{\"@type\":\"ListItem\",\"position\":2,\"name\":\"As\u00ed quedaron los clasificados a cuartos de final en la Copa Centroamericana de Concacaf\"}]},{\"@type\":\"WebSite\",\"@id\":\"https:\\\/\\\/lagnoticias.com\\\/#website\",\"url\":\"https:\\\/\\\/lagnoticias.com\\\/\",\"name\":\"La G Noticias\",\"description\":\"Noticias Positivas\",\"potentialAction\":[{\"@type\":\"SearchAction\",\"target\":{\"@type\":\"EntryPoint\",\"urlTemplate\":\"https:\\\/\\\/lagnoticias.com\\\/?s={search_term_string}\"},\"query-input\":{\"@type\":\"PropertyValueSpecification\",\"valueRequired\":true,\"valueName\":\"search_term_string\"}}],\"inLanguage\":\"en-US\"},{\"@type\":\"Person\",\"@id\":\"https:\\\/\\\/lagnoticias.com\\\/#\\\/schema\\\/person\\\/cb9bfe13f8de05d2c55270be25c6a550\",\"name\":\"Oscar\",\"image\":{\"@type\":\"ImageObject\",\"inLanguage\":\"en-US\",\"@id\":\"https:\\\/\\\/secure.gravatar.com\\\/avatar\\\/45c195718f652dc7ffdd591dc1f2678956ab7fdadcd359a635edc61304a8c757?s=96&d=mm&r=g\",\"url\":\"https:\\\/\\\/secure.gravatar.com\\\/avatar\\\/45c195718f652dc7ffdd591dc1f2678956ab7fdadcd359a635edc61304a8c757?s=96&d=mm&r=g\",\"contentUrl\":\"https:\\\/\\\/secure.gravatar.com\\\/avatar\\\/45c195718f652dc7ffdd591dc1f2678956ab7fdadcd359a635edc61304a8c757?s=96&d=mm&r=g\",\"caption\":\"Oscar\"},\"url\":\"https:\\\/\\\/lagnoticias.com\\\/en\\\/author\\\/oscar\\\/\"}]}<\/script>\n<!-- \/ Yoast SEO plugin. -->","yoast_head_json":{"title":"As\u00ed quedaron los clasificados a cuartos de final en la Copa Centroamericana de Concacaf - La G Noticias","robots":{"index":"index","follow":"follow","max-snippet":"max-snippet:-1","max-image-preview":"max-image-preview:large","max-video-preview":"max-video-preview:-1"},"canonical":"https:\/\/lagnoticias.com\/en\/2025\/08\/29\/asi-quedaron-los-clasificados-a-cuartos-de-final-en-la-copa-centroamericana-de-concacaf\/","og_locale":"en_US","og_type":"article","og_title":"As\u00ed quedaron los clasificados a cuartos de final en la Copa Centroamericana de Concacaf - La G Noticias","og_description":"En los 4 juegos del mi\u00e9rcoles, los locales vencieron.","og_url":"https:\/\/lagnoticias.com\/en\/2025\/08\/29\/asi-quedaron-los-clasificados-a-cuartos-de-final-en-la-copa-centroamericana-de-concacaf\/","og_site_name":"La G Noticias","article_publisher":"https:\/\/www.facebook.com\/LaGNoticias","article_published_time":"2025-08-29T14:49:20+00:00","article_modified_time":"2025-08-29T14:49:21+00:00","og_image":[{"width":1067,"height":572,"url":"https:\/\/lagnoticias.com\/wp-content\/uploads\/2025\/08\/1-21.jpg","type":"image\/jpeg"}],"author":"Oscar","twitter_card":"summary_large_image","twitter_creator":"@lagnoticias","twitter_site":"@lagnoticias","twitter_misc":{"Written by":"Oscar","Est. reading time":"2 minutes"},"schema":{"@context":"https:\/\/schema.org","@graph":[{"@type":"Article","@id":"https:\/\/lagnoticias.com\/2025\/08\/29\/asi-quedaron-los-clasificados-a-cuartos-de-final-en-la-copa-centroamericana-de-concacaf\/#article","isPartOf":{"@id":"https:\/\/lagnoticias.com\/2025\/08\/29\/asi-quedaron-los-clasificados-a-cuartos-de-final-en-la-copa-centroamericana-de-concacaf\/"},"author":{"name":"Oscar","@id":"https:\/\/lagnoticias.com\/#\/schema\/person\/cb9bfe13f8de05d2c55270be25c6a550"},"headline":"As\u00ed quedaron los clasificados a cuartos de final en la Copa Centroamericana de Concacaf","datePublished":"2025-08-29T14:49:20+00:00","dateModified":"2025-08-29T14:49:21+00:00","mainEntityOfPage":{"@id":"https:\/\/lagnoticias.com\/2025\/08\/29\/asi-quedaron-los-clasificados-a-cuartos-de-final-en-la-copa-centroamericana-de-concacaf\/"},"wordCount":281,"commentCount":0,"image":{"@id":"https:\/\/lagnoticias.com\/2025\/08\/29\/asi-quedaron-los-clasificados-a-cuartos-de-final-en-la-copa-centroamericana-de-concacaf\/#primaryimage"},"thumbnailUrl":"https:\/\/lagnoticias.com\/wp-content\/uploads\/2025\/08\/1-21.jpg","articleSection":["DEPORTES"],"inLanguage":"en-US","potentialAction":[{"@type":"CommentAction","name":"Comment","target":["https:\/\/lagnoticias.com\/2025\/08\/29\/asi-quedaron-los-clasificados-a-cuartos-de-final-en-la-copa-centroamericana-de-concacaf\/#respond"]}]},{"@type":"WebPage","@id":"https:\/\/lagnoticias.com\/2025\/08\/29\/asi-quedaron-los-clasificados-a-cuartos-de-final-en-la-copa-centroamericana-de-concacaf\/","url":"https:\/\/lagnoticias.com\/2025\/08\/29\/asi-quedaron-los-clasificados-a-cuartos-de-final-en-la-copa-centroamericana-de-concacaf\/","name":"As\u00ed quedaron los clasificados a cuartos de final en la Copa Centroamericana de Concacaf - La G Noticias","isPartOf":{"@id":"https:\/\/lagnoticias.com\/#website"},"primaryImageOfPage":{"@id":"https:\/\/lagnoticias.com\/2025\/08\/29\/asi-quedaron-los-clasificados-a-cuartos-de-final-en-la-copa-centroamericana-de-concacaf\/#primaryimage"},"image":{"@id":"https:\/\/lagnoticias.com\/2025\/08\/29\/asi-quedaron-los-clasificados-a-cuartos-de-final-en-la-copa-centroamericana-de-concacaf\/#primaryimage"},"thumbnailUrl":"https:\/\/lagnoticias.com\/wp-content\/uploads\/2025\/08\/1-21.jpg","datePublished":"2025-08-29T14:49:20+00:00","dateModified":"2025-08-29T14:49:21+00:00","author":{"@id":"https:\/\/lagnoticias.com\/#\/schema\/person\/cb9bfe13f8de05d2c55270be25c6a550"},"breadcrumb":{"@id":"https:\/\/lagnoticias.com\/2025\/08\/29\/asi-quedaron-los-clasificados-a-cuartos-de-final-en-la-copa-centroamericana-de-concacaf\/#breadcrumb"},"inLanguage":"en-US","potentialAction":[{"@type":"ReadAction","target":["https:\/\/lagnoticias.com\/2025\/08\/29\/asi-quedaron-los-clasificados-a-cuartos-de-final-en-la-copa-centroamericana-de-concacaf\/"]}]},{"@type":"ImageObject","inLanguage":"en-US","@id":"https:\/\/lagnoticias.com\/2025\/08\/29\/asi-quedaron-los-clasificados-a-cuartos-de-final-en-la-copa-centroamericana-de-concacaf\/#primaryimage","url":"https:\/\/lagnoticias.com\/wp-content\/uploads\/2025\/08\/1-21.jpg","contentUrl":"https:\/\/lagnoticias.com\/wp-content\/uploads\/2025\/08\/1-21.jpg","width":1067,"height":572},{"@type":"BreadcrumbList","@id":"https:\/\/lagnoticias.com\/2025\/08\/29\/asi-quedaron-los-clasificados-a-cuartos-de-final-en-la-copa-centroamericana-de-concacaf\/#breadcrumb","itemListElement":[{"@type":"ListItem","position":1,"name":"Portada","item":"https:\/\/lagnoticias.com\/"},{"@type":"ListItem","position":2,"name":"As\u00ed quedaron los clasificados a cuartos de final en la Copa Centroamericana de Concacaf"}]},{"@type":"WebSite","@id":"https:\/\/lagnoticias.com\/#website","url":"https:\/\/lagnoticias.com\/","name":"La G Noticias","description":"Noticias Positivas","potentialAction":[{"@type":"SearchAction","target":{"@type":"EntryPoint","urlTemplate":"https:\/\/lagnoticias.com\/?s={search_term_string}"},"query-input":{"@type":"PropertyValueSpecification","valueRequired":true,"valueName":"search_term_string"}}],"inLanguage":"en-US"},{"@type":"Person","@id":"https:\/\/lagnoticias.com\/#\/schema\/person\/cb9bfe13f8de05d2c55270be25c6a550","name":"Oscar","image":{"@type":"ImageObject","inLanguage":"en-US","@id":"https:\/\/secure.gravatar.com\/avatar\/45c195718f652dc7ffdd591dc1f2678956ab7fdadcd359a635edc61304a8c757?s=96&d=mm&r=g","url":"https:\/\/secure.gravatar.com\/avatar\/45c195718f652dc7ffdd591dc1f2678956ab7fdadcd359a635edc61304a8c757?s=96&d=mm&r=g","contentUrl":"https:\/\/secure.gravatar.com\/avatar\/45c195718f652dc7ffdd591dc1f2678956ab7fdadcd359a635edc61304a8c757?s=96&d=mm&r=g","caption":"Oscar"},"url":"https:\/\/lagnoticias.com\/en\/author\/oscar\/"}]}},"_links":{"self":[{"href":"https:\/\/lagnoticias.com\/en\/wp-json\/wp\/v2\/posts\/4479","targetHints":{"allow":["GET"]}}],"collection":[{"href":"https:\/\/lagnoticias.com\/en\/wp-json\/wp\/v2\/posts"}],"about":[{"href":"https:\/\/lagnoticias.com\/en\/wp-json\/wp\/v2\/types\/post"}],"author":[{"embeddable":true,"href":"https:\/\/lagnoticias.com\/en\/wp-json\/wp\/v2\/users\/2"}],"replies":[{"embeddable":true,"href":"https:\/\/lagnoticias.com\/en\/wp-json\/wp\/v2\/comments?post=4479"}],"version-history":[{"count":1,"href":"https:\/\/lagnoticias.com\/en\/wp-json\/wp\/v2\/posts\/4479\/revisions"}],"predecessor-version":[{"id":4481,"href":"https:\/\/lagnoticias.com\/en\/wp-json\/wp\/v2\/posts\/4479\/revisions\/4481"}],"wp:featuredmedia":[{"embeddable":true,"href":"https:\/\/lagnoticias.com\/en\/wp-json\/wp\/v2\/media\/4480"}],"wp:attachment":[{"href":"https:\/\/lagnoticias.com\/en\/wp-json\/wp\/v2\/media?parent=4479"}],"wp:term":[{"taxonomy":"category","embeddable":true,"href":"https:\/\/lagnoticias.com\/en\/wp-json\/wp\/v2\/categories?post=4479"},{"taxonomy":"post_tag","embeddable":true,"href":"https:\/\/lagnoticias.com\/en\/wp-json\/wp\/v2\/tags?post=4479"}],"curies":[{"name":"wp","href":"https:\/\/api.w.org\/{rel}","templated":true}]}}