{"id":4472,"date":"2025-08-28T15:37:51","date_gmt":"2025-08-28T21:37:51","guid":{"rendered":"https:\/\/lagnoticias.com\/?p=4472"},"modified":"2025-08-28T15:37:52","modified_gmt":"2025-08-28T21:37:52","slug":"lanza-el-proyecto-de-playas-cardioseguras-en-surf-city","status":"publish","type":"post","link":"https:\/\/lagnoticias.com\/en\/2025\/08\/28\/lanza-el-proyecto-de-playas-cardioseguras-en-surf-city\/","title":{"rendered":"Lanza el proyecto de Playas Cardioseguras en Surf City\u00a0"},"content":{"rendered":"<h2 class=\"wp-block-heading\">Este d\u00eda el Ministerio de Turismo en coordinaci\u00f3n con la Direcci\u00f3n Nacional de Protecci\u00f3n Civil inaugur\u00f3 el proyecto de Playas Cardioseguras, en Surf City. <\/h2>\n\n\n\n<p>Se trata de la playa El Tunco, La Libertad Costa, en la que entregaron un desfibrilador externo autom\u00e1tico, y adem\u00e1s de brindar una capacitaci\u00f3n para guardavidas.\u00a0<\/p>\n\n\n\n<p>\u201cYa tenemos la seguridad,&nbsp;lo logr\u00f3 el presidente Bukele, ahora necesitamos tener seguridad acu\u00e1tica y adem\u00e1s estar listos para cualquier emergencia. Es por eso que estamos haciendo una capacitaci\u00f3n a nivel nacional, en toda la zona costero marina, contando con Surf City, guardavidas, congreso con ILS, vinieron de otros pa\u00edses a mostrarnos como es el tema de la seguridad acu\u00e1tica, y El Salvador tiene un gran potencial\u201d, expres\u00f3 la ministra de Turismo, Morena Valdez.&nbsp;<\/p>\n\n\n\n<p>Actualmente, se ha implementado un protocolo que, al presentarse una emergencia, activa todos los sistemas de alarmas, coordinando con las instituciones de atenci\u00f3n m\u00e9dica prehospitalaria teniendo en com\u00fan el objetivo de resguardar la vida de las personas, ahora con herramientas m\u00e9dicas con tecnolog\u00eda de vanguardia.&nbsp;<\/p>\n\n\n\n<p>\u201cEstamos dando un salto muy alto de calidad, proveer la asistencia cardiorrespiratoria con el desfibrilador autom\u00e1tico, nos asegura un alto porcentaje de darle una segunda oportunidad de vida a una persona para que, mientras llega la ambulancia lo vamos a tener al menos con el m\u00ednimo de pulsaciones, procurando que pueda llegar a un centro asistencial vivo\u201d, asegur\u00f3 el director de Protecci\u00f3n Civil, Luis Alonso Amaya.&nbsp;&nbsp;<\/p>\n\n\n\n<p>Esta acci\u00f3n es coordinada con las comunidades que habitan y trabajan en el \u00e1rea comercial de la costa: son capacitados con conocimientos b\u00e1sicos de atenci\u00f3n de emergencias, as\u00ed como la utilizaci\u00f3n del desfibrilador, escaneando un QR que permite acceder al video explicativo sobre c\u00f3mo funciona el equipo. &nbsp;<\/p>","protected":false},"excerpt":{"rendered":"<p>El proyecto arranca en playa El Tunco, La Libertad<\/p>","protected":false},"author":2,"featured_media":4473,"comment_status":"open","ping_status":"open","sticky":false,"template":"","format":"standard","meta":{"_et_pb_use_builder":"off","_et_pb_old_content":"","_et_gb_content_width":"","footnotes":""},"categories":[244],"tags":[267,268,314,820,388],"class_list":["post-4472","post","type-post","status-publish","format-standard","has-post-thumbnail","hentry","category-nacionales","tag-el-salvador","tag-gobierno-de-el-salvador","tag-mitur","tag-playas-cardioseguras","tag-surf-city"],"yoast_head":"<!-- This site is optimized with the Yoast SEO plugin v27.4 - https:\/\/yoast.com\/product\/yoast-seo-wordpress\/ -->\n<title>Lanza el proyecto de Playas Cardioseguras en Surf City\u00a0 - La G Noticias<\/title>\n<meta name=\"robots\" content=\"index, follow, max-snippet:-1, max-image-preview:large, max-video-preview:-1\" \/>\n<link rel=\"canonical\" href=\"https:\/\/lagnoticias.com\/en\/2025\/08\/28\/lanza-el-proyecto-de-playas-cardioseguras-en-surf-city\/\" \/>\n<meta property=\"og:locale\" content=\"en_US\" \/>\n<meta property=\"og:type\" content=\"article\" \/>\n<meta property=\"og:title\" content=\"Lanza el proyecto de Playas Cardioseguras en Surf City\u00a0 - La G Noticias\" \/>\n<meta property=\"og:description\" content=\"El proyecto arranca en playa El Tunco, La Libertad\" \/>\n<meta property=\"og:url\" content=\"https:\/\/lagnoticias.com\/en\/2025\/08\/28\/lanza-el-proyecto-de-playas-cardioseguras-en-surf-city\/\" \/>\n<meta property=\"og:site_name\" content=\"La G Noticias\" \/>\n<meta property=\"article:publisher\" content=\"https:\/\/www.facebook.com\/LaGNoticias\" \/>\n<meta property=\"article:published_time\" content=\"2025-08-28T21:37:51+00:00\" \/>\n<meta property=\"article:modified_time\" content=\"2025-08-28T21:37:52+00:00\" \/>\n<meta property=\"og:image\" content=\"https:\/\/lagnoticias.com\/wp-content\/uploads\/2025\/08\/WhatsACpp-Image-2025-08-28-at-09.58.281-scaled.jpg\" \/>\n\t<meta property=\"og:image:width\" content=\"2560\" \/>\n\t<meta property=\"og:image:height\" content=\"1440\" \/>\n\t<meta property=\"og:image:type\" content=\"image\/jpeg\" \/>\n<meta name=\"author\" content=\"Oscar\" \/>\n<meta name=\"twitter:card\" content=\"summary_large_image\" \/>\n<meta name=\"twitter:creator\" content=\"@lagnoticias\" \/>\n<meta name=\"twitter:site\" content=\"@lagnoticias\" \/>\n<meta name=\"twitter:label1\" content=\"Written by\" \/>\n\t<meta name=\"twitter:data1\" content=\"Oscar\" \/>\n\t<meta name=\"twitter:label2\" content=\"Est. reading time\" \/>\n\t<meta name=\"twitter:data2\" content=\"2 minutes\" \/>\n<script type=\"application\/ld+json\" class=\"yoast-schema-graph\">{\"@context\":\"https:\\\/\\\/schema.org\",\"@graph\":[{\"@type\":\"Article\",\"@id\":\"https:\\\/\\\/lagnoticias.com\\\/2025\\\/08\\\/28\\\/lanza-el-proyecto-de-playas-cardioseguras-en-surf-city\\\/#article\",\"isPartOf\":{\"@id\":\"https:\\\/\\\/lagnoticias.com\\\/2025\\\/08\\\/28\\\/lanza-el-proyecto-de-playas-cardioseguras-en-surf-city\\\/\"},\"author\":{\"name\":\"Oscar\",\"@id\":\"https:\\\/\\\/lagnoticias.com\\\/#\\\/schema\\\/person\\\/cb9bfe13f8de05d2c55270be25c6a550\"},\"headline\":\"Lanza el proyecto de Playas Cardioseguras en Surf City\u00a0\",\"datePublished\":\"2025-08-28T21:37:51+00:00\",\"dateModified\":\"2025-08-28T21:37:52+00:00\",\"mainEntityOfPage\":{\"@id\":\"https:\\\/\\\/lagnoticias.com\\\/2025\\\/08\\\/28\\\/lanza-el-proyecto-de-playas-cardioseguras-en-surf-city\\\/\"},\"wordCount\":322,\"commentCount\":0,\"image\":{\"@id\":\"https:\\\/\\\/lagnoticias.com\\\/2025\\\/08\\\/28\\\/lanza-el-proyecto-de-playas-cardioseguras-en-surf-city\\\/#primaryimage\"},\"thumbnailUrl\":\"https:\\\/\\\/lagnoticias.com\\\/wp-content\\\/uploads\\\/2025\\\/08\\\/WhatsACpp-Image-2025-08-28-at-09.58.281-scaled.jpg\",\"keywords\":[\"EL SALVADOR\",\"GOBIERNO DE EL SALVADOR\",\"MITUR\",\"Playas Cardioseguras\",\"SURF CITY\"],\"articleSection\":[\"NACIONALES\"],\"inLanguage\":\"en-US\",\"potentialAction\":[{\"@type\":\"CommentAction\",\"name\":\"Comment\",\"target\":[\"https:\\\/\\\/lagnoticias.com\\\/2025\\\/08\\\/28\\\/lanza-el-proyecto-de-playas-cardioseguras-en-surf-city\\\/#respond\"]}]},{\"@type\":\"WebPage\",\"@id\":\"https:\\\/\\\/lagnoticias.com\\\/2025\\\/08\\\/28\\\/lanza-el-proyecto-de-playas-cardioseguras-en-surf-city\\\/\",\"url\":\"https:\\\/\\\/lagnoticias.com\\\/2025\\\/08\\\/28\\\/lanza-el-proyecto-de-playas-cardioseguras-en-surf-city\\\/\",\"name\":\"Lanza el proyecto de Playas Cardioseguras en Surf City\u00a0 - La G Noticias\",\"isPartOf\":{\"@id\":\"https:\\\/\\\/lagnoticias.com\\\/#website\"},\"primaryImageOfPage\":{\"@id\":\"https:\\\/\\\/lagnoticias.com\\\/2025\\\/08\\\/28\\\/lanza-el-proyecto-de-playas-cardioseguras-en-surf-city\\\/#primaryimage\"},\"image\":{\"@id\":\"https:\\\/\\\/lagnoticias.com\\\/2025\\\/08\\\/28\\\/lanza-el-proyecto-de-playas-cardioseguras-en-surf-city\\\/#primaryimage\"},\"thumbnailUrl\":\"https:\\\/\\\/lagnoticias.com\\\/wp-content\\\/uploads\\\/2025\\\/08\\\/WhatsACpp-Image-2025-08-28-at-09.58.281-scaled.jpg\",\"datePublished\":\"2025-08-28T21:37:51+00:00\",\"dateModified\":\"2025-08-28T21:37:52+00:00\",\"author\":{\"@id\":\"https:\\\/\\\/lagnoticias.com\\\/#\\\/schema\\\/person\\\/cb9bfe13f8de05d2c55270be25c6a550\"},\"breadcrumb\":{\"@id\":\"https:\\\/\\\/lagnoticias.com\\\/2025\\\/08\\\/28\\\/lanza-el-proyecto-de-playas-cardioseguras-en-surf-city\\\/#breadcrumb\"},\"inLanguage\":\"en-US\",\"potentialAction\":[{\"@type\":\"ReadAction\",\"target\":[\"https:\\\/\\\/lagnoticias.com\\\/2025\\\/08\\\/28\\\/lanza-el-proyecto-de-playas-cardioseguras-en-surf-city\\\/\"]}]},{\"@type\":\"ImageObject\",\"inLanguage\":\"en-US\",\"@id\":\"https:\\\/\\\/lagnoticias.com\\\/2025\\\/08\\\/28\\\/lanza-el-proyecto-de-playas-cardioseguras-en-surf-city\\\/#primaryimage\",\"url\":\"https:\\\/\\\/lagnoticias.com\\\/wp-content\\\/uploads\\\/2025\\\/08\\\/WhatsACpp-Image-2025-08-28-at-09.58.281-scaled.jpg\",\"contentUrl\":\"https:\\\/\\\/lagnoticias.com\\\/wp-content\\\/uploads\\\/2025\\\/08\\\/WhatsACpp-Image-2025-08-28-at-09.58.281-scaled.jpg\",\"width\":2560,\"height\":1440},{\"@type\":\"BreadcrumbList\",\"@id\":\"https:\\\/\\\/lagnoticias.com\\\/2025\\\/08\\\/28\\\/lanza-el-proyecto-de-playas-cardioseguras-en-surf-city\\\/#breadcrumb\",\"itemListElement\":[{\"@type\":\"ListItem\",\"position\":1,\"name\":\"Portada\",\"item\":\"https:\\\/\\\/lagnoticias.com\\\/\"},{\"@type\":\"ListItem\",\"position\":2,\"name\":\"Lanza el proyecto de Playas Cardioseguras en Surf City\u00a0\"}]},{\"@type\":\"WebSite\",\"@id\":\"https:\\\/\\\/lagnoticias.com\\\/#website\",\"url\":\"https:\\\/\\\/lagnoticias.com\\\/\",\"name\":\"La G Noticias\",\"description\":\"Noticias Positivas\",\"potentialAction\":[{\"@type\":\"SearchAction\",\"target\":{\"@type\":\"EntryPoint\",\"urlTemplate\":\"https:\\\/\\\/lagnoticias.com\\\/?s={search_term_string}\"},\"query-input\":{\"@type\":\"PropertyValueSpecification\",\"valueRequired\":true,\"valueName\":\"search_term_string\"}}],\"inLanguage\":\"en-US\"},{\"@type\":\"Person\",\"@id\":\"https:\\\/\\\/lagnoticias.com\\\/#\\\/schema\\\/person\\\/cb9bfe13f8de05d2c55270be25c6a550\",\"name\":\"Oscar\",\"image\":{\"@type\":\"ImageObject\",\"inLanguage\":\"en-US\",\"@id\":\"https:\\\/\\\/secure.gravatar.com\\\/avatar\\\/45c195718f652dc7ffdd591dc1f2678956ab7fdadcd359a635edc61304a8c757?s=96&d=mm&r=g\",\"url\":\"https:\\\/\\\/secure.gravatar.com\\\/avatar\\\/45c195718f652dc7ffdd591dc1f2678956ab7fdadcd359a635edc61304a8c757?s=96&d=mm&r=g\",\"contentUrl\":\"https:\\\/\\\/secure.gravatar.com\\\/avatar\\\/45c195718f652dc7ffdd591dc1f2678956ab7fdadcd359a635edc61304a8c757?s=96&d=mm&r=g\",\"caption\":\"Oscar\"},\"url\":\"https:\\\/\\\/lagnoticias.com\\\/en\\\/author\\\/oscar\\\/\"}]}<\/script>\n<!-- \/ Yoast SEO plugin. -->","yoast_head_json":{"title":"Lanza el proyecto de Playas Cardioseguras en Surf City\u00a0 - La G Noticias","robots":{"index":"index","follow":"follow","max-snippet":"max-snippet:-1","max-image-preview":"max-image-preview:large","max-video-preview":"max-video-preview:-1"},"canonical":"https:\/\/lagnoticias.com\/en\/2025\/08\/28\/lanza-el-proyecto-de-playas-cardioseguras-en-surf-city\/","og_locale":"en_US","og_type":"article","og_title":"Lanza el proyecto de Playas Cardioseguras en Surf City\u00a0 - La G Noticias","og_description":"El proyecto arranca en playa El Tunco, La Libertad","og_url":"https:\/\/lagnoticias.com\/en\/2025\/08\/28\/lanza-el-proyecto-de-playas-cardioseguras-en-surf-city\/","og_site_name":"La G Noticias","article_publisher":"https:\/\/www.facebook.com\/LaGNoticias","article_published_time":"2025-08-28T21:37:51+00:00","article_modified_time":"2025-08-28T21:37:52+00:00","og_image":[{"width":2560,"height":1440,"url":"https:\/\/lagnoticias.com\/wp-content\/uploads\/2025\/08\/WhatsACpp-Image-2025-08-28-at-09.58.281-scaled.jpg","type":"image\/jpeg"}],"author":"Oscar","twitter_card":"summary_large_image","twitter_creator":"@lagnoticias","twitter_site":"@lagnoticias","twitter_misc":{"Written by":"Oscar","Est. reading time":"2 minutes"},"schema":{"@context":"https:\/\/schema.org","@graph":[{"@type":"Article","@id":"https:\/\/lagnoticias.com\/2025\/08\/28\/lanza-el-proyecto-de-playas-cardioseguras-en-surf-city\/#article","isPartOf":{"@id":"https:\/\/lagnoticias.com\/2025\/08\/28\/lanza-el-proyecto-de-playas-cardioseguras-en-surf-city\/"},"author":{"name":"Oscar","@id":"https:\/\/lagnoticias.com\/#\/schema\/person\/cb9bfe13f8de05d2c55270be25c6a550"},"headline":"Lanza el proyecto de Playas Cardioseguras en Surf City\u00a0","datePublished":"2025-08-28T21:37:51+00:00","dateModified":"2025-08-28T21:37:52+00:00","mainEntityOfPage":{"@id":"https:\/\/lagnoticias.com\/2025\/08\/28\/lanza-el-proyecto-de-playas-cardioseguras-en-surf-city\/"},"wordCount":322,"commentCount":0,"image":{"@id":"https:\/\/lagnoticias.com\/2025\/08\/28\/lanza-el-proyecto-de-playas-cardioseguras-en-surf-city\/#primaryimage"},"thumbnailUrl":"https:\/\/lagnoticias.com\/wp-content\/uploads\/2025\/08\/WhatsACpp-Image-2025-08-28-at-09.58.281-scaled.jpg","keywords":["EL SALVADOR","GOBIERNO DE EL SALVADOR","MITUR","Playas Cardioseguras","SURF CITY"],"articleSection":["NACIONALES"],"inLanguage":"en-US","potentialAction":[{"@type":"CommentAction","name":"Comment","target":["https:\/\/lagnoticias.com\/2025\/08\/28\/lanza-el-proyecto-de-playas-cardioseguras-en-surf-city\/#respond"]}]},{"@type":"WebPage","@id":"https:\/\/lagnoticias.com\/2025\/08\/28\/lanza-el-proyecto-de-playas-cardioseguras-en-surf-city\/","url":"https:\/\/lagnoticias.com\/2025\/08\/28\/lanza-el-proyecto-de-playas-cardioseguras-en-surf-city\/","name":"Lanza el proyecto de Playas Cardioseguras en Surf City\u00a0 - La G Noticias","isPartOf":{"@id":"https:\/\/lagnoticias.com\/#website"},"primaryImageOfPage":{"@id":"https:\/\/lagnoticias.com\/2025\/08\/28\/lanza-el-proyecto-de-playas-cardioseguras-en-surf-city\/#primaryimage"},"image":{"@id":"https:\/\/lagnoticias.com\/2025\/08\/28\/lanza-el-proyecto-de-playas-cardioseguras-en-surf-city\/#primaryimage"},"thumbnailUrl":"https:\/\/lagnoticias.com\/wp-content\/uploads\/2025\/08\/WhatsACpp-Image-2025-08-28-at-09.58.281-scaled.jpg","datePublished":"2025-08-28T21:37:51+00:00","dateModified":"2025-08-28T21:37:52+00:00","author":{"@id":"https:\/\/lagnoticias.com\/#\/schema\/person\/cb9bfe13f8de05d2c55270be25c6a550"},"breadcrumb":{"@id":"https:\/\/lagnoticias.com\/2025\/08\/28\/lanza-el-proyecto-de-playas-cardioseguras-en-surf-city\/#breadcrumb"},"inLanguage":"en-US","potentialAction":[{"@type":"ReadAction","target":["https:\/\/lagnoticias.com\/2025\/08\/28\/lanza-el-proyecto-de-playas-cardioseguras-en-surf-city\/"]}]},{"@type":"ImageObject","inLanguage":"en-US","@id":"https:\/\/lagnoticias.com\/2025\/08\/28\/lanza-el-proyecto-de-playas-cardioseguras-en-surf-city\/#primaryimage","url":"https:\/\/lagnoticias.com\/wp-content\/uploads\/2025\/08\/WhatsACpp-Image-2025-08-28-at-09.58.281-scaled.jpg","contentUrl":"https:\/\/lagnoticias.com\/wp-content\/uploads\/2025\/08\/WhatsACpp-Image-2025-08-28-at-09.58.281-scaled.jpg","width":2560,"height":1440},{"@type":"BreadcrumbList","@id":"https:\/\/lagnoticias.com\/2025\/08\/28\/lanza-el-proyecto-de-playas-cardioseguras-en-surf-city\/#breadcrumb","itemListElement":[{"@type":"ListItem","position":1,"name":"Portada","item":"https:\/\/lagnoticias.com\/"},{"@type":"ListItem","position":2,"name":"Lanza el proyecto de Playas Cardioseguras en Surf City\u00a0"}]},{"@type":"WebSite","@id":"https:\/\/lagnoticias.com\/#website","url":"https:\/\/lagnoticias.com\/","name":"La G Noticias","description":"Noticias Positivas","potentialAction":[{"@type":"SearchAction","target":{"@type":"EntryPoint","urlTemplate":"https:\/\/lagnoticias.com\/?s={search_term_string}"},"query-input":{"@type":"PropertyValueSpecification","valueRequired":true,"valueName":"search_term_string"}}],"inLanguage":"en-US"},{"@type":"Person","@id":"https:\/\/lagnoticias.com\/#\/schema\/person\/cb9bfe13f8de05d2c55270be25c6a550","name":"Oscar","image":{"@type":"ImageObject","inLanguage":"en-US","@id":"https:\/\/secure.gravatar.com\/avatar\/45c195718f652dc7ffdd591dc1f2678956ab7fdadcd359a635edc61304a8c757?s=96&d=mm&r=g","url":"https:\/\/secure.gravatar.com\/avatar\/45c195718f652dc7ffdd591dc1f2678956ab7fdadcd359a635edc61304a8c757?s=96&d=mm&r=g","contentUrl":"https:\/\/secure.gravatar.com\/avatar\/45c195718f652dc7ffdd591dc1f2678956ab7fdadcd359a635edc61304a8c757?s=96&d=mm&r=g","caption":"Oscar"},"url":"https:\/\/lagnoticias.com\/en\/author\/oscar\/"}]}},"_links":{"self":[{"href":"https:\/\/lagnoticias.com\/en\/wp-json\/wp\/v2\/posts\/4472","targetHints":{"allow":["GET"]}}],"collection":[{"href":"https:\/\/lagnoticias.com\/en\/wp-json\/wp\/v2\/posts"}],"about":[{"href":"https:\/\/lagnoticias.com\/en\/wp-json\/wp\/v2\/types\/post"}],"author":[{"embeddable":true,"href":"https:\/\/lagnoticias.com\/en\/wp-json\/wp\/v2\/users\/2"}],"replies":[{"embeddable":true,"href":"https:\/\/lagnoticias.com\/en\/wp-json\/wp\/v2\/comments?post=4472"}],"version-history":[{"count":1,"href":"https:\/\/lagnoticias.com\/en\/wp-json\/wp\/v2\/posts\/4472\/revisions"}],"predecessor-version":[{"id":4474,"href":"https:\/\/lagnoticias.com\/en\/wp-json\/wp\/v2\/posts\/4472\/revisions\/4474"}],"wp:featuredmedia":[{"embeddable":true,"href":"https:\/\/lagnoticias.com\/en\/wp-json\/wp\/v2\/media\/4473"}],"wp:attachment":[{"href":"https:\/\/lagnoticias.com\/en\/wp-json\/wp\/v2\/media?parent=4472"}],"wp:term":[{"taxonomy":"category","embeddable":true,"href":"https:\/\/lagnoticias.com\/en\/wp-json\/wp\/v2\/categories?post=4472"},{"taxonomy":"post_tag","embeddable":true,"href":"https:\/\/lagnoticias.com\/en\/wp-json\/wp\/v2\/tags?post=4472"}],"curies":[{"name":"wp","href":"https:\/\/api.w.org\/{rel}","templated":true}]}}