{"id":3469,"date":"2025-07-29T16:07:04","date_gmt":"2025-07-29T22:07:04","guid":{"rendered":"https:\/\/lagnoticias.com\/?p=3469"},"modified":"2025-07-29T16:07:05","modified_gmt":"2025-07-29T22:07:05","slug":"dos-fuertes-sismos-sacuden-el-salvador-y-guatemala","status":"publish","type":"post","link":"https:\/\/lagnoticias.com\/en\/2025\/07\/29\/dos-fuertes-sismos-sacuden-el-salvador-y-guatemala\/","title":{"rendered":"Dos fuertes sismos sacuden El Salvador y Guatemala"},"content":{"rendered":"<p>El Salvador y Guatemala vivieron momentos de tensi\u00f3n este martes tras la ocurrencia de&nbsp;2 sismos de m\u00e1s de 5 grados que se registraron con pocos minutos de diferencia&nbsp;y fueron perceptibles en varias regiones de ambos pa\u00edses.<\/p>\n\n\n\n<p>El primer temblor se produjo a las&nbsp;3:21 de la tarde y tuvo una&nbsp;magnitud preliminar de 5.8 Su epicentro se ubic\u00f3 cerca de la&nbsp;frontera entre Guatemala y El Salvador, seg\u00fan datos compartidos por instituciones sismol\u00f3gicas y confirmados por publicaciones en redes sociales como X (antes Twitter).<\/p>\n\n\n\n<p>Cuatro minutos m\u00e1s tarde, a las&nbsp;3:25&nbsp;se registr\u00f3 un&nbsp;segundo movimiento tel\u00farico, con una&nbsp;magnitud preliminar de 5.6, cuyo epicentro se localiz\u00f3 dentro del&nbsp;territorio guatemalteco.<\/p>\n\n\n\n<p>Ambos sismos fueron ampliamente sentidos, sobre todo en el&nbsp;occidente de El Salvador&nbsp;y en&nbsp;varias zonas de Guatemala, generando alarma entre la poblaci\u00f3n. Usuarios en redes sociales reportaron que los temblores causaron evacuaciones preventivas en edificios y centros comerciales, aunque&nbsp;no se reportaron da\u00f1os materiales ni personas lesionadas&nbsp;hasta el momento, seg\u00fan informes preliminares de las autoridades locales.<\/p>\n\n\n\n<p>El&nbsp;Ministerio de Medio Ambiente y Recursos Naturales (MARN)&nbsp;de El Salvador y entidades de protecci\u00f3n civil guatemaltecas activaron sus protocolos de monitoreo, anunciando que continuar\u00edan evaluando el evento y proporcionar\u00edan actualizaciones conforme se procesaran m\u00e1s datos.<\/p>\n\n\n\n<p><\/p>\n\n\n\n<figure class=\"wp-block-embed is-type-rich is-provider-twitter wp-block-embed-twitter\"><div class=\"wp-block-embed__wrapper\">\n<blockquote class=\"twitter-tweet\" data-width=\"550\" data-dnt=\"true\"><p lang=\"es\" dir=\"ltr\">DATOS REVISADOS: Sismo Mag. Revisada: 5.9, en territorio de Guatemala. A 9.0 km al noroeste de San Lorenzo. Prof. 2 km. [2025-07-29, 15:21:46]. <a href=\"https:\/\/t.co\/7mfmfalbRh\" target=\"_blank\" rel=\"noopener noreferrer nofollow\">pic.twitter.com\/7mfmfalbRh<\/a><\/p>&mdash; Ministerio de Medio Ambiente (@MedioAmbienteSV) <a href=\"https:\/\/twitter.com\/MedioAmbienteSV\/status\/1950308155390644713?ref_src=twsrc%5Etfw\" target=\"_blank\" rel=\"noopener noreferrer nofollow\">July 29, 2025<\/a><\/blockquote><script async src=\"https:\/\/platform.twitter.com\/widgets.js\" charset=\"utf-8\"><\/script>\n<\/div><\/figure>\n\n\n\n<p><\/p>\n\n\n\n<p>En Guatemala, cuerpos de socorro y personal de gesti\u00f3n de riesgos realizaron inspecciones en edificios p\u00fablicos y escuelas, mientras en El Salvador se manten\u00eda la vigilancia sobre posibles r\u00e9plicas, especialmente en los departamentos occidentales como Ahuachap\u00e1n, Santa Ana y Sonsonate.<\/p>\n\n\n\n<p><\/p>\n\n\n\n<p><\/p>","protected":false},"excerpt":{"rendered":"<p>El Salvador y Guatemala vivieron momentos de tensi\u00f3n este martes tras la ocurrencia de&nbsp;2 sismos de m\u00e1s de 5 grados que se registraron con pocos minutos de diferencia&nbsp;y fueron perceptibles en varias regiones de ambos pa\u00edses. El primer temblor se produjo a las&nbsp;3:21 de la tarde y tuvo una&nbsp;magnitud preliminar de 5.8 Su epicentro se&hellip;<\/p>","protected":false},"author":2,"featured_media":3470,"comment_status":"open","ping_status":"open","sticky":false,"template":"","format":"standard","meta":{"_et_pb_use_builder":"","_et_pb_old_content":"","_et_gb_content_width":"","footnotes":""},"categories":[244],"tags":[267,536,535],"class_list":["post-3469","post","type-post","status-publish","format-standard","has-post-thumbnail","hentry","category-nacionales","tag-el-salvador","tag-guatemala","tag-sismo"],"yoast_head":"<!-- This site is optimized with the Yoast SEO plugin v27.4 - https:\/\/yoast.com\/product\/yoast-seo-wordpress\/ -->\n<title>Dos fuertes sismos sacuden El Salvador y Guatemala - La G Noticias<\/title>\n<meta name=\"robots\" content=\"index, follow, max-snippet:-1, max-image-preview:large, max-video-preview:-1\" \/>\n<link rel=\"canonical\" href=\"https:\/\/lagnoticias.com\/en\/2025\/07\/29\/dos-fuertes-sismos-sacuden-el-salvador-y-guatemala\/\" \/>\n<meta property=\"og:locale\" content=\"en_US\" \/>\n<meta property=\"og:type\" content=\"article\" \/>\n<meta property=\"og:title\" content=\"Dos fuertes sismos sacuden El Salvador y Guatemala - La G Noticias\" \/>\n<meta property=\"og:description\" content=\"El Salvador y Guatemala vivieron momentos de tensi\u00f3n este martes tras la ocurrencia de&nbsp;2 sismos de m\u00e1s de 5 grados que se registraron con pocos minutos de diferencia&nbsp;y fueron perceptibles en varias regiones de ambos pa\u00edses. El primer temblor se produjo a las&nbsp;3:21 de la tarde y tuvo una&nbsp;magnitud preliminar de 5.8 Su epicentro se&hellip;\" \/>\n<meta property=\"og:url\" content=\"https:\/\/lagnoticias.com\/en\/2025\/07\/29\/dos-fuertes-sismos-sacuden-el-salvador-y-guatemala\/\" \/>\n<meta property=\"og:site_name\" content=\"La G Noticias\" \/>\n<meta property=\"article:publisher\" content=\"https:\/\/www.facebook.com\/LaGNoticias\" \/>\n<meta property=\"article:published_time\" content=\"2025-07-29T22:07:04+00:00\" \/>\n<meta property=\"article:modified_time\" content=\"2025-07-29T22:07:05+00:00\" \/>\n<meta property=\"og:image\" content=\"https:\/\/lagnoticias.com\/wp-content\/uploads\/2025\/07\/sismo.jpg\" \/>\n\t<meta property=\"og:image:width\" content=\"1160\" \/>\n\t<meta property=\"og:image:height\" content=\"700\" \/>\n\t<meta property=\"og:image:type\" content=\"image\/jpeg\" \/>\n<meta name=\"author\" content=\"Oscar\" \/>\n<meta name=\"twitter:card\" content=\"summary_large_image\" \/>\n<meta name=\"twitter:creator\" content=\"@lagnoticias\" \/>\n<meta name=\"twitter:site\" content=\"@lagnoticias\" \/>\n<meta name=\"twitter:label1\" content=\"Written by\" \/>\n\t<meta name=\"twitter:data1\" content=\"Oscar\" \/>\n\t<meta name=\"twitter:label2\" content=\"Est. reading time\" \/>\n\t<meta name=\"twitter:data2\" content=\"2 minutes\" \/>\n<script type=\"application\/ld+json\" class=\"yoast-schema-graph\">{\"@context\":\"https:\\\/\\\/schema.org\",\"@graph\":[{\"@type\":\"Article\",\"@id\":\"https:\\\/\\\/lagnoticias.com\\\/2025\\\/07\\\/29\\\/dos-fuertes-sismos-sacuden-el-salvador-y-guatemala\\\/#article\",\"isPartOf\":{\"@id\":\"https:\\\/\\\/lagnoticias.com\\\/2025\\\/07\\\/29\\\/dos-fuertes-sismos-sacuden-el-salvador-y-guatemala\\\/\"},\"author\":{\"name\":\"Oscar\",\"@id\":\"https:\\\/\\\/lagnoticias.com\\\/#\\\/schema\\\/person\\\/cb9bfe13f8de05d2c55270be25c6a550\"},\"headline\":\"Dos fuertes sismos sacuden El Salvador y Guatemala\",\"datePublished\":\"2025-07-29T22:07:04+00:00\",\"dateModified\":\"2025-07-29T22:07:05+00:00\",\"mainEntityOfPage\":{\"@id\":\"https:\\\/\\\/lagnoticias.com\\\/2025\\\/07\\\/29\\\/dos-fuertes-sismos-sacuden-el-salvador-y-guatemala\\\/\"},\"wordCount\":292,\"commentCount\":0,\"image\":{\"@id\":\"https:\\\/\\\/lagnoticias.com\\\/2025\\\/07\\\/29\\\/dos-fuertes-sismos-sacuden-el-salvador-y-guatemala\\\/#primaryimage\"},\"thumbnailUrl\":\"https:\\\/\\\/lagnoticias.com\\\/wp-content\\\/uploads\\\/2025\\\/07\\\/sismo.jpg\",\"keywords\":[\"EL SALVADOR\",\"GUATEMALA\",\"SISMO\"],\"articleSection\":[\"NACIONALES\"],\"inLanguage\":\"en-US\",\"potentialAction\":[{\"@type\":\"CommentAction\",\"name\":\"Comment\",\"target\":[\"https:\\\/\\\/lagnoticias.com\\\/2025\\\/07\\\/29\\\/dos-fuertes-sismos-sacuden-el-salvador-y-guatemala\\\/#respond\"]}]},{\"@type\":\"WebPage\",\"@id\":\"https:\\\/\\\/lagnoticias.com\\\/2025\\\/07\\\/29\\\/dos-fuertes-sismos-sacuden-el-salvador-y-guatemala\\\/\",\"url\":\"https:\\\/\\\/lagnoticias.com\\\/2025\\\/07\\\/29\\\/dos-fuertes-sismos-sacuden-el-salvador-y-guatemala\\\/\",\"name\":\"Dos fuertes sismos sacuden El Salvador y Guatemala - La G Noticias\",\"isPartOf\":{\"@id\":\"https:\\\/\\\/lagnoticias.com\\\/#website\"},\"primaryImageOfPage\":{\"@id\":\"https:\\\/\\\/lagnoticias.com\\\/2025\\\/07\\\/29\\\/dos-fuertes-sismos-sacuden-el-salvador-y-guatemala\\\/#primaryimage\"},\"image\":{\"@id\":\"https:\\\/\\\/lagnoticias.com\\\/2025\\\/07\\\/29\\\/dos-fuertes-sismos-sacuden-el-salvador-y-guatemala\\\/#primaryimage\"},\"thumbnailUrl\":\"https:\\\/\\\/lagnoticias.com\\\/wp-content\\\/uploads\\\/2025\\\/07\\\/sismo.jpg\",\"datePublished\":\"2025-07-29T22:07:04+00:00\",\"dateModified\":\"2025-07-29T22:07:05+00:00\",\"author\":{\"@id\":\"https:\\\/\\\/lagnoticias.com\\\/#\\\/schema\\\/person\\\/cb9bfe13f8de05d2c55270be25c6a550\"},\"breadcrumb\":{\"@id\":\"https:\\\/\\\/lagnoticias.com\\\/2025\\\/07\\\/29\\\/dos-fuertes-sismos-sacuden-el-salvador-y-guatemala\\\/#breadcrumb\"},\"inLanguage\":\"en-US\",\"potentialAction\":[{\"@type\":\"ReadAction\",\"target\":[\"https:\\\/\\\/lagnoticias.com\\\/2025\\\/07\\\/29\\\/dos-fuertes-sismos-sacuden-el-salvador-y-guatemala\\\/\"]}]},{\"@type\":\"ImageObject\",\"inLanguage\":\"en-US\",\"@id\":\"https:\\\/\\\/lagnoticias.com\\\/2025\\\/07\\\/29\\\/dos-fuertes-sismos-sacuden-el-salvador-y-guatemala\\\/#primaryimage\",\"url\":\"https:\\\/\\\/lagnoticias.com\\\/wp-content\\\/uploads\\\/2025\\\/07\\\/sismo.jpg\",\"contentUrl\":\"https:\\\/\\\/lagnoticias.com\\\/wp-content\\\/uploads\\\/2025\\\/07\\\/sismo.jpg\",\"width\":1160,\"height\":700},{\"@type\":\"BreadcrumbList\",\"@id\":\"https:\\\/\\\/lagnoticias.com\\\/2025\\\/07\\\/29\\\/dos-fuertes-sismos-sacuden-el-salvador-y-guatemala\\\/#breadcrumb\",\"itemListElement\":[{\"@type\":\"ListItem\",\"position\":1,\"name\":\"Portada\",\"item\":\"https:\\\/\\\/lagnoticias.com\\\/\"},{\"@type\":\"ListItem\",\"position\":2,\"name\":\"Dos fuertes sismos sacuden El Salvador y Guatemala\"}]},{\"@type\":\"WebSite\",\"@id\":\"https:\\\/\\\/lagnoticias.com\\\/#website\",\"url\":\"https:\\\/\\\/lagnoticias.com\\\/\",\"name\":\"La G Noticias\",\"description\":\"Noticias Positivas\",\"potentialAction\":[{\"@type\":\"SearchAction\",\"target\":{\"@type\":\"EntryPoint\",\"urlTemplate\":\"https:\\\/\\\/lagnoticias.com\\\/?s={search_term_string}\"},\"query-input\":{\"@type\":\"PropertyValueSpecification\",\"valueRequired\":true,\"valueName\":\"search_term_string\"}}],\"inLanguage\":\"en-US\"},{\"@type\":\"Person\",\"@id\":\"https:\\\/\\\/lagnoticias.com\\\/#\\\/schema\\\/person\\\/cb9bfe13f8de05d2c55270be25c6a550\",\"name\":\"Oscar\",\"image\":{\"@type\":\"ImageObject\",\"inLanguage\":\"en-US\",\"@id\":\"https:\\\/\\\/secure.gravatar.com\\\/avatar\\\/45c195718f652dc7ffdd591dc1f2678956ab7fdadcd359a635edc61304a8c757?s=96&d=mm&r=g\",\"url\":\"https:\\\/\\\/secure.gravatar.com\\\/avatar\\\/45c195718f652dc7ffdd591dc1f2678956ab7fdadcd359a635edc61304a8c757?s=96&d=mm&r=g\",\"contentUrl\":\"https:\\\/\\\/secure.gravatar.com\\\/avatar\\\/45c195718f652dc7ffdd591dc1f2678956ab7fdadcd359a635edc61304a8c757?s=96&d=mm&r=g\",\"caption\":\"Oscar\"},\"url\":\"https:\\\/\\\/lagnoticias.com\\\/en\\\/author\\\/oscar\\\/\"}]}<\/script>\n<!-- \/ Yoast SEO plugin. -->","yoast_head_json":{"title":"Dos fuertes sismos sacuden El Salvador y Guatemala - La G Noticias","robots":{"index":"index","follow":"follow","max-snippet":"max-snippet:-1","max-image-preview":"max-image-preview:large","max-video-preview":"max-video-preview:-1"},"canonical":"https:\/\/lagnoticias.com\/en\/2025\/07\/29\/dos-fuertes-sismos-sacuden-el-salvador-y-guatemala\/","og_locale":"en_US","og_type":"article","og_title":"Dos fuertes sismos sacuden El Salvador y Guatemala - La G Noticias","og_description":"El Salvador y Guatemala vivieron momentos de tensi\u00f3n este martes tras la ocurrencia de&nbsp;2 sismos de m\u00e1s de 5 grados que se registraron con pocos minutos de diferencia&nbsp;y fueron perceptibles en varias regiones de ambos pa\u00edses. El primer temblor se produjo a las&nbsp;3:21 de la tarde y tuvo una&nbsp;magnitud preliminar de 5.8 Su epicentro se&hellip;","og_url":"https:\/\/lagnoticias.com\/en\/2025\/07\/29\/dos-fuertes-sismos-sacuden-el-salvador-y-guatemala\/","og_site_name":"La G Noticias","article_publisher":"https:\/\/www.facebook.com\/LaGNoticias","article_published_time":"2025-07-29T22:07:04+00:00","article_modified_time":"2025-07-29T22:07:05+00:00","og_image":[{"width":1160,"height":700,"url":"https:\/\/lagnoticias.com\/wp-content\/uploads\/2025\/07\/sismo.jpg","type":"image\/jpeg"}],"author":"Oscar","twitter_card":"summary_large_image","twitter_creator":"@lagnoticias","twitter_site":"@lagnoticias","twitter_misc":{"Written by":"Oscar","Est. reading time":"2 minutes"},"schema":{"@context":"https:\/\/schema.org","@graph":[{"@type":"Article","@id":"https:\/\/lagnoticias.com\/2025\/07\/29\/dos-fuertes-sismos-sacuden-el-salvador-y-guatemala\/#article","isPartOf":{"@id":"https:\/\/lagnoticias.com\/2025\/07\/29\/dos-fuertes-sismos-sacuden-el-salvador-y-guatemala\/"},"author":{"name":"Oscar","@id":"https:\/\/lagnoticias.com\/#\/schema\/person\/cb9bfe13f8de05d2c55270be25c6a550"},"headline":"Dos fuertes sismos sacuden El Salvador y Guatemala","datePublished":"2025-07-29T22:07:04+00:00","dateModified":"2025-07-29T22:07:05+00:00","mainEntityOfPage":{"@id":"https:\/\/lagnoticias.com\/2025\/07\/29\/dos-fuertes-sismos-sacuden-el-salvador-y-guatemala\/"},"wordCount":292,"commentCount":0,"image":{"@id":"https:\/\/lagnoticias.com\/2025\/07\/29\/dos-fuertes-sismos-sacuden-el-salvador-y-guatemala\/#primaryimage"},"thumbnailUrl":"https:\/\/lagnoticias.com\/wp-content\/uploads\/2025\/07\/sismo.jpg","keywords":["EL SALVADOR","GUATEMALA","SISMO"],"articleSection":["NACIONALES"],"inLanguage":"en-US","potentialAction":[{"@type":"CommentAction","name":"Comment","target":["https:\/\/lagnoticias.com\/2025\/07\/29\/dos-fuertes-sismos-sacuden-el-salvador-y-guatemala\/#respond"]}]},{"@type":"WebPage","@id":"https:\/\/lagnoticias.com\/2025\/07\/29\/dos-fuertes-sismos-sacuden-el-salvador-y-guatemala\/","url":"https:\/\/lagnoticias.com\/2025\/07\/29\/dos-fuertes-sismos-sacuden-el-salvador-y-guatemala\/","name":"Dos fuertes sismos sacuden El Salvador y Guatemala - La G Noticias","isPartOf":{"@id":"https:\/\/lagnoticias.com\/#website"},"primaryImageOfPage":{"@id":"https:\/\/lagnoticias.com\/2025\/07\/29\/dos-fuertes-sismos-sacuden-el-salvador-y-guatemala\/#primaryimage"},"image":{"@id":"https:\/\/lagnoticias.com\/2025\/07\/29\/dos-fuertes-sismos-sacuden-el-salvador-y-guatemala\/#primaryimage"},"thumbnailUrl":"https:\/\/lagnoticias.com\/wp-content\/uploads\/2025\/07\/sismo.jpg","datePublished":"2025-07-29T22:07:04+00:00","dateModified":"2025-07-29T22:07:05+00:00","author":{"@id":"https:\/\/lagnoticias.com\/#\/schema\/person\/cb9bfe13f8de05d2c55270be25c6a550"},"breadcrumb":{"@id":"https:\/\/lagnoticias.com\/2025\/07\/29\/dos-fuertes-sismos-sacuden-el-salvador-y-guatemala\/#breadcrumb"},"inLanguage":"en-US","potentialAction":[{"@type":"ReadAction","target":["https:\/\/lagnoticias.com\/2025\/07\/29\/dos-fuertes-sismos-sacuden-el-salvador-y-guatemala\/"]}]},{"@type":"ImageObject","inLanguage":"en-US","@id":"https:\/\/lagnoticias.com\/2025\/07\/29\/dos-fuertes-sismos-sacuden-el-salvador-y-guatemala\/#primaryimage","url":"https:\/\/lagnoticias.com\/wp-content\/uploads\/2025\/07\/sismo.jpg","contentUrl":"https:\/\/lagnoticias.com\/wp-content\/uploads\/2025\/07\/sismo.jpg","width":1160,"height":700},{"@type":"BreadcrumbList","@id":"https:\/\/lagnoticias.com\/2025\/07\/29\/dos-fuertes-sismos-sacuden-el-salvador-y-guatemala\/#breadcrumb","itemListElement":[{"@type":"ListItem","position":1,"name":"Portada","item":"https:\/\/lagnoticias.com\/"},{"@type":"ListItem","position":2,"name":"Dos fuertes sismos sacuden El Salvador y Guatemala"}]},{"@type":"WebSite","@id":"https:\/\/lagnoticias.com\/#website","url":"https:\/\/lagnoticias.com\/","name":"La G Noticias","description":"Noticias Positivas","potentialAction":[{"@type":"SearchAction","target":{"@type":"EntryPoint","urlTemplate":"https:\/\/lagnoticias.com\/?s={search_term_string}"},"query-input":{"@type":"PropertyValueSpecification","valueRequired":true,"valueName":"search_term_string"}}],"inLanguage":"en-US"},{"@type":"Person","@id":"https:\/\/lagnoticias.com\/#\/schema\/person\/cb9bfe13f8de05d2c55270be25c6a550","name":"Oscar","image":{"@type":"ImageObject","inLanguage":"en-US","@id":"https:\/\/secure.gravatar.com\/avatar\/45c195718f652dc7ffdd591dc1f2678956ab7fdadcd359a635edc61304a8c757?s=96&d=mm&r=g","url":"https:\/\/secure.gravatar.com\/avatar\/45c195718f652dc7ffdd591dc1f2678956ab7fdadcd359a635edc61304a8c757?s=96&d=mm&r=g","contentUrl":"https:\/\/secure.gravatar.com\/avatar\/45c195718f652dc7ffdd591dc1f2678956ab7fdadcd359a635edc61304a8c757?s=96&d=mm&r=g","caption":"Oscar"},"url":"https:\/\/lagnoticias.com\/en\/author\/oscar\/"}]}},"_links":{"self":[{"href":"https:\/\/lagnoticias.com\/en\/wp-json\/wp\/v2\/posts\/3469","targetHints":{"allow":["GET"]}}],"collection":[{"href":"https:\/\/lagnoticias.com\/en\/wp-json\/wp\/v2\/posts"}],"about":[{"href":"https:\/\/lagnoticias.com\/en\/wp-json\/wp\/v2\/types\/post"}],"author":[{"embeddable":true,"href":"https:\/\/lagnoticias.com\/en\/wp-json\/wp\/v2\/users\/2"}],"replies":[{"embeddable":true,"href":"https:\/\/lagnoticias.com\/en\/wp-json\/wp\/v2\/comments?post=3469"}],"version-history":[{"count":1,"href":"https:\/\/lagnoticias.com\/en\/wp-json\/wp\/v2\/posts\/3469\/revisions"}],"predecessor-version":[{"id":3471,"href":"https:\/\/lagnoticias.com\/en\/wp-json\/wp\/v2\/posts\/3469\/revisions\/3471"}],"wp:featuredmedia":[{"embeddable":true,"href":"https:\/\/lagnoticias.com\/en\/wp-json\/wp\/v2\/media\/3470"}],"wp:attachment":[{"href":"https:\/\/lagnoticias.com\/en\/wp-json\/wp\/v2\/media?parent=3469"}],"wp:term":[{"taxonomy":"category","embeddable":true,"href":"https:\/\/lagnoticias.com\/en\/wp-json\/wp\/v2\/categories?post=3469"},{"taxonomy":"post_tag","embeddable":true,"href":"https:\/\/lagnoticias.com\/en\/wp-json\/wp\/v2\/tags?post=3469"}],"curies":[{"name":"wp","href":"https:\/\/api.w.org\/{rel}","templated":true}]}}