{"id":3466,"date":"2025-07-29T13:33:43","date_gmt":"2025-07-29T19:33:43","guid":{"rendered":"https:\/\/lagnoticias.com\/?p=3466"},"modified":"2025-07-29T13:33:43","modified_gmt":"2025-07-29T19:33:43","slug":"pepe-aguilar-alista-momento-sagrado-con-sus-hijos-leonardo-y-angela-en-los-angeles","status":"publish","type":"post","link":"https:\/\/lagnoticias.com\/en\/2025\/07\/29\/pepe-aguilar-alista-momento-sagrado-con-sus-hijos-leonardo-y-angela-en-los-angeles\/","title":{"rendered":"Pepe Aguilar alista \u00abmomento sagrado\u00bb con sus hijos Leonardo y \u00c1ngela en Los \u00c1ngeles"},"content":{"rendered":"<p>El cantante mexicano-estadounidense&nbsp;Pepe Aguilar&nbsp;se subir\u00e1 al escenario del&nbsp;Hollywood Bowl, en Los \u00c1ngeles, por primera vez junto a sus hijos&nbsp;\u00c1ngela Aguilar&nbsp;y&nbsp;Leonardo Aguilar, en dos conciertos los d\u00edas 15 y 16 de agosto.<\/p>\n\n\n\n<p>\u00abEs un homenaje a nuestros or\u00edgenes, pero tambi\u00e9n a nuestro futuro. Se trata de crear un nuevo significado a trav\u00e9s de la tradici\u00f3n y compartirlo con el mundo de una forma innovadora\u00bb, declar\u00f3 en un comunicado Pepe Aguilar, \u00edcono de la m\u00fasica regional mexicana.<\/p>\n\n\n\n<p>El encuentro, que celebrar\u00e1 el legado de la familia Aguilar, contar\u00e1 con presentaciones individuales de \u00c1ngela y Leonardo, sus dos hijos menores, representantes de la nueva generaci\u00f3n de m\u00fasica regional en el pa\u00eds, as\u00ed como una interpretaci\u00f3n que har\u00e1 Pepe Aguilar de sus populares \u00e9xitos y cl\u00e1sicos de la m\u00fasica mexicana.<\/p>\n\n\n\n<p>La orquesta del Hollywood Bowl acompa\u00f1ar\u00e1 a los artistas en sus actuaciones, bajo la direcci\u00f3n de&nbsp;Enrico L\u00f3pez-Y\u00e1\u00f1ez, hijo de un cantante de \u00f3pera mexicano y de una pianista estadounidense.<\/p>\n\n\n\n<p>El momento m\u00e1s esperado de la noche ser\u00e1 cuando padre e hijos se junten bajo los focos para interpretar, acompa\u00f1ados de&nbsp;mariachi, temas ante el p\u00fablico.<\/p>\n\n\n\n<p>\u00abCantar en el Hollywood Bowl con mis hijos no es solo un hito, es un momento sagrado\u00bb, subray\u00f3 Pepe Aguilar.<\/p>\n\n\n\n<p>El primer concierto, programado para el 15 de agosto, coincidir\u00e1 con el&nbsp;cumplea\u00f1os n\u00famero 26 de Leonardo, artista nominado dos veces al Latin Grammy, conocido por temas como &#8216;Por el contrario&#8217;, en colaboraci\u00f3n con su hermana menor, \u00c1ngela.<\/p>\n\n\n\n<p>La peque\u00f1a de la familia ha estado nominada cinco veces a los premios Latin Grammy y una a los Grammy, y cuenta con colaboraciones con artistas como Steve Aoki y Alicia Keys. Los dos j\u00f3venes artistas tratan de mantener en su m\u00fasica las ra\u00edces de su padre, nacido en San Antonio (Texas), ganador de cuatro premios Grammy y cinco Latin Grammy, e hijo de los \u00edconos de la m\u00fasica ranchera Antonio Aguilar y Flor Silvestre, influyente familia en la m\u00fasica mexicana.<\/p>","protected":false},"excerpt":{"rendered":"<p>El cantante mexicano-estadounidense&nbsp;Pepe Aguilar&nbsp;se subir\u00e1 al escenario del&nbsp;Hollywood Bowl, en Los \u00c1ngeles, por primera vez junto a sus hijos&nbsp;\u00c1ngela Aguilar&nbsp;y&nbsp;Leonardo Aguilar, en dos conciertos los d\u00edas 15 y 16 de agosto. \u00abEs un homenaje a nuestros or\u00edgenes, pero tambi\u00e9n a nuestro futuro. Se trata de crear un nuevo significado a trav\u00e9s de la tradici\u00f3n y&hellip;<\/p>","protected":false},"author":2,"featured_media":3467,"comment_status":"open","ping_status":"open","sticky":false,"template":"","format":"standard","meta":{"_et_pb_use_builder":"","_et_pb_old_content":"","_et_gb_content_width":"","footnotes":""},"categories":[249],"tags":[532,495,534,533,531],"class_list":["post-3466","post","type-post","status-publish","format-standard","has-post-thumbnail","hentry","category-entretenimiento","tag-angela-aguilar","tag-artistas","tag-cantantes","tag-los-angeles","tag-pepe-aguilar"],"yoast_head":"<!-- This site is optimized with the Yoast SEO plugin v27.4 - https:\/\/yoast.com\/product\/yoast-seo-wordpress\/ -->\n<title>Pepe Aguilar alista &quot;momento sagrado&quot; con sus hijos Leonardo y \u00c1ngela en Los \u00c1ngeles - La G Noticias<\/title>\n<meta name=\"robots\" content=\"index, follow, max-snippet:-1, max-image-preview:large, max-video-preview:-1\" \/>\n<link rel=\"canonical\" href=\"https:\/\/lagnoticias.com\/en\/2025\/07\/29\/pepe-aguilar-alista-momento-sagrado-con-sus-hijos-leonardo-y-angela-en-los-angeles\/\" \/>\n<meta property=\"og:locale\" content=\"en_US\" \/>\n<meta property=\"og:type\" content=\"article\" \/>\n<meta property=\"og:title\" content=\"Pepe Aguilar alista &quot;momento sagrado&quot; con sus hijos Leonardo y \u00c1ngela en Los \u00c1ngeles - La G Noticias\" \/>\n<meta property=\"og:description\" content=\"El cantante mexicano-estadounidense&nbsp;Pepe Aguilar&nbsp;se subir\u00e1 al escenario del&nbsp;Hollywood Bowl, en Los \u00c1ngeles, por primera vez junto a sus hijos&nbsp;\u00c1ngela Aguilar&nbsp;y&nbsp;Leonardo Aguilar, en dos conciertos los d\u00edas 15 y 16 de agosto. &quot;Es un homenaje a nuestros or\u00edgenes, pero tambi\u00e9n a nuestro futuro. Se trata de crear un nuevo significado a trav\u00e9s de la tradici\u00f3n y&hellip;\" \/>\n<meta property=\"og:url\" content=\"https:\/\/lagnoticias.com\/en\/2025\/07\/29\/pepe-aguilar-alista-momento-sagrado-con-sus-hijos-leonardo-y-angela-en-los-angeles\/\" \/>\n<meta property=\"og:site_name\" content=\"La G Noticias\" \/>\n<meta property=\"article:publisher\" content=\"https:\/\/www.facebook.com\/LaGNoticias\" \/>\n<meta property=\"article:published_time\" content=\"2025-07-29T19:33:43+00:00\" \/>\n<meta property=\"og:image\" content=\"https:\/\/lagnoticias.com\/wp-content\/uploads\/2025\/07\/4-4.jpg\" \/>\n\t<meta property=\"og:image:width\" content=\"1100\" \/>\n\t<meta property=\"og:image:height\" content=\"666\" \/>\n\t<meta property=\"og:image:type\" content=\"image\/jpeg\" \/>\n<meta name=\"author\" content=\"Oscar\" \/>\n<meta name=\"twitter:card\" content=\"summary_large_image\" \/>\n<meta name=\"twitter:creator\" content=\"@lagnoticias\" \/>\n<meta name=\"twitter:site\" content=\"@lagnoticias\" \/>\n<meta name=\"twitter:label1\" content=\"Written by\" \/>\n\t<meta name=\"twitter:data1\" content=\"Oscar\" \/>\n\t<meta name=\"twitter:label2\" content=\"Est. reading time\" \/>\n\t<meta name=\"twitter:data2\" content=\"2 minutes\" \/>\n<script type=\"application\/ld+json\" class=\"yoast-schema-graph\">{\"@context\":\"https:\\\/\\\/schema.org\",\"@graph\":[{\"@type\":\"Article\",\"@id\":\"https:\\\/\\\/lagnoticias.com\\\/2025\\\/07\\\/29\\\/pepe-aguilar-alista-momento-sagrado-con-sus-hijos-leonardo-y-angela-en-los-angeles\\\/#article\",\"isPartOf\":{\"@id\":\"https:\\\/\\\/lagnoticias.com\\\/2025\\\/07\\\/29\\\/pepe-aguilar-alista-momento-sagrado-con-sus-hijos-leonardo-y-angela-en-los-angeles\\\/\"},\"author\":{\"name\":\"Oscar\",\"@id\":\"https:\\\/\\\/lagnoticias.com\\\/#\\\/schema\\\/person\\\/cb9bfe13f8de05d2c55270be25c6a550\"},\"headline\":\"Pepe Aguilar alista \u00abmomento sagrado\u00bb con sus hijos Leonardo y \u00c1ngela en Los \u00c1ngeles\",\"datePublished\":\"2025-07-29T19:33:43+00:00\",\"mainEntityOfPage\":{\"@id\":\"https:\\\/\\\/lagnoticias.com\\\/2025\\\/07\\\/29\\\/pepe-aguilar-alista-momento-sagrado-con-sus-hijos-leonardo-y-angela-en-los-angeles\\\/\"},\"wordCount\":374,\"commentCount\":0,\"image\":{\"@id\":\"https:\\\/\\\/lagnoticias.com\\\/2025\\\/07\\\/29\\\/pepe-aguilar-alista-momento-sagrado-con-sus-hijos-leonardo-y-angela-en-los-angeles\\\/#primaryimage\"},\"thumbnailUrl\":\"https:\\\/\\\/lagnoticias.com\\\/wp-content\\\/uploads\\\/2025\\\/07\\\/4-4.jpg\",\"keywords\":[\"ANGELA AGUILAR\",\"ARTISTAS\",\"CANTANTES\",\"LOS \u00c1NGELES\",\"PEPE AGUILAR\"],\"articleSection\":[\"ENTRETENIMIENTO\"],\"inLanguage\":\"en-US\",\"potentialAction\":[{\"@type\":\"CommentAction\",\"name\":\"Comment\",\"target\":[\"https:\\\/\\\/lagnoticias.com\\\/2025\\\/07\\\/29\\\/pepe-aguilar-alista-momento-sagrado-con-sus-hijos-leonardo-y-angela-en-los-angeles\\\/#respond\"]}]},{\"@type\":\"WebPage\",\"@id\":\"https:\\\/\\\/lagnoticias.com\\\/2025\\\/07\\\/29\\\/pepe-aguilar-alista-momento-sagrado-con-sus-hijos-leonardo-y-angela-en-los-angeles\\\/\",\"url\":\"https:\\\/\\\/lagnoticias.com\\\/2025\\\/07\\\/29\\\/pepe-aguilar-alista-momento-sagrado-con-sus-hijos-leonardo-y-angela-en-los-angeles\\\/\",\"name\":\"Pepe Aguilar alista \\\"momento sagrado\\\" con sus hijos Leonardo y \u00c1ngela en Los \u00c1ngeles - La G Noticias\",\"isPartOf\":{\"@id\":\"https:\\\/\\\/lagnoticias.com\\\/#website\"},\"primaryImageOfPage\":{\"@id\":\"https:\\\/\\\/lagnoticias.com\\\/2025\\\/07\\\/29\\\/pepe-aguilar-alista-momento-sagrado-con-sus-hijos-leonardo-y-angela-en-los-angeles\\\/#primaryimage\"},\"image\":{\"@id\":\"https:\\\/\\\/lagnoticias.com\\\/2025\\\/07\\\/29\\\/pepe-aguilar-alista-momento-sagrado-con-sus-hijos-leonardo-y-angela-en-los-angeles\\\/#primaryimage\"},\"thumbnailUrl\":\"https:\\\/\\\/lagnoticias.com\\\/wp-content\\\/uploads\\\/2025\\\/07\\\/4-4.jpg\",\"datePublished\":\"2025-07-29T19:33:43+00:00\",\"author\":{\"@id\":\"https:\\\/\\\/lagnoticias.com\\\/#\\\/schema\\\/person\\\/cb9bfe13f8de05d2c55270be25c6a550\"},\"breadcrumb\":{\"@id\":\"https:\\\/\\\/lagnoticias.com\\\/2025\\\/07\\\/29\\\/pepe-aguilar-alista-momento-sagrado-con-sus-hijos-leonardo-y-angela-en-los-angeles\\\/#breadcrumb\"},\"inLanguage\":\"en-US\",\"potentialAction\":[{\"@type\":\"ReadAction\",\"target\":[\"https:\\\/\\\/lagnoticias.com\\\/2025\\\/07\\\/29\\\/pepe-aguilar-alista-momento-sagrado-con-sus-hijos-leonardo-y-angela-en-los-angeles\\\/\"]}]},{\"@type\":\"ImageObject\",\"inLanguage\":\"en-US\",\"@id\":\"https:\\\/\\\/lagnoticias.com\\\/2025\\\/07\\\/29\\\/pepe-aguilar-alista-momento-sagrado-con-sus-hijos-leonardo-y-angela-en-los-angeles\\\/#primaryimage\",\"url\":\"https:\\\/\\\/lagnoticias.com\\\/wp-content\\\/uploads\\\/2025\\\/07\\\/4-4.jpg\",\"contentUrl\":\"https:\\\/\\\/lagnoticias.com\\\/wp-content\\\/uploads\\\/2025\\\/07\\\/4-4.jpg\",\"width\":1100,\"height\":666},{\"@type\":\"BreadcrumbList\",\"@id\":\"https:\\\/\\\/lagnoticias.com\\\/2025\\\/07\\\/29\\\/pepe-aguilar-alista-momento-sagrado-con-sus-hijos-leonardo-y-angela-en-los-angeles\\\/#breadcrumb\",\"itemListElement\":[{\"@type\":\"ListItem\",\"position\":1,\"name\":\"Portada\",\"item\":\"https:\\\/\\\/lagnoticias.com\\\/\"},{\"@type\":\"ListItem\",\"position\":2,\"name\":\"Pepe Aguilar alista \u00abmomento sagrado\u00bb con sus hijos Leonardo y \u00c1ngela en Los \u00c1ngeles\"}]},{\"@type\":\"WebSite\",\"@id\":\"https:\\\/\\\/lagnoticias.com\\\/#website\",\"url\":\"https:\\\/\\\/lagnoticias.com\\\/\",\"name\":\"La G Noticias\",\"description\":\"Noticias Positivas\",\"potentialAction\":[{\"@type\":\"SearchAction\",\"target\":{\"@type\":\"EntryPoint\",\"urlTemplate\":\"https:\\\/\\\/lagnoticias.com\\\/?s={search_term_string}\"},\"query-input\":{\"@type\":\"PropertyValueSpecification\",\"valueRequired\":true,\"valueName\":\"search_term_string\"}}],\"inLanguage\":\"en-US\"},{\"@type\":\"Person\",\"@id\":\"https:\\\/\\\/lagnoticias.com\\\/#\\\/schema\\\/person\\\/cb9bfe13f8de05d2c55270be25c6a550\",\"name\":\"Oscar\",\"image\":{\"@type\":\"ImageObject\",\"inLanguage\":\"en-US\",\"@id\":\"https:\\\/\\\/secure.gravatar.com\\\/avatar\\\/45c195718f652dc7ffdd591dc1f2678956ab7fdadcd359a635edc61304a8c757?s=96&d=mm&r=g\",\"url\":\"https:\\\/\\\/secure.gravatar.com\\\/avatar\\\/45c195718f652dc7ffdd591dc1f2678956ab7fdadcd359a635edc61304a8c757?s=96&d=mm&r=g\",\"contentUrl\":\"https:\\\/\\\/secure.gravatar.com\\\/avatar\\\/45c195718f652dc7ffdd591dc1f2678956ab7fdadcd359a635edc61304a8c757?s=96&d=mm&r=g\",\"caption\":\"Oscar\"},\"url\":\"https:\\\/\\\/lagnoticias.com\\\/en\\\/author\\\/oscar\\\/\"}]}<\/script>\n<!-- \/ Yoast SEO plugin. -->","yoast_head_json":{"title":"Pepe Aguilar alista \"momento sagrado\" con sus hijos Leonardo y \u00c1ngela en Los \u00c1ngeles - La G Noticias","robots":{"index":"index","follow":"follow","max-snippet":"max-snippet:-1","max-image-preview":"max-image-preview:large","max-video-preview":"max-video-preview:-1"},"canonical":"https:\/\/lagnoticias.com\/en\/2025\/07\/29\/pepe-aguilar-alista-momento-sagrado-con-sus-hijos-leonardo-y-angela-en-los-angeles\/","og_locale":"en_US","og_type":"article","og_title":"Pepe Aguilar alista \"momento sagrado\" con sus hijos Leonardo y \u00c1ngela en Los \u00c1ngeles - La G Noticias","og_description":"El cantante mexicano-estadounidense&nbsp;Pepe Aguilar&nbsp;se subir\u00e1 al escenario del&nbsp;Hollywood Bowl, en Los \u00c1ngeles, por primera vez junto a sus hijos&nbsp;\u00c1ngela Aguilar&nbsp;y&nbsp;Leonardo Aguilar, en dos conciertos los d\u00edas 15 y 16 de agosto. \"Es un homenaje a nuestros or\u00edgenes, pero tambi\u00e9n a nuestro futuro. Se trata de crear un nuevo significado a trav\u00e9s de la tradici\u00f3n y&hellip;","og_url":"https:\/\/lagnoticias.com\/en\/2025\/07\/29\/pepe-aguilar-alista-momento-sagrado-con-sus-hijos-leonardo-y-angela-en-los-angeles\/","og_site_name":"La G Noticias","article_publisher":"https:\/\/www.facebook.com\/LaGNoticias","article_published_time":"2025-07-29T19:33:43+00:00","og_image":[{"width":1100,"height":666,"url":"https:\/\/lagnoticias.com\/wp-content\/uploads\/2025\/07\/4-4.jpg","type":"image\/jpeg"}],"author":"Oscar","twitter_card":"summary_large_image","twitter_creator":"@lagnoticias","twitter_site":"@lagnoticias","twitter_misc":{"Written by":"Oscar","Est. reading time":"2 minutes"},"schema":{"@context":"https:\/\/schema.org","@graph":[{"@type":"Article","@id":"https:\/\/lagnoticias.com\/2025\/07\/29\/pepe-aguilar-alista-momento-sagrado-con-sus-hijos-leonardo-y-angela-en-los-angeles\/#article","isPartOf":{"@id":"https:\/\/lagnoticias.com\/2025\/07\/29\/pepe-aguilar-alista-momento-sagrado-con-sus-hijos-leonardo-y-angela-en-los-angeles\/"},"author":{"name":"Oscar","@id":"https:\/\/lagnoticias.com\/#\/schema\/person\/cb9bfe13f8de05d2c55270be25c6a550"},"headline":"Pepe Aguilar alista \u00abmomento sagrado\u00bb con sus hijos Leonardo y \u00c1ngela en Los \u00c1ngeles","datePublished":"2025-07-29T19:33:43+00:00","mainEntityOfPage":{"@id":"https:\/\/lagnoticias.com\/2025\/07\/29\/pepe-aguilar-alista-momento-sagrado-con-sus-hijos-leonardo-y-angela-en-los-angeles\/"},"wordCount":374,"commentCount":0,"image":{"@id":"https:\/\/lagnoticias.com\/2025\/07\/29\/pepe-aguilar-alista-momento-sagrado-con-sus-hijos-leonardo-y-angela-en-los-angeles\/#primaryimage"},"thumbnailUrl":"https:\/\/lagnoticias.com\/wp-content\/uploads\/2025\/07\/4-4.jpg","keywords":["ANGELA AGUILAR","ARTISTAS","CANTANTES","LOS \u00c1NGELES","PEPE AGUILAR"],"articleSection":["ENTRETENIMIENTO"],"inLanguage":"en-US","potentialAction":[{"@type":"CommentAction","name":"Comment","target":["https:\/\/lagnoticias.com\/2025\/07\/29\/pepe-aguilar-alista-momento-sagrado-con-sus-hijos-leonardo-y-angela-en-los-angeles\/#respond"]}]},{"@type":"WebPage","@id":"https:\/\/lagnoticias.com\/2025\/07\/29\/pepe-aguilar-alista-momento-sagrado-con-sus-hijos-leonardo-y-angela-en-los-angeles\/","url":"https:\/\/lagnoticias.com\/2025\/07\/29\/pepe-aguilar-alista-momento-sagrado-con-sus-hijos-leonardo-y-angela-en-los-angeles\/","name":"Pepe Aguilar alista \"momento sagrado\" con sus hijos Leonardo y \u00c1ngela en Los \u00c1ngeles - La G Noticias","isPartOf":{"@id":"https:\/\/lagnoticias.com\/#website"},"primaryImageOfPage":{"@id":"https:\/\/lagnoticias.com\/2025\/07\/29\/pepe-aguilar-alista-momento-sagrado-con-sus-hijos-leonardo-y-angela-en-los-angeles\/#primaryimage"},"image":{"@id":"https:\/\/lagnoticias.com\/2025\/07\/29\/pepe-aguilar-alista-momento-sagrado-con-sus-hijos-leonardo-y-angela-en-los-angeles\/#primaryimage"},"thumbnailUrl":"https:\/\/lagnoticias.com\/wp-content\/uploads\/2025\/07\/4-4.jpg","datePublished":"2025-07-29T19:33:43+00:00","author":{"@id":"https:\/\/lagnoticias.com\/#\/schema\/person\/cb9bfe13f8de05d2c55270be25c6a550"},"breadcrumb":{"@id":"https:\/\/lagnoticias.com\/2025\/07\/29\/pepe-aguilar-alista-momento-sagrado-con-sus-hijos-leonardo-y-angela-en-los-angeles\/#breadcrumb"},"inLanguage":"en-US","potentialAction":[{"@type":"ReadAction","target":["https:\/\/lagnoticias.com\/2025\/07\/29\/pepe-aguilar-alista-momento-sagrado-con-sus-hijos-leonardo-y-angela-en-los-angeles\/"]}]},{"@type":"ImageObject","inLanguage":"en-US","@id":"https:\/\/lagnoticias.com\/2025\/07\/29\/pepe-aguilar-alista-momento-sagrado-con-sus-hijos-leonardo-y-angela-en-los-angeles\/#primaryimage","url":"https:\/\/lagnoticias.com\/wp-content\/uploads\/2025\/07\/4-4.jpg","contentUrl":"https:\/\/lagnoticias.com\/wp-content\/uploads\/2025\/07\/4-4.jpg","width":1100,"height":666},{"@type":"BreadcrumbList","@id":"https:\/\/lagnoticias.com\/2025\/07\/29\/pepe-aguilar-alista-momento-sagrado-con-sus-hijos-leonardo-y-angela-en-los-angeles\/#breadcrumb","itemListElement":[{"@type":"ListItem","position":1,"name":"Portada","item":"https:\/\/lagnoticias.com\/"},{"@type":"ListItem","position":2,"name":"Pepe Aguilar alista \u00abmomento sagrado\u00bb con sus hijos Leonardo y \u00c1ngela en Los \u00c1ngeles"}]},{"@type":"WebSite","@id":"https:\/\/lagnoticias.com\/#website","url":"https:\/\/lagnoticias.com\/","name":"La G Noticias","description":"Noticias Positivas","potentialAction":[{"@type":"SearchAction","target":{"@type":"EntryPoint","urlTemplate":"https:\/\/lagnoticias.com\/?s={search_term_string}"},"query-input":{"@type":"PropertyValueSpecification","valueRequired":true,"valueName":"search_term_string"}}],"inLanguage":"en-US"},{"@type":"Person","@id":"https:\/\/lagnoticias.com\/#\/schema\/person\/cb9bfe13f8de05d2c55270be25c6a550","name":"Oscar","image":{"@type":"ImageObject","inLanguage":"en-US","@id":"https:\/\/secure.gravatar.com\/avatar\/45c195718f652dc7ffdd591dc1f2678956ab7fdadcd359a635edc61304a8c757?s=96&d=mm&r=g","url":"https:\/\/secure.gravatar.com\/avatar\/45c195718f652dc7ffdd591dc1f2678956ab7fdadcd359a635edc61304a8c757?s=96&d=mm&r=g","contentUrl":"https:\/\/secure.gravatar.com\/avatar\/45c195718f652dc7ffdd591dc1f2678956ab7fdadcd359a635edc61304a8c757?s=96&d=mm&r=g","caption":"Oscar"},"url":"https:\/\/lagnoticias.com\/en\/author\/oscar\/"}]}},"_links":{"self":[{"href":"https:\/\/lagnoticias.com\/en\/wp-json\/wp\/v2\/posts\/3466","targetHints":{"allow":["GET"]}}],"collection":[{"href":"https:\/\/lagnoticias.com\/en\/wp-json\/wp\/v2\/posts"}],"about":[{"href":"https:\/\/lagnoticias.com\/en\/wp-json\/wp\/v2\/types\/post"}],"author":[{"embeddable":true,"href":"https:\/\/lagnoticias.com\/en\/wp-json\/wp\/v2\/users\/2"}],"replies":[{"embeddable":true,"href":"https:\/\/lagnoticias.com\/en\/wp-json\/wp\/v2\/comments?post=3466"}],"version-history":[{"count":1,"href":"https:\/\/lagnoticias.com\/en\/wp-json\/wp\/v2\/posts\/3466\/revisions"}],"predecessor-version":[{"id":3468,"href":"https:\/\/lagnoticias.com\/en\/wp-json\/wp\/v2\/posts\/3466\/revisions\/3468"}],"wp:featuredmedia":[{"embeddable":true,"href":"https:\/\/lagnoticias.com\/en\/wp-json\/wp\/v2\/media\/3467"}],"wp:attachment":[{"href":"https:\/\/lagnoticias.com\/en\/wp-json\/wp\/v2\/media?parent=3466"}],"wp:term":[{"taxonomy":"category","embeddable":true,"href":"https:\/\/lagnoticias.com\/en\/wp-json\/wp\/v2\/categories?post=3466"},{"taxonomy":"post_tag","embeddable":true,"href":"https:\/\/lagnoticias.com\/en\/wp-json\/wp\/v2\/tags?post=3466"}],"curies":[{"name":"wp","href":"https:\/\/api.w.org\/{rel}","templated":true}]}}