{"id":3456,"date":"2025-07-29T12:05:10","date_gmt":"2025-07-29T18:05:10","guid":{"rendered":"https:\/\/lagnoticias.com\/?p=3456"},"modified":"2025-07-29T12:05:45","modified_gmt":"2025-07-29T18:05:45","slug":"reino-unido-reconocera-al-estado-palestino-en-septiembre","status":"publish","type":"post","link":"https:\/\/lagnoticias.com\/en\/2025\/07\/29\/reino-unido-reconocera-al-estado-palestino-en-septiembre\/","title":{"rendered":"Reino Unido reconocer\u00e1 al Estado palestino en septiembre"},"content":{"rendered":"<p>El Gobierno brit\u00e1nico reconocer\u00e1 el&nbsp;Estado de Palestina&nbsp;en septiembre, antes de la celebraci\u00f3n de la Asamblea General de la ONU, si&nbsp;Israel&nbsp;no cumple una serie de condiciones, entre ellas dar pasos para acabar con la \u00abcatastr\u00f3fica situaci\u00f3n en Gaza\u00bb, decretar un alto el fuego y asegurar que no se anexar\u00e1 Cisjordania.<\/p>\n\n\n\n<p>En la reuni\u00f3n del Consejo de Ministros de emergencia celebrada este martes, el primer ministro brit\u00e1nico, Keir Starmer, exigi\u00f3 asimismo a Israel que se comprometa con un proceso de paz a largo plazo que consiga una soluci\u00f3n de&nbsp;dos Estados, uno israel\u00ed y el otro palestino.<\/p>\n\n\n\n<p>Posteriormente, en una declaraci\u00f3n seguida por preguntas de los periodistas, el l\u00edder brit\u00e1nico subray\u00f3 que en septiembre evaluar\u00e1 el cumplimiento de esas condiciones para tomar una decisi\u00f3n.<\/p>\n\n\n\n<p>\u00abHoy puedo confirmar que el Reino Unido reconocer\u00e1 el Estado de Palestina en septiembre, antes de la celebraci\u00f3n de la Asamblea General de la ONU, a menos que Israel d\u00e9 pasos sustantivos para acabar con la catastr\u00f3fica situaci\u00f3n en Gaza, acuerde un alto el fuego y se comprometa con una soluci\u00f3n a largo plazo que reviva la soluci\u00f3n de dos Estados. Y esto incluye permitir a la ONU introducir ayuda humanitaria y dejar claro que no habr\u00e1 una anexi\u00f3n de Cisjordania\u00bb, dijo.<\/p>\n\n\n\n<p>Al respecto de la situaci\u00f3n en la franja, Starmer asegur\u00f3 que se est\u00e1n viendo \u00abim\u00e1genes que se nos quedar\u00e1n toda la vida\u00bb, por lo que inst\u00f3 a las autoridades israel\u00edes a que \u00abcesen el sufrimiento\u00bb.<\/p>\n\n\n\n<p>\u00abTenemos que ver al menos 500 camiones (con ayuda) entrando en Gaza cada d\u00eda\u00bb, subray\u00f3, despu\u00e9s de explicar que abord\u00f3 la situaci\u00f3n humanitaria ayer con el presidente de Estados Unidos, Donald Trump, en Escocia.<\/p>\n\n\n\n<p>Al mismo tiempo, reconoci\u00f3 que el objetivo de los dos Estados \u00abest\u00e1 bajo presi\u00f3n como nunca antes\u00bb y que esa soluci\u00f3n est\u00e1 \u00abamenazada\u00bb.<\/p>\n\n\n\n<p>De igual forma, mand\u00f3 un mensaje a \u00ablos terroristas de Ham\u00e1s\u00bb, a los que llam\u00f3 a desarmarse, a sumarse a un alto el fuego y a aceptar que no podr\u00e1 desempe\u00f1ar ning\u00fan papel en cualquier gobierno futuro en Gaza.<\/p>\n\n\n\n<p><\/p>\n\n\n\n<p><\/p>\n\n\n\n<p><\/p>\n\n\n\n<p><\/p>\n\n\n\n<p>(DW)<\/p>","protected":false},"excerpt":{"rendered":"<p>El Gobierno brit\u00e1nico reconocer\u00e1 el&nbsp;Estado de Palestina&nbsp;en septiembre, antes de la celebraci\u00f3n de la Asamblea General de la ONU, si&nbsp;Israel&nbsp;no cumple una serie de condiciones, entre ellas dar pasos para acabar con la \u00abcatastr\u00f3fica situaci\u00f3n en Gaza\u00bb, decretar un alto el fuego y asegurar que no se anexar\u00e1 Cisjordania. En la reuni\u00f3n del Consejo de&hellip;<\/p>","protected":false},"author":2,"featured_media":3457,"comment_status":"open","ping_status":"open","sticky":false,"template":"","format":"standard","meta":{"_et_pb_use_builder":"","_et_pb_old_content":"","_et_gb_content_width":"","footnotes":""},"categories":[245],"tags":[525,524,260,448,406,523],"class_list":["post-3456","post","type-post","status-publish","format-standard","has-post-thumbnail","hentry","category-internacionales","tag-alto-al-fuego","tag-estado-de-palestina","tag-estados-unidos","tag-gaza","tag-onu","tag-reino-unido"],"yoast_head":"<!-- This site is optimized with the Yoast SEO plugin v27.4 - https:\/\/yoast.com\/product\/yoast-seo-wordpress\/ -->\n<title>Reino Unido reconocer\u00e1 al Estado palestino en septiembre - La G Noticias<\/title>\n<meta name=\"robots\" content=\"index, follow, max-snippet:-1, max-image-preview:large, max-video-preview:-1\" \/>\n<link rel=\"canonical\" href=\"https:\/\/lagnoticias.com\/en\/2025\/07\/29\/reino-unido-reconocera-al-estado-palestino-en-septiembre\/\" \/>\n<meta property=\"og:locale\" content=\"en_US\" \/>\n<meta property=\"og:type\" content=\"article\" \/>\n<meta property=\"og:title\" content=\"Reino Unido reconocer\u00e1 al Estado palestino en septiembre - La G Noticias\" \/>\n<meta property=\"og:description\" content=\"El Gobierno brit\u00e1nico reconocer\u00e1 el&nbsp;Estado de Palestina&nbsp;en septiembre, antes de la celebraci\u00f3n de la Asamblea General de la ONU, si&nbsp;Israel&nbsp;no cumple una serie de condiciones, entre ellas dar pasos para acabar con la &quot;catastr\u00f3fica situaci\u00f3n en Gaza&quot;, decretar un alto el fuego y asegurar que no se anexar\u00e1 Cisjordania. En la reuni\u00f3n del Consejo de&hellip;\" \/>\n<meta property=\"og:url\" content=\"https:\/\/lagnoticias.com\/en\/2025\/07\/29\/reino-unido-reconocera-al-estado-palestino-en-septiembre\/\" \/>\n<meta property=\"og:site_name\" content=\"La G Noticias\" \/>\n<meta property=\"article:publisher\" content=\"https:\/\/www.facebook.com\/LaGNoticias\" \/>\n<meta property=\"article:published_time\" content=\"2025-07-29T18:05:10+00:00\" \/>\n<meta property=\"article:modified_time\" content=\"2025-07-29T18:05:45+00:00\" \/>\n<meta property=\"og:image\" content=\"https:\/\/lagnoticias.com\/wp-content\/uploads\/2025\/07\/6-3.jpg\" \/>\n\t<meta property=\"og:image:width\" content=\"1094\" \/>\n\t<meta property=\"og:image:height\" content=\"525\" \/>\n\t<meta property=\"og:image:type\" content=\"image\/jpeg\" \/>\n<meta name=\"author\" content=\"Oscar\" \/>\n<meta name=\"twitter:card\" content=\"summary_large_image\" \/>\n<meta name=\"twitter:creator\" content=\"@lagnoticias\" \/>\n<meta name=\"twitter:site\" content=\"@lagnoticias\" \/>\n<meta name=\"twitter:label1\" content=\"Written by\" \/>\n\t<meta name=\"twitter:data1\" content=\"Oscar\" \/>\n\t<meta name=\"twitter:label2\" content=\"Est. reading time\" \/>\n\t<meta name=\"twitter:data2\" content=\"2 minutes\" \/>\n<script type=\"application\/ld+json\" class=\"yoast-schema-graph\">{\"@context\":\"https:\\\/\\\/schema.org\",\"@graph\":[{\"@type\":\"Article\",\"@id\":\"https:\\\/\\\/lagnoticias.com\\\/2025\\\/07\\\/29\\\/reino-unido-reconocera-al-estado-palestino-en-septiembre\\\/#article\",\"isPartOf\":{\"@id\":\"https:\\\/\\\/lagnoticias.com\\\/2025\\\/07\\\/29\\\/reino-unido-reconocera-al-estado-palestino-en-septiembre\\\/\"},\"author\":{\"name\":\"Oscar\",\"@id\":\"https:\\\/\\\/lagnoticias.com\\\/#\\\/schema\\\/person\\\/cb9bfe13f8de05d2c55270be25c6a550\"},\"headline\":\"Reino Unido reconocer\u00e1 al Estado palestino en septiembre\",\"datePublished\":\"2025-07-29T18:05:10+00:00\",\"dateModified\":\"2025-07-29T18:05:45+00:00\",\"mainEntityOfPage\":{\"@id\":\"https:\\\/\\\/lagnoticias.com\\\/2025\\\/07\\\/29\\\/reino-unido-reconocera-al-estado-palestino-en-septiembre\\\/\"},\"wordCount\":382,\"commentCount\":0,\"image\":{\"@id\":\"https:\\\/\\\/lagnoticias.com\\\/2025\\\/07\\\/29\\\/reino-unido-reconocera-al-estado-palestino-en-septiembre\\\/#primaryimage\"},\"thumbnailUrl\":\"https:\\\/\\\/lagnoticias.com\\\/wp-content\\\/uploads\\\/2025\\\/07\\\/6-3.jpg\",\"keywords\":[\"ALTO AL FUEGO\",\"ESTADO DE PALESTINA\",\"ESTADOS UNIDOS\",\"GAZA\",\"ONU\",\"REINO UNIDO\"],\"articleSection\":[\"INTERNACIONALES\"],\"inLanguage\":\"en-US\",\"potentialAction\":[{\"@type\":\"CommentAction\",\"name\":\"Comment\",\"target\":[\"https:\\\/\\\/lagnoticias.com\\\/2025\\\/07\\\/29\\\/reino-unido-reconocera-al-estado-palestino-en-septiembre\\\/#respond\"]}]},{\"@type\":\"WebPage\",\"@id\":\"https:\\\/\\\/lagnoticias.com\\\/2025\\\/07\\\/29\\\/reino-unido-reconocera-al-estado-palestino-en-septiembre\\\/\",\"url\":\"https:\\\/\\\/lagnoticias.com\\\/2025\\\/07\\\/29\\\/reino-unido-reconocera-al-estado-palestino-en-septiembre\\\/\",\"name\":\"Reino Unido reconocer\u00e1 al Estado palestino en septiembre - La G Noticias\",\"isPartOf\":{\"@id\":\"https:\\\/\\\/lagnoticias.com\\\/#website\"},\"primaryImageOfPage\":{\"@id\":\"https:\\\/\\\/lagnoticias.com\\\/2025\\\/07\\\/29\\\/reino-unido-reconocera-al-estado-palestino-en-septiembre\\\/#primaryimage\"},\"image\":{\"@id\":\"https:\\\/\\\/lagnoticias.com\\\/2025\\\/07\\\/29\\\/reino-unido-reconocera-al-estado-palestino-en-septiembre\\\/#primaryimage\"},\"thumbnailUrl\":\"https:\\\/\\\/lagnoticias.com\\\/wp-content\\\/uploads\\\/2025\\\/07\\\/6-3.jpg\",\"datePublished\":\"2025-07-29T18:05:10+00:00\",\"dateModified\":\"2025-07-29T18:05:45+00:00\",\"author\":{\"@id\":\"https:\\\/\\\/lagnoticias.com\\\/#\\\/schema\\\/person\\\/cb9bfe13f8de05d2c55270be25c6a550\"},\"breadcrumb\":{\"@id\":\"https:\\\/\\\/lagnoticias.com\\\/2025\\\/07\\\/29\\\/reino-unido-reconocera-al-estado-palestino-en-septiembre\\\/#breadcrumb\"},\"inLanguage\":\"en-US\",\"potentialAction\":[{\"@type\":\"ReadAction\",\"target\":[\"https:\\\/\\\/lagnoticias.com\\\/2025\\\/07\\\/29\\\/reino-unido-reconocera-al-estado-palestino-en-septiembre\\\/\"]}]},{\"@type\":\"ImageObject\",\"inLanguage\":\"en-US\",\"@id\":\"https:\\\/\\\/lagnoticias.com\\\/2025\\\/07\\\/29\\\/reino-unido-reconocera-al-estado-palestino-en-septiembre\\\/#primaryimage\",\"url\":\"https:\\\/\\\/lagnoticias.com\\\/wp-content\\\/uploads\\\/2025\\\/07\\\/6-3.jpg\",\"contentUrl\":\"https:\\\/\\\/lagnoticias.com\\\/wp-content\\\/uploads\\\/2025\\\/07\\\/6-3.jpg\",\"width\":1094,\"height\":525},{\"@type\":\"BreadcrumbList\",\"@id\":\"https:\\\/\\\/lagnoticias.com\\\/2025\\\/07\\\/29\\\/reino-unido-reconocera-al-estado-palestino-en-septiembre\\\/#breadcrumb\",\"itemListElement\":[{\"@type\":\"ListItem\",\"position\":1,\"name\":\"Portada\",\"item\":\"https:\\\/\\\/lagnoticias.com\\\/\"},{\"@type\":\"ListItem\",\"position\":2,\"name\":\"Reino Unido reconocer\u00e1 al Estado palestino en septiembre\"}]},{\"@type\":\"WebSite\",\"@id\":\"https:\\\/\\\/lagnoticias.com\\\/#website\",\"url\":\"https:\\\/\\\/lagnoticias.com\\\/\",\"name\":\"La G Noticias\",\"description\":\"Noticias Positivas\",\"potentialAction\":[{\"@type\":\"SearchAction\",\"target\":{\"@type\":\"EntryPoint\",\"urlTemplate\":\"https:\\\/\\\/lagnoticias.com\\\/?s={search_term_string}\"},\"query-input\":{\"@type\":\"PropertyValueSpecification\",\"valueRequired\":true,\"valueName\":\"search_term_string\"}}],\"inLanguage\":\"en-US\"},{\"@type\":\"Person\",\"@id\":\"https:\\\/\\\/lagnoticias.com\\\/#\\\/schema\\\/person\\\/cb9bfe13f8de05d2c55270be25c6a550\",\"name\":\"Oscar\",\"image\":{\"@type\":\"ImageObject\",\"inLanguage\":\"en-US\",\"@id\":\"https:\\\/\\\/secure.gravatar.com\\\/avatar\\\/45c195718f652dc7ffdd591dc1f2678956ab7fdadcd359a635edc61304a8c757?s=96&d=mm&r=g\",\"url\":\"https:\\\/\\\/secure.gravatar.com\\\/avatar\\\/45c195718f652dc7ffdd591dc1f2678956ab7fdadcd359a635edc61304a8c757?s=96&d=mm&r=g\",\"contentUrl\":\"https:\\\/\\\/secure.gravatar.com\\\/avatar\\\/45c195718f652dc7ffdd591dc1f2678956ab7fdadcd359a635edc61304a8c757?s=96&d=mm&r=g\",\"caption\":\"Oscar\"},\"url\":\"https:\\\/\\\/lagnoticias.com\\\/en\\\/author\\\/oscar\\\/\"}]}<\/script>\n<!-- \/ Yoast SEO plugin. -->","yoast_head_json":{"title":"Reino Unido reconocer\u00e1 al Estado palestino en septiembre - La G Noticias","robots":{"index":"index","follow":"follow","max-snippet":"max-snippet:-1","max-image-preview":"max-image-preview:large","max-video-preview":"max-video-preview:-1"},"canonical":"https:\/\/lagnoticias.com\/en\/2025\/07\/29\/reino-unido-reconocera-al-estado-palestino-en-septiembre\/","og_locale":"en_US","og_type":"article","og_title":"Reino Unido reconocer\u00e1 al Estado palestino en septiembre - La G Noticias","og_description":"El Gobierno brit\u00e1nico reconocer\u00e1 el&nbsp;Estado de Palestina&nbsp;en septiembre, antes de la celebraci\u00f3n de la Asamblea General de la ONU, si&nbsp;Israel&nbsp;no cumple una serie de condiciones, entre ellas dar pasos para acabar con la \"catastr\u00f3fica situaci\u00f3n en Gaza\", decretar un alto el fuego y asegurar que no se anexar\u00e1 Cisjordania. En la reuni\u00f3n del Consejo de&hellip;","og_url":"https:\/\/lagnoticias.com\/en\/2025\/07\/29\/reino-unido-reconocera-al-estado-palestino-en-septiembre\/","og_site_name":"La G Noticias","article_publisher":"https:\/\/www.facebook.com\/LaGNoticias","article_published_time":"2025-07-29T18:05:10+00:00","article_modified_time":"2025-07-29T18:05:45+00:00","og_image":[{"width":1094,"height":525,"url":"https:\/\/lagnoticias.com\/wp-content\/uploads\/2025\/07\/6-3.jpg","type":"image\/jpeg"}],"author":"Oscar","twitter_card":"summary_large_image","twitter_creator":"@lagnoticias","twitter_site":"@lagnoticias","twitter_misc":{"Written by":"Oscar","Est. reading time":"2 minutes"},"schema":{"@context":"https:\/\/schema.org","@graph":[{"@type":"Article","@id":"https:\/\/lagnoticias.com\/2025\/07\/29\/reino-unido-reconocera-al-estado-palestino-en-septiembre\/#article","isPartOf":{"@id":"https:\/\/lagnoticias.com\/2025\/07\/29\/reino-unido-reconocera-al-estado-palestino-en-septiembre\/"},"author":{"name":"Oscar","@id":"https:\/\/lagnoticias.com\/#\/schema\/person\/cb9bfe13f8de05d2c55270be25c6a550"},"headline":"Reino Unido reconocer\u00e1 al Estado palestino en septiembre","datePublished":"2025-07-29T18:05:10+00:00","dateModified":"2025-07-29T18:05:45+00:00","mainEntityOfPage":{"@id":"https:\/\/lagnoticias.com\/2025\/07\/29\/reino-unido-reconocera-al-estado-palestino-en-septiembre\/"},"wordCount":382,"commentCount":0,"image":{"@id":"https:\/\/lagnoticias.com\/2025\/07\/29\/reino-unido-reconocera-al-estado-palestino-en-septiembre\/#primaryimage"},"thumbnailUrl":"https:\/\/lagnoticias.com\/wp-content\/uploads\/2025\/07\/6-3.jpg","keywords":["ALTO AL FUEGO","ESTADO DE PALESTINA","ESTADOS UNIDOS","GAZA","ONU","REINO UNIDO"],"articleSection":["INTERNACIONALES"],"inLanguage":"en-US","potentialAction":[{"@type":"CommentAction","name":"Comment","target":["https:\/\/lagnoticias.com\/2025\/07\/29\/reino-unido-reconocera-al-estado-palestino-en-septiembre\/#respond"]}]},{"@type":"WebPage","@id":"https:\/\/lagnoticias.com\/2025\/07\/29\/reino-unido-reconocera-al-estado-palestino-en-septiembre\/","url":"https:\/\/lagnoticias.com\/2025\/07\/29\/reino-unido-reconocera-al-estado-palestino-en-septiembre\/","name":"Reino Unido reconocer\u00e1 al Estado palestino en septiembre - La G Noticias","isPartOf":{"@id":"https:\/\/lagnoticias.com\/#website"},"primaryImageOfPage":{"@id":"https:\/\/lagnoticias.com\/2025\/07\/29\/reino-unido-reconocera-al-estado-palestino-en-septiembre\/#primaryimage"},"image":{"@id":"https:\/\/lagnoticias.com\/2025\/07\/29\/reino-unido-reconocera-al-estado-palestino-en-septiembre\/#primaryimage"},"thumbnailUrl":"https:\/\/lagnoticias.com\/wp-content\/uploads\/2025\/07\/6-3.jpg","datePublished":"2025-07-29T18:05:10+00:00","dateModified":"2025-07-29T18:05:45+00:00","author":{"@id":"https:\/\/lagnoticias.com\/#\/schema\/person\/cb9bfe13f8de05d2c55270be25c6a550"},"breadcrumb":{"@id":"https:\/\/lagnoticias.com\/2025\/07\/29\/reino-unido-reconocera-al-estado-palestino-en-septiembre\/#breadcrumb"},"inLanguage":"en-US","potentialAction":[{"@type":"ReadAction","target":["https:\/\/lagnoticias.com\/2025\/07\/29\/reino-unido-reconocera-al-estado-palestino-en-septiembre\/"]}]},{"@type":"ImageObject","inLanguage":"en-US","@id":"https:\/\/lagnoticias.com\/2025\/07\/29\/reino-unido-reconocera-al-estado-palestino-en-septiembre\/#primaryimage","url":"https:\/\/lagnoticias.com\/wp-content\/uploads\/2025\/07\/6-3.jpg","contentUrl":"https:\/\/lagnoticias.com\/wp-content\/uploads\/2025\/07\/6-3.jpg","width":1094,"height":525},{"@type":"BreadcrumbList","@id":"https:\/\/lagnoticias.com\/2025\/07\/29\/reino-unido-reconocera-al-estado-palestino-en-septiembre\/#breadcrumb","itemListElement":[{"@type":"ListItem","position":1,"name":"Portada","item":"https:\/\/lagnoticias.com\/"},{"@type":"ListItem","position":2,"name":"Reino Unido reconocer\u00e1 al Estado palestino en septiembre"}]},{"@type":"WebSite","@id":"https:\/\/lagnoticias.com\/#website","url":"https:\/\/lagnoticias.com\/","name":"La G Noticias","description":"Noticias Positivas","potentialAction":[{"@type":"SearchAction","target":{"@type":"EntryPoint","urlTemplate":"https:\/\/lagnoticias.com\/?s={search_term_string}"},"query-input":{"@type":"PropertyValueSpecification","valueRequired":true,"valueName":"search_term_string"}}],"inLanguage":"en-US"},{"@type":"Person","@id":"https:\/\/lagnoticias.com\/#\/schema\/person\/cb9bfe13f8de05d2c55270be25c6a550","name":"Oscar","image":{"@type":"ImageObject","inLanguage":"en-US","@id":"https:\/\/secure.gravatar.com\/avatar\/45c195718f652dc7ffdd591dc1f2678956ab7fdadcd359a635edc61304a8c757?s=96&d=mm&r=g","url":"https:\/\/secure.gravatar.com\/avatar\/45c195718f652dc7ffdd591dc1f2678956ab7fdadcd359a635edc61304a8c757?s=96&d=mm&r=g","contentUrl":"https:\/\/secure.gravatar.com\/avatar\/45c195718f652dc7ffdd591dc1f2678956ab7fdadcd359a635edc61304a8c757?s=96&d=mm&r=g","caption":"Oscar"},"url":"https:\/\/lagnoticias.com\/en\/author\/oscar\/"}]}},"_links":{"self":[{"href":"https:\/\/lagnoticias.com\/en\/wp-json\/wp\/v2\/posts\/3456","targetHints":{"allow":["GET"]}}],"collection":[{"href":"https:\/\/lagnoticias.com\/en\/wp-json\/wp\/v2\/posts"}],"about":[{"href":"https:\/\/lagnoticias.com\/en\/wp-json\/wp\/v2\/types\/post"}],"author":[{"embeddable":true,"href":"https:\/\/lagnoticias.com\/en\/wp-json\/wp\/v2\/users\/2"}],"replies":[{"embeddable":true,"href":"https:\/\/lagnoticias.com\/en\/wp-json\/wp\/v2\/comments?post=3456"}],"version-history":[{"count":2,"href":"https:\/\/lagnoticias.com\/en\/wp-json\/wp\/v2\/posts\/3456\/revisions"}],"predecessor-version":[{"id":3459,"href":"https:\/\/lagnoticias.com\/en\/wp-json\/wp\/v2\/posts\/3456\/revisions\/3459"}],"wp:featuredmedia":[{"embeddable":true,"href":"https:\/\/lagnoticias.com\/en\/wp-json\/wp\/v2\/media\/3457"}],"wp:attachment":[{"href":"https:\/\/lagnoticias.com\/en\/wp-json\/wp\/v2\/media?parent=3456"}],"wp:term":[{"taxonomy":"category","embeddable":true,"href":"https:\/\/lagnoticias.com\/en\/wp-json\/wp\/v2\/categories?post=3456"},{"taxonomy":"post_tag","embeddable":true,"href":"https:\/\/lagnoticias.com\/en\/wp-json\/wp\/v2\/tags?post=3456"}],"curies":[{"name":"wp","href":"https:\/\/api.w.org\/{rel}","templated":true}]}}