{"id":3222,"date":"2025-07-21T10:11:16","date_gmt":"2025-07-21T16:11:16","guid":{"rendered":"https:\/\/lagnoticias.com\/?p=3222"},"modified":"2025-07-21T10:11:17","modified_gmt":"2025-07-21T16:11:17","slug":"incertidumbre-arancelaria-afectara-inversiones-en-mejoras-laborales-advierte-oit","status":"publish","type":"post","link":"https:\/\/lagnoticias.com\/en\/2025\/07\/21\/incertidumbre-arancelaria-afectara-inversiones-en-mejoras-laborales-advierte-oit\/","title":{"rendered":"Incertidumbre arancelaria afectar\u00e1 inversiones en mejoras laborales, advierte OIT"},"content":{"rendered":"<p>Las f\u00e1bricas de prendas de vestir de todo el mundo que han firmado la aplicaci\u00f3n de las normas laborales respaldadas por la ONU podr\u00edan dejar de invertir en la mejora de las condiciones laborales, debido a la incertidumbre generalizada sobre los niveles arancelarios.<\/p>\n\n\n\n<p>Las subidas de aranceles, ya sean amenazas o reales, se centran en gran medida en gravar las importaciones a Estados Unidos y encarecer\u00e1n los productos elaborados por f\u00e1bricas situadas fuera del pa\u00eds, una situaci\u00f3n que puede hacer descender la demanda.<\/p>\n\n\n\n<p>El programa Better Work de la Organizaci\u00f3n Internacional del Trabajo (OIT), en colaboraci\u00f3n con la Corporaci\u00f3n Financiera Internacional (IFC, por sus siglas en ingl\u00e9s), ha apoyado a las f\u00e1bricas de confecci\u00f3n, muchas de las cuales exportan sus productos a Estados Unidos.<\/p>\n\n\n\n<p>Sara Park, funcionaria de la OIT explic\u00f3 que Better Work opera actualmente en el sector de la confecci\u00f3n, el textil y el calzado en 13 pa\u00edses y cre\u00f3 hace 24 a\u00f1os en Camboya para supervisar las condiciones de trabajo en las f\u00e1bricas de confecci\u00f3n y desde entonces se ha centrado en la mejora y capacitaci\u00f3n de las f\u00e1bricas y grupos de inter\u00e9s en el sector, por ejemplo, en seguridad y salud en el trabajo.<\/p>\n\n\n\n<p>Los estudios muestran que a nivel de f\u00e1brica han tenido un impacto significativo, por ejemplo, aumentando los salarios y apoyando cuestiones relacionadas con la igualdad de g\u00e9nero, el empoderamiento de la mujer y la obtenci\u00f3n de m\u00e1s puestos de supervisi\u00f3n por parte de las mujeres.<\/p>\n\n\n\n<p>\u00abA lo largo de su cuarto de siglo de existencia, Better Work ha sacado a millones de personas de la pobreza y ha reducido el impacto medioambiental del sector de la confecci\u00f3n creando trabajo decente en empresas sostenibles\u00bb, dice Park.<\/p>\n\n\n\n<p>Agrega que el dado que Gobierno de Estados Unidos ha recortado la financiaci\u00f3n y eso ha afectado a programas en Hait\u00ed y Jordania. Los dem\u00e1s pa\u00edses no se han visto afectados, ya que cuentan con una financiaci\u00f3n diversa.<\/p>\n\n\n\n<p>Esto les afecta ya que, en periodos de crisis o incertidumbre, la inversi\u00f3n suele detenerse. Una de las preocupaciones es que las f\u00e1bricas dejen de invertir en la mejora de las condiciones de trabajo, lo que podr\u00eda afectar a la seguridad y la salud en el trabajo.<\/p>\n\n\n\n<p><\/p>\n\n\n\n<p><\/p>\n\n\n\n<p><\/p>\n\n\n\n<p>(E&amp;N)<\/p>","protected":false},"excerpt":{"rendered":"<p>Las f\u00e1bricas de prendas de vestir de todo el mundo que han firmado la aplicaci\u00f3n de las normas laborales respaldadas por la ONU podr\u00edan dejar de invertir en la mejora de las condiciones laborales, debido a la incertidumbre generalizada sobre los niveles arancelarios. Las subidas de aranceles, ya sean amenazas o reales, se centran en&hellip;<\/p>","protected":false},"author":2,"featured_media":3223,"comment_status":"open","ping_status":"open","sticky":false,"template":"","format":"standard","meta":{"_et_pb_use_builder":"","_et_pb_old_content":"","_et_gb_content_width":"","footnotes":""},"categories":[245],"tags":[274,260,347,405,406],"class_list":["post-3222","post","type-post","status-publish","format-standard","has-post-thumbnail","hentry","category-internacionales","tag-aranceles","tag-estados-unidos","tag-gobierno-de-estados-unidos","tag-oit","tag-onu"],"yoast_head":"<!-- This site is optimized with the Yoast SEO plugin v27.4 - https:\/\/yoast.com\/product\/yoast-seo-wordpress\/ -->\n<title>Incertidumbre arancelaria afectar\u00e1 inversiones en mejoras laborales, advierte OIT - La G Noticias<\/title>\n<meta name=\"robots\" content=\"index, follow, max-snippet:-1, max-image-preview:large, max-video-preview:-1\" \/>\n<link rel=\"canonical\" href=\"https:\/\/lagnoticias.com\/en\/2025\/07\/21\/incertidumbre-arancelaria-afectara-inversiones-en-mejoras-laborales-advierte-oit\/\" \/>\n<meta property=\"og:locale\" content=\"en_US\" \/>\n<meta property=\"og:type\" content=\"article\" \/>\n<meta property=\"og:title\" content=\"Incertidumbre arancelaria afectar\u00e1 inversiones en mejoras laborales, advierte OIT - La G Noticias\" \/>\n<meta property=\"og:description\" content=\"Las f\u00e1bricas de prendas de vestir de todo el mundo que han firmado la aplicaci\u00f3n de las normas laborales respaldadas por la ONU podr\u00edan dejar de invertir en la mejora de las condiciones laborales, debido a la incertidumbre generalizada sobre los niveles arancelarios. Las subidas de aranceles, ya sean amenazas o reales, se centran en&hellip;\" \/>\n<meta property=\"og:url\" content=\"https:\/\/lagnoticias.com\/en\/2025\/07\/21\/incertidumbre-arancelaria-afectara-inversiones-en-mejoras-laborales-advierte-oit\/\" \/>\n<meta property=\"og:site_name\" content=\"La G Noticias\" \/>\n<meta property=\"article:publisher\" content=\"https:\/\/www.facebook.com\/LaGNoticias\" \/>\n<meta property=\"article:published_time\" content=\"2025-07-21T16:11:16+00:00\" \/>\n<meta property=\"article:modified_time\" content=\"2025-07-21T16:11:17+00:00\" \/>\n<meta property=\"og:image\" content=\"https:\/\/lagnoticias.com\/wp-content\/uploads\/2025\/07\/maquila-empleados_11409719_20250719094502.jpg\" \/>\n\t<meta property=\"og:image:width\" content=\"1000\" \/>\n\t<meta property=\"og:image:height\" content=\"615\" \/>\n\t<meta property=\"og:image:type\" content=\"image\/jpeg\" \/>\n<meta name=\"author\" content=\"Oscar\" \/>\n<meta name=\"twitter:card\" content=\"summary_large_image\" \/>\n<meta name=\"twitter:creator\" content=\"@lagnoticias\" \/>\n<meta name=\"twitter:site\" content=\"@lagnoticias\" \/>\n<meta name=\"twitter:label1\" content=\"Written by\" \/>\n\t<meta name=\"twitter:data1\" content=\"Oscar\" \/>\n\t<meta name=\"twitter:label2\" content=\"Est. reading time\" \/>\n\t<meta name=\"twitter:data2\" content=\"2 minutes\" \/>\n<script type=\"application\/ld+json\" class=\"yoast-schema-graph\">{\"@context\":\"https:\\\/\\\/schema.org\",\"@graph\":[{\"@type\":\"Article\",\"@id\":\"https:\\\/\\\/lagnoticias.com\\\/2025\\\/07\\\/21\\\/incertidumbre-arancelaria-afectara-inversiones-en-mejoras-laborales-advierte-oit\\\/#article\",\"isPartOf\":{\"@id\":\"https:\\\/\\\/lagnoticias.com\\\/2025\\\/07\\\/21\\\/incertidumbre-arancelaria-afectara-inversiones-en-mejoras-laborales-advierte-oit\\\/\"},\"author\":{\"name\":\"Oscar\",\"@id\":\"https:\\\/\\\/lagnoticias.com\\\/#\\\/schema\\\/person\\\/cb9bfe13f8de05d2c55270be25c6a550\"},\"headline\":\"Incertidumbre arancelaria afectar\u00e1 inversiones en mejoras laborales, advierte OIT\",\"datePublished\":\"2025-07-21T16:11:16+00:00\",\"dateModified\":\"2025-07-21T16:11:17+00:00\",\"mainEntityOfPage\":{\"@id\":\"https:\\\/\\\/lagnoticias.com\\\/2025\\\/07\\\/21\\\/incertidumbre-arancelaria-afectara-inversiones-en-mejoras-laborales-advierte-oit\\\/\"},\"wordCount\":412,\"commentCount\":0,\"image\":{\"@id\":\"https:\\\/\\\/lagnoticias.com\\\/2025\\\/07\\\/21\\\/incertidumbre-arancelaria-afectara-inversiones-en-mejoras-laborales-advierte-oit\\\/#primaryimage\"},\"thumbnailUrl\":\"https:\\\/\\\/lagnoticias.com\\\/wp-content\\\/uploads\\\/2025\\\/07\\\/maquila-empleados_11409719_20250719094502.jpg\",\"keywords\":[\"ARANCELES\",\"ESTADOS UNIDOS\",\"GOBIERNO DE ESTADOS UNIDOS\",\"OIT\",\"ONU\"],\"articleSection\":[\"INTERNACIONALES\"],\"inLanguage\":\"en-US\",\"potentialAction\":[{\"@type\":\"CommentAction\",\"name\":\"Comment\",\"target\":[\"https:\\\/\\\/lagnoticias.com\\\/2025\\\/07\\\/21\\\/incertidumbre-arancelaria-afectara-inversiones-en-mejoras-laborales-advierte-oit\\\/#respond\"]}]},{\"@type\":\"WebPage\",\"@id\":\"https:\\\/\\\/lagnoticias.com\\\/2025\\\/07\\\/21\\\/incertidumbre-arancelaria-afectara-inversiones-en-mejoras-laborales-advierte-oit\\\/\",\"url\":\"https:\\\/\\\/lagnoticias.com\\\/2025\\\/07\\\/21\\\/incertidumbre-arancelaria-afectara-inversiones-en-mejoras-laborales-advierte-oit\\\/\",\"name\":\"Incertidumbre arancelaria afectar\u00e1 inversiones en mejoras laborales, advierte OIT - La G Noticias\",\"isPartOf\":{\"@id\":\"https:\\\/\\\/lagnoticias.com\\\/#website\"},\"primaryImageOfPage\":{\"@id\":\"https:\\\/\\\/lagnoticias.com\\\/2025\\\/07\\\/21\\\/incertidumbre-arancelaria-afectara-inversiones-en-mejoras-laborales-advierte-oit\\\/#primaryimage\"},\"image\":{\"@id\":\"https:\\\/\\\/lagnoticias.com\\\/2025\\\/07\\\/21\\\/incertidumbre-arancelaria-afectara-inversiones-en-mejoras-laborales-advierte-oit\\\/#primaryimage\"},\"thumbnailUrl\":\"https:\\\/\\\/lagnoticias.com\\\/wp-content\\\/uploads\\\/2025\\\/07\\\/maquila-empleados_11409719_20250719094502.jpg\",\"datePublished\":\"2025-07-21T16:11:16+00:00\",\"dateModified\":\"2025-07-21T16:11:17+00:00\",\"author\":{\"@id\":\"https:\\\/\\\/lagnoticias.com\\\/#\\\/schema\\\/person\\\/cb9bfe13f8de05d2c55270be25c6a550\"},\"breadcrumb\":{\"@id\":\"https:\\\/\\\/lagnoticias.com\\\/2025\\\/07\\\/21\\\/incertidumbre-arancelaria-afectara-inversiones-en-mejoras-laborales-advierte-oit\\\/#breadcrumb\"},\"inLanguage\":\"en-US\",\"potentialAction\":[{\"@type\":\"ReadAction\",\"target\":[\"https:\\\/\\\/lagnoticias.com\\\/2025\\\/07\\\/21\\\/incertidumbre-arancelaria-afectara-inversiones-en-mejoras-laborales-advierte-oit\\\/\"]}]},{\"@type\":\"ImageObject\",\"inLanguage\":\"en-US\",\"@id\":\"https:\\\/\\\/lagnoticias.com\\\/2025\\\/07\\\/21\\\/incertidumbre-arancelaria-afectara-inversiones-en-mejoras-laborales-advierte-oit\\\/#primaryimage\",\"url\":\"https:\\\/\\\/lagnoticias.com\\\/wp-content\\\/uploads\\\/2025\\\/07\\\/maquila-empleados_11409719_20250719094502.jpg\",\"contentUrl\":\"https:\\\/\\\/lagnoticias.com\\\/wp-content\\\/uploads\\\/2025\\\/07\\\/maquila-empleados_11409719_20250719094502.jpg\",\"width\":1000,\"height\":615},{\"@type\":\"BreadcrumbList\",\"@id\":\"https:\\\/\\\/lagnoticias.com\\\/2025\\\/07\\\/21\\\/incertidumbre-arancelaria-afectara-inversiones-en-mejoras-laborales-advierte-oit\\\/#breadcrumb\",\"itemListElement\":[{\"@type\":\"ListItem\",\"position\":1,\"name\":\"Portada\",\"item\":\"https:\\\/\\\/lagnoticias.com\\\/\"},{\"@type\":\"ListItem\",\"position\":2,\"name\":\"Incertidumbre arancelaria afectar\u00e1 inversiones en mejoras laborales, advierte OIT\"}]},{\"@type\":\"WebSite\",\"@id\":\"https:\\\/\\\/lagnoticias.com\\\/#website\",\"url\":\"https:\\\/\\\/lagnoticias.com\\\/\",\"name\":\"La G Noticias\",\"description\":\"Noticias Positivas\",\"potentialAction\":[{\"@type\":\"SearchAction\",\"target\":{\"@type\":\"EntryPoint\",\"urlTemplate\":\"https:\\\/\\\/lagnoticias.com\\\/?s={search_term_string}\"},\"query-input\":{\"@type\":\"PropertyValueSpecification\",\"valueRequired\":true,\"valueName\":\"search_term_string\"}}],\"inLanguage\":\"en-US\"},{\"@type\":\"Person\",\"@id\":\"https:\\\/\\\/lagnoticias.com\\\/#\\\/schema\\\/person\\\/cb9bfe13f8de05d2c55270be25c6a550\",\"name\":\"Oscar\",\"image\":{\"@type\":\"ImageObject\",\"inLanguage\":\"en-US\",\"@id\":\"https:\\\/\\\/secure.gravatar.com\\\/avatar\\\/45c195718f652dc7ffdd591dc1f2678956ab7fdadcd359a635edc61304a8c757?s=96&d=mm&r=g\",\"url\":\"https:\\\/\\\/secure.gravatar.com\\\/avatar\\\/45c195718f652dc7ffdd591dc1f2678956ab7fdadcd359a635edc61304a8c757?s=96&d=mm&r=g\",\"contentUrl\":\"https:\\\/\\\/secure.gravatar.com\\\/avatar\\\/45c195718f652dc7ffdd591dc1f2678956ab7fdadcd359a635edc61304a8c757?s=96&d=mm&r=g\",\"caption\":\"Oscar\"},\"url\":\"https:\\\/\\\/lagnoticias.com\\\/en\\\/author\\\/oscar\\\/\"}]}<\/script>\n<!-- \/ Yoast SEO plugin. -->","yoast_head_json":{"title":"Incertidumbre arancelaria afectar\u00e1 inversiones en mejoras laborales, advierte OIT - La G Noticias","robots":{"index":"index","follow":"follow","max-snippet":"max-snippet:-1","max-image-preview":"max-image-preview:large","max-video-preview":"max-video-preview:-1"},"canonical":"https:\/\/lagnoticias.com\/en\/2025\/07\/21\/incertidumbre-arancelaria-afectara-inversiones-en-mejoras-laborales-advierte-oit\/","og_locale":"en_US","og_type":"article","og_title":"Incertidumbre arancelaria afectar\u00e1 inversiones en mejoras laborales, advierte OIT - La G Noticias","og_description":"Las f\u00e1bricas de prendas de vestir de todo el mundo que han firmado la aplicaci\u00f3n de las normas laborales respaldadas por la ONU podr\u00edan dejar de invertir en la mejora de las condiciones laborales, debido a la incertidumbre generalizada sobre los niveles arancelarios. Las subidas de aranceles, ya sean amenazas o reales, se centran en&hellip;","og_url":"https:\/\/lagnoticias.com\/en\/2025\/07\/21\/incertidumbre-arancelaria-afectara-inversiones-en-mejoras-laborales-advierte-oit\/","og_site_name":"La G Noticias","article_publisher":"https:\/\/www.facebook.com\/LaGNoticias","article_published_time":"2025-07-21T16:11:16+00:00","article_modified_time":"2025-07-21T16:11:17+00:00","og_image":[{"width":1000,"height":615,"url":"https:\/\/lagnoticias.com\/wp-content\/uploads\/2025\/07\/maquila-empleados_11409719_20250719094502.jpg","type":"image\/jpeg"}],"author":"Oscar","twitter_card":"summary_large_image","twitter_creator":"@lagnoticias","twitter_site":"@lagnoticias","twitter_misc":{"Written by":"Oscar","Est. reading time":"2 minutes"},"schema":{"@context":"https:\/\/schema.org","@graph":[{"@type":"Article","@id":"https:\/\/lagnoticias.com\/2025\/07\/21\/incertidumbre-arancelaria-afectara-inversiones-en-mejoras-laborales-advierte-oit\/#article","isPartOf":{"@id":"https:\/\/lagnoticias.com\/2025\/07\/21\/incertidumbre-arancelaria-afectara-inversiones-en-mejoras-laborales-advierte-oit\/"},"author":{"name":"Oscar","@id":"https:\/\/lagnoticias.com\/#\/schema\/person\/cb9bfe13f8de05d2c55270be25c6a550"},"headline":"Incertidumbre arancelaria afectar\u00e1 inversiones en mejoras laborales, advierte OIT","datePublished":"2025-07-21T16:11:16+00:00","dateModified":"2025-07-21T16:11:17+00:00","mainEntityOfPage":{"@id":"https:\/\/lagnoticias.com\/2025\/07\/21\/incertidumbre-arancelaria-afectara-inversiones-en-mejoras-laborales-advierte-oit\/"},"wordCount":412,"commentCount":0,"image":{"@id":"https:\/\/lagnoticias.com\/2025\/07\/21\/incertidumbre-arancelaria-afectara-inversiones-en-mejoras-laborales-advierte-oit\/#primaryimage"},"thumbnailUrl":"https:\/\/lagnoticias.com\/wp-content\/uploads\/2025\/07\/maquila-empleados_11409719_20250719094502.jpg","keywords":["ARANCELES","ESTADOS UNIDOS","GOBIERNO DE ESTADOS UNIDOS","OIT","ONU"],"articleSection":["INTERNACIONALES"],"inLanguage":"en-US","potentialAction":[{"@type":"CommentAction","name":"Comment","target":["https:\/\/lagnoticias.com\/2025\/07\/21\/incertidumbre-arancelaria-afectara-inversiones-en-mejoras-laborales-advierte-oit\/#respond"]}]},{"@type":"WebPage","@id":"https:\/\/lagnoticias.com\/2025\/07\/21\/incertidumbre-arancelaria-afectara-inversiones-en-mejoras-laborales-advierte-oit\/","url":"https:\/\/lagnoticias.com\/2025\/07\/21\/incertidumbre-arancelaria-afectara-inversiones-en-mejoras-laborales-advierte-oit\/","name":"Incertidumbre arancelaria afectar\u00e1 inversiones en mejoras laborales, advierte OIT - La G Noticias","isPartOf":{"@id":"https:\/\/lagnoticias.com\/#website"},"primaryImageOfPage":{"@id":"https:\/\/lagnoticias.com\/2025\/07\/21\/incertidumbre-arancelaria-afectara-inversiones-en-mejoras-laborales-advierte-oit\/#primaryimage"},"image":{"@id":"https:\/\/lagnoticias.com\/2025\/07\/21\/incertidumbre-arancelaria-afectara-inversiones-en-mejoras-laborales-advierte-oit\/#primaryimage"},"thumbnailUrl":"https:\/\/lagnoticias.com\/wp-content\/uploads\/2025\/07\/maquila-empleados_11409719_20250719094502.jpg","datePublished":"2025-07-21T16:11:16+00:00","dateModified":"2025-07-21T16:11:17+00:00","author":{"@id":"https:\/\/lagnoticias.com\/#\/schema\/person\/cb9bfe13f8de05d2c55270be25c6a550"},"breadcrumb":{"@id":"https:\/\/lagnoticias.com\/2025\/07\/21\/incertidumbre-arancelaria-afectara-inversiones-en-mejoras-laborales-advierte-oit\/#breadcrumb"},"inLanguage":"en-US","potentialAction":[{"@type":"ReadAction","target":["https:\/\/lagnoticias.com\/2025\/07\/21\/incertidumbre-arancelaria-afectara-inversiones-en-mejoras-laborales-advierte-oit\/"]}]},{"@type":"ImageObject","inLanguage":"en-US","@id":"https:\/\/lagnoticias.com\/2025\/07\/21\/incertidumbre-arancelaria-afectara-inversiones-en-mejoras-laborales-advierte-oit\/#primaryimage","url":"https:\/\/lagnoticias.com\/wp-content\/uploads\/2025\/07\/maquila-empleados_11409719_20250719094502.jpg","contentUrl":"https:\/\/lagnoticias.com\/wp-content\/uploads\/2025\/07\/maquila-empleados_11409719_20250719094502.jpg","width":1000,"height":615},{"@type":"BreadcrumbList","@id":"https:\/\/lagnoticias.com\/2025\/07\/21\/incertidumbre-arancelaria-afectara-inversiones-en-mejoras-laborales-advierte-oit\/#breadcrumb","itemListElement":[{"@type":"ListItem","position":1,"name":"Portada","item":"https:\/\/lagnoticias.com\/"},{"@type":"ListItem","position":2,"name":"Incertidumbre arancelaria afectar\u00e1 inversiones en mejoras laborales, advierte OIT"}]},{"@type":"WebSite","@id":"https:\/\/lagnoticias.com\/#website","url":"https:\/\/lagnoticias.com\/","name":"La G Noticias","description":"Noticias Positivas","potentialAction":[{"@type":"SearchAction","target":{"@type":"EntryPoint","urlTemplate":"https:\/\/lagnoticias.com\/?s={search_term_string}"},"query-input":{"@type":"PropertyValueSpecification","valueRequired":true,"valueName":"search_term_string"}}],"inLanguage":"en-US"},{"@type":"Person","@id":"https:\/\/lagnoticias.com\/#\/schema\/person\/cb9bfe13f8de05d2c55270be25c6a550","name":"Oscar","image":{"@type":"ImageObject","inLanguage":"en-US","@id":"https:\/\/secure.gravatar.com\/avatar\/45c195718f652dc7ffdd591dc1f2678956ab7fdadcd359a635edc61304a8c757?s=96&d=mm&r=g","url":"https:\/\/secure.gravatar.com\/avatar\/45c195718f652dc7ffdd591dc1f2678956ab7fdadcd359a635edc61304a8c757?s=96&d=mm&r=g","contentUrl":"https:\/\/secure.gravatar.com\/avatar\/45c195718f652dc7ffdd591dc1f2678956ab7fdadcd359a635edc61304a8c757?s=96&d=mm&r=g","caption":"Oscar"},"url":"https:\/\/lagnoticias.com\/en\/author\/oscar\/"}]}},"_links":{"self":[{"href":"https:\/\/lagnoticias.com\/en\/wp-json\/wp\/v2\/posts\/3222","targetHints":{"allow":["GET"]}}],"collection":[{"href":"https:\/\/lagnoticias.com\/en\/wp-json\/wp\/v2\/posts"}],"about":[{"href":"https:\/\/lagnoticias.com\/en\/wp-json\/wp\/v2\/types\/post"}],"author":[{"embeddable":true,"href":"https:\/\/lagnoticias.com\/en\/wp-json\/wp\/v2\/users\/2"}],"replies":[{"embeddable":true,"href":"https:\/\/lagnoticias.com\/en\/wp-json\/wp\/v2\/comments?post=3222"}],"version-history":[{"count":1,"href":"https:\/\/lagnoticias.com\/en\/wp-json\/wp\/v2\/posts\/3222\/revisions"}],"predecessor-version":[{"id":3224,"href":"https:\/\/lagnoticias.com\/en\/wp-json\/wp\/v2\/posts\/3222\/revisions\/3224"}],"wp:featuredmedia":[{"embeddable":true,"href":"https:\/\/lagnoticias.com\/en\/wp-json\/wp\/v2\/media\/3223"}],"wp:attachment":[{"href":"https:\/\/lagnoticias.com\/en\/wp-json\/wp\/v2\/media?parent=3222"}],"wp:term":[{"taxonomy":"category","embeddable":true,"href":"https:\/\/lagnoticias.com\/en\/wp-json\/wp\/v2\/categories?post=3222"},{"taxonomy":"post_tag","embeddable":true,"href":"https:\/\/lagnoticias.com\/en\/wp-json\/wp\/v2\/tags?post=3222"}],"curies":[{"name":"wp","href":"https:\/\/api.w.org\/{rel}","templated":true}]}}