{"id":3218,"date":"2025-07-21T10:04:52","date_gmt":"2025-07-21T16:04:52","guid":{"rendered":"https:\/\/lagnoticias.com\/?p=3218"},"modified":"2025-07-21T10:04:52","modified_gmt":"2025-07-21T16:04:52","slug":"precio-del-diesel-subira-esta-quincena-gasolina-se-mantiene","status":"publish","type":"post","link":"https:\/\/lagnoticias.com\/en\/2025\/07\/21\/precio-del-diesel-subira-esta-quincena-gasolina-se-mantiene\/","title":{"rendered":"Precio del di\u00e9sel subir\u00e1 esta quincena, gasolina se mantiene"},"content":{"rendered":"<p>La Direcci\u00f3n General de Energ\u00eda, Hidrocarburos y Minas (DGEHM) anunci\u00f3 este lunes que el precio de referencia del di\u00e9sel&nbsp;subir\u00e1 esta quincena $0.07 en todas las zonas del pa\u00eds,&nbsp;por lo que las referencias quedan de la siguiente manera: $3.49 el gal\u00f3n en la zona central, $3.50 en la zona occidental y $3.54 en el oriente del pa\u00eds.<\/p>\n\n\n\n<p>Sin embargo, los precios de la gasolina se mantendr\u00e1n sin variaci\u00f3n, por lo que las cotizaciones pueden alcanzar hasta el m\u00e1ximo siguiente,&nbsp;dependiendo de la zona del pa\u00eds: el gal\u00f3n de gasolina especial se cotizar\u00e1 en $3.95 en la zona central, $3.96 en la zona occidental y en $3.99 en la zona oriental. El gal\u00f3n de gasolina regular cotizar\u00e1 en $3.70 en el centro de El Salvador, $3,71 en la zona occidental y en $3.74 en el oriente salvadore\u00f1o.<\/p>\n\n\n\n<p>La Direcci\u00f3n de Energ\u00eda indic\u00f3 que lo que ha incidido en estos precios es que hay menos reservas de petr\u00f3leo en Estados Unidos, y hay fluctuaciones sobre todo en el di\u00e9sel e interrupciones en las refiner\u00edas de ese pa\u00eds.<\/p>\n\n\n\n<p><\/p>\n\n\n\n<figure class=\"wp-block-image aligncenter size-large is-resized\"><img loading=\"lazy\" decoding=\"async\" width=\"1024\" height=\"1024\" src=\"https:\/\/lagnoticias.com\/wp-content\/uploads\/2025\/07\/GwYkP-jXEAAbjko-1024x1024.jpg\" alt=\"\" class=\"wp-image-3219\" style=\"width:674px;height:auto\" srcset=\"https:\/\/lagnoticias.com\/wp-content\/uploads\/2025\/07\/GwYkP-jXEAAbjko-1024x1024.jpg 1024w, https:\/\/lagnoticias.com\/wp-content\/uploads\/2025\/07\/GwYkP-jXEAAbjko-300x300.jpg 300w, https:\/\/lagnoticias.com\/wp-content\/uploads\/2025\/07\/GwYkP-jXEAAbjko-150x150.jpg 150w, https:\/\/lagnoticias.com\/wp-content\/uploads\/2025\/07\/GwYkP-jXEAAbjko-1536x1536.jpg 1536w, https:\/\/lagnoticias.com\/wp-content\/uploads\/2025\/07\/GwYkP-jXEAAbjko-12x12.jpg 12w, https:\/\/lagnoticias.com\/wp-content\/uploads\/2025\/07\/GwYkP-jXEAAbjko.jpg 1600w\" sizes=\"(max-width: 1024px) 100vw, 1024px\" \/><\/figure>\n\n\n\n<p><\/p>","protected":false},"excerpt":{"rendered":"<p>La Direcci\u00f3n General de Energ\u00eda, Hidrocarburos y Minas (DGEHM) anunci\u00f3 este lunes que el precio de referencia del di\u00e9sel&nbsp;subir\u00e1 esta quincena $0.07 en todas las zonas del pa\u00eds,&nbsp;por lo que las referencias quedan de la siguiente manera: $3.49 el gal\u00f3n en la zona central, $3.50 en la zona occidental y $3.54 en el oriente del&hellip;<\/p>","protected":false},"author":2,"featured_media":3220,"comment_status":"open","ping_status":"open","sticky":false,"template":"","format":"standard","meta":{"_et_pb_use_builder":"","_et_pb_old_content":"","_et_gb_content_width":"","footnotes":""},"categories":[244],"tags":[267,404],"class_list":["post-3218","post","type-post","status-publish","format-standard","has-post-thumbnail","hentry","category-nacionales","tag-el-salvador","tag-precio-de-los-combustibles"],"yoast_head":"<!-- This site is optimized with the Yoast SEO plugin v27.4 - https:\/\/yoast.com\/product\/yoast-seo-wordpress\/ -->\n<title>Precio del di\u00e9sel subir\u00e1 esta quincena, gasolina se mantiene - La G Noticias<\/title>\n<meta name=\"robots\" content=\"index, follow, max-snippet:-1, max-image-preview:large, max-video-preview:-1\" \/>\n<link rel=\"canonical\" href=\"https:\/\/lagnoticias.com\/en\/2025\/07\/21\/precio-del-diesel-subira-esta-quincena-gasolina-se-mantiene\/\" \/>\n<meta property=\"og:locale\" content=\"en_US\" \/>\n<meta property=\"og:type\" content=\"article\" \/>\n<meta property=\"og:title\" content=\"Precio del di\u00e9sel subir\u00e1 esta quincena, gasolina se mantiene - La G Noticias\" \/>\n<meta property=\"og:description\" content=\"La Direcci\u00f3n General de Energ\u00eda, Hidrocarburos y Minas (DGEHM) anunci\u00f3 este lunes que el precio de referencia del di\u00e9sel&nbsp;subir\u00e1 esta quincena $0.07 en todas las zonas del pa\u00eds,&nbsp;por lo que las referencias quedan de la siguiente manera: $3.49 el gal\u00f3n en la zona central, $3.50 en la zona occidental y $3.54 en el oriente del&hellip;\" \/>\n<meta property=\"og:url\" content=\"https:\/\/lagnoticias.com\/en\/2025\/07\/21\/precio-del-diesel-subira-esta-quincena-gasolina-se-mantiene\/\" \/>\n<meta property=\"og:site_name\" content=\"La G Noticias\" \/>\n<meta property=\"article:publisher\" content=\"https:\/\/www.facebook.com\/LaGNoticias\" \/>\n<meta property=\"article:published_time\" content=\"2025-07-21T16:04:52+00:00\" \/>\n<meta property=\"og:image\" content=\"https:\/\/lagnoticias.com\/wp-content\/uploads\/2025\/07\/1-10.jpg\" \/>\n\t<meta property=\"og:image:width\" content=\"870\" \/>\n\t<meta property=\"og:image:height\" content=\"520\" \/>\n\t<meta property=\"og:image:type\" content=\"image\/jpeg\" \/>\n<meta name=\"author\" content=\"Oscar\" \/>\n<meta name=\"twitter:card\" content=\"summary_large_image\" \/>\n<meta name=\"twitter:creator\" content=\"@lagnoticias\" \/>\n<meta name=\"twitter:site\" content=\"@lagnoticias\" \/>\n<meta name=\"twitter:label1\" content=\"Written by\" \/>\n\t<meta name=\"twitter:data1\" content=\"Oscar\" \/>\n\t<meta name=\"twitter:label2\" content=\"Est. reading time\" \/>\n\t<meta name=\"twitter:data2\" content=\"2 minutes\" \/>\n<script type=\"application\/ld+json\" class=\"yoast-schema-graph\">{\"@context\":\"https:\\\/\\\/schema.org\",\"@graph\":[{\"@type\":\"Article\",\"@id\":\"https:\\\/\\\/lagnoticias.com\\\/2025\\\/07\\\/21\\\/precio-del-diesel-subira-esta-quincena-gasolina-se-mantiene\\\/#article\",\"isPartOf\":{\"@id\":\"https:\\\/\\\/lagnoticias.com\\\/2025\\\/07\\\/21\\\/precio-del-diesel-subira-esta-quincena-gasolina-se-mantiene\\\/\"},\"author\":{\"name\":\"Oscar\",\"@id\":\"https:\\\/\\\/lagnoticias.com\\\/#\\\/schema\\\/person\\\/cb9bfe13f8de05d2c55270be25c6a550\"},\"headline\":\"Precio del di\u00e9sel subir\u00e1 esta quincena, gasolina se mantiene\",\"datePublished\":\"2025-07-21T16:04:52+00:00\",\"mainEntityOfPage\":{\"@id\":\"https:\\\/\\\/lagnoticias.com\\\/2025\\\/07\\\/21\\\/precio-del-diesel-subira-esta-quincena-gasolina-se-mantiene\\\/\"},\"wordCount\":198,\"commentCount\":0,\"image\":{\"@id\":\"https:\\\/\\\/lagnoticias.com\\\/2025\\\/07\\\/21\\\/precio-del-diesel-subira-esta-quincena-gasolina-se-mantiene\\\/#primaryimage\"},\"thumbnailUrl\":\"https:\\\/\\\/lagnoticias.com\\\/wp-content\\\/uploads\\\/2025\\\/07\\\/1-10.jpg\",\"keywords\":[\"EL SALVADOR\",\"precio de los combustibles\"],\"articleSection\":[\"NACIONALES\"],\"inLanguage\":\"en-US\",\"potentialAction\":[{\"@type\":\"CommentAction\",\"name\":\"Comment\",\"target\":[\"https:\\\/\\\/lagnoticias.com\\\/2025\\\/07\\\/21\\\/precio-del-diesel-subira-esta-quincena-gasolina-se-mantiene\\\/#respond\"]}]},{\"@type\":\"WebPage\",\"@id\":\"https:\\\/\\\/lagnoticias.com\\\/2025\\\/07\\\/21\\\/precio-del-diesel-subira-esta-quincena-gasolina-se-mantiene\\\/\",\"url\":\"https:\\\/\\\/lagnoticias.com\\\/2025\\\/07\\\/21\\\/precio-del-diesel-subira-esta-quincena-gasolina-se-mantiene\\\/\",\"name\":\"Precio del di\u00e9sel subir\u00e1 esta quincena, gasolina se mantiene - La G Noticias\",\"isPartOf\":{\"@id\":\"https:\\\/\\\/lagnoticias.com\\\/#website\"},\"primaryImageOfPage\":{\"@id\":\"https:\\\/\\\/lagnoticias.com\\\/2025\\\/07\\\/21\\\/precio-del-diesel-subira-esta-quincena-gasolina-se-mantiene\\\/#primaryimage\"},\"image\":{\"@id\":\"https:\\\/\\\/lagnoticias.com\\\/2025\\\/07\\\/21\\\/precio-del-diesel-subira-esta-quincena-gasolina-se-mantiene\\\/#primaryimage\"},\"thumbnailUrl\":\"https:\\\/\\\/lagnoticias.com\\\/wp-content\\\/uploads\\\/2025\\\/07\\\/1-10.jpg\",\"datePublished\":\"2025-07-21T16:04:52+00:00\",\"author\":{\"@id\":\"https:\\\/\\\/lagnoticias.com\\\/#\\\/schema\\\/person\\\/cb9bfe13f8de05d2c55270be25c6a550\"},\"breadcrumb\":{\"@id\":\"https:\\\/\\\/lagnoticias.com\\\/2025\\\/07\\\/21\\\/precio-del-diesel-subira-esta-quincena-gasolina-se-mantiene\\\/#breadcrumb\"},\"inLanguage\":\"en-US\",\"potentialAction\":[{\"@type\":\"ReadAction\",\"target\":[\"https:\\\/\\\/lagnoticias.com\\\/2025\\\/07\\\/21\\\/precio-del-diesel-subira-esta-quincena-gasolina-se-mantiene\\\/\"]}]},{\"@type\":\"ImageObject\",\"inLanguage\":\"en-US\",\"@id\":\"https:\\\/\\\/lagnoticias.com\\\/2025\\\/07\\\/21\\\/precio-del-diesel-subira-esta-quincena-gasolina-se-mantiene\\\/#primaryimage\",\"url\":\"https:\\\/\\\/lagnoticias.com\\\/wp-content\\\/uploads\\\/2025\\\/07\\\/1-10.jpg\",\"contentUrl\":\"https:\\\/\\\/lagnoticias.com\\\/wp-content\\\/uploads\\\/2025\\\/07\\\/1-10.jpg\",\"width\":870,\"height\":520},{\"@type\":\"BreadcrumbList\",\"@id\":\"https:\\\/\\\/lagnoticias.com\\\/2025\\\/07\\\/21\\\/precio-del-diesel-subira-esta-quincena-gasolina-se-mantiene\\\/#breadcrumb\",\"itemListElement\":[{\"@type\":\"ListItem\",\"position\":1,\"name\":\"Portada\",\"item\":\"https:\\\/\\\/lagnoticias.com\\\/\"},{\"@type\":\"ListItem\",\"position\":2,\"name\":\"Precio del di\u00e9sel subir\u00e1 esta quincena, gasolina se mantiene\"}]},{\"@type\":\"WebSite\",\"@id\":\"https:\\\/\\\/lagnoticias.com\\\/#website\",\"url\":\"https:\\\/\\\/lagnoticias.com\\\/\",\"name\":\"La G Noticias\",\"description\":\"Noticias Positivas\",\"potentialAction\":[{\"@type\":\"SearchAction\",\"target\":{\"@type\":\"EntryPoint\",\"urlTemplate\":\"https:\\\/\\\/lagnoticias.com\\\/?s={search_term_string}\"},\"query-input\":{\"@type\":\"PropertyValueSpecification\",\"valueRequired\":true,\"valueName\":\"search_term_string\"}}],\"inLanguage\":\"en-US\"},{\"@type\":\"Person\",\"@id\":\"https:\\\/\\\/lagnoticias.com\\\/#\\\/schema\\\/person\\\/cb9bfe13f8de05d2c55270be25c6a550\",\"name\":\"Oscar\",\"image\":{\"@type\":\"ImageObject\",\"inLanguage\":\"en-US\",\"@id\":\"https:\\\/\\\/secure.gravatar.com\\\/avatar\\\/45c195718f652dc7ffdd591dc1f2678956ab7fdadcd359a635edc61304a8c757?s=96&d=mm&r=g\",\"url\":\"https:\\\/\\\/secure.gravatar.com\\\/avatar\\\/45c195718f652dc7ffdd591dc1f2678956ab7fdadcd359a635edc61304a8c757?s=96&d=mm&r=g\",\"contentUrl\":\"https:\\\/\\\/secure.gravatar.com\\\/avatar\\\/45c195718f652dc7ffdd591dc1f2678956ab7fdadcd359a635edc61304a8c757?s=96&d=mm&r=g\",\"caption\":\"Oscar\"},\"url\":\"https:\\\/\\\/lagnoticias.com\\\/en\\\/author\\\/oscar\\\/\"}]}<\/script>\n<!-- \/ Yoast SEO plugin. -->","yoast_head_json":{"title":"Precio del di\u00e9sel subir\u00e1 esta quincena, gasolina se mantiene - La G Noticias","robots":{"index":"index","follow":"follow","max-snippet":"max-snippet:-1","max-image-preview":"max-image-preview:large","max-video-preview":"max-video-preview:-1"},"canonical":"https:\/\/lagnoticias.com\/en\/2025\/07\/21\/precio-del-diesel-subira-esta-quincena-gasolina-se-mantiene\/","og_locale":"en_US","og_type":"article","og_title":"Precio del di\u00e9sel subir\u00e1 esta quincena, gasolina se mantiene - La G Noticias","og_description":"La Direcci\u00f3n General de Energ\u00eda, Hidrocarburos y Minas (DGEHM) anunci\u00f3 este lunes que el precio de referencia del di\u00e9sel&nbsp;subir\u00e1 esta quincena $0.07 en todas las zonas del pa\u00eds,&nbsp;por lo que las referencias quedan de la siguiente manera: $3.49 el gal\u00f3n en la zona central, $3.50 en la zona occidental y $3.54 en el oriente del&hellip;","og_url":"https:\/\/lagnoticias.com\/en\/2025\/07\/21\/precio-del-diesel-subira-esta-quincena-gasolina-se-mantiene\/","og_site_name":"La G Noticias","article_publisher":"https:\/\/www.facebook.com\/LaGNoticias","article_published_time":"2025-07-21T16:04:52+00:00","og_image":[{"width":870,"height":520,"url":"https:\/\/lagnoticias.com\/wp-content\/uploads\/2025\/07\/1-10.jpg","type":"image\/jpeg"}],"author":"Oscar","twitter_card":"summary_large_image","twitter_creator":"@lagnoticias","twitter_site":"@lagnoticias","twitter_misc":{"Written by":"Oscar","Est. reading time":"2 minutes"},"schema":{"@context":"https:\/\/schema.org","@graph":[{"@type":"Article","@id":"https:\/\/lagnoticias.com\/2025\/07\/21\/precio-del-diesel-subira-esta-quincena-gasolina-se-mantiene\/#article","isPartOf":{"@id":"https:\/\/lagnoticias.com\/2025\/07\/21\/precio-del-diesel-subira-esta-quincena-gasolina-se-mantiene\/"},"author":{"name":"Oscar","@id":"https:\/\/lagnoticias.com\/#\/schema\/person\/cb9bfe13f8de05d2c55270be25c6a550"},"headline":"Precio del di\u00e9sel subir\u00e1 esta quincena, gasolina se mantiene","datePublished":"2025-07-21T16:04:52+00:00","mainEntityOfPage":{"@id":"https:\/\/lagnoticias.com\/2025\/07\/21\/precio-del-diesel-subira-esta-quincena-gasolina-se-mantiene\/"},"wordCount":198,"commentCount":0,"image":{"@id":"https:\/\/lagnoticias.com\/2025\/07\/21\/precio-del-diesel-subira-esta-quincena-gasolina-se-mantiene\/#primaryimage"},"thumbnailUrl":"https:\/\/lagnoticias.com\/wp-content\/uploads\/2025\/07\/1-10.jpg","keywords":["EL SALVADOR","precio de los combustibles"],"articleSection":["NACIONALES"],"inLanguage":"en-US","potentialAction":[{"@type":"CommentAction","name":"Comment","target":["https:\/\/lagnoticias.com\/2025\/07\/21\/precio-del-diesel-subira-esta-quincena-gasolina-se-mantiene\/#respond"]}]},{"@type":"WebPage","@id":"https:\/\/lagnoticias.com\/2025\/07\/21\/precio-del-diesel-subira-esta-quincena-gasolina-se-mantiene\/","url":"https:\/\/lagnoticias.com\/2025\/07\/21\/precio-del-diesel-subira-esta-quincena-gasolina-se-mantiene\/","name":"Precio del di\u00e9sel subir\u00e1 esta quincena, gasolina se mantiene - La G Noticias","isPartOf":{"@id":"https:\/\/lagnoticias.com\/#website"},"primaryImageOfPage":{"@id":"https:\/\/lagnoticias.com\/2025\/07\/21\/precio-del-diesel-subira-esta-quincena-gasolina-se-mantiene\/#primaryimage"},"image":{"@id":"https:\/\/lagnoticias.com\/2025\/07\/21\/precio-del-diesel-subira-esta-quincena-gasolina-se-mantiene\/#primaryimage"},"thumbnailUrl":"https:\/\/lagnoticias.com\/wp-content\/uploads\/2025\/07\/1-10.jpg","datePublished":"2025-07-21T16:04:52+00:00","author":{"@id":"https:\/\/lagnoticias.com\/#\/schema\/person\/cb9bfe13f8de05d2c55270be25c6a550"},"breadcrumb":{"@id":"https:\/\/lagnoticias.com\/2025\/07\/21\/precio-del-diesel-subira-esta-quincena-gasolina-se-mantiene\/#breadcrumb"},"inLanguage":"en-US","potentialAction":[{"@type":"ReadAction","target":["https:\/\/lagnoticias.com\/2025\/07\/21\/precio-del-diesel-subira-esta-quincena-gasolina-se-mantiene\/"]}]},{"@type":"ImageObject","inLanguage":"en-US","@id":"https:\/\/lagnoticias.com\/2025\/07\/21\/precio-del-diesel-subira-esta-quincena-gasolina-se-mantiene\/#primaryimage","url":"https:\/\/lagnoticias.com\/wp-content\/uploads\/2025\/07\/1-10.jpg","contentUrl":"https:\/\/lagnoticias.com\/wp-content\/uploads\/2025\/07\/1-10.jpg","width":870,"height":520},{"@type":"BreadcrumbList","@id":"https:\/\/lagnoticias.com\/2025\/07\/21\/precio-del-diesel-subira-esta-quincena-gasolina-se-mantiene\/#breadcrumb","itemListElement":[{"@type":"ListItem","position":1,"name":"Portada","item":"https:\/\/lagnoticias.com\/"},{"@type":"ListItem","position":2,"name":"Precio del di\u00e9sel subir\u00e1 esta quincena, gasolina se mantiene"}]},{"@type":"WebSite","@id":"https:\/\/lagnoticias.com\/#website","url":"https:\/\/lagnoticias.com\/","name":"La G Noticias","description":"Noticias Positivas","potentialAction":[{"@type":"SearchAction","target":{"@type":"EntryPoint","urlTemplate":"https:\/\/lagnoticias.com\/?s={search_term_string}"},"query-input":{"@type":"PropertyValueSpecification","valueRequired":true,"valueName":"search_term_string"}}],"inLanguage":"en-US"},{"@type":"Person","@id":"https:\/\/lagnoticias.com\/#\/schema\/person\/cb9bfe13f8de05d2c55270be25c6a550","name":"Oscar","image":{"@type":"ImageObject","inLanguage":"en-US","@id":"https:\/\/secure.gravatar.com\/avatar\/45c195718f652dc7ffdd591dc1f2678956ab7fdadcd359a635edc61304a8c757?s=96&d=mm&r=g","url":"https:\/\/secure.gravatar.com\/avatar\/45c195718f652dc7ffdd591dc1f2678956ab7fdadcd359a635edc61304a8c757?s=96&d=mm&r=g","contentUrl":"https:\/\/secure.gravatar.com\/avatar\/45c195718f652dc7ffdd591dc1f2678956ab7fdadcd359a635edc61304a8c757?s=96&d=mm&r=g","caption":"Oscar"},"url":"https:\/\/lagnoticias.com\/en\/author\/oscar\/"}]}},"_links":{"self":[{"href":"https:\/\/lagnoticias.com\/en\/wp-json\/wp\/v2\/posts\/3218","targetHints":{"allow":["GET"]}}],"collection":[{"href":"https:\/\/lagnoticias.com\/en\/wp-json\/wp\/v2\/posts"}],"about":[{"href":"https:\/\/lagnoticias.com\/en\/wp-json\/wp\/v2\/types\/post"}],"author":[{"embeddable":true,"href":"https:\/\/lagnoticias.com\/en\/wp-json\/wp\/v2\/users\/2"}],"replies":[{"embeddable":true,"href":"https:\/\/lagnoticias.com\/en\/wp-json\/wp\/v2\/comments?post=3218"}],"version-history":[{"count":1,"href":"https:\/\/lagnoticias.com\/en\/wp-json\/wp\/v2\/posts\/3218\/revisions"}],"predecessor-version":[{"id":3221,"href":"https:\/\/lagnoticias.com\/en\/wp-json\/wp\/v2\/posts\/3218\/revisions\/3221"}],"wp:featuredmedia":[{"embeddable":true,"href":"https:\/\/lagnoticias.com\/en\/wp-json\/wp\/v2\/media\/3220"}],"wp:attachment":[{"href":"https:\/\/lagnoticias.com\/en\/wp-json\/wp\/v2\/media?parent=3218"}],"wp:term":[{"taxonomy":"category","embeddable":true,"href":"https:\/\/lagnoticias.com\/en\/wp-json\/wp\/v2\/categories?post=3218"},{"taxonomy":"post_tag","embeddable":true,"href":"https:\/\/lagnoticias.com\/en\/wp-json\/wp\/v2\/tags?post=3218"}],"curies":[{"name":"wp","href":"https:\/\/api.w.org\/{rel}","templated":true}]}}