{"id":3212,"date":"2025-07-21T08:24:04","date_gmt":"2025-07-21T14:24:04","guid":{"rendered":"https:\/\/lagnoticias.com\/?p=3212"},"modified":"2025-07-21T08:24:04","modified_gmt":"2025-07-21T14:24:04","slug":"keylor-navas-se-convierte-en-nuevo-portero-de-pumas-de-mexico","status":"publish","type":"post","link":"https:\/\/lagnoticias.com\/en\/2025\/07\/21\/keylor-navas-se-convierte-en-nuevo-portero-de-pumas-de-mexico\/","title":{"rendered":"Keylor Navas se convierte en nuevo portero de Pumas de M\u00e9xico"},"content":{"rendered":"<p>La Liga MX tiembla. Keylor Navas, uno de los arqueros m\u00e1s laureados del f\u00fatbol mundial en la \u00faltima d\u00e9cada, ha sido confirmado como nuevo fichaje de los Pumas de la UNAM. As\u00ed lo anunciaron este domingo por la noche los medios mexicanos, encendiendo las redes sociales y desatando la euforia en suelo azteca y en Costa Rica.<\/p>\n\n\n\n<p>A sus 38 a\u00f1os, el guardameta tico arriba al Pedregal como refuerzo de lujo, listo para escribir un nuevo cap\u00edtulo en su brillante carrera, ahora con los colores azul y oro. Navas no s\u00f3lo representa jerarqu\u00eda bajo los tres palos, sino tambi\u00e9n experiencia, liderazgo y una mentalidad ganadora que promete contagiar al joven plantel universitario.<\/p>\n\n\n\n<p>Un legado de oro<\/p>\n\n\n\n<p>Keylor Navas no necesita presentaci\u00f3n. Nacido en P\u00e9rez Zeled\u00f3n, Costa Rica, su ascenso mete\u00f3rico lo llev\u00f3 de Saprissa a la \u00e9lite europea. Tras brillar con el Levante en LaLiga, se gan\u00f3 un lugar en el Real Madrid, donde se convirti\u00f3 en leyenda. Con los merengues conquist\u00f3 3 Champions League consecutivas (2016, 2017 y 2018), adem\u00e1s de m\u00faltiples t\u00edtulos locales e internacionales, siendo pieza clave en la porter\u00eda blanca.<\/p>\n\n\n\n<p>Su traves\u00eda continu\u00f3 en el PSG, donde mantuvo un alto nivel y sum\u00f3 trofeos en la Ligue 1 y Copas nacionales, adem\u00e1s de alcanzar una final de Champions en 2020. M\u00e1s recientemente, tuvo un paso por el Nottingham Forest de Inglaterra, demostrando que su calidad sigue intacta.<\/p>\n\n\n\n<p>En selecci\u00f3n nacional, Keylor es considerado el mejor portero en la historia de Costa Rica. Fue figura indiscutible en los mundiales de Brasil 2014 \u2014donde llev\u00f3 al conjunto tico hasta cuartos de final, la mejor actuaci\u00f3n en su historia\u2014, Rusia 2018 y Catar 2022.<\/p>\n\n\n\n<p>Refuerzo de \u00e9lite para los felinos<\/p>\n\n\n\n<p>El fichaje de Navas por los Pumas representa uno de los movimientos m\u00e1s impactantes del mercado de verano en la Liga MX. El club capitalino, con sed de protagonismo y t\u00edtulos, apuesta por un arquero que ha enfrentado a los mejores del mundo y que ahora promete blindar el arco auriazul.<\/p>\n\n\n\n<p>Fuentes cercanas a la directiva aseguran que el acuerdo fue gestado con discreci\u00f3n y cerrado en tiempo r\u00e9cord, aprovechando el deseo del portero de mantenerse competitivo y sumar minutos en un entorno apasionado como el mexicano.<\/p>\n\n\n\n<p>Con este bombazo, los Pumas no solo se llevan a un portero de talla mundial, sino tambi\u00e9n a una figura medi\u00e1tica que aportar\u00e1 jerarqu\u00eda en vestidor y taquilla en las gradas.<\/p>\n\n\n\n<p><\/p>\n\n\n\n<p><\/p>\n\n\n\n<p>(PL)<\/p>","protected":false},"excerpt":{"rendered":"<p>La Liga MX tiembla. Keylor Navas, uno de los arqueros m\u00e1s laureados del f\u00fatbol mundial en la \u00faltima d\u00e9cada, ha sido confirmado como nuevo fichaje de los Pumas de la UNAM. As\u00ed lo anunciaron este domingo por la noche los medios mexicanos, encendiendo las redes sociales y desatando la euforia en suelo azteca y en&hellip;<\/p>","protected":false},"author":2,"featured_media":3213,"comment_status":"open","ping_status":"open","sticky":false,"template":"","format":"standard","meta":{"_et_pb_use_builder":"","_et_pb_old_content":"","_et_gb_content_width":"","footnotes":""},"categories":[248],"tags":[401,286,399,287,400],"class_list":["post-3212","post","type-post","status-publish","format-standard","has-post-thumbnail","hentry","category-deportes","tag-costa-rica","tag-futbol","tag-keylor-navas","tag-mexico","tag-pumas"],"yoast_head":"<!-- This site is optimized with the Yoast SEO plugin v27.4 - https:\/\/yoast.com\/product\/yoast-seo-wordpress\/ -->\n<title>Keylor Navas se convierte en nuevo portero de Pumas de M\u00e9xico - La G Noticias<\/title>\n<meta name=\"robots\" content=\"index, follow, max-snippet:-1, max-image-preview:large, max-video-preview:-1\" \/>\n<link rel=\"canonical\" href=\"https:\/\/lagnoticias.com\/en\/2025\/07\/21\/keylor-navas-se-convierte-en-nuevo-portero-de-pumas-de-mexico\/\" \/>\n<meta property=\"og:locale\" content=\"en_US\" \/>\n<meta property=\"og:type\" content=\"article\" \/>\n<meta property=\"og:title\" content=\"Keylor Navas se convierte en nuevo portero de Pumas de M\u00e9xico - La G Noticias\" \/>\n<meta property=\"og:description\" content=\"La Liga MX tiembla. Keylor Navas, uno de los arqueros m\u00e1s laureados del f\u00fatbol mundial en la \u00faltima d\u00e9cada, ha sido confirmado como nuevo fichaje de los Pumas de la UNAM. As\u00ed lo anunciaron este domingo por la noche los medios mexicanos, encendiendo las redes sociales y desatando la euforia en suelo azteca y en&hellip;\" \/>\n<meta property=\"og:url\" content=\"https:\/\/lagnoticias.com\/en\/2025\/07\/21\/keylor-navas-se-convierte-en-nuevo-portero-de-pumas-de-mexico\/\" \/>\n<meta property=\"og:site_name\" content=\"La G Noticias\" \/>\n<meta property=\"article:publisher\" content=\"https:\/\/www.facebook.com\/LaGNoticias\" \/>\n<meta property=\"article:published_time\" content=\"2025-07-21T14:24:04+00:00\" \/>\n<meta property=\"og:image\" content=\"https:\/\/lagnoticias.com\/wp-content\/uploads\/2025\/07\/1-9.jpg\" \/>\n\t<meta property=\"og:image:width\" content=\"979\" \/>\n\t<meta property=\"og:image:height\" content=\"630\" \/>\n\t<meta property=\"og:image:type\" content=\"image\/jpeg\" \/>\n<meta name=\"author\" content=\"Oscar\" \/>\n<meta name=\"twitter:card\" content=\"summary_large_image\" \/>\n<meta name=\"twitter:creator\" content=\"@lagnoticias\" \/>\n<meta name=\"twitter:site\" content=\"@lagnoticias\" \/>\n<meta name=\"twitter:label1\" content=\"Written by\" \/>\n\t<meta name=\"twitter:data1\" content=\"Oscar\" \/>\n\t<meta name=\"twitter:label2\" content=\"Est. reading time\" \/>\n\t<meta name=\"twitter:data2\" content=\"3 minutes\" \/>\n<script type=\"application\/ld+json\" class=\"yoast-schema-graph\">{\"@context\":\"https:\\\/\\\/schema.org\",\"@graph\":[{\"@type\":\"Article\",\"@id\":\"https:\\\/\\\/lagnoticias.com\\\/2025\\\/07\\\/21\\\/keylor-navas-se-convierte-en-nuevo-portero-de-pumas-de-mexico\\\/#article\",\"isPartOf\":{\"@id\":\"https:\\\/\\\/lagnoticias.com\\\/2025\\\/07\\\/21\\\/keylor-navas-se-convierte-en-nuevo-portero-de-pumas-de-mexico\\\/\"},\"author\":{\"name\":\"Oscar\",\"@id\":\"https:\\\/\\\/lagnoticias.com\\\/#\\\/schema\\\/person\\\/cb9bfe13f8de05d2c55270be25c6a550\"},\"headline\":\"Keylor Navas se convierte en nuevo portero de Pumas de M\u00e9xico\",\"datePublished\":\"2025-07-21T14:24:04+00:00\",\"mainEntityOfPage\":{\"@id\":\"https:\\\/\\\/lagnoticias.com\\\/2025\\\/07\\\/21\\\/keylor-navas-se-convierte-en-nuevo-portero-de-pumas-de-mexico\\\/\"},\"wordCount\":430,\"commentCount\":0,\"image\":{\"@id\":\"https:\\\/\\\/lagnoticias.com\\\/2025\\\/07\\\/21\\\/keylor-navas-se-convierte-en-nuevo-portero-de-pumas-de-mexico\\\/#primaryimage\"},\"thumbnailUrl\":\"https:\\\/\\\/lagnoticias.com\\\/wp-content\\\/uploads\\\/2025\\\/07\\\/1-9.jpg\",\"keywords\":[\"COSTA RICA\",\"F\u00daTBOL\",\"KEYLOR NAVAS\",\"M\u00c9XICO\",\"PUMAS\"],\"articleSection\":[\"DEPORTES\"],\"inLanguage\":\"en-US\",\"potentialAction\":[{\"@type\":\"CommentAction\",\"name\":\"Comment\",\"target\":[\"https:\\\/\\\/lagnoticias.com\\\/2025\\\/07\\\/21\\\/keylor-navas-se-convierte-en-nuevo-portero-de-pumas-de-mexico\\\/#respond\"]}]},{\"@type\":\"WebPage\",\"@id\":\"https:\\\/\\\/lagnoticias.com\\\/2025\\\/07\\\/21\\\/keylor-navas-se-convierte-en-nuevo-portero-de-pumas-de-mexico\\\/\",\"url\":\"https:\\\/\\\/lagnoticias.com\\\/2025\\\/07\\\/21\\\/keylor-navas-se-convierte-en-nuevo-portero-de-pumas-de-mexico\\\/\",\"name\":\"Keylor Navas se convierte en nuevo portero de Pumas de M\u00e9xico - La G Noticias\",\"isPartOf\":{\"@id\":\"https:\\\/\\\/lagnoticias.com\\\/#website\"},\"primaryImageOfPage\":{\"@id\":\"https:\\\/\\\/lagnoticias.com\\\/2025\\\/07\\\/21\\\/keylor-navas-se-convierte-en-nuevo-portero-de-pumas-de-mexico\\\/#primaryimage\"},\"image\":{\"@id\":\"https:\\\/\\\/lagnoticias.com\\\/2025\\\/07\\\/21\\\/keylor-navas-se-convierte-en-nuevo-portero-de-pumas-de-mexico\\\/#primaryimage\"},\"thumbnailUrl\":\"https:\\\/\\\/lagnoticias.com\\\/wp-content\\\/uploads\\\/2025\\\/07\\\/1-9.jpg\",\"datePublished\":\"2025-07-21T14:24:04+00:00\",\"author\":{\"@id\":\"https:\\\/\\\/lagnoticias.com\\\/#\\\/schema\\\/person\\\/cb9bfe13f8de05d2c55270be25c6a550\"},\"breadcrumb\":{\"@id\":\"https:\\\/\\\/lagnoticias.com\\\/2025\\\/07\\\/21\\\/keylor-navas-se-convierte-en-nuevo-portero-de-pumas-de-mexico\\\/#breadcrumb\"},\"inLanguage\":\"en-US\",\"potentialAction\":[{\"@type\":\"ReadAction\",\"target\":[\"https:\\\/\\\/lagnoticias.com\\\/2025\\\/07\\\/21\\\/keylor-navas-se-convierte-en-nuevo-portero-de-pumas-de-mexico\\\/\"]}]},{\"@type\":\"ImageObject\",\"inLanguage\":\"en-US\",\"@id\":\"https:\\\/\\\/lagnoticias.com\\\/2025\\\/07\\\/21\\\/keylor-navas-se-convierte-en-nuevo-portero-de-pumas-de-mexico\\\/#primaryimage\",\"url\":\"https:\\\/\\\/lagnoticias.com\\\/wp-content\\\/uploads\\\/2025\\\/07\\\/1-9.jpg\",\"contentUrl\":\"https:\\\/\\\/lagnoticias.com\\\/wp-content\\\/uploads\\\/2025\\\/07\\\/1-9.jpg\",\"width\":979,\"height\":630},{\"@type\":\"BreadcrumbList\",\"@id\":\"https:\\\/\\\/lagnoticias.com\\\/2025\\\/07\\\/21\\\/keylor-navas-se-convierte-en-nuevo-portero-de-pumas-de-mexico\\\/#breadcrumb\",\"itemListElement\":[{\"@type\":\"ListItem\",\"position\":1,\"name\":\"Portada\",\"item\":\"https:\\\/\\\/lagnoticias.com\\\/\"},{\"@type\":\"ListItem\",\"position\":2,\"name\":\"Keylor Navas se convierte en nuevo portero de Pumas de M\u00e9xico\"}]},{\"@type\":\"WebSite\",\"@id\":\"https:\\\/\\\/lagnoticias.com\\\/#website\",\"url\":\"https:\\\/\\\/lagnoticias.com\\\/\",\"name\":\"La G Noticias\",\"description\":\"Noticias Positivas\",\"potentialAction\":[{\"@type\":\"SearchAction\",\"target\":{\"@type\":\"EntryPoint\",\"urlTemplate\":\"https:\\\/\\\/lagnoticias.com\\\/?s={search_term_string}\"},\"query-input\":{\"@type\":\"PropertyValueSpecification\",\"valueRequired\":true,\"valueName\":\"search_term_string\"}}],\"inLanguage\":\"en-US\"},{\"@type\":\"Person\",\"@id\":\"https:\\\/\\\/lagnoticias.com\\\/#\\\/schema\\\/person\\\/cb9bfe13f8de05d2c55270be25c6a550\",\"name\":\"Oscar\",\"image\":{\"@type\":\"ImageObject\",\"inLanguage\":\"en-US\",\"@id\":\"https:\\\/\\\/secure.gravatar.com\\\/avatar\\\/45c195718f652dc7ffdd591dc1f2678956ab7fdadcd359a635edc61304a8c757?s=96&d=mm&r=g\",\"url\":\"https:\\\/\\\/secure.gravatar.com\\\/avatar\\\/45c195718f652dc7ffdd591dc1f2678956ab7fdadcd359a635edc61304a8c757?s=96&d=mm&r=g\",\"contentUrl\":\"https:\\\/\\\/secure.gravatar.com\\\/avatar\\\/45c195718f652dc7ffdd591dc1f2678956ab7fdadcd359a635edc61304a8c757?s=96&d=mm&r=g\",\"caption\":\"Oscar\"},\"url\":\"https:\\\/\\\/lagnoticias.com\\\/en\\\/author\\\/oscar\\\/\"}]}<\/script>\n<!-- \/ Yoast SEO plugin. -->","yoast_head_json":{"title":"Keylor Navas se convierte en nuevo portero de Pumas de M\u00e9xico - La G Noticias","robots":{"index":"index","follow":"follow","max-snippet":"max-snippet:-1","max-image-preview":"max-image-preview:large","max-video-preview":"max-video-preview:-1"},"canonical":"https:\/\/lagnoticias.com\/en\/2025\/07\/21\/keylor-navas-se-convierte-en-nuevo-portero-de-pumas-de-mexico\/","og_locale":"en_US","og_type":"article","og_title":"Keylor Navas se convierte en nuevo portero de Pumas de M\u00e9xico - La G Noticias","og_description":"La Liga MX tiembla. Keylor Navas, uno de los arqueros m\u00e1s laureados del f\u00fatbol mundial en la \u00faltima d\u00e9cada, ha sido confirmado como nuevo fichaje de los Pumas de la UNAM. As\u00ed lo anunciaron este domingo por la noche los medios mexicanos, encendiendo las redes sociales y desatando la euforia en suelo azteca y en&hellip;","og_url":"https:\/\/lagnoticias.com\/en\/2025\/07\/21\/keylor-navas-se-convierte-en-nuevo-portero-de-pumas-de-mexico\/","og_site_name":"La G Noticias","article_publisher":"https:\/\/www.facebook.com\/LaGNoticias","article_published_time":"2025-07-21T14:24:04+00:00","og_image":[{"width":979,"height":630,"url":"https:\/\/lagnoticias.com\/wp-content\/uploads\/2025\/07\/1-9.jpg","type":"image\/jpeg"}],"author":"Oscar","twitter_card":"summary_large_image","twitter_creator":"@lagnoticias","twitter_site":"@lagnoticias","twitter_misc":{"Written by":"Oscar","Est. reading time":"3 minutes"},"schema":{"@context":"https:\/\/schema.org","@graph":[{"@type":"Article","@id":"https:\/\/lagnoticias.com\/2025\/07\/21\/keylor-navas-se-convierte-en-nuevo-portero-de-pumas-de-mexico\/#article","isPartOf":{"@id":"https:\/\/lagnoticias.com\/2025\/07\/21\/keylor-navas-se-convierte-en-nuevo-portero-de-pumas-de-mexico\/"},"author":{"name":"Oscar","@id":"https:\/\/lagnoticias.com\/#\/schema\/person\/cb9bfe13f8de05d2c55270be25c6a550"},"headline":"Keylor Navas se convierte en nuevo portero de Pumas de M\u00e9xico","datePublished":"2025-07-21T14:24:04+00:00","mainEntityOfPage":{"@id":"https:\/\/lagnoticias.com\/2025\/07\/21\/keylor-navas-se-convierte-en-nuevo-portero-de-pumas-de-mexico\/"},"wordCount":430,"commentCount":0,"image":{"@id":"https:\/\/lagnoticias.com\/2025\/07\/21\/keylor-navas-se-convierte-en-nuevo-portero-de-pumas-de-mexico\/#primaryimage"},"thumbnailUrl":"https:\/\/lagnoticias.com\/wp-content\/uploads\/2025\/07\/1-9.jpg","keywords":["COSTA RICA","F\u00daTBOL","KEYLOR NAVAS","M\u00c9XICO","PUMAS"],"articleSection":["DEPORTES"],"inLanguage":"en-US","potentialAction":[{"@type":"CommentAction","name":"Comment","target":["https:\/\/lagnoticias.com\/2025\/07\/21\/keylor-navas-se-convierte-en-nuevo-portero-de-pumas-de-mexico\/#respond"]}]},{"@type":"WebPage","@id":"https:\/\/lagnoticias.com\/2025\/07\/21\/keylor-navas-se-convierte-en-nuevo-portero-de-pumas-de-mexico\/","url":"https:\/\/lagnoticias.com\/2025\/07\/21\/keylor-navas-se-convierte-en-nuevo-portero-de-pumas-de-mexico\/","name":"Keylor Navas se convierte en nuevo portero de Pumas de M\u00e9xico - La G Noticias","isPartOf":{"@id":"https:\/\/lagnoticias.com\/#website"},"primaryImageOfPage":{"@id":"https:\/\/lagnoticias.com\/2025\/07\/21\/keylor-navas-se-convierte-en-nuevo-portero-de-pumas-de-mexico\/#primaryimage"},"image":{"@id":"https:\/\/lagnoticias.com\/2025\/07\/21\/keylor-navas-se-convierte-en-nuevo-portero-de-pumas-de-mexico\/#primaryimage"},"thumbnailUrl":"https:\/\/lagnoticias.com\/wp-content\/uploads\/2025\/07\/1-9.jpg","datePublished":"2025-07-21T14:24:04+00:00","author":{"@id":"https:\/\/lagnoticias.com\/#\/schema\/person\/cb9bfe13f8de05d2c55270be25c6a550"},"breadcrumb":{"@id":"https:\/\/lagnoticias.com\/2025\/07\/21\/keylor-navas-se-convierte-en-nuevo-portero-de-pumas-de-mexico\/#breadcrumb"},"inLanguage":"en-US","potentialAction":[{"@type":"ReadAction","target":["https:\/\/lagnoticias.com\/2025\/07\/21\/keylor-navas-se-convierte-en-nuevo-portero-de-pumas-de-mexico\/"]}]},{"@type":"ImageObject","inLanguage":"en-US","@id":"https:\/\/lagnoticias.com\/2025\/07\/21\/keylor-navas-se-convierte-en-nuevo-portero-de-pumas-de-mexico\/#primaryimage","url":"https:\/\/lagnoticias.com\/wp-content\/uploads\/2025\/07\/1-9.jpg","contentUrl":"https:\/\/lagnoticias.com\/wp-content\/uploads\/2025\/07\/1-9.jpg","width":979,"height":630},{"@type":"BreadcrumbList","@id":"https:\/\/lagnoticias.com\/2025\/07\/21\/keylor-navas-se-convierte-en-nuevo-portero-de-pumas-de-mexico\/#breadcrumb","itemListElement":[{"@type":"ListItem","position":1,"name":"Portada","item":"https:\/\/lagnoticias.com\/"},{"@type":"ListItem","position":2,"name":"Keylor Navas se convierte en nuevo portero de Pumas de M\u00e9xico"}]},{"@type":"WebSite","@id":"https:\/\/lagnoticias.com\/#website","url":"https:\/\/lagnoticias.com\/","name":"La G Noticias","description":"Noticias Positivas","potentialAction":[{"@type":"SearchAction","target":{"@type":"EntryPoint","urlTemplate":"https:\/\/lagnoticias.com\/?s={search_term_string}"},"query-input":{"@type":"PropertyValueSpecification","valueRequired":true,"valueName":"search_term_string"}}],"inLanguage":"en-US"},{"@type":"Person","@id":"https:\/\/lagnoticias.com\/#\/schema\/person\/cb9bfe13f8de05d2c55270be25c6a550","name":"Oscar","image":{"@type":"ImageObject","inLanguage":"en-US","@id":"https:\/\/secure.gravatar.com\/avatar\/45c195718f652dc7ffdd591dc1f2678956ab7fdadcd359a635edc61304a8c757?s=96&d=mm&r=g","url":"https:\/\/secure.gravatar.com\/avatar\/45c195718f652dc7ffdd591dc1f2678956ab7fdadcd359a635edc61304a8c757?s=96&d=mm&r=g","contentUrl":"https:\/\/secure.gravatar.com\/avatar\/45c195718f652dc7ffdd591dc1f2678956ab7fdadcd359a635edc61304a8c757?s=96&d=mm&r=g","caption":"Oscar"},"url":"https:\/\/lagnoticias.com\/en\/author\/oscar\/"}]}},"_links":{"self":[{"href":"https:\/\/lagnoticias.com\/en\/wp-json\/wp\/v2\/posts\/3212","targetHints":{"allow":["GET"]}}],"collection":[{"href":"https:\/\/lagnoticias.com\/en\/wp-json\/wp\/v2\/posts"}],"about":[{"href":"https:\/\/lagnoticias.com\/en\/wp-json\/wp\/v2\/types\/post"}],"author":[{"embeddable":true,"href":"https:\/\/lagnoticias.com\/en\/wp-json\/wp\/v2\/users\/2"}],"replies":[{"embeddable":true,"href":"https:\/\/lagnoticias.com\/en\/wp-json\/wp\/v2\/comments?post=3212"}],"version-history":[{"count":1,"href":"https:\/\/lagnoticias.com\/en\/wp-json\/wp\/v2\/posts\/3212\/revisions"}],"predecessor-version":[{"id":3214,"href":"https:\/\/lagnoticias.com\/en\/wp-json\/wp\/v2\/posts\/3212\/revisions\/3214"}],"wp:featuredmedia":[{"embeddable":true,"href":"https:\/\/lagnoticias.com\/en\/wp-json\/wp\/v2\/media\/3213"}],"wp:attachment":[{"href":"https:\/\/lagnoticias.com\/en\/wp-json\/wp\/v2\/media?parent=3212"}],"wp:term":[{"taxonomy":"category","embeddable":true,"href":"https:\/\/lagnoticias.com\/en\/wp-json\/wp\/v2\/categories?post=3212"},{"taxonomy":"post_tag","embeddable":true,"href":"https:\/\/lagnoticias.com\/en\/wp-json\/wp\/v2\/tags?post=3212"}],"curies":[{"name":"wp","href":"https:\/\/api.w.org\/{rel}","templated":true}]}}