{"id":3203,"date":"2025-07-20T12:59:55","date_gmt":"2025-07-20T18:59:55","guid":{"rendered":"https:\/\/lagnoticias.com\/?p=3203"},"modified":"2025-07-20T12:59:55","modified_gmt":"2025-07-20T18:59:55","slug":"se-realiza-la-quinta-edicion-del-surf-city-el-salvador-half-marathon","status":"publish","type":"post","link":"https:\/\/lagnoticias.com\/en\/2025\/07\/20\/se-realiza-la-quinta-edicion-del-surf-city-el-salvador-half-marathon\/","title":{"rendered":"Se realiza la quinta edici\u00f3n del Surf City El Salvador Half Marathon"},"content":{"rendered":"<p>Este domingo, el Ministerio de Turismo acompa\u00f1\u00f3 el desarrollo de la quinta edici\u00f3n del Surf City El Salvador Half Marathon en Punta Roca, La Libertad, un evento que cont\u00f3 con una gran participaci\u00f3n de corredores, de distintos puntos del pa\u00eds. Adem\u00e1s, participaron atletas de Guatemala, Honduras y otros pa\u00edses.<\/p>\n\n\n\n<p>\u201cEste es el tipo de actividades y torneos que estamos haciendo para poder atraer m\u00e1s visitantes y no solo nacionales, sino que de otros pa\u00edses. Hemos tenido participantes de Guatemala, Honduras, Nicaragua, M\u00e9xico e incluso extranjeros que ya residen en el pa\u00eds, como una familia japonesa que muy orgullosa portaba su bandera\u201d, consider\u00f3 la ministra de Turismo, Morena Valdez.<\/p>\n\n\n\n<p>La media marat\u00f3n desarrollada en la costa de La Libertad, cont\u00f3 con dos circuitos: de 11 y de 21 kil\u00f3metros, donde los corredores pusieron a prueba su resistencia f\u00edsica y, adem\u00e1s, participaron de diferentes din\u00e1micas que se llevaron a cabo.<\/p>\n\n\n\n<p>En ambas distancias se premiaron al primero, segundo y tercer lugar de las categor\u00edas libre, m\u00e1ster A (de 40 a 50 a\u00f1os) y m\u00e1ster B (de 50 en adelante). Los dos circuitos salieron de Punta Roca y concluyeron en playa El Majahual, hasta el hotel El Pac\u00edfico.<\/p>\n\n\n\n<p>\u201cHemos calculado que los 650 atletas que participaron en esta carrera, han tra\u00eddo a dos o tres acompa\u00f1antes. El organizador nos dec\u00eda que calcula que solo en este lugar estuvieron m\u00e1s de 1,500 personas, entre corredores, familias, amigos que vinieron a acompa\u00f1ar a cada uno de los runners\u201d, a\u00f1adi\u00f3 la funcionaria.<\/p>\n\n\n\n<p>Adem\u00e1s, los corredores que participaron en esta actividad destacaron el ambiente de seguridad que hay en el pa\u00eds y la importancia de desarrollar este tipo de eventos. \u201cHonestamente, El Salvador es super lindo, a m\u00ed me encanta y esta es la cuarta ocasi\u00f3n que lo visito. La ruta me pareci\u00f3 muy linda y venir aqu\u00ed ha sido maravilloso\u201d, expres\u00f3 la corredora hondure\u00f1a, Josseline Romero.<\/p>","protected":false},"excerpt":{"rendered":"<p>Este domingo, el Ministerio de Turismo acompa\u00f1\u00f3 el desarrollo de la quinta edici\u00f3n del Surf City El Salvador Half Marathon en Punta Roca, La Libertad, un evento que cont\u00f3 con una gran participaci\u00f3n de corredores, de distintos puntos del pa\u00eds. Adem\u00e1s, participaron atletas de Guatemala, Honduras y otros pa\u00edses. \u201cEste es el tipo de actividades&hellip;<\/p>","protected":false},"author":2,"featured_media":3204,"comment_status":"open","ping_status":"open","sticky":false,"template":"","format":"standard","meta":{"_et_pb_use_builder":"","_et_pb_old_content":"","_et_gb_content_width":"","footnotes":""},"categories":[248],"tags":[267,389,314,388],"class_list":["post-3203","post","type-post","status-publish","format-standard","has-post-thumbnail","hentry","category-deportes","tag-el-salvador","tag-maraton","tag-mitur","tag-surf-city"],"yoast_head":"<!-- This site is optimized with the Yoast SEO plugin v27.4 - https:\/\/yoast.com\/product\/yoast-seo-wordpress\/ -->\n<title>Se realiza la quinta edici\u00f3n del Surf City El Salvador Half Marathon - La G Noticias<\/title>\n<meta name=\"robots\" content=\"index, follow, max-snippet:-1, max-image-preview:large, max-video-preview:-1\" \/>\n<link rel=\"canonical\" href=\"https:\/\/lagnoticias.com\/en\/2025\/07\/20\/se-realiza-la-quinta-edicion-del-surf-city-el-salvador-half-marathon\/\" \/>\n<meta property=\"og:locale\" content=\"en_US\" \/>\n<meta property=\"og:type\" content=\"article\" \/>\n<meta property=\"og:title\" content=\"Se realiza la quinta edici\u00f3n del Surf City El Salvador Half Marathon - La G Noticias\" \/>\n<meta property=\"og:description\" content=\"Este domingo, el Ministerio de Turismo acompa\u00f1\u00f3 el desarrollo de la quinta edici\u00f3n del Surf City El Salvador Half Marathon en Punta Roca, La Libertad, un evento que cont\u00f3 con una gran participaci\u00f3n de corredores, de distintos puntos del pa\u00eds. Adem\u00e1s, participaron atletas de Guatemala, Honduras y otros pa\u00edses. \u201cEste es el tipo de actividades&hellip;\" \/>\n<meta property=\"og:url\" content=\"https:\/\/lagnoticias.com\/en\/2025\/07\/20\/se-realiza-la-quinta-edicion-del-surf-city-el-salvador-half-marathon\/\" \/>\n<meta property=\"og:site_name\" content=\"La G Noticias\" \/>\n<meta property=\"article:publisher\" content=\"https:\/\/www.facebook.com\/LaGNoticias\" \/>\n<meta property=\"article:published_time\" content=\"2025-07-20T18:59:55+00:00\" \/>\n<meta property=\"og:image\" content=\"https:\/\/lagnoticias.com\/wp-content\/uploads\/2025\/07\/515490803_1101476942156565_6606855844533426354_n.jpg\" \/>\n\t<meta property=\"og:image:width\" content=\"2048\" \/>\n\t<meta property=\"og:image:height\" content=\"1186\" \/>\n\t<meta property=\"og:image:type\" content=\"image\/jpeg\" \/>\n<meta name=\"author\" content=\"Oscar\" \/>\n<meta name=\"twitter:card\" content=\"summary_large_image\" \/>\n<meta name=\"twitter:creator\" content=\"@lagnoticias\" \/>\n<meta name=\"twitter:site\" content=\"@lagnoticias\" \/>\n<meta name=\"twitter:label1\" content=\"Written by\" \/>\n\t<meta name=\"twitter:data1\" content=\"Oscar\" \/>\n\t<meta name=\"twitter:label2\" content=\"Est. reading time\" \/>\n\t<meta name=\"twitter:data2\" content=\"2 minutes\" \/>\n<script type=\"application\/ld+json\" class=\"yoast-schema-graph\">{\"@context\":\"https:\\\/\\\/schema.org\",\"@graph\":[{\"@type\":\"Article\",\"@id\":\"https:\\\/\\\/lagnoticias.com\\\/2025\\\/07\\\/20\\\/se-realiza-la-quinta-edicion-del-surf-city-el-salvador-half-marathon\\\/#article\",\"isPartOf\":{\"@id\":\"https:\\\/\\\/lagnoticias.com\\\/2025\\\/07\\\/20\\\/se-realiza-la-quinta-edicion-del-surf-city-el-salvador-half-marathon\\\/\"},\"author\":{\"name\":\"Oscar\",\"@id\":\"https:\\\/\\\/lagnoticias.com\\\/#\\\/schema\\\/person\\\/cb9bfe13f8de05d2c55270be25c6a550\"},\"headline\":\"Se realiza la quinta edici\u00f3n del Surf City El Salvador Half Marathon\",\"datePublished\":\"2025-07-20T18:59:55+00:00\",\"mainEntityOfPage\":{\"@id\":\"https:\\\/\\\/lagnoticias.com\\\/2025\\\/07\\\/20\\\/se-realiza-la-quinta-edicion-del-surf-city-el-salvador-half-marathon\\\/\"},\"wordCount\":345,\"commentCount\":0,\"image\":{\"@id\":\"https:\\\/\\\/lagnoticias.com\\\/2025\\\/07\\\/20\\\/se-realiza-la-quinta-edicion-del-surf-city-el-salvador-half-marathon\\\/#primaryimage\"},\"thumbnailUrl\":\"https:\\\/\\\/lagnoticias.com\\\/wp-content\\\/uploads\\\/2025\\\/07\\\/515490803_1101476942156565_6606855844533426354_n.jpg\",\"keywords\":[\"EL SALVADOR\",\"MARAT\u00d3N\",\"MITUR\",\"SURF CITY\"],\"articleSection\":[\"DEPORTES\"],\"inLanguage\":\"en-US\",\"potentialAction\":[{\"@type\":\"CommentAction\",\"name\":\"Comment\",\"target\":[\"https:\\\/\\\/lagnoticias.com\\\/2025\\\/07\\\/20\\\/se-realiza-la-quinta-edicion-del-surf-city-el-salvador-half-marathon\\\/#respond\"]}]},{\"@type\":\"WebPage\",\"@id\":\"https:\\\/\\\/lagnoticias.com\\\/2025\\\/07\\\/20\\\/se-realiza-la-quinta-edicion-del-surf-city-el-salvador-half-marathon\\\/\",\"url\":\"https:\\\/\\\/lagnoticias.com\\\/2025\\\/07\\\/20\\\/se-realiza-la-quinta-edicion-del-surf-city-el-salvador-half-marathon\\\/\",\"name\":\"Se realiza la quinta edici\u00f3n del Surf City El Salvador Half Marathon - La G Noticias\",\"isPartOf\":{\"@id\":\"https:\\\/\\\/lagnoticias.com\\\/#website\"},\"primaryImageOfPage\":{\"@id\":\"https:\\\/\\\/lagnoticias.com\\\/2025\\\/07\\\/20\\\/se-realiza-la-quinta-edicion-del-surf-city-el-salvador-half-marathon\\\/#primaryimage\"},\"image\":{\"@id\":\"https:\\\/\\\/lagnoticias.com\\\/2025\\\/07\\\/20\\\/se-realiza-la-quinta-edicion-del-surf-city-el-salvador-half-marathon\\\/#primaryimage\"},\"thumbnailUrl\":\"https:\\\/\\\/lagnoticias.com\\\/wp-content\\\/uploads\\\/2025\\\/07\\\/515490803_1101476942156565_6606855844533426354_n.jpg\",\"datePublished\":\"2025-07-20T18:59:55+00:00\",\"author\":{\"@id\":\"https:\\\/\\\/lagnoticias.com\\\/#\\\/schema\\\/person\\\/cb9bfe13f8de05d2c55270be25c6a550\"},\"breadcrumb\":{\"@id\":\"https:\\\/\\\/lagnoticias.com\\\/2025\\\/07\\\/20\\\/se-realiza-la-quinta-edicion-del-surf-city-el-salvador-half-marathon\\\/#breadcrumb\"},\"inLanguage\":\"en-US\",\"potentialAction\":[{\"@type\":\"ReadAction\",\"target\":[\"https:\\\/\\\/lagnoticias.com\\\/2025\\\/07\\\/20\\\/se-realiza-la-quinta-edicion-del-surf-city-el-salvador-half-marathon\\\/\"]}]},{\"@type\":\"ImageObject\",\"inLanguage\":\"en-US\",\"@id\":\"https:\\\/\\\/lagnoticias.com\\\/2025\\\/07\\\/20\\\/se-realiza-la-quinta-edicion-del-surf-city-el-salvador-half-marathon\\\/#primaryimage\",\"url\":\"https:\\\/\\\/lagnoticias.com\\\/wp-content\\\/uploads\\\/2025\\\/07\\\/515490803_1101476942156565_6606855844533426354_n.jpg\",\"contentUrl\":\"https:\\\/\\\/lagnoticias.com\\\/wp-content\\\/uploads\\\/2025\\\/07\\\/515490803_1101476942156565_6606855844533426354_n.jpg\",\"width\":2048,\"height\":1186},{\"@type\":\"BreadcrumbList\",\"@id\":\"https:\\\/\\\/lagnoticias.com\\\/2025\\\/07\\\/20\\\/se-realiza-la-quinta-edicion-del-surf-city-el-salvador-half-marathon\\\/#breadcrumb\",\"itemListElement\":[{\"@type\":\"ListItem\",\"position\":1,\"name\":\"Portada\",\"item\":\"https:\\\/\\\/lagnoticias.com\\\/\"},{\"@type\":\"ListItem\",\"position\":2,\"name\":\"Se realiza la quinta edici\u00f3n del Surf City El Salvador Half Marathon\"}]},{\"@type\":\"WebSite\",\"@id\":\"https:\\\/\\\/lagnoticias.com\\\/#website\",\"url\":\"https:\\\/\\\/lagnoticias.com\\\/\",\"name\":\"La G Noticias\",\"description\":\"Noticias Positivas\",\"potentialAction\":[{\"@type\":\"SearchAction\",\"target\":{\"@type\":\"EntryPoint\",\"urlTemplate\":\"https:\\\/\\\/lagnoticias.com\\\/?s={search_term_string}\"},\"query-input\":{\"@type\":\"PropertyValueSpecification\",\"valueRequired\":true,\"valueName\":\"search_term_string\"}}],\"inLanguage\":\"en-US\"},{\"@type\":\"Person\",\"@id\":\"https:\\\/\\\/lagnoticias.com\\\/#\\\/schema\\\/person\\\/cb9bfe13f8de05d2c55270be25c6a550\",\"name\":\"Oscar\",\"image\":{\"@type\":\"ImageObject\",\"inLanguage\":\"en-US\",\"@id\":\"https:\\\/\\\/secure.gravatar.com\\\/avatar\\\/45c195718f652dc7ffdd591dc1f2678956ab7fdadcd359a635edc61304a8c757?s=96&d=mm&r=g\",\"url\":\"https:\\\/\\\/secure.gravatar.com\\\/avatar\\\/45c195718f652dc7ffdd591dc1f2678956ab7fdadcd359a635edc61304a8c757?s=96&d=mm&r=g\",\"contentUrl\":\"https:\\\/\\\/secure.gravatar.com\\\/avatar\\\/45c195718f652dc7ffdd591dc1f2678956ab7fdadcd359a635edc61304a8c757?s=96&d=mm&r=g\",\"caption\":\"Oscar\"},\"url\":\"https:\\\/\\\/lagnoticias.com\\\/en\\\/author\\\/oscar\\\/\"}]}<\/script>\n<!-- \/ Yoast SEO plugin. -->","yoast_head_json":{"title":"Se realiza la quinta edici\u00f3n del Surf City El Salvador Half Marathon - La G Noticias","robots":{"index":"index","follow":"follow","max-snippet":"max-snippet:-1","max-image-preview":"max-image-preview:large","max-video-preview":"max-video-preview:-1"},"canonical":"https:\/\/lagnoticias.com\/en\/2025\/07\/20\/se-realiza-la-quinta-edicion-del-surf-city-el-salvador-half-marathon\/","og_locale":"en_US","og_type":"article","og_title":"Se realiza la quinta edici\u00f3n del Surf City El Salvador Half Marathon - La G Noticias","og_description":"Este domingo, el Ministerio de Turismo acompa\u00f1\u00f3 el desarrollo de la quinta edici\u00f3n del Surf City El Salvador Half Marathon en Punta Roca, La Libertad, un evento que cont\u00f3 con una gran participaci\u00f3n de corredores, de distintos puntos del pa\u00eds. Adem\u00e1s, participaron atletas de Guatemala, Honduras y otros pa\u00edses. \u201cEste es el tipo de actividades&hellip;","og_url":"https:\/\/lagnoticias.com\/en\/2025\/07\/20\/se-realiza-la-quinta-edicion-del-surf-city-el-salvador-half-marathon\/","og_site_name":"La G Noticias","article_publisher":"https:\/\/www.facebook.com\/LaGNoticias","article_published_time":"2025-07-20T18:59:55+00:00","og_image":[{"width":2048,"height":1186,"url":"https:\/\/lagnoticias.com\/wp-content\/uploads\/2025\/07\/515490803_1101476942156565_6606855844533426354_n.jpg","type":"image\/jpeg"}],"author":"Oscar","twitter_card":"summary_large_image","twitter_creator":"@lagnoticias","twitter_site":"@lagnoticias","twitter_misc":{"Written by":"Oscar","Est. reading time":"2 minutes"},"schema":{"@context":"https:\/\/schema.org","@graph":[{"@type":"Article","@id":"https:\/\/lagnoticias.com\/2025\/07\/20\/se-realiza-la-quinta-edicion-del-surf-city-el-salvador-half-marathon\/#article","isPartOf":{"@id":"https:\/\/lagnoticias.com\/2025\/07\/20\/se-realiza-la-quinta-edicion-del-surf-city-el-salvador-half-marathon\/"},"author":{"name":"Oscar","@id":"https:\/\/lagnoticias.com\/#\/schema\/person\/cb9bfe13f8de05d2c55270be25c6a550"},"headline":"Se realiza la quinta edici\u00f3n del Surf City El Salvador Half Marathon","datePublished":"2025-07-20T18:59:55+00:00","mainEntityOfPage":{"@id":"https:\/\/lagnoticias.com\/2025\/07\/20\/se-realiza-la-quinta-edicion-del-surf-city-el-salvador-half-marathon\/"},"wordCount":345,"commentCount":0,"image":{"@id":"https:\/\/lagnoticias.com\/2025\/07\/20\/se-realiza-la-quinta-edicion-del-surf-city-el-salvador-half-marathon\/#primaryimage"},"thumbnailUrl":"https:\/\/lagnoticias.com\/wp-content\/uploads\/2025\/07\/515490803_1101476942156565_6606855844533426354_n.jpg","keywords":["EL SALVADOR","MARAT\u00d3N","MITUR","SURF CITY"],"articleSection":["DEPORTES"],"inLanguage":"en-US","potentialAction":[{"@type":"CommentAction","name":"Comment","target":["https:\/\/lagnoticias.com\/2025\/07\/20\/se-realiza-la-quinta-edicion-del-surf-city-el-salvador-half-marathon\/#respond"]}]},{"@type":"WebPage","@id":"https:\/\/lagnoticias.com\/2025\/07\/20\/se-realiza-la-quinta-edicion-del-surf-city-el-salvador-half-marathon\/","url":"https:\/\/lagnoticias.com\/2025\/07\/20\/se-realiza-la-quinta-edicion-del-surf-city-el-salvador-half-marathon\/","name":"Se realiza la quinta edici\u00f3n del Surf City El Salvador Half Marathon - La G Noticias","isPartOf":{"@id":"https:\/\/lagnoticias.com\/#website"},"primaryImageOfPage":{"@id":"https:\/\/lagnoticias.com\/2025\/07\/20\/se-realiza-la-quinta-edicion-del-surf-city-el-salvador-half-marathon\/#primaryimage"},"image":{"@id":"https:\/\/lagnoticias.com\/2025\/07\/20\/se-realiza-la-quinta-edicion-del-surf-city-el-salvador-half-marathon\/#primaryimage"},"thumbnailUrl":"https:\/\/lagnoticias.com\/wp-content\/uploads\/2025\/07\/515490803_1101476942156565_6606855844533426354_n.jpg","datePublished":"2025-07-20T18:59:55+00:00","author":{"@id":"https:\/\/lagnoticias.com\/#\/schema\/person\/cb9bfe13f8de05d2c55270be25c6a550"},"breadcrumb":{"@id":"https:\/\/lagnoticias.com\/2025\/07\/20\/se-realiza-la-quinta-edicion-del-surf-city-el-salvador-half-marathon\/#breadcrumb"},"inLanguage":"en-US","potentialAction":[{"@type":"ReadAction","target":["https:\/\/lagnoticias.com\/2025\/07\/20\/se-realiza-la-quinta-edicion-del-surf-city-el-salvador-half-marathon\/"]}]},{"@type":"ImageObject","inLanguage":"en-US","@id":"https:\/\/lagnoticias.com\/2025\/07\/20\/se-realiza-la-quinta-edicion-del-surf-city-el-salvador-half-marathon\/#primaryimage","url":"https:\/\/lagnoticias.com\/wp-content\/uploads\/2025\/07\/515490803_1101476942156565_6606855844533426354_n.jpg","contentUrl":"https:\/\/lagnoticias.com\/wp-content\/uploads\/2025\/07\/515490803_1101476942156565_6606855844533426354_n.jpg","width":2048,"height":1186},{"@type":"BreadcrumbList","@id":"https:\/\/lagnoticias.com\/2025\/07\/20\/se-realiza-la-quinta-edicion-del-surf-city-el-salvador-half-marathon\/#breadcrumb","itemListElement":[{"@type":"ListItem","position":1,"name":"Portada","item":"https:\/\/lagnoticias.com\/"},{"@type":"ListItem","position":2,"name":"Se realiza la quinta edici\u00f3n del Surf City El Salvador Half Marathon"}]},{"@type":"WebSite","@id":"https:\/\/lagnoticias.com\/#website","url":"https:\/\/lagnoticias.com\/","name":"La G Noticias","description":"Noticias Positivas","potentialAction":[{"@type":"SearchAction","target":{"@type":"EntryPoint","urlTemplate":"https:\/\/lagnoticias.com\/?s={search_term_string}"},"query-input":{"@type":"PropertyValueSpecification","valueRequired":true,"valueName":"search_term_string"}}],"inLanguage":"en-US"},{"@type":"Person","@id":"https:\/\/lagnoticias.com\/#\/schema\/person\/cb9bfe13f8de05d2c55270be25c6a550","name":"Oscar","image":{"@type":"ImageObject","inLanguage":"en-US","@id":"https:\/\/secure.gravatar.com\/avatar\/45c195718f652dc7ffdd591dc1f2678956ab7fdadcd359a635edc61304a8c757?s=96&d=mm&r=g","url":"https:\/\/secure.gravatar.com\/avatar\/45c195718f652dc7ffdd591dc1f2678956ab7fdadcd359a635edc61304a8c757?s=96&d=mm&r=g","contentUrl":"https:\/\/secure.gravatar.com\/avatar\/45c195718f652dc7ffdd591dc1f2678956ab7fdadcd359a635edc61304a8c757?s=96&d=mm&r=g","caption":"Oscar"},"url":"https:\/\/lagnoticias.com\/en\/author\/oscar\/"}]}},"_links":{"self":[{"href":"https:\/\/lagnoticias.com\/en\/wp-json\/wp\/v2\/posts\/3203","targetHints":{"allow":["GET"]}}],"collection":[{"href":"https:\/\/lagnoticias.com\/en\/wp-json\/wp\/v2\/posts"}],"about":[{"href":"https:\/\/lagnoticias.com\/en\/wp-json\/wp\/v2\/types\/post"}],"author":[{"embeddable":true,"href":"https:\/\/lagnoticias.com\/en\/wp-json\/wp\/v2\/users\/2"}],"replies":[{"embeddable":true,"href":"https:\/\/lagnoticias.com\/en\/wp-json\/wp\/v2\/comments?post=3203"}],"version-history":[{"count":1,"href":"https:\/\/lagnoticias.com\/en\/wp-json\/wp\/v2\/posts\/3203\/revisions"}],"predecessor-version":[{"id":3205,"href":"https:\/\/lagnoticias.com\/en\/wp-json\/wp\/v2\/posts\/3203\/revisions\/3205"}],"wp:featuredmedia":[{"embeddable":true,"href":"https:\/\/lagnoticias.com\/en\/wp-json\/wp\/v2\/media\/3204"}],"wp:attachment":[{"href":"https:\/\/lagnoticias.com\/en\/wp-json\/wp\/v2\/media?parent=3203"}],"wp:term":[{"taxonomy":"category","embeddable":true,"href":"https:\/\/lagnoticias.com\/en\/wp-json\/wp\/v2\/categories?post=3203"},{"taxonomy":"post_tag","embeddable":true,"href":"https:\/\/lagnoticias.com\/en\/wp-json\/wp\/v2\/tags?post=3203"}],"curies":[{"name":"wp","href":"https:\/\/api.w.org\/{rel}","templated":true}]}}