{"id":3200,"date":"2025-07-20T12:51:27","date_gmt":"2025-07-20T18:51:27","guid":{"rendered":"https:\/\/lagnoticias.com\/?p=3200"},"modified":"2025-07-20T12:51:27","modified_gmt":"2025-07-20T18:51:27","slug":"la-direccion-de-integracion-realizo-feria-integra-para-adultos-mayores-en-soyapango","status":"publish","type":"post","link":"https:\/\/lagnoticias.com\/en\/2025\/07\/20\/la-direccion-de-integracion-realizo-feria-integra-para-adultos-mayores-en-soyapango\/","title":{"rendered":"La Direcci\u00f3n de Integraci\u00f3n realiz\u00f3 Feria Integra para adultos mayores en Soyapango"},"content":{"rendered":"<p>Ayer se realiz\u00f3 la primera Feria Integra, dedicada a los adultos mayores poniendo a disposici\u00f3n 1,500 atenciones y servicios de primer nivel en salud, atenci\u00f3n psicol\u00f3gica y asistencia legal.&nbsp;<\/p>\n\n\n\n<p>El objetivo de esta es que los adultos mayores reciban servicios de primer nivel en sus comunidades, pero con un trato exclusivo y cercano; iniciativa que ser\u00e1 replicada en diferentes puntos del pa\u00eds, como parte del compromiso por la integraci\u00f3n de la sociedad.&nbsp;<\/p>\n\n\n\n<p>\u201cEstamos desarrollando una Feria Integra, pero esta es muy especial, ya que va dirigida a nuestra poblaci\u00f3n adulta mayor, ya que sabemos de qu\u00e9 hay muchas necesidades en cada uno de ellos\u201d, dijo la gerente de Integraci\u00f3n Comunitaria, de la Direcci\u00f3n de Integraci\u00f3n, Katherine Viera.<\/p>\n\n\n\n<p>Esta Feria Integra, exclusiva para los adultos mayores, se realiz\u00f3 en el Centro Escolar Urbanizaci\u00f3n Las Margaritas, en el distrito de Soyapango, uno de los lugares con mayor participaci\u00f3n en los diversos proyectos que la Direcci\u00f3n de Integraci\u00f3n.<\/p>\n\n\n\n<p>Los adultos mayores fueron beneficiados con consultas en medicina general, odontolog\u00eda, oftalmolog\u00eda, fisioterapia, nutrici\u00f3n y otras especialidades; todas, con enfoque geri\u00e1trico. Adem\u00e1s, con la entrega de medicamentos y anteojos gratis. Por su parte, la Procuradur\u00eda General de la Rep\u00fablica (PGR) puso a la orden de la poblaci\u00f3n servicios en mediaci\u00f3n, asistencia legal y atenci\u00f3n psicol\u00f3gica. Tambi\u00e9n, los adultos mayores disfrutaron de talleres de pintura, macram\u00e9 y otras modalidades.<\/p>\n\n\n\n<p>\u201cHemos hecho una actividad donde ellos (adultos mayores), se pueden sentir m\u00e1s especiales de lo que ya son; para poderle dar esa atenci\u00f3n de calidad; no s\u00f3lo traemos esos servicios m\u00e9dicos, psicol\u00f3gicos e ilegales, sino que tambi\u00e9n hemos tra\u00eddo otras actividades como talleres, pintura, aer\u00f3bico, baile, donde las personas se pueden distraer y entretenerse\u201d, a\u00f1adi\u00f3 Viera.&nbsp;<\/p>\n\n\n\n<p>Con este esfuerzo, el Gobierno reitera su compromiso a favor de este grupo poblacional y genera condiciones para dignificar a los adultos mayores del pa\u00eds.&nbsp;&nbsp;<\/p>","protected":false},"excerpt":{"rendered":"<p>Ayer se realiz\u00f3 la primera Feria Integra, dedicada a los adultos mayores poniendo a disposici\u00f3n 1,500 atenciones y servicios de primer nivel en salud, atenci\u00f3n psicol\u00f3gica y asistencia legal.&nbsp; El objetivo de esta es que los adultos mayores reciban servicios de primer nivel en sus comunidades, pero con un trato exclusivo y cercano; iniciativa que&hellip;<\/p>","protected":false},"author":2,"featured_media":3201,"comment_status":"open","ping_status":"open","sticky":false,"template":"","format":"standard","meta":{"_et_pb_use_builder":"","_et_pb_old_content":"","_et_gb_content_width":"","footnotes":""},"categories":[244],"tags":[387,301,386,268],"class_list":["post-3200","post","type-post","status-publish","format-standard","has-post-thumbnail","hentry","category-nacionales","tag-adultos-mayores","tag-direccion-de-integracion","tag-feria-integra","tag-gobierno-de-el-salvador"],"yoast_head":"<!-- This site is optimized with the Yoast SEO plugin v27.4 - https:\/\/yoast.com\/product\/yoast-seo-wordpress\/ -->\n<title>La Direcci\u00f3n de Integraci\u00f3n realiz\u00f3 Feria Integra para adultos mayores en Soyapango - La G Noticias<\/title>\n<meta name=\"robots\" content=\"index, follow, max-snippet:-1, max-image-preview:large, max-video-preview:-1\" \/>\n<link rel=\"canonical\" href=\"https:\/\/lagnoticias.com\/en\/2025\/07\/20\/la-direccion-de-integracion-realizo-feria-integra-para-adultos-mayores-en-soyapango\/\" \/>\n<meta property=\"og:locale\" content=\"en_US\" \/>\n<meta property=\"og:type\" content=\"article\" \/>\n<meta property=\"og:title\" content=\"La Direcci\u00f3n de Integraci\u00f3n realiz\u00f3 Feria Integra para adultos mayores en Soyapango - La G Noticias\" \/>\n<meta property=\"og:description\" content=\"Ayer se realiz\u00f3 la primera Feria Integra, dedicada a los adultos mayores poniendo a disposici\u00f3n 1,500 atenciones y servicios de primer nivel en salud, atenci\u00f3n psicol\u00f3gica y asistencia legal.&nbsp; El objetivo de esta es que los adultos mayores reciban servicios de primer nivel en sus comunidades, pero con un trato exclusivo y cercano; iniciativa que&hellip;\" \/>\n<meta property=\"og:url\" content=\"https:\/\/lagnoticias.com\/en\/2025\/07\/20\/la-direccion-de-integracion-realizo-feria-integra-para-adultos-mayores-en-soyapango\/\" \/>\n<meta property=\"og:site_name\" content=\"La G Noticias\" \/>\n<meta property=\"article:publisher\" content=\"https:\/\/www.facebook.com\/LaGNoticias\" \/>\n<meta property=\"article:published_time\" content=\"2025-07-20T18:51:27+00:00\" \/>\n<meta property=\"og:image\" content=\"https:\/\/lagnoticias.com\/wp-content\/uploads\/2025\/07\/DSC_1710-scaled.jpg\" \/>\n\t<meta property=\"og:image:width\" content=\"2560\" \/>\n\t<meta property=\"og:image:height\" content=\"1603\" \/>\n\t<meta property=\"og:image:type\" content=\"image\/jpeg\" \/>\n<meta name=\"author\" content=\"Oscar\" \/>\n<meta name=\"twitter:card\" content=\"summary_large_image\" \/>\n<meta name=\"twitter:creator\" content=\"@lagnoticias\" \/>\n<meta name=\"twitter:site\" content=\"@lagnoticias\" \/>\n<meta name=\"twitter:label1\" content=\"Written by\" \/>\n\t<meta name=\"twitter:data1\" content=\"Oscar\" \/>\n\t<meta name=\"twitter:label2\" content=\"Est. reading time\" \/>\n\t<meta name=\"twitter:data2\" content=\"2 minutes\" \/>\n<script type=\"application\/ld+json\" class=\"yoast-schema-graph\">{\"@context\":\"https:\\\/\\\/schema.org\",\"@graph\":[{\"@type\":\"Article\",\"@id\":\"https:\\\/\\\/lagnoticias.com\\\/2025\\\/07\\\/20\\\/la-direccion-de-integracion-realizo-feria-integra-para-adultos-mayores-en-soyapango\\\/#article\",\"isPartOf\":{\"@id\":\"https:\\\/\\\/lagnoticias.com\\\/2025\\\/07\\\/20\\\/la-direccion-de-integracion-realizo-feria-integra-para-adultos-mayores-en-soyapango\\\/\"},\"author\":{\"name\":\"Oscar\",\"@id\":\"https:\\\/\\\/lagnoticias.com\\\/#\\\/schema\\\/person\\\/cb9bfe13f8de05d2c55270be25c6a550\"},\"headline\":\"La Direcci\u00f3n de Integraci\u00f3n realiz\u00f3 Feria Integra para adultos mayores en Soyapango\",\"datePublished\":\"2025-07-20T18:51:27+00:00\",\"mainEntityOfPage\":{\"@id\":\"https:\\\/\\\/lagnoticias.com\\\/2025\\\/07\\\/20\\\/la-direccion-de-integracion-realizo-feria-integra-para-adultos-mayores-en-soyapango\\\/\"},\"wordCount\":357,\"commentCount\":0,\"image\":{\"@id\":\"https:\\\/\\\/lagnoticias.com\\\/2025\\\/07\\\/20\\\/la-direccion-de-integracion-realizo-feria-integra-para-adultos-mayores-en-soyapango\\\/#primaryimage\"},\"thumbnailUrl\":\"https:\\\/\\\/lagnoticias.com\\\/wp-content\\\/uploads\\\/2025\\\/07\\\/DSC_1710-scaled.jpg\",\"keywords\":[\"ADULTOS MAYORES\",\"DIRECCI\u00d3N DE INTEGRACI\u00d3N\",\"FERIA INTEGRA\",\"GOBIERNO DE EL SALVADOR\"],\"articleSection\":[\"NACIONALES\"],\"inLanguage\":\"en-US\",\"potentialAction\":[{\"@type\":\"CommentAction\",\"name\":\"Comment\",\"target\":[\"https:\\\/\\\/lagnoticias.com\\\/2025\\\/07\\\/20\\\/la-direccion-de-integracion-realizo-feria-integra-para-adultos-mayores-en-soyapango\\\/#respond\"]}]},{\"@type\":\"WebPage\",\"@id\":\"https:\\\/\\\/lagnoticias.com\\\/2025\\\/07\\\/20\\\/la-direccion-de-integracion-realizo-feria-integra-para-adultos-mayores-en-soyapango\\\/\",\"url\":\"https:\\\/\\\/lagnoticias.com\\\/2025\\\/07\\\/20\\\/la-direccion-de-integracion-realizo-feria-integra-para-adultos-mayores-en-soyapango\\\/\",\"name\":\"La Direcci\u00f3n de Integraci\u00f3n realiz\u00f3 Feria Integra para adultos mayores en Soyapango - La G Noticias\",\"isPartOf\":{\"@id\":\"https:\\\/\\\/lagnoticias.com\\\/#website\"},\"primaryImageOfPage\":{\"@id\":\"https:\\\/\\\/lagnoticias.com\\\/2025\\\/07\\\/20\\\/la-direccion-de-integracion-realizo-feria-integra-para-adultos-mayores-en-soyapango\\\/#primaryimage\"},\"image\":{\"@id\":\"https:\\\/\\\/lagnoticias.com\\\/2025\\\/07\\\/20\\\/la-direccion-de-integracion-realizo-feria-integra-para-adultos-mayores-en-soyapango\\\/#primaryimage\"},\"thumbnailUrl\":\"https:\\\/\\\/lagnoticias.com\\\/wp-content\\\/uploads\\\/2025\\\/07\\\/DSC_1710-scaled.jpg\",\"datePublished\":\"2025-07-20T18:51:27+00:00\",\"author\":{\"@id\":\"https:\\\/\\\/lagnoticias.com\\\/#\\\/schema\\\/person\\\/cb9bfe13f8de05d2c55270be25c6a550\"},\"breadcrumb\":{\"@id\":\"https:\\\/\\\/lagnoticias.com\\\/2025\\\/07\\\/20\\\/la-direccion-de-integracion-realizo-feria-integra-para-adultos-mayores-en-soyapango\\\/#breadcrumb\"},\"inLanguage\":\"en-US\",\"potentialAction\":[{\"@type\":\"ReadAction\",\"target\":[\"https:\\\/\\\/lagnoticias.com\\\/2025\\\/07\\\/20\\\/la-direccion-de-integracion-realizo-feria-integra-para-adultos-mayores-en-soyapango\\\/\"]}]},{\"@type\":\"ImageObject\",\"inLanguage\":\"en-US\",\"@id\":\"https:\\\/\\\/lagnoticias.com\\\/2025\\\/07\\\/20\\\/la-direccion-de-integracion-realizo-feria-integra-para-adultos-mayores-en-soyapango\\\/#primaryimage\",\"url\":\"https:\\\/\\\/lagnoticias.com\\\/wp-content\\\/uploads\\\/2025\\\/07\\\/DSC_1710-scaled.jpg\",\"contentUrl\":\"https:\\\/\\\/lagnoticias.com\\\/wp-content\\\/uploads\\\/2025\\\/07\\\/DSC_1710-scaled.jpg\",\"width\":2560,\"height\":1603},{\"@type\":\"BreadcrumbList\",\"@id\":\"https:\\\/\\\/lagnoticias.com\\\/2025\\\/07\\\/20\\\/la-direccion-de-integracion-realizo-feria-integra-para-adultos-mayores-en-soyapango\\\/#breadcrumb\",\"itemListElement\":[{\"@type\":\"ListItem\",\"position\":1,\"name\":\"Portada\",\"item\":\"https:\\\/\\\/lagnoticias.com\\\/\"},{\"@type\":\"ListItem\",\"position\":2,\"name\":\"La Direcci\u00f3n de Integraci\u00f3n realiz\u00f3 Feria Integra para adultos mayores en Soyapango\"}]},{\"@type\":\"WebSite\",\"@id\":\"https:\\\/\\\/lagnoticias.com\\\/#website\",\"url\":\"https:\\\/\\\/lagnoticias.com\\\/\",\"name\":\"La G Noticias\",\"description\":\"Noticias Positivas\",\"potentialAction\":[{\"@type\":\"SearchAction\",\"target\":{\"@type\":\"EntryPoint\",\"urlTemplate\":\"https:\\\/\\\/lagnoticias.com\\\/?s={search_term_string}\"},\"query-input\":{\"@type\":\"PropertyValueSpecification\",\"valueRequired\":true,\"valueName\":\"search_term_string\"}}],\"inLanguage\":\"en-US\"},{\"@type\":\"Person\",\"@id\":\"https:\\\/\\\/lagnoticias.com\\\/#\\\/schema\\\/person\\\/cb9bfe13f8de05d2c55270be25c6a550\",\"name\":\"Oscar\",\"image\":{\"@type\":\"ImageObject\",\"inLanguage\":\"en-US\",\"@id\":\"https:\\\/\\\/secure.gravatar.com\\\/avatar\\\/45c195718f652dc7ffdd591dc1f2678956ab7fdadcd359a635edc61304a8c757?s=96&d=mm&r=g\",\"url\":\"https:\\\/\\\/secure.gravatar.com\\\/avatar\\\/45c195718f652dc7ffdd591dc1f2678956ab7fdadcd359a635edc61304a8c757?s=96&d=mm&r=g\",\"contentUrl\":\"https:\\\/\\\/secure.gravatar.com\\\/avatar\\\/45c195718f652dc7ffdd591dc1f2678956ab7fdadcd359a635edc61304a8c757?s=96&d=mm&r=g\",\"caption\":\"Oscar\"},\"url\":\"https:\\\/\\\/lagnoticias.com\\\/en\\\/author\\\/oscar\\\/\"}]}<\/script>\n<!-- \/ Yoast SEO plugin. -->","yoast_head_json":{"title":"La Direcci\u00f3n de Integraci\u00f3n realiz\u00f3 Feria Integra para adultos mayores en Soyapango - La G Noticias","robots":{"index":"index","follow":"follow","max-snippet":"max-snippet:-1","max-image-preview":"max-image-preview:large","max-video-preview":"max-video-preview:-1"},"canonical":"https:\/\/lagnoticias.com\/en\/2025\/07\/20\/la-direccion-de-integracion-realizo-feria-integra-para-adultos-mayores-en-soyapango\/","og_locale":"en_US","og_type":"article","og_title":"La Direcci\u00f3n de Integraci\u00f3n realiz\u00f3 Feria Integra para adultos mayores en Soyapango - La G Noticias","og_description":"Ayer se realiz\u00f3 la primera Feria Integra, dedicada a los adultos mayores poniendo a disposici\u00f3n 1,500 atenciones y servicios de primer nivel en salud, atenci\u00f3n psicol\u00f3gica y asistencia legal.&nbsp; El objetivo de esta es que los adultos mayores reciban servicios de primer nivel en sus comunidades, pero con un trato exclusivo y cercano; iniciativa que&hellip;","og_url":"https:\/\/lagnoticias.com\/en\/2025\/07\/20\/la-direccion-de-integracion-realizo-feria-integra-para-adultos-mayores-en-soyapango\/","og_site_name":"La G Noticias","article_publisher":"https:\/\/www.facebook.com\/LaGNoticias","article_published_time":"2025-07-20T18:51:27+00:00","og_image":[{"width":2560,"height":1603,"url":"https:\/\/lagnoticias.com\/wp-content\/uploads\/2025\/07\/DSC_1710-scaled.jpg","type":"image\/jpeg"}],"author":"Oscar","twitter_card":"summary_large_image","twitter_creator":"@lagnoticias","twitter_site":"@lagnoticias","twitter_misc":{"Written by":"Oscar","Est. reading time":"2 minutes"},"schema":{"@context":"https:\/\/schema.org","@graph":[{"@type":"Article","@id":"https:\/\/lagnoticias.com\/2025\/07\/20\/la-direccion-de-integracion-realizo-feria-integra-para-adultos-mayores-en-soyapango\/#article","isPartOf":{"@id":"https:\/\/lagnoticias.com\/2025\/07\/20\/la-direccion-de-integracion-realizo-feria-integra-para-adultos-mayores-en-soyapango\/"},"author":{"name":"Oscar","@id":"https:\/\/lagnoticias.com\/#\/schema\/person\/cb9bfe13f8de05d2c55270be25c6a550"},"headline":"La Direcci\u00f3n de Integraci\u00f3n realiz\u00f3 Feria Integra para adultos mayores en Soyapango","datePublished":"2025-07-20T18:51:27+00:00","mainEntityOfPage":{"@id":"https:\/\/lagnoticias.com\/2025\/07\/20\/la-direccion-de-integracion-realizo-feria-integra-para-adultos-mayores-en-soyapango\/"},"wordCount":357,"commentCount":0,"image":{"@id":"https:\/\/lagnoticias.com\/2025\/07\/20\/la-direccion-de-integracion-realizo-feria-integra-para-adultos-mayores-en-soyapango\/#primaryimage"},"thumbnailUrl":"https:\/\/lagnoticias.com\/wp-content\/uploads\/2025\/07\/DSC_1710-scaled.jpg","keywords":["ADULTOS MAYORES","DIRECCI\u00d3N DE INTEGRACI\u00d3N","FERIA INTEGRA","GOBIERNO DE EL SALVADOR"],"articleSection":["NACIONALES"],"inLanguage":"en-US","potentialAction":[{"@type":"CommentAction","name":"Comment","target":["https:\/\/lagnoticias.com\/2025\/07\/20\/la-direccion-de-integracion-realizo-feria-integra-para-adultos-mayores-en-soyapango\/#respond"]}]},{"@type":"WebPage","@id":"https:\/\/lagnoticias.com\/2025\/07\/20\/la-direccion-de-integracion-realizo-feria-integra-para-adultos-mayores-en-soyapango\/","url":"https:\/\/lagnoticias.com\/2025\/07\/20\/la-direccion-de-integracion-realizo-feria-integra-para-adultos-mayores-en-soyapango\/","name":"La Direcci\u00f3n de Integraci\u00f3n realiz\u00f3 Feria Integra para adultos mayores en Soyapango - La G Noticias","isPartOf":{"@id":"https:\/\/lagnoticias.com\/#website"},"primaryImageOfPage":{"@id":"https:\/\/lagnoticias.com\/2025\/07\/20\/la-direccion-de-integracion-realizo-feria-integra-para-adultos-mayores-en-soyapango\/#primaryimage"},"image":{"@id":"https:\/\/lagnoticias.com\/2025\/07\/20\/la-direccion-de-integracion-realizo-feria-integra-para-adultos-mayores-en-soyapango\/#primaryimage"},"thumbnailUrl":"https:\/\/lagnoticias.com\/wp-content\/uploads\/2025\/07\/DSC_1710-scaled.jpg","datePublished":"2025-07-20T18:51:27+00:00","author":{"@id":"https:\/\/lagnoticias.com\/#\/schema\/person\/cb9bfe13f8de05d2c55270be25c6a550"},"breadcrumb":{"@id":"https:\/\/lagnoticias.com\/2025\/07\/20\/la-direccion-de-integracion-realizo-feria-integra-para-adultos-mayores-en-soyapango\/#breadcrumb"},"inLanguage":"en-US","potentialAction":[{"@type":"ReadAction","target":["https:\/\/lagnoticias.com\/2025\/07\/20\/la-direccion-de-integracion-realizo-feria-integra-para-adultos-mayores-en-soyapango\/"]}]},{"@type":"ImageObject","inLanguage":"en-US","@id":"https:\/\/lagnoticias.com\/2025\/07\/20\/la-direccion-de-integracion-realizo-feria-integra-para-adultos-mayores-en-soyapango\/#primaryimage","url":"https:\/\/lagnoticias.com\/wp-content\/uploads\/2025\/07\/DSC_1710-scaled.jpg","contentUrl":"https:\/\/lagnoticias.com\/wp-content\/uploads\/2025\/07\/DSC_1710-scaled.jpg","width":2560,"height":1603},{"@type":"BreadcrumbList","@id":"https:\/\/lagnoticias.com\/2025\/07\/20\/la-direccion-de-integracion-realizo-feria-integra-para-adultos-mayores-en-soyapango\/#breadcrumb","itemListElement":[{"@type":"ListItem","position":1,"name":"Portada","item":"https:\/\/lagnoticias.com\/"},{"@type":"ListItem","position":2,"name":"La Direcci\u00f3n de Integraci\u00f3n realiz\u00f3 Feria Integra para adultos mayores en Soyapango"}]},{"@type":"WebSite","@id":"https:\/\/lagnoticias.com\/#website","url":"https:\/\/lagnoticias.com\/","name":"La G Noticias","description":"Noticias Positivas","potentialAction":[{"@type":"SearchAction","target":{"@type":"EntryPoint","urlTemplate":"https:\/\/lagnoticias.com\/?s={search_term_string}"},"query-input":{"@type":"PropertyValueSpecification","valueRequired":true,"valueName":"search_term_string"}}],"inLanguage":"en-US"},{"@type":"Person","@id":"https:\/\/lagnoticias.com\/#\/schema\/person\/cb9bfe13f8de05d2c55270be25c6a550","name":"Oscar","image":{"@type":"ImageObject","inLanguage":"en-US","@id":"https:\/\/secure.gravatar.com\/avatar\/45c195718f652dc7ffdd591dc1f2678956ab7fdadcd359a635edc61304a8c757?s=96&d=mm&r=g","url":"https:\/\/secure.gravatar.com\/avatar\/45c195718f652dc7ffdd591dc1f2678956ab7fdadcd359a635edc61304a8c757?s=96&d=mm&r=g","contentUrl":"https:\/\/secure.gravatar.com\/avatar\/45c195718f652dc7ffdd591dc1f2678956ab7fdadcd359a635edc61304a8c757?s=96&d=mm&r=g","caption":"Oscar"},"url":"https:\/\/lagnoticias.com\/en\/author\/oscar\/"}]}},"_links":{"self":[{"href":"https:\/\/lagnoticias.com\/en\/wp-json\/wp\/v2\/posts\/3200","targetHints":{"allow":["GET"]}}],"collection":[{"href":"https:\/\/lagnoticias.com\/en\/wp-json\/wp\/v2\/posts"}],"about":[{"href":"https:\/\/lagnoticias.com\/en\/wp-json\/wp\/v2\/types\/post"}],"author":[{"embeddable":true,"href":"https:\/\/lagnoticias.com\/en\/wp-json\/wp\/v2\/users\/2"}],"replies":[{"embeddable":true,"href":"https:\/\/lagnoticias.com\/en\/wp-json\/wp\/v2\/comments?post=3200"}],"version-history":[{"count":1,"href":"https:\/\/lagnoticias.com\/en\/wp-json\/wp\/v2\/posts\/3200\/revisions"}],"predecessor-version":[{"id":3202,"href":"https:\/\/lagnoticias.com\/en\/wp-json\/wp\/v2\/posts\/3200\/revisions\/3202"}],"wp:featuredmedia":[{"embeddable":true,"href":"https:\/\/lagnoticias.com\/en\/wp-json\/wp\/v2\/media\/3201"}],"wp:attachment":[{"href":"https:\/\/lagnoticias.com\/en\/wp-json\/wp\/v2\/media?parent=3200"}],"wp:term":[{"taxonomy":"category","embeddable":true,"href":"https:\/\/lagnoticias.com\/en\/wp-json\/wp\/v2\/categories?post=3200"},{"taxonomy":"post_tag","embeddable":true,"href":"https:\/\/lagnoticias.com\/en\/wp-json\/wp\/v2\/tags?post=3200"}],"curies":[{"name":"wp","href":"https:\/\/api.w.org\/{rel}","templated":true}]}}