{"id":3196,"date":"2025-07-20T12:37:51","date_gmt":"2025-07-20T18:37:51","guid":{"rendered":"https:\/\/lagnoticias.com\/?p=3196"},"modified":"2025-07-20T12:39:01","modified_gmt":"2025-07-20T18:39:01","slug":"el-pais-se-consolida-como-epicentro-gastronomico-con-el-mole-fest-internacional-2025","status":"publish","type":"post","link":"https:\/\/lagnoticias.com\/en\/2025\/07\/20\/el-pais-se-consolida-como-epicentro-gastronomico-con-el-mole-fest-internacional-2025\/","title":{"rendered":"El pa\u00eds se consolida como epicentro gastron\u00f3mico con el Mole Fest Internacional 2025"},"content":{"rendered":"<p>El Muelle Tur\u00edstico del Puerto de La Libertad se convirti\u00f3 en sede del Mole Fest Internacional 2025, un festival sin precedentes que reuni\u00f3 a 25 chefs de diversos pa\u00edses para celebrar la identidad, la memoria y la hermandad culinaria latinoamericana.<\/p>\n\n\n\n<p>Este encuentro forma parte de la Ruta del Mole Internacional, una iniciativa que une sabores y culturas para fortalecer los lazos entre pueblos hermanos. La llegada de este festival a suelo salvadore\u00f1o confirma el nuevo prestigio internacional del pa\u00eds, que hoy se proyecta como anfitri\u00f3n de eventos de alto nivel capaces de atraer turismo, inversi\u00f3n y oportunidades para el desarrollo cultural.<\/p>\n\n\n\n<p>Durante la inauguraci\u00f3n, la ministra de Turismo, Morena Valdez, destac\u00f3 el papel de la gastronom\u00eda como motor de crecimiento tur\u00edstico: \u201cEl 80 % de los turistas a nivel mundial se mueven por la gastronom\u00eda de un pa\u00eds, as\u00ed que imag\u00ednense la importancia que tiene la cocina para seguir impulsando el turismo en El Salvador\u201d.<\/p>\n\n\n\n<p>Por su parte, la directora ejecutiva de Corsatur, Alejandra Dur\u00e1n, subray\u00f3 la relevancia del puerto como punto clave para el turismo: \u201cEl Puerto de La Libertad es el destino m\u00e1s visitado del pa\u00eds. Hoy estamos promoviendo este multidestino, qu\u00e9 mejor que mostrar lo que est\u00e1 pasando en el pa\u00eds con la gastronom\u00eda\u201d, dijo.<\/p>\n\n\n\n<p>El Mole Fest Internacional cont\u00f3 con el liderazgo del chef David Najarro, y con la visi\u00f3n del fundador de la Ruta del Mole, Ariosto Camacho, quienes, junto a chefs de toda Latinoam\u00e9rica, llevaron adelante una experiencia gastron\u00f3mica que une pueblos y corazones.<\/p>\n\n\n\n<p>La ministra Valdez reconoci\u00f3 a los cocineros como verdaderos artistas de la cocina, cuyo talento proyecta la identidad salvadore\u00f1a al mundo, y agradeci\u00f3 el respaldo de los patrocinadores y organizadores que hicieron posible esta celebraci\u00f3n sin precedentes en la costa de La Libertad.<\/p>\n\n\n\n<p>Con iniciativas como el Mole Fest Internacional 2025, el Gobierno reafirma que El Salvador ha renacido y se consolida como un referente regional donde los sabores y las culturas se unen.<\/p>","protected":false},"excerpt":{"rendered":"<p>El Muelle Tur\u00edstico del Puerto de La Libertad se convirti\u00f3 en sede del Mole Fest Internacional 2025, un festival sin precedentes que reuni\u00f3 a 25 chefs de diversos pa\u00edses para celebrar la identidad, la memoria y la hermandad culinaria latinoamericana. Este encuentro forma parte de la Ruta del Mole Internacional, una iniciativa que une sabores&hellip;<\/p>","protected":false},"author":2,"featured_media":3198,"comment_status":"open","ping_status":"open","sticky":false,"template":"","format":"standard","meta":{"_et_pb_use_builder":"","_et_pb_old_content":"","_et_gb_content_width":"","footnotes":""},"categories":[244],"tags":[267,385,384,270],"class_list":["post-3196","post","type-post","status-publish","format-standard","has-post-thumbnail","hentry","category-nacionales","tag-el-salvador","tag-gastronomia","tag-muelle","tag-turismo"],"yoast_head":"<!-- This site is optimized with the Yoast SEO plugin v27.4 - https:\/\/yoast.com\/product\/yoast-seo-wordpress\/ -->\n<title>El pa\u00eds se consolida como epicentro gastron\u00f3mico con el Mole Fest Internacional 2025 - La G Noticias<\/title>\n<meta name=\"robots\" content=\"index, follow, max-snippet:-1, max-image-preview:large, max-video-preview:-1\" \/>\n<link rel=\"canonical\" href=\"https:\/\/lagnoticias.com\/en\/2025\/07\/20\/el-pais-se-consolida-como-epicentro-gastronomico-con-el-mole-fest-internacional-2025\/\" \/>\n<meta property=\"og:locale\" content=\"en_US\" \/>\n<meta property=\"og:type\" content=\"article\" \/>\n<meta property=\"og:title\" content=\"El pa\u00eds se consolida como epicentro gastron\u00f3mico con el Mole Fest Internacional 2025 - La G Noticias\" \/>\n<meta property=\"og:description\" content=\"El Muelle Tur\u00edstico del Puerto de La Libertad se convirti\u00f3 en sede del Mole Fest Internacional 2025, un festival sin precedentes que reuni\u00f3 a 25 chefs de diversos pa\u00edses para celebrar la identidad, la memoria y la hermandad culinaria latinoamericana. Este encuentro forma parte de la Ruta del Mole Internacional, una iniciativa que une sabores&hellip;\" \/>\n<meta property=\"og:url\" content=\"https:\/\/lagnoticias.com\/en\/2025\/07\/20\/el-pais-se-consolida-como-epicentro-gastronomico-con-el-mole-fest-internacional-2025\/\" \/>\n<meta property=\"og:site_name\" content=\"La G Noticias\" \/>\n<meta property=\"article:publisher\" content=\"https:\/\/www.facebook.com\/LaGNoticias\" \/>\n<meta property=\"article:published_time\" content=\"2025-07-20T18:37:51+00:00\" \/>\n<meta property=\"article:modified_time\" content=\"2025-07-20T18:39:01+00:00\" \/>\n<meta property=\"og:image\" content=\"https:\/\/lagnoticias.com\/wp-content\/uploads\/2025\/07\/1-8-scaled.jpg\" \/>\n\t<meta property=\"og:image:width\" content=\"2560\" \/>\n\t<meta property=\"og:image:height\" content=\"1707\" \/>\n\t<meta property=\"og:image:type\" content=\"image\/jpeg\" \/>\n<meta name=\"author\" content=\"Oscar\" \/>\n<meta name=\"twitter:card\" content=\"summary_large_image\" \/>\n<meta name=\"twitter:creator\" content=\"@lagnoticias\" \/>\n<meta name=\"twitter:site\" content=\"@lagnoticias\" \/>\n<meta name=\"twitter:label1\" content=\"Written by\" \/>\n\t<meta name=\"twitter:data1\" content=\"Oscar\" \/>\n\t<meta name=\"twitter:label2\" content=\"Est. reading time\" \/>\n\t<meta name=\"twitter:data2\" content=\"1 minute\" \/>\n<script type=\"application\/ld+json\" class=\"yoast-schema-graph\">{\"@context\":\"https:\\\/\\\/schema.org\",\"@graph\":[{\"@type\":\"Article\",\"@id\":\"https:\\\/\\\/lagnoticias.com\\\/2025\\\/07\\\/20\\\/el-pais-se-consolida-como-epicentro-gastronomico-con-el-mole-fest-internacional-2025\\\/#article\",\"isPartOf\":{\"@id\":\"https:\\\/\\\/lagnoticias.com\\\/2025\\\/07\\\/20\\\/el-pais-se-consolida-como-epicentro-gastronomico-con-el-mole-fest-internacional-2025\\\/\"},\"author\":{\"name\":\"Oscar\",\"@id\":\"https:\\\/\\\/lagnoticias.com\\\/#\\\/schema\\\/person\\\/cb9bfe13f8de05d2c55270be25c6a550\"},\"headline\":\"El pa\u00eds se consolida como epicentro gastron\u00f3mico con el Mole Fest Internacional 2025\",\"datePublished\":\"2025-07-20T18:37:51+00:00\",\"dateModified\":\"2025-07-20T18:39:01+00:00\",\"mainEntityOfPage\":{\"@id\":\"https:\\\/\\\/lagnoticias.com\\\/2025\\\/07\\\/20\\\/el-pais-se-consolida-como-epicentro-gastronomico-con-el-mole-fest-internacional-2025\\\/\"},\"wordCount\":355,\"commentCount\":0,\"image\":{\"@id\":\"https:\\\/\\\/lagnoticias.com\\\/2025\\\/07\\\/20\\\/el-pais-se-consolida-como-epicentro-gastronomico-con-el-mole-fest-internacional-2025\\\/#primaryimage\"},\"thumbnailUrl\":\"https:\\\/\\\/lagnoticias.com\\\/wp-content\\\/uploads\\\/2025\\\/07\\\/1-8-scaled.jpg\",\"keywords\":[\"EL SALVADOR\",\"gastronom\u00eda\",\"muelle\",\"TURISMO\"],\"articleSection\":[\"NACIONALES\"],\"inLanguage\":\"en-US\",\"potentialAction\":[{\"@type\":\"CommentAction\",\"name\":\"Comment\",\"target\":[\"https:\\\/\\\/lagnoticias.com\\\/2025\\\/07\\\/20\\\/el-pais-se-consolida-como-epicentro-gastronomico-con-el-mole-fest-internacional-2025\\\/#respond\"]}]},{\"@type\":\"WebPage\",\"@id\":\"https:\\\/\\\/lagnoticias.com\\\/2025\\\/07\\\/20\\\/el-pais-se-consolida-como-epicentro-gastronomico-con-el-mole-fest-internacional-2025\\\/\",\"url\":\"https:\\\/\\\/lagnoticias.com\\\/2025\\\/07\\\/20\\\/el-pais-se-consolida-como-epicentro-gastronomico-con-el-mole-fest-internacional-2025\\\/\",\"name\":\"El pa\u00eds se consolida como epicentro gastron\u00f3mico con el Mole Fest Internacional 2025 - La G Noticias\",\"isPartOf\":{\"@id\":\"https:\\\/\\\/lagnoticias.com\\\/#website\"},\"primaryImageOfPage\":{\"@id\":\"https:\\\/\\\/lagnoticias.com\\\/2025\\\/07\\\/20\\\/el-pais-se-consolida-como-epicentro-gastronomico-con-el-mole-fest-internacional-2025\\\/#primaryimage\"},\"image\":{\"@id\":\"https:\\\/\\\/lagnoticias.com\\\/2025\\\/07\\\/20\\\/el-pais-se-consolida-como-epicentro-gastronomico-con-el-mole-fest-internacional-2025\\\/#primaryimage\"},\"thumbnailUrl\":\"https:\\\/\\\/lagnoticias.com\\\/wp-content\\\/uploads\\\/2025\\\/07\\\/1-8-scaled.jpg\",\"datePublished\":\"2025-07-20T18:37:51+00:00\",\"dateModified\":\"2025-07-20T18:39:01+00:00\",\"author\":{\"@id\":\"https:\\\/\\\/lagnoticias.com\\\/#\\\/schema\\\/person\\\/cb9bfe13f8de05d2c55270be25c6a550\"},\"breadcrumb\":{\"@id\":\"https:\\\/\\\/lagnoticias.com\\\/2025\\\/07\\\/20\\\/el-pais-se-consolida-como-epicentro-gastronomico-con-el-mole-fest-internacional-2025\\\/#breadcrumb\"},\"inLanguage\":\"en-US\",\"potentialAction\":[{\"@type\":\"ReadAction\",\"target\":[\"https:\\\/\\\/lagnoticias.com\\\/2025\\\/07\\\/20\\\/el-pais-se-consolida-como-epicentro-gastronomico-con-el-mole-fest-internacional-2025\\\/\"]}]},{\"@type\":\"ImageObject\",\"inLanguage\":\"en-US\",\"@id\":\"https:\\\/\\\/lagnoticias.com\\\/2025\\\/07\\\/20\\\/el-pais-se-consolida-como-epicentro-gastronomico-con-el-mole-fest-internacional-2025\\\/#primaryimage\",\"url\":\"https:\\\/\\\/lagnoticias.com\\\/wp-content\\\/uploads\\\/2025\\\/07\\\/1-8-scaled.jpg\",\"contentUrl\":\"https:\\\/\\\/lagnoticias.com\\\/wp-content\\\/uploads\\\/2025\\\/07\\\/1-8-scaled.jpg\",\"width\":2560,\"height\":1707},{\"@type\":\"BreadcrumbList\",\"@id\":\"https:\\\/\\\/lagnoticias.com\\\/2025\\\/07\\\/20\\\/el-pais-se-consolida-como-epicentro-gastronomico-con-el-mole-fest-internacional-2025\\\/#breadcrumb\",\"itemListElement\":[{\"@type\":\"ListItem\",\"position\":1,\"name\":\"Portada\",\"item\":\"https:\\\/\\\/lagnoticias.com\\\/\"},{\"@type\":\"ListItem\",\"position\":2,\"name\":\"El pa\u00eds se consolida como epicentro gastron\u00f3mico con el Mole Fest Internacional 2025\"}]},{\"@type\":\"WebSite\",\"@id\":\"https:\\\/\\\/lagnoticias.com\\\/#website\",\"url\":\"https:\\\/\\\/lagnoticias.com\\\/\",\"name\":\"La G Noticias\",\"description\":\"Noticias Positivas\",\"potentialAction\":[{\"@type\":\"SearchAction\",\"target\":{\"@type\":\"EntryPoint\",\"urlTemplate\":\"https:\\\/\\\/lagnoticias.com\\\/?s={search_term_string}\"},\"query-input\":{\"@type\":\"PropertyValueSpecification\",\"valueRequired\":true,\"valueName\":\"search_term_string\"}}],\"inLanguage\":\"en-US\"},{\"@type\":\"Person\",\"@id\":\"https:\\\/\\\/lagnoticias.com\\\/#\\\/schema\\\/person\\\/cb9bfe13f8de05d2c55270be25c6a550\",\"name\":\"Oscar\",\"image\":{\"@type\":\"ImageObject\",\"inLanguage\":\"en-US\",\"@id\":\"https:\\\/\\\/secure.gravatar.com\\\/avatar\\\/45c195718f652dc7ffdd591dc1f2678956ab7fdadcd359a635edc61304a8c757?s=96&d=mm&r=g\",\"url\":\"https:\\\/\\\/secure.gravatar.com\\\/avatar\\\/45c195718f652dc7ffdd591dc1f2678956ab7fdadcd359a635edc61304a8c757?s=96&d=mm&r=g\",\"contentUrl\":\"https:\\\/\\\/secure.gravatar.com\\\/avatar\\\/45c195718f652dc7ffdd591dc1f2678956ab7fdadcd359a635edc61304a8c757?s=96&d=mm&r=g\",\"caption\":\"Oscar\"},\"url\":\"https:\\\/\\\/lagnoticias.com\\\/en\\\/author\\\/oscar\\\/\"}]}<\/script>\n<!-- \/ Yoast SEO plugin. -->","yoast_head_json":{"title":"El pa\u00eds se consolida como epicentro gastron\u00f3mico con el Mole Fest Internacional 2025 - La G Noticias","robots":{"index":"index","follow":"follow","max-snippet":"max-snippet:-1","max-image-preview":"max-image-preview:large","max-video-preview":"max-video-preview:-1"},"canonical":"https:\/\/lagnoticias.com\/en\/2025\/07\/20\/el-pais-se-consolida-como-epicentro-gastronomico-con-el-mole-fest-internacional-2025\/","og_locale":"en_US","og_type":"article","og_title":"El pa\u00eds se consolida como epicentro gastron\u00f3mico con el Mole Fest Internacional 2025 - La G Noticias","og_description":"El Muelle Tur\u00edstico del Puerto de La Libertad se convirti\u00f3 en sede del Mole Fest Internacional 2025, un festival sin precedentes que reuni\u00f3 a 25 chefs de diversos pa\u00edses para celebrar la identidad, la memoria y la hermandad culinaria latinoamericana. Este encuentro forma parte de la Ruta del Mole Internacional, una iniciativa que une sabores&hellip;","og_url":"https:\/\/lagnoticias.com\/en\/2025\/07\/20\/el-pais-se-consolida-como-epicentro-gastronomico-con-el-mole-fest-internacional-2025\/","og_site_name":"La G Noticias","article_publisher":"https:\/\/www.facebook.com\/LaGNoticias","article_published_time":"2025-07-20T18:37:51+00:00","article_modified_time":"2025-07-20T18:39:01+00:00","og_image":[{"width":2560,"height":1707,"url":"https:\/\/lagnoticias.com\/wp-content\/uploads\/2025\/07\/1-8-scaled.jpg","type":"image\/jpeg"}],"author":"Oscar","twitter_card":"summary_large_image","twitter_creator":"@lagnoticias","twitter_site":"@lagnoticias","twitter_misc":{"Written by":"Oscar","Est. reading time":"1 minute"},"schema":{"@context":"https:\/\/schema.org","@graph":[{"@type":"Article","@id":"https:\/\/lagnoticias.com\/2025\/07\/20\/el-pais-se-consolida-como-epicentro-gastronomico-con-el-mole-fest-internacional-2025\/#article","isPartOf":{"@id":"https:\/\/lagnoticias.com\/2025\/07\/20\/el-pais-se-consolida-como-epicentro-gastronomico-con-el-mole-fest-internacional-2025\/"},"author":{"name":"Oscar","@id":"https:\/\/lagnoticias.com\/#\/schema\/person\/cb9bfe13f8de05d2c55270be25c6a550"},"headline":"El pa\u00eds se consolida como epicentro gastron\u00f3mico con el Mole Fest Internacional 2025","datePublished":"2025-07-20T18:37:51+00:00","dateModified":"2025-07-20T18:39:01+00:00","mainEntityOfPage":{"@id":"https:\/\/lagnoticias.com\/2025\/07\/20\/el-pais-se-consolida-como-epicentro-gastronomico-con-el-mole-fest-internacional-2025\/"},"wordCount":355,"commentCount":0,"image":{"@id":"https:\/\/lagnoticias.com\/2025\/07\/20\/el-pais-se-consolida-como-epicentro-gastronomico-con-el-mole-fest-internacional-2025\/#primaryimage"},"thumbnailUrl":"https:\/\/lagnoticias.com\/wp-content\/uploads\/2025\/07\/1-8-scaled.jpg","keywords":["EL SALVADOR","gastronom\u00eda","muelle","TURISMO"],"articleSection":["NACIONALES"],"inLanguage":"en-US","potentialAction":[{"@type":"CommentAction","name":"Comment","target":["https:\/\/lagnoticias.com\/2025\/07\/20\/el-pais-se-consolida-como-epicentro-gastronomico-con-el-mole-fest-internacional-2025\/#respond"]}]},{"@type":"WebPage","@id":"https:\/\/lagnoticias.com\/2025\/07\/20\/el-pais-se-consolida-como-epicentro-gastronomico-con-el-mole-fest-internacional-2025\/","url":"https:\/\/lagnoticias.com\/2025\/07\/20\/el-pais-se-consolida-como-epicentro-gastronomico-con-el-mole-fest-internacional-2025\/","name":"El pa\u00eds se consolida como epicentro gastron\u00f3mico con el Mole Fest Internacional 2025 - La G Noticias","isPartOf":{"@id":"https:\/\/lagnoticias.com\/#website"},"primaryImageOfPage":{"@id":"https:\/\/lagnoticias.com\/2025\/07\/20\/el-pais-se-consolida-como-epicentro-gastronomico-con-el-mole-fest-internacional-2025\/#primaryimage"},"image":{"@id":"https:\/\/lagnoticias.com\/2025\/07\/20\/el-pais-se-consolida-como-epicentro-gastronomico-con-el-mole-fest-internacional-2025\/#primaryimage"},"thumbnailUrl":"https:\/\/lagnoticias.com\/wp-content\/uploads\/2025\/07\/1-8-scaled.jpg","datePublished":"2025-07-20T18:37:51+00:00","dateModified":"2025-07-20T18:39:01+00:00","author":{"@id":"https:\/\/lagnoticias.com\/#\/schema\/person\/cb9bfe13f8de05d2c55270be25c6a550"},"breadcrumb":{"@id":"https:\/\/lagnoticias.com\/2025\/07\/20\/el-pais-se-consolida-como-epicentro-gastronomico-con-el-mole-fest-internacional-2025\/#breadcrumb"},"inLanguage":"en-US","potentialAction":[{"@type":"ReadAction","target":["https:\/\/lagnoticias.com\/2025\/07\/20\/el-pais-se-consolida-como-epicentro-gastronomico-con-el-mole-fest-internacional-2025\/"]}]},{"@type":"ImageObject","inLanguage":"en-US","@id":"https:\/\/lagnoticias.com\/2025\/07\/20\/el-pais-se-consolida-como-epicentro-gastronomico-con-el-mole-fest-internacional-2025\/#primaryimage","url":"https:\/\/lagnoticias.com\/wp-content\/uploads\/2025\/07\/1-8-scaled.jpg","contentUrl":"https:\/\/lagnoticias.com\/wp-content\/uploads\/2025\/07\/1-8-scaled.jpg","width":2560,"height":1707},{"@type":"BreadcrumbList","@id":"https:\/\/lagnoticias.com\/2025\/07\/20\/el-pais-se-consolida-como-epicentro-gastronomico-con-el-mole-fest-internacional-2025\/#breadcrumb","itemListElement":[{"@type":"ListItem","position":1,"name":"Portada","item":"https:\/\/lagnoticias.com\/"},{"@type":"ListItem","position":2,"name":"El pa\u00eds se consolida como epicentro gastron\u00f3mico con el Mole Fest Internacional 2025"}]},{"@type":"WebSite","@id":"https:\/\/lagnoticias.com\/#website","url":"https:\/\/lagnoticias.com\/","name":"La G Noticias","description":"Noticias Positivas","potentialAction":[{"@type":"SearchAction","target":{"@type":"EntryPoint","urlTemplate":"https:\/\/lagnoticias.com\/?s={search_term_string}"},"query-input":{"@type":"PropertyValueSpecification","valueRequired":true,"valueName":"search_term_string"}}],"inLanguage":"en-US"},{"@type":"Person","@id":"https:\/\/lagnoticias.com\/#\/schema\/person\/cb9bfe13f8de05d2c55270be25c6a550","name":"Oscar","image":{"@type":"ImageObject","inLanguage":"en-US","@id":"https:\/\/secure.gravatar.com\/avatar\/45c195718f652dc7ffdd591dc1f2678956ab7fdadcd359a635edc61304a8c757?s=96&d=mm&r=g","url":"https:\/\/secure.gravatar.com\/avatar\/45c195718f652dc7ffdd591dc1f2678956ab7fdadcd359a635edc61304a8c757?s=96&d=mm&r=g","contentUrl":"https:\/\/secure.gravatar.com\/avatar\/45c195718f652dc7ffdd591dc1f2678956ab7fdadcd359a635edc61304a8c757?s=96&d=mm&r=g","caption":"Oscar"},"url":"https:\/\/lagnoticias.com\/en\/author\/oscar\/"}]}},"_links":{"self":[{"href":"https:\/\/lagnoticias.com\/en\/wp-json\/wp\/v2\/posts\/3196","targetHints":{"allow":["GET"]}}],"collection":[{"href":"https:\/\/lagnoticias.com\/en\/wp-json\/wp\/v2\/posts"}],"about":[{"href":"https:\/\/lagnoticias.com\/en\/wp-json\/wp\/v2\/types\/post"}],"author":[{"embeddable":true,"href":"https:\/\/lagnoticias.com\/en\/wp-json\/wp\/v2\/users\/2"}],"replies":[{"embeddable":true,"href":"https:\/\/lagnoticias.com\/en\/wp-json\/wp\/v2\/comments?post=3196"}],"version-history":[{"count":1,"href":"https:\/\/lagnoticias.com\/en\/wp-json\/wp\/v2\/posts\/3196\/revisions"}],"predecessor-version":[{"id":3199,"href":"https:\/\/lagnoticias.com\/en\/wp-json\/wp\/v2\/posts\/3196\/revisions\/3199"}],"wp:featuredmedia":[{"embeddable":true,"href":"https:\/\/lagnoticias.com\/en\/wp-json\/wp\/v2\/media\/3198"}],"wp:attachment":[{"href":"https:\/\/lagnoticias.com\/en\/wp-json\/wp\/v2\/media?parent=3196"}],"wp:term":[{"taxonomy":"category","embeddable":true,"href":"https:\/\/lagnoticias.com\/en\/wp-json\/wp\/v2\/categories?post=3196"},{"taxonomy":"post_tag","embeddable":true,"href":"https:\/\/lagnoticias.com\/en\/wp-json\/wp\/v2\/tags?post=3196"}],"curies":[{"name":"wp","href":"https:\/\/api.w.org\/{rel}","templated":true}]}}