{"id":3189,"date":"2025-07-19T10:42:15","date_gmt":"2025-07-19T16:42:15","guid":{"rendered":"https:\/\/lagnoticias.com\/?p=3189"},"modified":"2025-07-19T10:42:15","modified_gmt":"2025-07-19T16:42:15","slug":"inicia-formulacion-del-plan-especial-de-ordenamiento-y-desarrollo-territorial-del-centro-historico","status":"publish","type":"post","link":"https:\/\/lagnoticias.com\/en\/2025\/07\/19\/inicia-formulacion-del-plan-especial-de-ordenamiento-y-desarrollo-territorial-del-centro-historico\/","title":{"rendered":"Inicia formulaci\u00f3n del Plan Especial de Ordenamiento y Desarrollo Territorial del Centro Hist\u00f3rico"},"content":{"rendered":"<p>El Gobierno contin\u00faa impulsando una transformaci\u00f3n integral del Centro Hist\u00f3rico de San Salvador, con el objetivo de convertirlo en un verdadero polo de desarrollo urbano, econ\u00f3mico y social.<\/p>\n\n\n\n<p>Como parte de esta ruta de revitalizaci\u00f3n, inicia una etapa clave con la formulaci\u00f3n del Plan Especial de Ordenamiento y Desarrollo Territorial (PEODT), que marcar\u00e1 un antes y un despu\u00e9s en el progreso del Centro Hist\u00f3rico, que permitir\u00e1 planificar su desarrollo de forma ordenada, sostenible y con visi\u00f3n de largo plazo.<\/p>\n\n\n\n<p>\u00abEste plan nos dar\u00e1 las l\u00edneas claves para continuar con la revitalizaci\u00f3n que comenz\u00f3 hace una d\u00e9cada, cuando el presidente Bukele, siendo alcalde, inici\u00f3 este proceso de transformaci\u00f3n\u201d, dijo la directora de la Autoridad del Centro Hist\u00f3rico, Adriana Lar\u00edn.<\/p>\n\n\n\n<p>Este instrumento se convertir\u00e1 en una hoja de ruta estrat\u00e9gica para consolidar los avances ya alcanzados en el Centro Hist\u00f3rico, dotando a esta zona de reglas claras, prioridades definidas y una visi\u00f3n compartida de la ciudad. Con este nuevo marco de planificaci\u00f3n, se reforzar\u00e1n las condiciones necesarias para seguir atrayendo inversiones, generando empleo formal, y mejorando la calidad de vida de quienes viven, trabajan o visitan el coraz\u00f3n de la capital.<\/p>\n\n\n\n<p>\u00abEste plan forma parte del Programa de Apoyo a la Recuperaci\u00f3n y Expansi\u00f3n del Sector Turismo en El Salvador, financiado por el BID (Banco Interamericano de Desarrollo). Solo en esta operaci\u00f3n de pr\u00e9stamo contamos con 106 millones de d\u00f3lares para m\u00e1s de 50 proyectos que potenciar\u00e1n destinos como el Centro Hist\u00f3rico y Surf City\u201d, indic\u00f3 la titular del MITUR El Salvador, Morena Valdez.<\/p>\n\n\n\n<p>El plan brindar\u00e1 mayor seguridad jur\u00eddica y certeza para las inversiones, protecci\u00f3n y puesta en valor del patrimonio hist\u00f3rico y cultural, espacios p\u00fablicos mejor organizados y gestionados, nuevas oportunidades para el turismo, la cultura, la recreaci\u00f3n y el turismo, as\u00ed como mejores condiciones de vida para residentes, comerciantes y visitantes.<\/p>","protected":false},"excerpt":{"rendered":"<p>El Gobierno contin\u00faa impulsando una transformaci\u00f3n integral del Centro Hist\u00f3rico de San Salvador, con el objetivo de convertirlo en un verdadero polo de desarrollo urbano, econ\u00f3mico y social. Como parte de esta ruta de revitalizaci\u00f3n, inicia una etapa clave con la formulaci\u00f3n del Plan Especial de Ordenamiento y Desarrollo Territorial (PEODT), que marcar\u00e1 un antes&hellip;<\/p>","protected":false},"author":2,"featured_media":3190,"comment_status":"open","ping_status":"open","sticky":false,"template":"","format":"standard","meta":{"_et_pb_use_builder":"","_et_pb_old_content":"","_et_gb_content_width":"","footnotes":""},"categories":[244],"tags":[269,268,381],"class_list":["post-3189","post","type-post","status-publish","format-standard","has-post-thumbnail","hentry","category-nacionales","tag-centro-historico","tag-gobierno-de-el-salvador","tag-plan-especial-de-ordenamiento-y-desarrollo-territorial"],"yoast_head":"<!-- This site is optimized with the Yoast SEO plugin v27.4 - https:\/\/yoast.com\/product\/yoast-seo-wordpress\/ -->\n<title>Inicia formulaci\u00f3n del Plan Especial de Ordenamiento y Desarrollo Territorial del Centro Hist\u00f3rico - La G Noticias<\/title>\n<meta name=\"robots\" content=\"index, follow, max-snippet:-1, max-image-preview:large, max-video-preview:-1\" \/>\n<link rel=\"canonical\" href=\"https:\/\/lagnoticias.com\/en\/2025\/07\/19\/inicia-formulacion-del-plan-especial-de-ordenamiento-y-desarrollo-territorial-del-centro-historico\/\" \/>\n<meta property=\"og:locale\" content=\"en_US\" \/>\n<meta property=\"og:type\" content=\"article\" \/>\n<meta property=\"og:title\" content=\"Inicia formulaci\u00f3n del Plan Especial de Ordenamiento y Desarrollo Territorial del Centro Hist\u00f3rico - La G Noticias\" \/>\n<meta property=\"og:description\" content=\"El Gobierno contin\u00faa impulsando una transformaci\u00f3n integral del Centro Hist\u00f3rico de San Salvador, con el objetivo de convertirlo en un verdadero polo de desarrollo urbano, econ\u00f3mico y social. Como parte de esta ruta de revitalizaci\u00f3n, inicia una etapa clave con la formulaci\u00f3n del Plan Especial de Ordenamiento y Desarrollo Territorial (PEODT), que marcar\u00e1 un antes&hellip;\" \/>\n<meta property=\"og:url\" content=\"https:\/\/lagnoticias.com\/en\/2025\/07\/19\/inicia-formulacion-del-plan-especial-de-ordenamiento-y-desarrollo-territorial-del-centro-historico\/\" \/>\n<meta property=\"og:site_name\" content=\"La G Noticias\" \/>\n<meta property=\"article:publisher\" content=\"https:\/\/www.facebook.com\/LaGNoticias\" \/>\n<meta property=\"article:published_time\" content=\"2025-07-19T16:42:15+00:00\" \/>\n<meta property=\"og:image\" content=\"https:\/\/lagnoticias.com\/wp-content\/uploads\/2025\/07\/518281199_1100095112294748_3616153521866602153_n.jpg\" \/>\n\t<meta property=\"og:image:width\" content=\"1600\" \/>\n\t<meta property=\"og:image:height\" content=\"1009\" \/>\n\t<meta property=\"og:image:type\" content=\"image\/jpeg\" \/>\n<meta name=\"author\" content=\"Oscar\" \/>\n<meta name=\"twitter:card\" content=\"summary_large_image\" \/>\n<meta name=\"twitter:creator\" content=\"@lagnoticias\" \/>\n<meta name=\"twitter:site\" content=\"@lagnoticias\" \/>\n<meta name=\"twitter:label1\" content=\"Written by\" \/>\n\t<meta name=\"twitter:data1\" content=\"Oscar\" \/>\n\t<meta name=\"twitter:label2\" content=\"Est. reading time\" \/>\n\t<meta name=\"twitter:data2\" content=\"2 minutes\" \/>\n<script type=\"application\/ld+json\" class=\"yoast-schema-graph\">{\"@context\":\"https:\\\/\\\/schema.org\",\"@graph\":[{\"@type\":\"Article\",\"@id\":\"https:\\\/\\\/lagnoticias.com\\\/2025\\\/07\\\/19\\\/inicia-formulacion-del-plan-especial-de-ordenamiento-y-desarrollo-territorial-del-centro-historico\\\/#article\",\"isPartOf\":{\"@id\":\"https:\\\/\\\/lagnoticias.com\\\/2025\\\/07\\\/19\\\/inicia-formulacion-del-plan-especial-de-ordenamiento-y-desarrollo-territorial-del-centro-historico\\\/\"},\"author\":{\"name\":\"Oscar\",\"@id\":\"https:\\\/\\\/lagnoticias.com\\\/#\\\/schema\\\/person\\\/cb9bfe13f8de05d2c55270be25c6a550\"},\"headline\":\"Inicia formulaci\u00f3n del Plan Especial de Ordenamiento y Desarrollo Territorial del Centro Hist\u00f3rico\",\"datePublished\":\"2025-07-19T16:42:15+00:00\",\"mainEntityOfPage\":{\"@id\":\"https:\\\/\\\/lagnoticias.com\\\/2025\\\/07\\\/19\\\/inicia-formulacion-del-plan-especial-de-ordenamiento-y-desarrollo-territorial-del-centro-historico\\\/\"},\"wordCount\":349,\"commentCount\":0,\"image\":{\"@id\":\"https:\\\/\\\/lagnoticias.com\\\/2025\\\/07\\\/19\\\/inicia-formulacion-del-plan-especial-de-ordenamiento-y-desarrollo-territorial-del-centro-historico\\\/#primaryimage\"},\"thumbnailUrl\":\"https:\\\/\\\/lagnoticias.com\\\/wp-content\\\/uploads\\\/2025\\\/07\\\/518281199_1100095112294748_3616153521866602153_n.jpg\",\"keywords\":[\"CENTRO HIST\u00d3RICO\",\"GOBIERNO DE EL SALVADOR\",\"Plan Especial de Ordenamiento y Desarrollo Territorial\"],\"articleSection\":[\"NACIONALES\"],\"inLanguage\":\"en-US\",\"potentialAction\":[{\"@type\":\"CommentAction\",\"name\":\"Comment\",\"target\":[\"https:\\\/\\\/lagnoticias.com\\\/2025\\\/07\\\/19\\\/inicia-formulacion-del-plan-especial-de-ordenamiento-y-desarrollo-territorial-del-centro-historico\\\/#respond\"]}]},{\"@type\":\"WebPage\",\"@id\":\"https:\\\/\\\/lagnoticias.com\\\/2025\\\/07\\\/19\\\/inicia-formulacion-del-plan-especial-de-ordenamiento-y-desarrollo-territorial-del-centro-historico\\\/\",\"url\":\"https:\\\/\\\/lagnoticias.com\\\/2025\\\/07\\\/19\\\/inicia-formulacion-del-plan-especial-de-ordenamiento-y-desarrollo-territorial-del-centro-historico\\\/\",\"name\":\"Inicia formulaci\u00f3n del Plan Especial de Ordenamiento y Desarrollo Territorial del Centro Hist\u00f3rico - La G Noticias\",\"isPartOf\":{\"@id\":\"https:\\\/\\\/lagnoticias.com\\\/#website\"},\"primaryImageOfPage\":{\"@id\":\"https:\\\/\\\/lagnoticias.com\\\/2025\\\/07\\\/19\\\/inicia-formulacion-del-plan-especial-de-ordenamiento-y-desarrollo-territorial-del-centro-historico\\\/#primaryimage\"},\"image\":{\"@id\":\"https:\\\/\\\/lagnoticias.com\\\/2025\\\/07\\\/19\\\/inicia-formulacion-del-plan-especial-de-ordenamiento-y-desarrollo-territorial-del-centro-historico\\\/#primaryimage\"},\"thumbnailUrl\":\"https:\\\/\\\/lagnoticias.com\\\/wp-content\\\/uploads\\\/2025\\\/07\\\/518281199_1100095112294748_3616153521866602153_n.jpg\",\"datePublished\":\"2025-07-19T16:42:15+00:00\",\"author\":{\"@id\":\"https:\\\/\\\/lagnoticias.com\\\/#\\\/schema\\\/person\\\/cb9bfe13f8de05d2c55270be25c6a550\"},\"breadcrumb\":{\"@id\":\"https:\\\/\\\/lagnoticias.com\\\/2025\\\/07\\\/19\\\/inicia-formulacion-del-plan-especial-de-ordenamiento-y-desarrollo-territorial-del-centro-historico\\\/#breadcrumb\"},\"inLanguage\":\"en-US\",\"potentialAction\":[{\"@type\":\"ReadAction\",\"target\":[\"https:\\\/\\\/lagnoticias.com\\\/2025\\\/07\\\/19\\\/inicia-formulacion-del-plan-especial-de-ordenamiento-y-desarrollo-territorial-del-centro-historico\\\/\"]}]},{\"@type\":\"ImageObject\",\"inLanguage\":\"en-US\",\"@id\":\"https:\\\/\\\/lagnoticias.com\\\/2025\\\/07\\\/19\\\/inicia-formulacion-del-plan-especial-de-ordenamiento-y-desarrollo-territorial-del-centro-historico\\\/#primaryimage\",\"url\":\"https:\\\/\\\/lagnoticias.com\\\/wp-content\\\/uploads\\\/2025\\\/07\\\/518281199_1100095112294748_3616153521866602153_n.jpg\",\"contentUrl\":\"https:\\\/\\\/lagnoticias.com\\\/wp-content\\\/uploads\\\/2025\\\/07\\\/518281199_1100095112294748_3616153521866602153_n.jpg\",\"width\":1600,\"height\":1009},{\"@type\":\"BreadcrumbList\",\"@id\":\"https:\\\/\\\/lagnoticias.com\\\/2025\\\/07\\\/19\\\/inicia-formulacion-del-plan-especial-de-ordenamiento-y-desarrollo-territorial-del-centro-historico\\\/#breadcrumb\",\"itemListElement\":[{\"@type\":\"ListItem\",\"position\":1,\"name\":\"Portada\",\"item\":\"https:\\\/\\\/lagnoticias.com\\\/\"},{\"@type\":\"ListItem\",\"position\":2,\"name\":\"Inicia formulaci\u00f3n del Plan Especial de Ordenamiento y Desarrollo Territorial del Centro Hist\u00f3rico\"}]},{\"@type\":\"WebSite\",\"@id\":\"https:\\\/\\\/lagnoticias.com\\\/#website\",\"url\":\"https:\\\/\\\/lagnoticias.com\\\/\",\"name\":\"La G Noticias\",\"description\":\"Noticias Positivas\",\"potentialAction\":[{\"@type\":\"SearchAction\",\"target\":{\"@type\":\"EntryPoint\",\"urlTemplate\":\"https:\\\/\\\/lagnoticias.com\\\/?s={search_term_string}\"},\"query-input\":{\"@type\":\"PropertyValueSpecification\",\"valueRequired\":true,\"valueName\":\"search_term_string\"}}],\"inLanguage\":\"en-US\"},{\"@type\":\"Person\",\"@id\":\"https:\\\/\\\/lagnoticias.com\\\/#\\\/schema\\\/person\\\/cb9bfe13f8de05d2c55270be25c6a550\",\"name\":\"Oscar\",\"image\":{\"@type\":\"ImageObject\",\"inLanguage\":\"en-US\",\"@id\":\"https:\\\/\\\/secure.gravatar.com\\\/avatar\\\/45c195718f652dc7ffdd591dc1f2678956ab7fdadcd359a635edc61304a8c757?s=96&d=mm&r=g\",\"url\":\"https:\\\/\\\/secure.gravatar.com\\\/avatar\\\/45c195718f652dc7ffdd591dc1f2678956ab7fdadcd359a635edc61304a8c757?s=96&d=mm&r=g\",\"contentUrl\":\"https:\\\/\\\/secure.gravatar.com\\\/avatar\\\/45c195718f652dc7ffdd591dc1f2678956ab7fdadcd359a635edc61304a8c757?s=96&d=mm&r=g\",\"caption\":\"Oscar\"},\"url\":\"https:\\\/\\\/lagnoticias.com\\\/en\\\/author\\\/oscar\\\/\"}]}<\/script>\n<!-- \/ Yoast SEO plugin. -->","yoast_head_json":{"title":"Inicia formulaci\u00f3n del Plan Especial de Ordenamiento y Desarrollo Territorial del Centro Hist\u00f3rico - La G Noticias","robots":{"index":"index","follow":"follow","max-snippet":"max-snippet:-1","max-image-preview":"max-image-preview:large","max-video-preview":"max-video-preview:-1"},"canonical":"https:\/\/lagnoticias.com\/en\/2025\/07\/19\/inicia-formulacion-del-plan-especial-de-ordenamiento-y-desarrollo-territorial-del-centro-historico\/","og_locale":"en_US","og_type":"article","og_title":"Inicia formulaci\u00f3n del Plan Especial de Ordenamiento y Desarrollo Territorial del Centro Hist\u00f3rico - La G Noticias","og_description":"El Gobierno contin\u00faa impulsando una transformaci\u00f3n integral del Centro Hist\u00f3rico de San Salvador, con el objetivo de convertirlo en un verdadero polo de desarrollo urbano, econ\u00f3mico y social. Como parte de esta ruta de revitalizaci\u00f3n, inicia una etapa clave con la formulaci\u00f3n del Plan Especial de Ordenamiento y Desarrollo Territorial (PEODT), que marcar\u00e1 un antes&hellip;","og_url":"https:\/\/lagnoticias.com\/en\/2025\/07\/19\/inicia-formulacion-del-plan-especial-de-ordenamiento-y-desarrollo-territorial-del-centro-historico\/","og_site_name":"La G Noticias","article_publisher":"https:\/\/www.facebook.com\/LaGNoticias","article_published_time":"2025-07-19T16:42:15+00:00","og_image":[{"width":1600,"height":1009,"url":"https:\/\/lagnoticias.com\/wp-content\/uploads\/2025\/07\/518281199_1100095112294748_3616153521866602153_n.jpg","type":"image\/jpeg"}],"author":"Oscar","twitter_card":"summary_large_image","twitter_creator":"@lagnoticias","twitter_site":"@lagnoticias","twitter_misc":{"Written by":"Oscar","Est. reading time":"2 minutes"},"schema":{"@context":"https:\/\/schema.org","@graph":[{"@type":"Article","@id":"https:\/\/lagnoticias.com\/2025\/07\/19\/inicia-formulacion-del-plan-especial-de-ordenamiento-y-desarrollo-territorial-del-centro-historico\/#article","isPartOf":{"@id":"https:\/\/lagnoticias.com\/2025\/07\/19\/inicia-formulacion-del-plan-especial-de-ordenamiento-y-desarrollo-territorial-del-centro-historico\/"},"author":{"name":"Oscar","@id":"https:\/\/lagnoticias.com\/#\/schema\/person\/cb9bfe13f8de05d2c55270be25c6a550"},"headline":"Inicia formulaci\u00f3n del Plan Especial de Ordenamiento y Desarrollo Territorial del Centro Hist\u00f3rico","datePublished":"2025-07-19T16:42:15+00:00","mainEntityOfPage":{"@id":"https:\/\/lagnoticias.com\/2025\/07\/19\/inicia-formulacion-del-plan-especial-de-ordenamiento-y-desarrollo-territorial-del-centro-historico\/"},"wordCount":349,"commentCount":0,"image":{"@id":"https:\/\/lagnoticias.com\/2025\/07\/19\/inicia-formulacion-del-plan-especial-de-ordenamiento-y-desarrollo-territorial-del-centro-historico\/#primaryimage"},"thumbnailUrl":"https:\/\/lagnoticias.com\/wp-content\/uploads\/2025\/07\/518281199_1100095112294748_3616153521866602153_n.jpg","keywords":["CENTRO HIST\u00d3RICO","GOBIERNO DE EL SALVADOR","Plan Especial de Ordenamiento y Desarrollo Territorial"],"articleSection":["NACIONALES"],"inLanguage":"en-US","potentialAction":[{"@type":"CommentAction","name":"Comment","target":["https:\/\/lagnoticias.com\/2025\/07\/19\/inicia-formulacion-del-plan-especial-de-ordenamiento-y-desarrollo-territorial-del-centro-historico\/#respond"]}]},{"@type":"WebPage","@id":"https:\/\/lagnoticias.com\/2025\/07\/19\/inicia-formulacion-del-plan-especial-de-ordenamiento-y-desarrollo-territorial-del-centro-historico\/","url":"https:\/\/lagnoticias.com\/2025\/07\/19\/inicia-formulacion-del-plan-especial-de-ordenamiento-y-desarrollo-territorial-del-centro-historico\/","name":"Inicia formulaci\u00f3n del Plan Especial de Ordenamiento y Desarrollo Territorial del Centro Hist\u00f3rico - La G Noticias","isPartOf":{"@id":"https:\/\/lagnoticias.com\/#website"},"primaryImageOfPage":{"@id":"https:\/\/lagnoticias.com\/2025\/07\/19\/inicia-formulacion-del-plan-especial-de-ordenamiento-y-desarrollo-territorial-del-centro-historico\/#primaryimage"},"image":{"@id":"https:\/\/lagnoticias.com\/2025\/07\/19\/inicia-formulacion-del-plan-especial-de-ordenamiento-y-desarrollo-territorial-del-centro-historico\/#primaryimage"},"thumbnailUrl":"https:\/\/lagnoticias.com\/wp-content\/uploads\/2025\/07\/518281199_1100095112294748_3616153521866602153_n.jpg","datePublished":"2025-07-19T16:42:15+00:00","author":{"@id":"https:\/\/lagnoticias.com\/#\/schema\/person\/cb9bfe13f8de05d2c55270be25c6a550"},"breadcrumb":{"@id":"https:\/\/lagnoticias.com\/2025\/07\/19\/inicia-formulacion-del-plan-especial-de-ordenamiento-y-desarrollo-territorial-del-centro-historico\/#breadcrumb"},"inLanguage":"en-US","potentialAction":[{"@type":"ReadAction","target":["https:\/\/lagnoticias.com\/2025\/07\/19\/inicia-formulacion-del-plan-especial-de-ordenamiento-y-desarrollo-territorial-del-centro-historico\/"]}]},{"@type":"ImageObject","inLanguage":"en-US","@id":"https:\/\/lagnoticias.com\/2025\/07\/19\/inicia-formulacion-del-plan-especial-de-ordenamiento-y-desarrollo-territorial-del-centro-historico\/#primaryimage","url":"https:\/\/lagnoticias.com\/wp-content\/uploads\/2025\/07\/518281199_1100095112294748_3616153521866602153_n.jpg","contentUrl":"https:\/\/lagnoticias.com\/wp-content\/uploads\/2025\/07\/518281199_1100095112294748_3616153521866602153_n.jpg","width":1600,"height":1009},{"@type":"BreadcrumbList","@id":"https:\/\/lagnoticias.com\/2025\/07\/19\/inicia-formulacion-del-plan-especial-de-ordenamiento-y-desarrollo-territorial-del-centro-historico\/#breadcrumb","itemListElement":[{"@type":"ListItem","position":1,"name":"Portada","item":"https:\/\/lagnoticias.com\/"},{"@type":"ListItem","position":2,"name":"Inicia formulaci\u00f3n del Plan Especial de Ordenamiento y Desarrollo Territorial del Centro Hist\u00f3rico"}]},{"@type":"WebSite","@id":"https:\/\/lagnoticias.com\/#website","url":"https:\/\/lagnoticias.com\/","name":"La G Noticias","description":"Noticias Positivas","potentialAction":[{"@type":"SearchAction","target":{"@type":"EntryPoint","urlTemplate":"https:\/\/lagnoticias.com\/?s={search_term_string}"},"query-input":{"@type":"PropertyValueSpecification","valueRequired":true,"valueName":"search_term_string"}}],"inLanguage":"en-US"},{"@type":"Person","@id":"https:\/\/lagnoticias.com\/#\/schema\/person\/cb9bfe13f8de05d2c55270be25c6a550","name":"Oscar","image":{"@type":"ImageObject","inLanguage":"en-US","@id":"https:\/\/secure.gravatar.com\/avatar\/45c195718f652dc7ffdd591dc1f2678956ab7fdadcd359a635edc61304a8c757?s=96&d=mm&r=g","url":"https:\/\/secure.gravatar.com\/avatar\/45c195718f652dc7ffdd591dc1f2678956ab7fdadcd359a635edc61304a8c757?s=96&d=mm&r=g","contentUrl":"https:\/\/secure.gravatar.com\/avatar\/45c195718f652dc7ffdd591dc1f2678956ab7fdadcd359a635edc61304a8c757?s=96&d=mm&r=g","caption":"Oscar"},"url":"https:\/\/lagnoticias.com\/en\/author\/oscar\/"}]}},"_links":{"self":[{"href":"https:\/\/lagnoticias.com\/en\/wp-json\/wp\/v2\/posts\/3189","targetHints":{"allow":["GET"]}}],"collection":[{"href":"https:\/\/lagnoticias.com\/en\/wp-json\/wp\/v2\/posts"}],"about":[{"href":"https:\/\/lagnoticias.com\/en\/wp-json\/wp\/v2\/types\/post"}],"author":[{"embeddable":true,"href":"https:\/\/lagnoticias.com\/en\/wp-json\/wp\/v2\/users\/2"}],"replies":[{"embeddable":true,"href":"https:\/\/lagnoticias.com\/en\/wp-json\/wp\/v2\/comments?post=3189"}],"version-history":[{"count":1,"href":"https:\/\/lagnoticias.com\/en\/wp-json\/wp\/v2\/posts\/3189\/revisions"}],"predecessor-version":[{"id":3191,"href":"https:\/\/lagnoticias.com\/en\/wp-json\/wp\/v2\/posts\/3189\/revisions\/3191"}],"wp:featuredmedia":[{"embeddable":true,"href":"https:\/\/lagnoticias.com\/en\/wp-json\/wp\/v2\/media\/3190"}],"wp:attachment":[{"href":"https:\/\/lagnoticias.com\/en\/wp-json\/wp\/v2\/media?parent=3189"}],"wp:term":[{"taxonomy":"category","embeddable":true,"href":"https:\/\/lagnoticias.com\/en\/wp-json\/wp\/v2\/categories?post=3189"},{"taxonomy":"post_tag","embeddable":true,"href":"https:\/\/lagnoticias.com\/en\/wp-json\/wp\/v2\/tags?post=3189"}],"curies":[{"name":"wp","href":"https:\/\/api.w.org\/{rel}","templated":true}]}}