{"id":3183,"date":"2025-07-19T10:09:20","date_gmt":"2025-07-19T16:09:20","guid":{"rendered":"https:\/\/lagnoticias.com\/?p=3183"},"modified":"2025-07-19T10:09:22","modified_gmt":"2025-07-19T16:09:22","slug":"ee-uu-rechaza-reformas-de-oms-para-combatir-pandemias","status":"publish","type":"post","link":"https:\/\/lagnoticias.com\/en\/2025\/07\/19\/ee-uu-rechaza-reformas-de-oms-para-combatir-pandemias\/","title":{"rendered":"EE.UU. rechaza reformas de OMS para combatir pandemias"},"content":{"rendered":"<p>El gobierno del presidente Donald Trump inform\u00f3 que&nbsp;Estados Unidos&nbsp;rechaza los cambios acordados en 2024 por los pa\u00edses de la Organizaci\u00f3n Mundial de la Salud (OMS) en las medidas para combatir las pandemias por considerar que violan su soberan\u00eda.<\/p>\n\n\n\n<p>En cuanto regres\u00f3 al poder el pasado 20 de enero, Trump decidi\u00f3 retirar a Estados Unidos de este organismo de la ONU, pero el Departamento de Estado precis\u00f3 que las enmiendas a los reglamentos del a\u00f1o pasado todav\u00eda eran vinculantes para el pa\u00eds.<\/p>\n\n\n\n<p>El jefe de la diplomacia, Marco Rubio, y el secretario de Salud, Robert F. Kennedy, muy cr\u00edtico con las vacunas, arremetieron en un comunicado contra esos cambios. \u00abCorren el riesgo de una interferencia injustificada\u00bb en el \u00abderecho soberano nacional a elaborar nuestra pol\u00edtica sanitaria\u00bb, dicen.&nbsp;<\/p>\n\n\n\n<p>\u00abAnteponemos a los estadounidenses en todas nuestras acciones y no toleraremos pol\u00edticas internacionales que infrinjan la libertad de expresi\u00f3n, la privacidad o las libertades personales de los estadounidenses\u00bb, a\u00f1aden.&nbsp;<\/p>\n\n\n\n<p>La OMS lamenta decisi\u00f3n de EE.UU.<\/p>\n\n\n\n<p>Rubio y Kennedy desvincularon a Estados Unidos de una serie de enmiendas a los reglamentos sanitarios internacionales que proporcionan un marco legal para combatir enfermedades, acordadas el a\u00f1o pasado en la Asamblea Mundial de la Salud en Ginebra. Las enmiendas introducen la noci\u00f3n de \u00aburgencia pand\u00e9mica\u00bb y m\u00e1s \u00absolidaridad y equidad\u00bb, seg\u00fan la OMS.<\/p>\n\n\n\n<p>En su oposici\u00f3n a las enmiendas, Rubio y Kennedy tambi\u00e9n estiman que los cambios \u00abno abordan adecuadamente la susceptibilidad de la OMS a la influencia pol\u00edtica y la censura, especialmente de China, durante los brotes\u00bb.<\/p>\n\n\n\n<p>\u00abLamentamos la decisi\u00f3n de Estados Unidos de rechazar las enmiendas\u00bb, dijo en una declaraci\u00f3n en X el jefe de la OMS, Tedros Adhanom Ghebreyesus.<\/p>\n\n\n\n<p>Expres\u00f3 que las enmiendas \u00abson claras sobre la soberan\u00eda de los Estados miembros\u00bb al precisar que la OMS no puede imponer confinamientos o medidas similares.<\/p>","protected":false},"excerpt":{"rendered":"<p>El gobierno del presidente Donald Trump inform\u00f3 que&nbsp;Estados Unidos&nbsp;rechaza los cambios acordados en 2024 por los pa\u00edses de la Organizaci\u00f3n Mundial de la Salud (OMS) en las medidas para combatir las pandemias por considerar que violan su soberan\u00eda. En cuanto regres\u00f3 al poder el pasado 20 de enero, Trump decidi\u00f3 retirar a Estados Unidos de&hellip;<\/p>","protected":false},"author":2,"featured_media":3184,"comment_status":"open","ping_status":"open","sticky":false,"template":"","format":"standard","meta":{"_et_pb_use_builder":"","_et_pb_old_content":"","_et_gb_content_width":"","footnotes":""},"categories":[245],"tags":[272,260,374],"class_list":["post-3183","post","type-post","status-publish","format-standard","has-post-thumbnail","hentry","category-internacionales","tag-donald-trump","tag-estados-unidos","tag-oms"],"yoast_head":"<!-- This site is optimized with the Yoast SEO plugin v27.4 - https:\/\/yoast.com\/product\/yoast-seo-wordpress\/ -->\n<title>EE.UU. rechaza reformas de OMS para combatir pandemias - La G Noticias<\/title>\n<meta name=\"robots\" content=\"index, follow, max-snippet:-1, max-image-preview:large, max-video-preview:-1\" \/>\n<link rel=\"canonical\" href=\"https:\/\/lagnoticias.com\/en\/2025\/07\/19\/ee-uu-rechaza-reformas-de-oms-para-combatir-pandemias\/\" \/>\n<meta property=\"og:locale\" content=\"en_US\" \/>\n<meta property=\"og:type\" content=\"article\" \/>\n<meta property=\"og:title\" content=\"EE.UU. rechaza reformas de OMS para combatir pandemias - La G Noticias\" \/>\n<meta property=\"og:description\" content=\"El gobierno del presidente Donald Trump inform\u00f3 que&nbsp;Estados Unidos&nbsp;rechaza los cambios acordados en 2024 por los pa\u00edses de la Organizaci\u00f3n Mundial de la Salud (OMS) en las medidas para combatir las pandemias por considerar que violan su soberan\u00eda. En cuanto regres\u00f3 al poder el pasado 20 de enero, Trump decidi\u00f3 retirar a Estados Unidos de&hellip;\" \/>\n<meta property=\"og:url\" content=\"https:\/\/lagnoticias.com\/en\/2025\/07\/19\/ee-uu-rechaza-reformas-de-oms-para-combatir-pandemias\/\" \/>\n<meta property=\"og:site_name\" content=\"La G Noticias\" \/>\n<meta property=\"article:publisher\" content=\"https:\/\/www.facebook.com\/LaGNoticias\" \/>\n<meta property=\"article:published_time\" content=\"2025-07-19T16:09:20+00:00\" \/>\n<meta property=\"article:modified_time\" content=\"2025-07-19T16:09:22+00:00\" \/>\n<meta property=\"og:image\" content=\"https:\/\/lagnoticias.com\/wp-content\/uploads\/2025\/07\/8-4.jpg\" \/>\n\t<meta property=\"og:image:width\" content=\"1037\" \/>\n\t<meta property=\"og:image:height\" content=\"525\" \/>\n\t<meta property=\"og:image:type\" content=\"image\/jpeg\" \/>\n<meta name=\"author\" content=\"Oscar\" \/>\n<meta name=\"twitter:card\" content=\"summary_large_image\" \/>\n<meta name=\"twitter:creator\" content=\"@lagnoticias\" \/>\n<meta name=\"twitter:site\" content=\"@lagnoticias\" \/>\n<meta name=\"twitter:label1\" content=\"Written by\" \/>\n\t<meta name=\"twitter:data1\" content=\"Oscar\" \/>\n\t<meta name=\"twitter:label2\" content=\"Est. reading time\" \/>\n\t<meta name=\"twitter:data2\" content=\"2 minutes\" \/>\n<script type=\"application\/ld+json\" class=\"yoast-schema-graph\">{\"@context\":\"https:\\\/\\\/schema.org\",\"@graph\":[{\"@type\":\"Article\",\"@id\":\"https:\\\/\\\/lagnoticias.com\\\/2025\\\/07\\\/19\\\/ee-uu-rechaza-reformas-de-oms-para-combatir-pandemias\\\/#article\",\"isPartOf\":{\"@id\":\"https:\\\/\\\/lagnoticias.com\\\/2025\\\/07\\\/19\\\/ee-uu-rechaza-reformas-de-oms-para-combatir-pandemias\\\/\"},\"author\":{\"name\":\"Oscar\",\"@id\":\"https:\\\/\\\/lagnoticias.com\\\/#\\\/schema\\\/person\\\/cb9bfe13f8de05d2c55270be25c6a550\"},\"headline\":\"EE.UU. rechaza reformas de OMS para combatir pandemias\",\"datePublished\":\"2025-07-19T16:09:20+00:00\",\"dateModified\":\"2025-07-19T16:09:22+00:00\",\"mainEntityOfPage\":{\"@id\":\"https:\\\/\\\/lagnoticias.com\\\/2025\\\/07\\\/19\\\/ee-uu-rechaza-reformas-de-oms-para-combatir-pandemias\\\/\"},\"wordCount\":336,\"commentCount\":0,\"image\":{\"@id\":\"https:\\\/\\\/lagnoticias.com\\\/2025\\\/07\\\/19\\\/ee-uu-rechaza-reformas-de-oms-para-combatir-pandemias\\\/#primaryimage\"},\"thumbnailUrl\":\"https:\\\/\\\/lagnoticias.com\\\/wp-content\\\/uploads\\\/2025\\\/07\\\/8-4.jpg\",\"keywords\":[\"DONALD TRUMP\",\"ESTADOS UNIDOS\",\"OMS\"],\"articleSection\":[\"INTERNACIONALES\"],\"inLanguage\":\"en-US\",\"potentialAction\":[{\"@type\":\"CommentAction\",\"name\":\"Comment\",\"target\":[\"https:\\\/\\\/lagnoticias.com\\\/2025\\\/07\\\/19\\\/ee-uu-rechaza-reformas-de-oms-para-combatir-pandemias\\\/#respond\"]}]},{\"@type\":\"WebPage\",\"@id\":\"https:\\\/\\\/lagnoticias.com\\\/2025\\\/07\\\/19\\\/ee-uu-rechaza-reformas-de-oms-para-combatir-pandemias\\\/\",\"url\":\"https:\\\/\\\/lagnoticias.com\\\/2025\\\/07\\\/19\\\/ee-uu-rechaza-reformas-de-oms-para-combatir-pandemias\\\/\",\"name\":\"EE.UU. rechaza reformas de OMS para combatir pandemias - La G Noticias\",\"isPartOf\":{\"@id\":\"https:\\\/\\\/lagnoticias.com\\\/#website\"},\"primaryImageOfPage\":{\"@id\":\"https:\\\/\\\/lagnoticias.com\\\/2025\\\/07\\\/19\\\/ee-uu-rechaza-reformas-de-oms-para-combatir-pandemias\\\/#primaryimage\"},\"image\":{\"@id\":\"https:\\\/\\\/lagnoticias.com\\\/2025\\\/07\\\/19\\\/ee-uu-rechaza-reformas-de-oms-para-combatir-pandemias\\\/#primaryimage\"},\"thumbnailUrl\":\"https:\\\/\\\/lagnoticias.com\\\/wp-content\\\/uploads\\\/2025\\\/07\\\/8-4.jpg\",\"datePublished\":\"2025-07-19T16:09:20+00:00\",\"dateModified\":\"2025-07-19T16:09:22+00:00\",\"author\":{\"@id\":\"https:\\\/\\\/lagnoticias.com\\\/#\\\/schema\\\/person\\\/cb9bfe13f8de05d2c55270be25c6a550\"},\"breadcrumb\":{\"@id\":\"https:\\\/\\\/lagnoticias.com\\\/2025\\\/07\\\/19\\\/ee-uu-rechaza-reformas-de-oms-para-combatir-pandemias\\\/#breadcrumb\"},\"inLanguage\":\"en-US\",\"potentialAction\":[{\"@type\":\"ReadAction\",\"target\":[\"https:\\\/\\\/lagnoticias.com\\\/2025\\\/07\\\/19\\\/ee-uu-rechaza-reformas-de-oms-para-combatir-pandemias\\\/\"]}]},{\"@type\":\"ImageObject\",\"inLanguage\":\"en-US\",\"@id\":\"https:\\\/\\\/lagnoticias.com\\\/2025\\\/07\\\/19\\\/ee-uu-rechaza-reformas-de-oms-para-combatir-pandemias\\\/#primaryimage\",\"url\":\"https:\\\/\\\/lagnoticias.com\\\/wp-content\\\/uploads\\\/2025\\\/07\\\/8-4.jpg\",\"contentUrl\":\"https:\\\/\\\/lagnoticias.com\\\/wp-content\\\/uploads\\\/2025\\\/07\\\/8-4.jpg\",\"width\":1037,\"height\":525},{\"@type\":\"BreadcrumbList\",\"@id\":\"https:\\\/\\\/lagnoticias.com\\\/2025\\\/07\\\/19\\\/ee-uu-rechaza-reformas-de-oms-para-combatir-pandemias\\\/#breadcrumb\",\"itemListElement\":[{\"@type\":\"ListItem\",\"position\":1,\"name\":\"Portada\",\"item\":\"https:\\\/\\\/lagnoticias.com\\\/\"},{\"@type\":\"ListItem\",\"position\":2,\"name\":\"EE.UU. rechaza reformas de OMS para combatir pandemias\"}]},{\"@type\":\"WebSite\",\"@id\":\"https:\\\/\\\/lagnoticias.com\\\/#website\",\"url\":\"https:\\\/\\\/lagnoticias.com\\\/\",\"name\":\"La G Noticias\",\"description\":\"Noticias Positivas\",\"potentialAction\":[{\"@type\":\"SearchAction\",\"target\":{\"@type\":\"EntryPoint\",\"urlTemplate\":\"https:\\\/\\\/lagnoticias.com\\\/?s={search_term_string}\"},\"query-input\":{\"@type\":\"PropertyValueSpecification\",\"valueRequired\":true,\"valueName\":\"search_term_string\"}}],\"inLanguage\":\"en-US\"},{\"@type\":\"Person\",\"@id\":\"https:\\\/\\\/lagnoticias.com\\\/#\\\/schema\\\/person\\\/cb9bfe13f8de05d2c55270be25c6a550\",\"name\":\"Oscar\",\"image\":{\"@type\":\"ImageObject\",\"inLanguage\":\"en-US\",\"@id\":\"https:\\\/\\\/secure.gravatar.com\\\/avatar\\\/45c195718f652dc7ffdd591dc1f2678956ab7fdadcd359a635edc61304a8c757?s=96&d=mm&r=g\",\"url\":\"https:\\\/\\\/secure.gravatar.com\\\/avatar\\\/45c195718f652dc7ffdd591dc1f2678956ab7fdadcd359a635edc61304a8c757?s=96&d=mm&r=g\",\"contentUrl\":\"https:\\\/\\\/secure.gravatar.com\\\/avatar\\\/45c195718f652dc7ffdd591dc1f2678956ab7fdadcd359a635edc61304a8c757?s=96&d=mm&r=g\",\"caption\":\"Oscar\"},\"url\":\"https:\\\/\\\/lagnoticias.com\\\/en\\\/author\\\/oscar\\\/\"}]}<\/script>\n<!-- \/ Yoast SEO plugin. -->","yoast_head_json":{"title":"EE.UU. rechaza reformas de OMS para combatir pandemias - La G Noticias","robots":{"index":"index","follow":"follow","max-snippet":"max-snippet:-1","max-image-preview":"max-image-preview:large","max-video-preview":"max-video-preview:-1"},"canonical":"https:\/\/lagnoticias.com\/en\/2025\/07\/19\/ee-uu-rechaza-reformas-de-oms-para-combatir-pandemias\/","og_locale":"en_US","og_type":"article","og_title":"EE.UU. rechaza reformas de OMS para combatir pandemias - La G Noticias","og_description":"El gobierno del presidente Donald Trump inform\u00f3 que&nbsp;Estados Unidos&nbsp;rechaza los cambios acordados en 2024 por los pa\u00edses de la Organizaci\u00f3n Mundial de la Salud (OMS) en las medidas para combatir las pandemias por considerar que violan su soberan\u00eda. En cuanto regres\u00f3 al poder el pasado 20 de enero, Trump decidi\u00f3 retirar a Estados Unidos de&hellip;","og_url":"https:\/\/lagnoticias.com\/en\/2025\/07\/19\/ee-uu-rechaza-reformas-de-oms-para-combatir-pandemias\/","og_site_name":"La G Noticias","article_publisher":"https:\/\/www.facebook.com\/LaGNoticias","article_published_time":"2025-07-19T16:09:20+00:00","article_modified_time":"2025-07-19T16:09:22+00:00","og_image":[{"width":1037,"height":525,"url":"https:\/\/lagnoticias.com\/wp-content\/uploads\/2025\/07\/8-4.jpg","type":"image\/jpeg"}],"author":"Oscar","twitter_card":"summary_large_image","twitter_creator":"@lagnoticias","twitter_site":"@lagnoticias","twitter_misc":{"Written by":"Oscar","Est. reading time":"2 minutes"},"schema":{"@context":"https:\/\/schema.org","@graph":[{"@type":"Article","@id":"https:\/\/lagnoticias.com\/2025\/07\/19\/ee-uu-rechaza-reformas-de-oms-para-combatir-pandemias\/#article","isPartOf":{"@id":"https:\/\/lagnoticias.com\/2025\/07\/19\/ee-uu-rechaza-reformas-de-oms-para-combatir-pandemias\/"},"author":{"name":"Oscar","@id":"https:\/\/lagnoticias.com\/#\/schema\/person\/cb9bfe13f8de05d2c55270be25c6a550"},"headline":"EE.UU. rechaza reformas de OMS para combatir pandemias","datePublished":"2025-07-19T16:09:20+00:00","dateModified":"2025-07-19T16:09:22+00:00","mainEntityOfPage":{"@id":"https:\/\/lagnoticias.com\/2025\/07\/19\/ee-uu-rechaza-reformas-de-oms-para-combatir-pandemias\/"},"wordCount":336,"commentCount":0,"image":{"@id":"https:\/\/lagnoticias.com\/2025\/07\/19\/ee-uu-rechaza-reformas-de-oms-para-combatir-pandemias\/#primaryimage"},"thumbnailUrl":"https:\/\/lagnoticias.com\/wp-content\/uploads\/2025\/07\/8-4.jpg","keywords":["DONALD TRUMP","ESTADOS UNIDOS","OMS"],"articleSection":["INTERNACIONALES"],"inLanguage":"en-US","potentialAction":[{"@type":"CommentAction","name":"Comment","target":["https:\/\/lagnoticias.com\/2025\/07\/19\/ee-uu-rechaza-reformas-de-oms-para-combatir-pandemias\/#respond"]}]},{"@type":"WebPage","@id":"https:\/\/lagnoticias.com\/2025\/07\/19\/ee-uu-rechaza-reformas-de-oms-para-combatir-pandemias\/","url":"https:\/\/lagnoticias.com\/2025\/07\/19\/ee-uu-rechaza-reformas-de-oms-para-combatir-pandemias\/","name":"EE.UU. rechaza reformas de OMS para combatir pandemias - La G Noticias","isPartOf":{"@id":"https:\/\/lagnoticias.com\/#website"},"primaryImageOfPage":{"@id":"https:\/\/lagnoticias.com\/2025\/07\/19\/ee-uu-rechaza-reformas-de-oms-para-combatir-pandemias\/#primaryimage"},"image":{"@id":"https:\/\/lagnoticias.com\/2025\/07\/19\/ee-uu-rechaza-reformas-de-oms-para-combatir-pandemias\/#primaryimage"},"thumbnailUrl":"https:\/\/lagnoticias.com\/wp-content\/uploads\/2025\/07\/8-4.jpg","datePublished":"2025-07-19T16:09:20+00:00","dateModified":"2025-07-19T16:09:22+00:00","author":{"@id":"https:\/\/lagnoticias.com\/#\/schema\/person\/cb9bfe13f8de05d2c55270be25c6a550"},"breadcrumb":{"@id":"https:\/\/lagnoticias.com\/2025\/07\/19\/ee-uu-rechaza-reformas-de-oms-para-combatir-pandemias\/#breadcrumb"},"inLanguage":"en-US","potentialAction":[{"@type":"ReadAction","target":["https:\/\/lagnoticias.com\/2025\/07\/19\/ee-uu-rechaza-reformas-de-oms-para-combatir-pandemias\/"]}]},{"@type":"ImageObject","inLanguage":"en-US","@id":"https:\/\/lagnoticias.com\/2025\/07\/19\/ee-uu-rechaza-reformas-de-oms-para-combatir-pandemias\/#primaryimage","url":"https:\/\/lagnoticias.com\/wp-content\/uploads\/2025\/07\/8-4.jpg","contentUrl":"https:\/\/lagnoticias.com\/wp-content\/uploads\/2025\/07\/8-4.jpg","width":1037,"height":525},{"@type":"BreadcrumbList","@id":"https:\/\/lagnoticias.com\/2025\/07\/19\/ee-uu-rechaza-reformas-de-oms-para-combatir-pandemias\/#breadcrumb","itemListElement":[{"@type":"ListItem","position":1,"name":"Portada","item":"https:\/\/lagnoticias.com\/"},{"@type":"ListItem","position":2,"name":"EE.UU. rechaza reformas de OMS para combatir pandemias"}]},{"@type":"WebSite","@id":"https:\/\/lagnoticias.com\/#website","url":"https:\/\/lagnoticias.com\/","name":"La G Noticias","description":"Noticias Positivas","potentialAction":[{"@type":"SearchAction","target":{"@type":"EntryPoint","urlTemplate":"https:\/\/lagnoticias.com\/?s={search_term_string}"},"query-input":{"@type":"PropertyValueSpecification","valueRequired":true,"valueName":"search_term_string"}}],"inLanguage":"en-US"},{"@type":"Person","@id":"https:\/\/lagnoticias.com\/#\/schema\/person\/cb9bfe13f8de05d2c55270be25c6a550","name":"Oscar","image":{"@type":"ImageObject","inLanguage":"en-US","@id":"https:\/\/secure.gravatar.com\/avatar\/45c195718f652dc7ffdd591dc1f2678956ab7fdadcd359a635edc61304a8c757?s=96&d=mm&r=g","url":"https:\/\/secure.gravatar.com\/avatar\/45c195718f652dc7ffdd591dc1f2678956ab7fdadcd359a635edc61304a8c757?s=96&d=mm&r=g","contentUrl":"https:\/\/secure.gravatar.com\/avatar\/45c195718f652dc7ffdd591dc1f2678956ab7fdadcd359a635edc61304a8c757?s=96&d=mm&r=g","caption":"Oscar"},"url":"https:\/\/lagnoticias.com\/en\/author\/oscar\/"}]}},"_links":{"self":[{"href":"https:\/\/lagnoticias.com\/en\/wp-json\/wp\/v2\/posts\/3183","targetHints":{"allow":["GET"]}}],"collection":[{"href":"https:\/\/lagnoticias.com\/en\/wp-json\/wp\/v2\/posts"}],"about":[{"href":"https:\/\/lagnoticias.com\/en\/wp-json\/wp\/v2\/types\/post"}],"author":[{"embeddable":true,"href":"https:\/\/lagnoticias.com\/en\/wp-json\/wp\/v2\/users\/2"}],"replies":[{"embeddable":true,"href":"https:\/\/lagnoticias.com\/en\/wp-json\/wp\/v2\/comments?post=3183"}],"version-history":[{"count":1,"href":"https:\/\/lagnoticias.com\/en\/wp-json\/wp\/v2\/posts\/3183\/revisions"}],"predecessor-version":[{"id":3185,"href":"https:\/\/lagnoticias.com\/en\/wp-json\/wp\/v2\/posts\/3183\/revisions\/3185"}],"wp:featuredmedia":[{"embeddable":true,"href":"https:\/\/lagnoticias.com\/en\/wp-json\/wp\/v2\/media\/3184"}],"wp:attachment":[{"href":"https:\/\/lagnoticias.com\/en\/wp-json\/wp\/v2\/media?parent=3183"}],"wp:term":[{"taxonomy":"category","embeddable":true,"href":"https:\/\/lagnoticias.com\/en\/wp-json\/wp\/v2\/categories?post=3183"},{"taxonomy":"post_tag","embeddable":true,"href":"https:\/\/lagnoticias.com\/en\/wp-json\/wp\/v2\/tags?post=3183"}],"curies":[{"name":"wp","href":"https:\/\/api.w.org\/{rel}","templated":true}]}}