{"id":3180,"date":"2025-07-19T09:57:46","date_gmt":"2025-07-19T15:57:46","guid":{"rendered":"https:\/\/lagnoticias.com\/?p=3180"},"modified":"2025-07-19T09:57:47","modified_gmt":"2025-07-19T15:57:47","slug":"se-realiza-firma-de-acuerdo-entre-plan-trifinio-y-somos-lempa","status":"publish","type":"post","link":"https:\/\/lagnoticias.com\/en\/2025\/07\/19\/se-realiza-firma-de-acuerdo-entre-plan-trifinio-y-somos-lempa\/","title":{"rendered":"Se realiza firma de acuerdo entre Plan Trifinio y Somos Lempa"},"content":{"rendered":"<p>El vicepresidente de la Rep\u00fablica, F\u00e9lix Ulloa, particip\u00f3 como testigo de honor de la firma del acuerdo de colaboraci\u00f3n entre la comisi\u00f3n del Plan Trifinio y el programa de conservaci\u00f3n y restauraci\u00f3n Somos R\u00edo Lempa.<\/p>\n\n\n\n<p>\u201cEn el Gobierno del presidente Bukele se pens\u00f3 en darle una atenci\u00f3n especial a los recursos medioambientales. Hab\u00eda que tener una estrategia de cara al agua y m\u00e1s all\u00e1 del concepto de la econom\u00eda azul, era entrar a cumplir uno de los objetivos de desarrollo sostenible que tiene que ver con el agua y su saneamiento. El r\u00edo Lempa es nuestro recurso m\u00e1s importante\u201d, dijo el vicepresidente Ulloa.<\/p>\n\n\n\n<p>La suscripci\u00f3n del acuerdo cuenta con la colaboraci\u00f3n de un consorcio liderado por Catholic Relief Services, as\u00ed como el Fondo de Inversi\u00f3n Ambiental de El Salvador (FIAES), con lo cual se fortalece la gobernanza h\u00eddrica transfronteriza, y se generan trabajos conjuntos entre el Plan Maestro Participativo de la Regi\u00f3n Trifinio y el Plan de Manejo de la Cuenca del R\u00edo Lempa.<\/p>\n\n\n\n<p>\u201cEste es un hecho hist\u00f3rico, en la firma de este convenio, por el liderazgo y la ejecuci\u00f3n de los actores involucrados. El Gobierno ha tenido una gran visi\u00f3n de poder suscribir estos acuerdos. Plan Trifinio viene trabajando en los \u00faltimos a\u00f1os desde la cuenca alta del r\u00edo Lempa, el cual es compartido con Guatemala y Honduras. Este convenio nos va a permitir sumar esfuerzos entre diferentes actores. Este es un proyecto estrat\u00e9gico para El Salvador y nos sentimos orgullosos de \u00e9l\u201d, a\u00f1adi\u00f3 el director ejecutivo nacional de Plan Trifinio El Salvador, Jorge Urbina.<\/p>\n\n\n\n<p>Las acciones contempladas en este acuerdo se llevan a cabo, inicialmente, en el tramo salvadore\u00f1o de la cuenca correspondiente a la regi\u00f3n Trifinio; mientras que los conocimientos, innovaciones aprendizajes generados podr\u00e1n ser replicados en otros territorios de la cuenca y en las regiones trinacionales de Guatemala y Honduras, con lo que se fortalece la gobernanza ambiental en todo el corredor trinacional.<\/p>","protected":false},"excerpt":{"rendered":"<p>El vicepresidente de la Rep\u00fablica, F\u00e9lix Ulloa, particip\u00f3 como testigo de honor de la firma del acuerdo de colaboraci\u00f3n entre la comisi\u00f3n del Plan Trifinio y el programa de conservaci\u00f3n y restauraci\u00f3n Somos R\u00edo Lempa. \u201cEn el Gobierno del presidente Bukele se pens\u00f3 en darle una atenci\u00f3n especial a los recursos medioambientales. Hab\u00eda que tener&hellip;<\/p>","protected":false},"author":2,"featured_media":3181,"comment_status":"open","ping_status":"open","sticky":false,"template":"","format":"standard","meta":{"_et_pb_use_builder":"","_et_pb_old_content":"","_et_gb_content_width":"","footnotes":""},"categories":[244],"tags":[267,379,377,380,378],"class_list":["post-3180","post","type-post","status-publish","format-standard","has-post-thumbnail","hentry","category-nacionales","tag-el-salvador","tag-felix-ulloa","tag-plan-trifinio","tag-rio-lempa","tag-somos-lempa"],"yoast_head":"<!-- This site is optimized with the Yoast SEO plugin v27.4 - https:\/\/yoast.com\/product\/yoast-seo-wordpress\/ -->\n<title>Se realiza firma de acuerdo entre Plan Trifinio y Somos Lempa - La G Noticias<\/title>\n<meta name=\"robots\" content=\"index, follow, max-snippet:-1, max-image-preview:large, max-video-preview:-1\" \/>\n<link rel=\"canonical\" href=\"https:\/\/lagnoticias.com\/en\/2025\/07\/19\/se-realiza-firma-de-acuerdo-entre-plan-trifinio-y-somos-lempa\/\" \/>\n<meta property=\"og:locale\" content=\"en_US\" \/>\n<meta property=\"og:type\" content=\"article\" \/>\n<meta property=\"og:title\" content=\"Se realiza firma de acuerdo entre Plan Trifinio y Somos Lempa - La G Noticias\" \/>\n<meta property=\"og:description\" content=\"El vicepresidente de la Rep\u00fablica, F\u00e9lix Ulloa, particip\u00f3 como testigo de honor de la firma del acuerdo de colaboraci\u00f3n entre la comisi\u00f3n del Plan Trifinio y el programa de conservaci\u00f3n y restauraci\u00f3n Somos R\u00edo Lempa. \u201cEn el Gobierno del presidente Bukele se pens\u00f3 en darle una atenci\u00f3n especial a los recursos medioambientales. Hab\u00eda que tener&hellip;\" \/>\n<meta property=\"og:url\" content=\"https:\/\/lagnoticias.com\/en\/2025\/07\/19\/se-realiza-firma-de-acuerdo-entre-plan-trifinio-y-somos-lempa\/\" \/>\n<meta property=\"og:site_name\" content=\"La G Noticias\" \/>\n<meta property=\"article:publisher\" content=\"https:\/\/www.facebook.com\/LaGNoticias\" \/>\n<meta property=\"article:published_time\" content=\"2025-07-19T15:57:46+00:00\" \/>\n<meta property=\"article:modified_time\" content=\"2025-07-19T15:57:47+00:00\" \/>\n<meta property=\"og:image\" content=\"https:\/\/lagnoticias.com\/wp-content\/uploads\/2025\/07\/519666840_1100146938956232_240744346473535822_n.jpg\" \/>\n\t<meta property=\"og:image:width\" content=\"2048\" \/>\n\t<meta property=\"og:image:height\" content=\"1152\" \/>\n\t<meta property=\"og:image:type\" content=\"image\/jpeg\" \/>\n<meta name=\"author\" content=\"Oscar\" \/>\n<meta name=\"twitter:card\" content=\"summary_large_image\" \/>\n<meta name=\"twitter:creator\" content=\"@lagnoticias\" \/>\n<meta name=\"twitter:site\" content=\"@lagnoticias\" \/>\n<meta name=\"twitter:label1\" content=\"Written by\" \/>\n\t<meta name=\"twitter:data1\" content=\"Oscar\" \/>\n\t<meta name=\"twitter:label2\" content=\"Est. reading time\" \/>\n\t<meta name=\"twitter:data2\" content=\"2 minutes\" \/>\n<script type=\"application\/ld+json\" class=\"yoast-schema-graph\">{\"@context\":\"https:\\\/\\\/schema.org\",\"@graph\":[{\"@type\":\"Article\",\"@id\":\"https:\\\/\\\/lagnoticias.com\\\/2025\\\/07\\\/19\\\/se-realiza-firma-de-acuerdo-entre-plan-trifinio-y-somos-lempa\\\/#article\",\"isPartOf\":{\"@id\":\"https:\\\/\\\/lagnoticias.com\\\/2025\\\/07\\\/19\\\/se-realiza-firma-de-acuerdo-entre-plan-trifinio-y-somos-lempa\\\/\"},\"author\":{\"name\":\"Oscar\",\"@id\":\"https:\\\/\\\/lagnoticias.com\\\/#\\\/schema\\\/person\\\/cb9bfe13f8de05d2c55270be25c6a550\"},\"headline\":\"Se realiza firma de acuerdo entre Plan Trifinio y Somos Lempa\",\"datePublished\":\"2025-07-19T15:57:46+00:00\",\"dateModified\":\"2025-07-19T15:57:47+00:00\",\"mainEntityOfPage\":{\"@id\":\"https:\\\/\\\/lagnoticias.com\\\/2025\\\/07\\\/19\\\/se-realiza-firma-de-acuerdo-entre-plan-trifinio-y-somos-lempa\\\/\"},\"wordCount\":358,\"commentCount\":0,\"image\":{\"@id\":\"https:\\\/\\\/lagnoticias.com\\\/2025\\\/07\\\/19\\\/se-realiza-firma-de-acuerdo-entre-plan-trifinio-y-somos-lempa\\\/#primaryimage\"},\"thumbnailUrl\":\"https:\\\/\\\/lagnoticias.com\\\/wp-content\\\/uploads\\\/2025\\\/07\\\/519666840_1100146938956232_240744346473535822_n.jpg\",\"keywords\":[\"EL SALVADOR\",\"FELIX ULLOA\",\"plan trifinio\",\"R\u00cdO LEMPA\",\"SOMOS LEMPA\"],\"articleSection\":[\"NACIONALES\"],\"inLanguage\":\"en-US\",\"potentialAction\":[{\"@type\":\"CommentAction\",\"name\":\"Comment\",\"target\":[\"https:\\\/\\\/lagnoticias.com\\\/2025\\\/07\\\/19\\\/se-realiza-firma-de-acuerdo-entre-plan-trifinio-y-somos-lempa\\\/#respond\"]}]},{\"@type\":\"WebPage\",\"@id\":\"https:\\\/\\\/lagnoticias.com\\\/2025\\\/07\\\/19\\\/se-realiza-firma-de-acuerdo-entre-plan-trifinio-y-somos-lempa\\\/\",\"url\":\"https:\\\/\\\/lagnoticias.com\\\/2025\\\/07\\\/19\\\/se-realiza-firma-de-acuerdo-entre-plan-trifinio-y-somos-lempa\\\/\",\"name\":\"Se realiza firma de acuerdo entre Plan Trifinio y Somos Lempa - La G Noticias\",\"isPartOf\":{\"@id\":\"https:\\\/\\\/lagnoticias.com\\\/#website\"},\"primaryImageOfPage\":{\"@id\":\"https:\\\/\\\/lagnoticias.com\\\/2025\\\/07\\\/19\\\/se-realiza-firma-de-acuerdo-entre-plan-trifinio-y-somos-lempa\\\/#primaryimage\"},\"image\":{\"@id\":\"https:\\\/\\\/lagnoticias.com\\\/2025\\\/07\\\/19\\\/se-realiza-firma-de-acuerdo-entre-plan-trifinio-y-somos-lempa\\\/#primaryimage\"},\"thumbnailUrl\":\"https:\\\/\\\/lagnoticias.com\\\/wp-content\\\/uploads\\\/2025\\\/07\\\/519666840_1100146938956232_240744346473535822_n.jpg\",\"datePublished\":\"2025-07-19T15:57:46+00:00\",\"dateModified\":\"2025-07-19T15:57:47+00:00\",\"author\":{\"@id\":\"https:\\\/\\\/lagnoticias.com\\\/#\\\/schema\\\/person\\\/cb9bfe13f8de05d2c55270be25c6a550\"},\"breadcrumb\":{\"@id\":\"https:\\\/\\\/lagnoticias.com\\\/2025\\\/07\\\/19\\\/se-realiza-firma-de-acuerdo-entre-plan-trifinio-y-somos-lempa\\\/#breadcrumb\"},\"inLanguage\":\"en-US\",\"potentialAction\":[{\"@type\":\"ReadAction\",\"target\":[\"https:\\\/\\\/lagnoticias.com\\\/2025\\\/07\\\/19\\\/se-realiza-firma-de-acuerdo-entre-plan-trifinio-y-somos-lempa\\\/\"]}]},{\"@type\":\"ImageObject\",\"inLanguage\":\"en-US\",\"@id\":\"https:\\\/\\\/lagnoticias.com\\\/2025\\\/07\\\/19\\\/se-realiza-firma-de-acuerdo-entre-plan-trifinio-y-somos-lempa\\\/#primaryimage\",\"url\":\"https:\\\/\\\/lagnoticias.com\\\/wp-content\\\/uploads\\\/2025\\\/07\\\/519666840_1100146938956232_240744346473535822_n.jpg\",\"contentUrl\":\"https:\\\/\\\/lagnoticias.com\\\/wp-content\\\/uploads\\\/2025\\\/07\\\/519666840_1100146938956232_240744346473535822_n.jpg\",\"width\":2048,\"height\":1152},{\"@type\":\"BreadcrumbList\",\"@id\":\"https:\\\/\\\/lagnoticias.com\\\/2025\\\/07\\\/19\\\/se-realiza-firma-de-acuerdo-entre-plan-trifinio-y-somos-lempa\\\/#breadcrumb\",\"itemListElement\":[{\"@type\":\"ListItem\",\"position\":1,\"name\":\"Portada\",\"item\":\"https:\\\/\\\/lagnoticias.com\\\/\"},{\"@type\":\"ListItem\",\"position\":2,\"name\":\"Se realiza firma de acuerdo entre Plan Trifinio y Somos Lempa\"}]},{\"@type\":\"WebSite\",\"@id\":\"https:\\\/\\\/lagnoticias.com\\\/#website\",\"url\":\"https:\\\/\\\/lagnoticias.com\\\/\",\"name\":\"La G Noticias\",\"description\":\"Noticias Positivas\",\"potentialAction\":[{\"@type\":\"SearchAction\",\"target\":{\"@type\":\"EntryPoint\",\"urlTemplate\":\"https:\\\/\\\/lagnoticias.com\\\/?s={search_term_string}\"},\"query-input\":{\"@type\":\"PropertyValueSpecification\",\"valueRequired\":true,\"valueName\":\"search_term_string\"}}],\"inLanguage\":\"en-US\"},{\"@type\":\"Person\",\"@id\":\"https:\\\/\\\/lagnoticias.com\\\/#\\\/schema\\\/person\\\/cb9bfe13f8de05d2c55270be25c6a550\",\"name\":\"Oscar\",\"image\":{\"@type\":\"ImageObject\",\"inLanguage\":\"en-US\",\"@id\":\"https:\\\/\\\/secure.gravatar.com\\\/avatar\\\/45c195718f652dc7ffdd591dc1f2678956ab7fdadcd359a635edc61304a8c757?s=96&d=mm&r=g\",\"url\":\"https:\\\/\\\/secure.gravatar.com\\\/avatar\\\/45c195718f652dc7ffdd591dc1f2678956ab7fdadcd359a635edc61304a8c757?s=96&d=mm&r=g\",\"contentUrl\":\"https:\\\/\\\/secure.gravatar.com\\\/avatar\\\/45c195718f652dc7ffdd591dc1f2678956ab7fdadcd359a635edc61304a8c757?s=96&d=mm&r=g\",\"caption\":\"Oscar\"},\"url\":\"https:\\\/\\\/lagnoticias.com\\\/en\\\/author\\\/oscar\\\/\"}]}<\/script>\n<!-- \/ Yoast SEO plugin. -->","yoast_head_json":{"title":"Se realiza firma de acuerdo entre Plan Trifinio y Somos Lempa - La G Noticias","robots":{"index":"index","follow":"follow","max-snippet":"max-snippet:-1","max-image-preview":"max-image-preview:large","max-video-preview":"max-video-preview:-1"},"canonical":"https:\/\/lagnoticias.com\/en\/2025\/07\/19\/se-realiza-firma-de-acuerdo-entre-plan-trifinio-y-somos-lempa\/","og_locale":"en_US","og_type":"article","og_title":"Se realiza firma de acuerdo entre Plan Trifinio y Somos Lempa - La G Noticias","og_description":"El vicepresidente de la Rep\u00fablica, F\u00e9lix Ulloa, particip\u00f3 como testigo de honor de la firma del acuerdo de colaboraci\u00f3n entre la comisi\u00f3n del Plan Trifinio y el programa de conservaci\u00f3n y restauraci\u00f3n Somos R\u00edo Lempa. \u201cEn el Gobierno del presidente Bukele se pens\u00f3 en darle una atenci\u00f3n especial a los recursos medioambientales. Hab\u00eda que tener&hellip;","og_url":"https:\/\/lagnoticias.com\/en\/2025\/07\/19\/se-realiza-firma-de-acuerdo-entre-plan-trifinio-y-somos-lempa\/","og_site_name":"La G Noticias","article_publisher":"https:\/\/www.facebook.com\/LaGNoticias","article_published_time":"2025-07-19T15:57:46+00:00","article_modified_time":"2025-07-19T15:57:47+00:00","og_image":[{"width":2048,"height":1152,"url":"https:\/\/lagnoticias.com\/wp-content\/uploads\/2025\/07\/519666840_1100146938956232_240744346473535822_n.jpg","type":"image\/jpeg"}],"author":"Oscar","twitter_card":"summary_large_image","twitter_creator":"@lagnoticias","twitter_site":"@lagnoticias","twitter_misc":{"Written by":"Oscar","Est. reading time":"2 minutes"},"schema":{"@context":"https:\/\/schema.org","@graph":[{"@type":"Article","@id":"https:\/\/lagnoticias.com\/2025\/07\/19\/se-realiza-firma-de-acuerdo-entre-plan-trifinio-y-somos-lempa\/#article","isPartOf":{"@id":"https:\/\/lagnoticias.com\/2025\/07\/19\/se-realiza-firma-de-acuerdo-entre-plan-trifinio-y-somos-lempa\/"},"author":{"name":"Oscar","@id":"https:\/\/lagnoticias.com\/#\/schema\/person\/cb9bfe13f8de05d2c55270be25c6a550"},"headline":"Se realiza firma de acuerdo entre Plan Trifinio y Somos Lempa","datePublished":"2025-07-19T15:57:46+00:00","dateModified":"2025-07-19T15:57:47+00:00","mainEntityOfPage":{"@id":"https:\/\/lagnoticias.com\/2025\/07\/19\/se-realiza-firma-de-acuerdo-entre-plan-trifinio-y-somos-lempa\/"},"wordCount":358,"commentCount":0,"image":{"@id":"https:\/\/lagnoticias.com\/2025\/07\/19\/se-realiza-firma-de-acuerdo-entre-plan-trifinio-y-somos-lempa\/#primaryimage"},"thumbnailUrl":"https:\/\/lagnoticias.com\/wp-content\/uploads\/2025\/07\/519666840_1100146938956232_240744346473535822_n.jpg","keywords":["EL SALVADOR","FELIX ULLOA","plan trifinio","R\u00cdO LEMPA","SOMOS LEMPA"],"articleSection":["NACIONALES"],"inLanguage":"en-US","potentialAction":[{"@type":"CommentAction","name":"Comment","target":["https:\/\/lagnoticias.com\/2025\/07\/19\/se-realiza-firma-de-acuerdo-entre-plan-trifinio-y-somos-lempa\/#respond"]}]},{"@type":"WebPage","@id":"https:\/\/lagnoticias.com\/2025\/07\/19\/se-realiza-firma-de-acuerdo-entre-plan-trifinio-y-somos-lempa\/","url":"https:\/\/lagnoticias.com\/2025\/07\/19\/se-realiza-firma-de-acuerdo-entre-plan-trifinio-y-somos-lempa\/","name":"Se realiza firma de acuerdo entre Plan Trifinio y Somos Lempa - La G Noticias","isPartOf":{"@id":"https:\/\/lagnoticias.com\/#website"},"primaryImageOfPage":{"@id":"https:\/\/lagnoticias.com\/2025\/07\/19\/se-realiza-firma-de-acuerdo-entre-plan-trifinio-y-somos-lempa\/#primaryimage"},"image":{"@id":"https:\/\/lagnoticias.com\/2025\/07\/19\/se-realiza-firma-de-acuerdo-entre-plan-trifinio-y-somos-lempa\/#primaryimage"},"thumbnailUrl":"https:\/\/lagnoticias.com\/wp-content\/uploads\/2025\/07\/519666840_1100146938956232_240744346473535822_n.jpg","datePublished":"2025-07-19T15:57:46+00:00","dateModified":"2025-07-19T15:57:47+00:00","author":{"@id":"https:\/\/lagnoticias.com\/#\/schema\/person\/cb9bfe13f8de05d2c55270be25c6a550"},"breadcrumb":{"@id":"https:\/\/lagnoticias.com\/2025\/07\/19\/se-realiza-firma-de-acuerdo-entre-plan-trifinio-y-somos-lempa\/#breadcrumb"},"inLanguage":"en-US","potentialAction":[{"@type":"ReadAction","target":["https:\/\/lagnoticias.com\/2025\/07\/19\/se-realiza-firma-de-acuerdo-entre-plan-trifinio-y-somos-lempa\/"]}]},{"@type":"ImageObject","inLanguage":"en-US","@id":"https:\/\/lagnoticias.com\/2025\/07\/19\/se-realiza-firma-de-acuerdo-entre-plan-trifinio-y-somos-lempa\/#primaryimage","url":"https:\/\/lagnoticias.com\/wp-content\/uploads\/2025\/07\/519666840_1100146938956232_240744346473535822_n.jpg","contentUrl":"https:\/\/lagnoticias.com\/wp-content\/uploads\/2025\/07\/519666840_1100146938956232_240744346473535822_n.jpg","width":2048,"height":1152},{"@type":"BreadcrumbList","@id":"https:\/\/lagnoticias.com\/2025\/07\/19\/se-realiza-firma-de-acuerdo-entre-plan-trifinio-y-somos-lempa\/#breadcrumb","itemListElement":[{"@type":"ListItem","position":1,"name":"Portada","item":"https:\/\/lagnoticias.com\/"},{"@type":"ListItem","position":2,"name":"Se realiza firma de acuerdo entre Plan Trifinio y Somos Lempa"}]},{"@type":"WebSite","@id":"https:\/\/lagnoticias.com\/#website","url":"https:\/\/lagnoticias.com\/","name":"La G Noticias","description":"Noticias Positivas","potentialAction":[{"@type":"SearchAction","target":{"@type":"EntryPoint","urlTemplate":"https:\/\/lagnoticias.com\/?s={search_term_string}"},"query-input":{"@type":"PropertyValueSpecification","valueRequired":true,"valueName":"search_term_string"}}],"inLanguage":"en-US"},{"@type":"Person","@id":"https:\/\/lagnoticias.com\/#\/schema\/person\/cb9bfe13f8de05d2c55270be25c6a550","name":"Oscar","image":{"@type":"ImageObject","inLanguage":"en-US","@id":"https:\/\/secure.gravatar.com\/avatar\/45c195718f652dc7ffdd591dc1f2678956ab7fdadcd359a635edc61304a8c757?s=96&d=mm&r=g","url":"https:\/\/secure.gravatar.com\/avatar\/45c195718f652dc7ffdd591dc1f2678956ab7fdadcd359a635edc61304a8c757?s=96&d=mm&r=g","contentUrl":"https:\/\/secure.gravatar.com\/avatar\/45c195718f652dc7ffdd591dc1f2678956ab7fdadcd359a635edc61304a8c757?s=96&d=mm&r=g","caption":"Oscar"},"url":"https:\/\/lagnoticias.com\/en\/author\/oscar\/"}]}},"_links":{"self":[{"href":"https:\/\/lagnoticias.com\/en\/wp-json\/wp\/v2\/posts\/3180","targetHints":{"allow":["GET"]}}],"collection":[{"href":"https:\/\/lagnoticias.com\/en\/wp-json\/wp\/v2\/posts"}],"about":[{"href":"https:\/\/lagnoticias.com\/en\/wp-json\/wp\/v2\/types\/post"}],"author":[{"embeddable":true,"href":"https:\/\/lagnoticias.com\/en\/wp-json\/wp\/v2\/users\/2"}],"replies":[{"embeddable":true,"href":"https:\/\/lagnoticias.com\/en\/wp-json\/wp\/v2\/comments?post=3180"}],"version-history":[{"count":1,"href":"https:\/\/lagnoticias.com\/en\/wp-json\/wp\/v2\/posts\/3180\/revisions"}],"predecessor-version":[{"id":3182,"href":"https:\/\/lagnoticias.com\/en\/wp-json\/wp\/v2\/posts\/3180\/revisions\/3182"}],"wp:featuredmedia":[{"embeddable":true,"href":"https:\/\/lagnoticias.com\/en\/wp-json\/wp\/v2\/media\/3181"}],"wp:attachment":[{"href":"https:\/\/lagnoticias.com\/en\/wp-json\/wp\/v2\/media?parent=3180"}],"wp:term":[{"taxonomy":"category","embeddable":true,"href":"https:\/\/lagnoticias.com\/en\/wp-json\/wp\/v2\/categories?post=3180"},{"taxonomy":"post_tag","embeddable":true,"href":"https:\/\/lagnoticias.com\/en\/wp-json\/wp\/v2\/tags?post=3180"}],"curies":[{"name":"wp","href":"https:\/\/api.w.org\/{rel}","templated":true}]}}