{"id":3177,"date":"2025-07-19T09:48:25","date_gmt":"2025-07-19T15:48:25","guid":{"rendered":"https:\/\/lagnoticias.com\/?p=3177"},"modified":"2025-07-19T09:48:26","modified_gmt":"2025-07-19T15:48:26","slug":"gobierno-entrega-a-venezuela-los-miembros-del-tren-de-aragua-que-estaban-recluidos-en-el-cecot","status":"publish","type":"post","link":"https:\/\/lagnoticias.com\/en\/2025\/07\/19\/gobierno-entrega-a-venezuela-los-miembros-del-tren-de-aragua-que-estaban-recluidos-en-el-cecot\/","title":{"rendered":"Gobierno entrega a Venezuela los miembros del Tren de Aragua que estaban recluidos en el CECOT"},"content":{"rendered":"<p>El Gobierno entreg\u00f3 ayer a todos los venezolanos detenidos en Centro de Confinamiento del Terrorismo (CECOT), acusados de pertenecer a la organizaci\u00f3n criminal Tren de Aragua. Muchos de los detenidos enfrentan m\u00faltiples cargos por asesinato, robo, violaci\u00f3n y otros delitos graves.<\/p>\n\n\n\n<p>El presidente Bukele ofreci\u00f3 al r\u00e9gimen de Venezuela, el pasado 20 de abril, un acuerdo humanitario que contemplaba la repatriaci\u00f3n del 100 % de los 252 venezolanos que fueron deportados por Estados Unidos, a cambio del mismo n\u00famero de presos pol\u00edticos venezolanos y ciudadanos estadounidenses que permanec\u00edan como rehenes.<\/p>\n\n\n\n<p>\u201cEsta operaci\u00f3n es el resultado de meses de negociaciones con un r\u00e9gimen tir\u00e1nico que durante mucho tiempo se hab\u00eda negado a liberar una de sus monedas de cambio m\u00e1s valiosas: sus rehenes\u201d se\u00f1al\u00f3 el mandatario salvadore\u00f1o.<\/p>\n\n\n\n<p>Pese a que Nicol\u00e1s Maduro declar\u00f3 que no aceptar\u00eda la propuesta de intercambio de prisioneros, incluso cuando anteriormente hab\u00eda mencionado que har\u00eda \u201ctodo lo que fuera necesario\u201d para liberar a los miembros de la organizaci\u00f3n criminal, el 22 de abril, el Ministerio de Relaciones Exteriores de El Salvador traslad\u00f3 formalmente la propuesta de repatriaci\u00f3n de los 252 venezolanos, a cambio de igual n\u00famero de presos pol\u00edticos.<\/p>\n\n\n\n<p>\u201cEstas personas se encuentran ahora en ruta hacia El Salvador, donde har\u00e1n una breve parada antes de continuar su viaje a casa\u201d manifest\u00f3 el presidente Bukele.<\/p>\n\n\n\n<p>Tambi\u00e9n, el secretario de Estado de los Estados Unidos, Marco Rubio, agradeci\u00f3 al Gobierno de El Salvador por la cooperaci\u00f3n desarrollada para hacer posible que 10 estadounidenses que fueron detenidos en Venezuela regresen a su naci\u00f3n. \u201cQuiero agradecer a mi equipo en el Departamento de Estado y especialmente al presidente Nayib Bukele por ayudar a asegurar un acuerdo para la liberaci\u00f3n de todos nuestros detenidos estadounidenses, adem\u00e1s de la liberaci\u00f3n de los presos pol\u00edticos venezolanos\u201d, expres\u00f3.<\/p>\n\n\n\n<p>A estas felicitaciones, se uni\u00f3 la Embajada de los Estados Unidos en Venezuela: \u201cNada representa la libertad como la bandera estadounidense. Diez estadounidenses liberados hoy de prisiones venezolanas regresan a casa gracias al presidente Donal Trump, secretario Marco Rubio, y el presidente Nayib Bukele\u201d.<\/p>","protected":false},"excerpt":{"rendered":"<p>El Gobierno entreg\u00f3 ayer a todos los venezolanos detenidos en Centro de Confinamiento del Terrorismo (CECOT), acusados de pertenecer a la organizaci\u00f3n criminal Tren de Aragua. Muchos de los detenidos enfrentan m\u00faltiples cargos por asesinato, robo, violaci\u00f3n y otros delitos graves. El presidente Bukele ofreci\u00f3 al r\u00e9gimen de Venezuela, el pasado 20 de abril, un&hellip;<\/p>","protected":false},"author":2,"featured_media":3178,"comment_status":"open","ping_status":"open","sticky":false,"template":"","format":"standard","meta":{"_et_pb_use_builder":"","_et_pb_old_content":"","_et_gb_content_width":"","footnotes":""},"categories":[244],"tags":[376,267,260,268,375,346],"class_list":["post-3177","post","type-post","status-publish","format-standard","has-post-thumbnail","hentry","category-nacionales","tag-cecot","tag-el-salvador","tag-estados-unidos","tag-gobierno-de-el-salvador","tag-nayib-bukele","tag-venezuela"],"yoast_head":"<!-- This site is optimized with the Yoast SEO plugin v27.4 - https:\/\/yoast.com\/product\/yoast-seo-wordpress\/ -->\n<title>Gobierno entrega a Venezuela los miembros del Tren de Aragua que estaban recluidos en el CECOT - La G Noticias<\/title>\n<meta name=\"robots\" content=\"index, follow, max-snippet:-1, max-image-preview:large, max-video-preview:-1\" \/>\n<link rel=\"canonical\" href=\"https:\/\/lagnoticias.com\/en\/2025\/07\/19\/gobierno-entrega-a-venezuela-los-miembros-del-tren-de-aragua-que-estaban-recluidos-en-el-cecot\/\" \/>\n<meta property=\"og:locale\" content=\"en_US\" \/>\n<meta property=\"og:type\" content=\"article\" \/>\n<meta property=\"og:title\" content=\"Gobierno entrega a Venezuela los miembros del Tren de Aragua que estaban recluidos en el CECOT - La G Noticias\" \/>\n<meta property=\"og:description\" content=\"El Gobierno entreg\u00f3 ayer a todos los venezolanos detenidos en Centro de Confinamiento del Terrorismo (CECOT), acusados de pertenecer a la organizaci\u00f3n criminal Tren de Aragua. Muchos de los detenidos enfrentan m\u00faltiples cargos por asesinato, robo, violaci\u00f3n y otros delitos graves. El presidente Bukele ofreci\u00f3 al r\u00e9gimen de Venezuela, el pasado 20 de abril, un&hellip;\" \/>\n<meta property=\"og:url\" content=\"https:\/\/lagnoticias.com\/en\/2025\/07\/19\/gobierno-entrega-a-venezuela-los-miembros-del-tren-de-aragua-que-estaban-recluidos-en-el-cecot\/\" \/>\n<meta property=\"og:site_name\" content=\"La G Noticias\" \/>\n<meta property=\"article:publisher\" content=\"https:\/\/www.facebook.com\/LaGNoticias\" \/>\n<meta property=\"article:published_time\" content=\"2025-07-19T15:48:25+00:00\" \/>\n<meta property=\"article:modified_time\" content=\"2025-07-19T15:48:26+00:00\" \/>\n<meta property=\"og:image\" content=\"https:\/\/lagnoticias.com\/wp-content\/uploads\/2025\/07\/Medios-23-scaled.jpg\" \/>\n\t<meta property=\"og:image:width\" content=\"2560\" \/>\n\t<meta property=\"og:image:height\" content=\"1707\" \/>\n\t<meta property=\"og:image:type\" content=\"image\/jpeg\" \/>\n<meta name=\"author\" content=\"Oscar\" \/>\n<meta name=\"twitter:card\" content=\"summary_large_image\" \/>\n<meta name=\"twitter:creator\" content=\"@lagnoticias\" \/>\n<meta name=\"twitter:site\" content=\"@lagnoticias\" \/>\n<meta name=\"twitter:label1\" content=\"Written by\" \/>\n\t<meta name=\"twitter:data1\" content=\"Oscar\" \/>\n\t<meta name=\"twitter:label2\" content=\"Est. reading time\" \/>\n\t<meta name=\"twitter:data2\" content=\"2 minutes\" \/>\n<script type=\"application\/ld+json\" class=\"yoast-schema-graph\">{\"@context\":\"https:\\\/\\\/schema.org\",\"@graph\":[{\"@type\":\"Article\",\"@id\":\"https:\\\/\\\/lagnoticias.com\\\/2025\\\/07\\\/19\\\/gobierno-entrega-a-venezuela-los-miembros-del-tren-de-aragua-que-estaban-recluidos-en-el-cecot\\\/#article\",\"isPartOf\":{\"@id\":\"https:\\\/\\\/lagnoticias.com\\\/2025\\\/07\\\/19\\\/gobierno-entrega-a-venezuela-los-miembros-del-tren-de-aragua-que-estaban-recluidos-en-el-cecot\\\/\"},\"author\":{\"name\":\"Oscar\",\"@id\":\"https:\\\/\\\/lagnoticias.com\\\/#\\\/schema\\\/person\\\/cb9bfe13f8de05d2c55270be25c6a550\"},\"headline\":\"Gobierno entrega a Venezuela los miembros del Tren de Aragua que estaban recluidos en el CECOT\",\"datePublished\":\"2025-07-19T15:48:25+00:00\",\"dateModified\":\"2025-07-19T15:48:26+00:00\",\"mainEntityOfPage\":{\"@id\":\"https:\\\/\\\/lagnoticias.com\\\/2025\\\/07\\\/19\\\/gobierno-entrega-a-venezuela-los-miembros-del-tren-de-aragua-que-estaban-recluidos-en-el-cecot\\\/\"},\"wordCount\":378,\"commentCount\":0,\"image\":{\"@id\":\"https:\\\/\\\/lagnoticias.com\\\/2025\\\/07\\\/19\\\/gobierno-entrega-a-venezuela-los-miembros-del-tren-de-aragua-que-estaban-recluidos-en-el-cecot\\\/#primaryimage\"},\"thumbnailUrl\":\"https:\\\/\\\/lagnoticias.com\\\/wp-content\\\/uploads\\\/2025\\\/07\\\/Medios-23-scaled.jpg\",\"keywords\":[\"CECOT\",\"EL SALVADOR\",\"ESTADOS UNIDOS\",\"GOBIERNO DE EL SALVADOR\",\"NAYIB BUKELE\",\"VENEZUELA\"],\"articleSection\":[\"NACIONALES\"],\"inLanguage\":\"en-US\",\"potentialAction\":[{\"@type\":\"CommentAction\",\"name\":\"Comment\",\"target\":[\"https:\\\/\\\/lagnoticias.com\\\/2025\\\/07\\\/19\\\/gobierno-entrega-a-venezuela-los-miembros-del-tren-de-aragua-que-estaban-recluidos-en-el-cecot\\\/#respond\"]}]},{\"@type\":\"WebPage\",\"@id\":\"https:\\\/\\\/lagnoticias.com\\\/2025\\\/07\\\/19\\\/gobierno-entrega-a-venezuela-los-miembros-del-tren-de-aragua-que-estaban-recluidos-en-el-cecot\\\/\",\"url\":\"https:\\\/\\\/lagnoticias.com\\\/2025\\\/07\\\/19\\\/gobierno-entrega-a-venezuela-los-miembros-del-tren-de-aragua-que-estaban-recluidos-en-el-cecot\\\/\",\"name\":\"Gobierno entrega a Venezuela los miembros del Tren de Aragua que estaban recluidos en el CECOT - La G Noticias\",\"isPartOf\":{\"@id\":\"https:\\\/\\\/lagnoticias.com\\\/#website\"},\"primaryImageOfPage\":{\"@id\":\"https:\\\/\\\/lagnoticias.com\\\/2025\\\/07\\\/19\\\/gobierno-entrega-a-venezuela-los-miembros-del-tren-de-aragua-que-estaban-recluidos-en-el-cecot\\\/#primaryimage\"},\"image\":{\"@id\":\"https:\\\/\\\/lagnoticias.com\\\/2025\\\/07\\\/19\\\/gobierno-entrega-a-venezuela-los-miembros-del-tren-de-aragua-que-estaban-recluidos-en-el-cecot\\\/#primaryimage\"},\"thumbnailUrl\":\"https:\\\/\\\/lagnoticias.com\\\/wp-content\\\/uploads\\\/2025\\\/07\\\/Medios-23-scaled.jpg\",\"datePublished\":\"2025-07-19T15:48:25+00:00\",\"dateModified\":\"2025-07-19T15:48:26+00:00\",\"author\":{\"@id\":\"https:\\\/\\\/lagnoticias.com\\\/#\\\/schema\\\/person\\\/cb9bfe13f8de05d2c55270be25c6a550\"},\"breadcrumb\":{\"@id\":\"https:\\\/\\\/lagnoticias.com\\\/2025\\\/07\\\/19\\\/gobierno-entrega-a-venezuela-los-miembros-del-tren-de-aragua-que-estaban-recluidos-en-el-cecot\\\/#breadcrumb\"},\"inLanguage\":\"en-US\",\"potentialAction\":[{\"@type\":\"ReadAction\",\"target\":[\"https:\\\/\\\/lagnoticias.com\\\/2025\\\/07\\\/19\\\/gobierno-entrega-a-venezuela-los-miembros-del-tren-de-aragua-que-estaban-recluidos-en-el-cecot\\\/\"]}]},{\"@type\":\"ImageObject\",\"inLanguage\":\"en-US\",\"@id\":\"https:\\\/\\\/lagnoticias.com\\\/2025\\\/07\\\/19\\\/gobierno-entrega-a-venezuela-los-miembros-del-tren-de-aragua-que-estaban-recluidos-en-el-cecot\\\/#primaryimage\",\"url\":\"https:\\\/\\\/lagnoticias.com\\\/wp-content\\\/uploads\\\/2025\\\/07\\\/Medios-23-scaled.jpg\",\"contentUrl\":\"https:\\\/\\\/lagnoticias.com\\\/wp-content\\\/uploads\\\/2025\\\/07\\\/Medios-23-scaled.jpg\",\"width\":2560,\"height\":1707},{\"@type\":\"BreadcrumbList\",\"@id\":\"https:\\\/\\\/lagnoticias.com\\\/2025\\\/07\\\/19\\\/gobierno-entrega-a-venezuela-los-miembros-del-tren-de-aragua-que-estaban-recluidos-en-el-cecot\\\/#breadcrumb\",\"itemListElement\":[{\"@type\":\"ListItem\",\"position\":1,\"name\":\"Portada\",\"item\":\"https:\\\/\\\/lagnoticias.com\\\/\"},{\"@type\":\"ListItem\",\"position\":2,\"name\":\"Gobierno entrega a Venezuela los miembros del Tren de Aragua que estaban recluidos en el CECOT\"}]},{\"@type\":\"WebSite\",\"@id\":\"https:\\\/\\\/lagnoticias.com\\\/#website\",\"url\":\"https:\\\/\\\/lagnoticias.com\\\/\",\"name\":\"La G Noticias\",\"description\":\"Noticias Positivas\",\"potentialAction\":[{\"@type\":\"SearchAction\",\"target\":{\"@type\":\"EntryPoint\",\"urlTemplate\":\"https:\\\/\\\/lagnoticias.com\\\/?s={search_term_string}\"},\"query-input\":{\"@type\":\"PropertyValueSpecification\",\"valueRequired\":true,\"valueName\":\"search_term_string\"}}],\"inLanguage\":\"en-US\"},{\"@type\":\"Person\",\"@id\":\"https:\\\/\\\/lagnoticias.com\\\/#\\\/schema\\\/person\\\/cb9bfe13f8de05d2c55270be25c6a550\",\"name\":\"Oscar\",\"image\":{\"@type\":\"ImageObject\",\"inLanguage\":\"en-US\",\"@id\":\"https:\\\/\\\/secure.gravatar.com\\\/avatar\\\/45c195718f652dc7ffdd591dc1f2678956ab7fdadcd359a635edc61304a8c757?s=96&d=mm&r=g\",\"url\":\"https:\\\/\\\/secure.gravatar.com\\\/avatar\\\/45c195718f652dc7ffdd591dc1f2678956ab7fdadcd359a635edc61304a8c757?s=96&d=mm&r=g\",\"contentUrl\":\"https:\\\/\\\/secure.gravatar.com\\\/avatar\\\/45c195718f652dc7ffdd591dc1f2678956ab7fdadcd359a635edc61304a8c757?s=96&d=mm&r=g\",\"caption\":\"Oscar\"},\"url\":\"https:\\\/\\\/lagnoticias.com\\\/en\\\/author\\\/oscar\\\/\"}]}<\/script>\n<!-- \/ Yoast SEO plugin. -->","yoast_head_json":{"title":"Gobierno entrega a Venezuela los miembros del Tren de Aragua que estaban recluidos en el CECOT - La G Noticias","robots":{"index":"index","follow":"follow","max-snippet":"max-snippet:-1","max-image-preview":"max-image-preview:large","max-video-preview":"max-video-preview:-1"},"canonical":"https:\/\/lagnoticias.com\/en\/2025\/07\/19\/gobierno-entrega-a-venezuela-los-miembros-del-tren-de-aragua-que-estaban-recluidos-en-el-cecot\/","og_locale":"en_US","og_type":"article","og_title":"Gobierno entrega a Venezuela los miembros del Tren de Aragua que estaban recluidos en el CECOT - La G Noticias","og_description":"El Gobierno entreg\u00f3 ayer a todos los venezolanos detenidos en Centro de Confinamiento del Terrorismo (CECOT), acusados de pertenecer a la organizaci\u00f3n criminal Tren de Aragua. Muchos de los detenidos enfrentan m\u00faltiples cargos por asesinato, robo, violaci\u00f3n y otros delitos graves. El presidente Bukele ofreci\u00f3 al r\u00e9gimen de Venezuela, el pasado 20 de abril, un&hellip;","og_url":"https:\/\/lagnoticias.com\/en\/2025\/07\/19\/gobierno-entrega-a-venezuela-los-miembros-del-tren-de-aragua-que-estaban-recluidos-en-el-cecot\/","og_site_name":"La G Noticias","article_publisher":"https:\/\/www.facebook.com\/LaGNoticias","article_published_time":"2025-07-19T15:48:25+00:00","article_modified_time":"2025-07-19T15:48:26+00:00","og_image":[{"width":2560,"height":1707,"url":"https:\/\/lagnoticias.com\/wp-content\/uploads\/2025\/07\/Medios-23-scaled.jpg","type":"image\/jpeg"}],"author":"Oscar","twitter_card":"summary_large_image","twitter_creator":"@lagnoticias","twitter_site":"@lagnoticias","twitter_misc":{"Written by":"Oscar","Est. reading time":"2 minutes"},"schema":{"@context":"https:\/\/schema.org","@graph":[{"@type":"Article","@id":"https:\/\/lagnoticias.com\/2025\/07\/19\/gobierno-entrega-a-venezuela-los-miembros-del-tren-de-aragua-que-estaban-recluidos-en-el-cecot\/#article","isPartOf":{"@id":"https:\/\/lagnoticias.com\/2025\/07\/19\/gobierno-entrega-a-venezuela-los-miembros-del-tren-de-aragua-que-estaban-recluidos-en-el-cecot\/"},"author":{"name":"Oscar","@id":"https:\/\/lagnoticias.com\/#\/schema\/person\/cb9bfe13f8de05d2c55270be25c6a550"},"headline":"Gobierno entrega a Venezuela los miembros del Tren de Aragua que estaban recluidos en el CECOT","datePublished":"2025-07-19T15:48:25+00:00","dateModified":"2025-07-19T15:48:26+00:00","mainEntityOfPage":{"@id":"https:\/\/lagnoticias.com\/2025\/07\/19\/gobierno-entrega-a-venezuela-los-miembros-del-tren-de-aragua-que-estaban-recluidos-en-el-cecot\/"},"wordCount":378,"commentCount":0,"image":{"@id":"https:\/\/lagnoticias.com\/2025\/07\/19\/gobierno-entrega-a-venezuela-los-miembros-del-tren-de-aragua-que-estaban-recluidos-en-el-cecot\/#primaryimage"},"thumbnailUrl":"https:\/\/lagnoticias.com\/wp-content\/uploads\/2025\/07\/Medios-23-scaled.jpg","keywords":["CECOT","EL SALVADOR","ESTADOS UNIDOS","GOBIERNO DE EL SALVADOR","NAYIB BUKELE","VENEZUELA"],"articleSection":["NACIONALES"],"inLanguage":"en-US","potentialAction":[{"@type":"CommentAction","name":"Comment","target":["https:\/\/lagnoticias.com\/2025\/07\/19\/gobierno-entrega-a-venezuela-los-miembros-del-tren-de-aragua-que-estaban-recluidos-en-el-cecot\/#respond"]}]},{"@type":"WebPage","@id":"https:\/\/lagnoticias.com\/2025\/07\/19\/gobierno-entrega-a-venezuela-los-miembros-del-tren-de-aragua-que-estaban-recluidos-en-el-cecot\/","url":"https:\/\/lagnoticias.com\/2025\/07\/19\/gobierno-entrega-a-venezuela-los-miembros-del-tren-de-aragua-que-estaban-recluidos-en-el-cecot\/","name":"Gobierno entrega a Venezuela los miembros del Tren de Aragua que estaban recluidos en el CECOT - La G Noticias","isPartOf":{"@id":"https:\/\/lagnoticias.com\/#website"},"primaryImageOfPage":{"@id":"https:\/\/lagnoticias.com\/2025\/07\/19\/gobierno-entrega-a-venezuela-los-miembros-del-tren-de-aragua-que-estaban-recluidos-en-el-cecot\/#primaryimage"},"image":{"@id":"https:\/\/lagnoticias.com\/2025\/07\/19\/gobierno-entrega-a-venezuela-los-miembros-del-tren-de-aragua-que-estaban-recluidos-en-el-cecot\/#primaryimage"},"thumbnailUrl":"https:\/\/lagnoticias.com\/wp-content\/uploads\/2025\/07\/Medios-23-scaled.jpg","datePublished":"2025-07-19T15:48:25+00:00","dateModified":"2025-07-19T15:48:26+00:00","author":{"@id":"https:\/\/lagnoticias.com\/#\/schema\/person\/cb9bfe13f8de05d2c55270be25c6a550"},"breadcrumb":{"@id":"https:\/\/lagnoticias.com\/2025\/07\/19\/gobierno-entrega-a-venezuela-los-miembros-del-tren-de-aragua-que-estaban-recluidos-en-el-cecot\/#breadcrumb"},"inLanguage":"en-US","potentialAction":[{"@type":"ReadAction","target":["https:\/\/lagnoticias.com\/2025\/07\/19\/gobierno-entrega-a-venezuela-los-miembros-del-tren-de-aragua-que-estaban-recluidos-en-el-cecot\/"]}]},{"@type":"ImageObject","inLanguage":"en-US","@id":"https:\/\/lagnoticias.com\/2025\/07\/19\/gobierno-entrega-a-venezuela-los-miembros-del-tren-de-aragua-que-estaban-recluidos-en-el-cecot\/#primaryimage","url":"https:\/\/lagnoticias.com\/wp-content\/uploads\/2025\/07\/Medios-23-scaled.jpg","contentUrl":"https:\/\/lagnoticias.com\/wp-content\/uploads\/2025\/07\/Medios-23-scaled.jpg","width":2560,"height":1707},{"@type":"BreadcrumbList","@id":"https:\/\/lagnoticias.com\/2025\/07\/19\/gobierno-entrega-a-venezuela-los-miembros-del-tren-de-aragua-que-estaban-recluidos-en-el-cecot\/#breadcrumb","itemListElement":[{"@type":"ListItem","position":1,"name":"Portada","item":"https:\/\/lagnoticias.com\/"},{"@type":"ListItem","position":2,"name":"Gobierno entrega a Venezuela los miembros del Tren de Aragua que estaban recluidos en el CECOT"}]},{"@type":"WebSite","@id":"https:\/\/lagnoticias.com\/#website","url":"https:\/\/lagnoticias.com\/","name":"La G Noticias","description":"Noticias Positivas","potentialAction":[{"@type":"SearchAction","target":{"@type":"EntryPoint","urlTemplate":"https:\/\/lagnoticias.com\/?s={search_term_string}"},"query-input":{"@type":"PropertyValueSpecification","valueRequired":true,"valueName":"search_term_string"}}],"inLanguage":"en-US"},{"@type":"Person","@id":"https:\/\/lagnoticias.com\/#\/schema\/person\/cb9bfe13f8de05d2c55270be25c6a550","name":"Oscar","image":{"@type":"ImageObject","inLanguage":"en-US","@id":"https:\/\/secure.gravatar.com\/avatar\/45c195718f652dc7ffdd591dc1f2678956ab7fdadcd359a635edc61304a8c757?s=96&d=mm&r=g","url":"https:\/\/secure.gravatar.com\/avatar\/45c195718f652dc7ffdd591dc1f2678956ab7fdadcd359a635edc61304a8c757?s=96&d=mm&r=g","contentUrl":"https:\/\/secure.gravatar.com\/avatar\/45c195718f652dc7ffdd591dc1f2678956ab7fdadcd359a635edc61304a8c757?s=96&d=mm&r=g","caption":"Oscar"},"url":"https:\/\/lagnoticias.com\/en\/author\/oscar\/"}]}},"_links":{"self":[{"href":"https:\/\/lagnoticias.com\/en\/wp-json\/wp\/v2\/posts\/3177","targetHints":{"allow":["GET"]}}],"collection":[{"href":"https:\/\/lagnoticias.com\/en\/wp-json\/wp\/v2\/posts"}],"about":[{"href":"https:\/\/lagnoticias.com\/en\/wp-json\/wp\/v2\/types\/post"}],"author":[{"embeddable":true,"href":"https:\/\/lagnoticias.com\/en\/wp-json\/wp\/v2\/users\/2"}],"replies":[{"embeddable":true,"href":"https:\/\/lagnoticias.com\/en\/wp-json\/wp\/v2\/comments?post=3177"}],"version-history":[{"count":1,"href":"https:\/\/lagnoticias.com\/en\/wp-json\/wp\/v2\/posts\/3177\/revisions"}],"predecessor-version":[{"id":3179,"href":"https:\/\/lagnoticias.com\/en\/wp-json\/wp\/v2\/posts\/3177\/revisions\/3179"}],"wp:featuredmedia":[{"embeddable":true,"href":"https:\/\/lagnoticias.com\/en\/wp-json\/wp\/v2\/media\/3178"}],"wp:attachment":[{"href":"https:\/\/lagnoticias.com\/en\/wp-json\/wp\/v2\/media?parent=3177"}],"wp:term":[{"taxonomy":"category","embeddable":true,"href":"https:\/\/lagnoticias.com\/en\/wp-json\/wp\/v2\/categories?post=3177"},{"taxonomy":"post_tag","embeddable":true,"href":"https:\/\/lagnoticias.com\/en\/wp-json\/wp\/v2\/tags?post=3177"}],"curies":[{"name":"wp","href":"https:\/\/api.w.org\/{rel}","templated":true}]}}