{"id":3174,"date":"2025-07-18T14:39:32","date_gmt":"2025-07-18T20:39:32","guid":{"rendered":"https:\/\/lagnoticias.com\/?p=3174"},"modified":"2025-07-18T14:39:32","modified_gmt":"2025-07-18T20:39:32","slug":"detectaron-en-brasil-una-nueva-variante-del-covid-a-la-que-llaman-frankenstein","status":"publish","type":"post","link":"https:\/\/lagnoticias.com\/en\/2025\/07\/18\/detectaron-en-brasil-una-nueva-variante-del-covid-a-la-que-llaman-frankenstein\/","title":{"rendered":"Detectaron en Brasil una nueva variante del COVID a la que llaman \u201cFrankenstein\u201d"},"content":{"rendered":"<p>La variante XFG, tambi\u00e9n conocida como&nbsp;Stratus o \u201cFrankenstein\u201d,&nbsp;se convirti\u00f3 en el centro de atenci\u00f3n de la&nbsp;Organizaci\u00f3n Mundial de la Salud (OMS)&nbsp;desde hace ya algunas semanas, cuando el organismo alert\u00f3 sobre su r\u00e1pida expansi\u00f3n a nivel global.<\/p>\n\n\n\n<p>XFG es una subvariante de&nbsp;\u00d3micron, surgida de la&nbsp;recombinaci\u00f3n gen\u00e9tica de las variantes LF.7 y LP.8.1.2,&nbsp;comenz\u00f3 a preocupar a las autoridades sanitarias mundiales debido a su crecimiento en varias regiones del mundo, especialmente en Europa y Am\u00e9rica Latina. Aunque su propagaci\u00f3n es veloz, la OMS catalog\u00f3 a la XFG como una \u201cvariante bajo vigilancia\u201d, e indic\u00f3 que por el momento&nbsp;no hay pruebas de que genere una enfermedad m\u00e1s severa&nbsp;y las&nbsp;vacunas actuales siguen siendo efectivas&nbsp;para prevenir cuadros graves y hospitalizaciones.<\/p>\n\n\n\n<p><em>Por qu\u00e9 se la llama variante \u201cFrankenstein\u201d<\/em><\/p>\n\n\n\n<p>La variante, conocida como&nbsp;\u201cFrankenstein\u201d debido a su origen recombinante,&nbsp;comenz\u00f3 a tomar fuerza en el sudeste asi\u00e1tico antes de expandirse hacia pa\u00edses de Europa, como el Reino Unido, y Am\u00e9rica Latina, con especial \u00e9nfasis en Brasil.<\/p>\n\n\n\n<p>En R\u00edo de Janeiro, la cepa fue confirmada por el&nbsp;Instituto Oswaldo Cruz (IOC)&nbsp;a principios de julio, donde se detect\u00f3 en el 62% de los casos de COVID-19 analizados entre el 1 y el 8 de julio.Este hallazgo refuerza la r\u00e1pida expansi\u00f3n de la subvariante, que ya ha sido reportada&nbsp;en varias regiones de Brasil, como S\u00e3o Paulo, Cear\u00e1 y Santa Catarina.<\/p>\n\n\n\n<p>Aunque su presencia a\u00fan no ha sido confirmada en&nbsp;Argentina, se sospecha que podr\u00eda haber llegado debido a la cercan\u00eda geogr\u00e1fica. La misma no ha sido notificada en el \u00faltimo&nbsp;Bolet\u00edn Epidemiol\u00f3gico Nacional (BEN)&nbsp;764 correspondiente a la Semana Epidemiol\u00f3gica SE 27 de 2025 (29 de junio al 05 de julio).<\/p>\n\n\n\n<p>\u201cEn cuanto a los casos de COVID-19, las detecciones de SARS-CoV-2 en personas internadas permanecen en valores bajos.&nbsp;En la SE 27\/2025 se registraron 40 casos positivos con este diagn\u00f3stico y 2 casos fallecidos\u201d, public\u00f3 el Ministerio de Salud de la Naci\u00f3n, quien elabora el BEN semanalmente.<\/p>\n\n\n\n<p>En di\u00e1logo con&nbsp;Infobae, el doctor&nbsp;Ricardo Teijeiro&nbsp;(MN 58065), infect\u00f3logo del Hospital Pirovano y miembro de la&nbsp;Sociedad Argentina de Infectolog\u00eda (SADI)&nbsp;se\u00f1al\u00f3 que se trata de la variante que est\u00e1 circulando m\u00e1s fuertemente en Europa y ahora lleg\u00f3 a Brasil. \u201cNo es de una magnitud muy importante ni tampoco es mucho m\u00e1s grave en cuanto a sintomatolog\u00eda.&nbsp;Como todas estas enfermedades respiratorias, r\u00e1pidamente trae disfon\u00eda e inflamaci\u00f3n de la laringe. S\u00ed, es importante decir que&nbsp;estas variantes vienen de mutaciones de \u00d3micron&nbsp;y otras variantes que han circulado. As\u00ed que todos aquellos que tuvieron contacto con el virus o fueron vacunados, tienen anticuerpos para estas variantes\u201d, sostuvo el experto.<\/p>\n\n\n\n<p>\u201cAs\u00ed, las vacunas que actualmente se est\u00e1n usando tambi\u00e9n protegen contra estas variantes. Lo que no hay que olvidarse que el virus sigue circulando. Aquellos que tienen m\u00e1s riesgos son los mayores de 60 a\u00f1os y personas que tienen enfermedades cr\u00f3nicas. Todas deben seguir recibiendo los refuerzos de la vacunaci\u00f3n contra el COVID\u201d, precis\u00f3 Teijeiro.<\/p>\n\n\n\n<p>En cuanto a su prevalencia, la variante XFG se ya es la m\u00e1s dominante en algunos pa\u00edses europeos. En el Reino Unido, por ejemplo, el sublinaje XFG.3&nbsp;representaba el 30% de los casos de COVID-19 registrados a finales de mayo de 2025.<\/p>\n\n\n\n<p>Este aumento es significativo si se considera que otras variantes tambi\u00e9n siguen circulando, como LP.8.1.1, JN.1 y NB.1.8.1.<\/p>\n\n\n\n<p>Sin embargo, a pesar de su r\u00e1pida expansi\u00f3n, la OMS ha clasificado la XFG como una \u201cvariante bajo vigilancia\u201d,&nbsp;indicando que, aunque crece a un ritmo alarmante, a\u00fan no hay evidencia de que cause una enfermedad m\u00e1s grave o que afecte considerablemente la eficacia de las vacunas.<\/p>\n\n\n\n<p>El origen de esta variante es peculiar. Como sugiere el nombre&nbsp;\u201cFrankenstein\u201d, la XFG result\u00f3 de la combinaci\u00f3n de dos variantes previas del SARS-CoV-2, un proceso conocido como recombinaci\u00f3n gen\u00e9tica.&nbsp;La mutaci\u00f3n del virus, que se ha dado entre individuos infectados con diferentes cepas al mismo tiempo, genera un \u201cmonstruo\u201d gen\u00e9tico, en referencia a la famosa obra de Mary Shelley.<\/p>\n\n\n\n<p>Este tipo de evoluci\u00f3n viral es un fen\u00f3meno recurrente en la historia de la pandemia, y aunque es relativamente com\u00fan en los virus, esta subvariante ha logrado captar la atenci\u00f3n debido a su habilidad para propagar r\u00e1pidamente.<\/p>\n\n\n\n<p>El infect\u00f3logo, epidemi\u00f3logo, magister en Salud P\u00fablica,&nbsp;Hugo Pizzi, afirm\u00f3 a&nbsp;Infobae&nbsp;que el coronavirus est\u00e1 evolucionando a nuevas variantes. Todo el tiempo est\u00e1n surgiendo, como la anterior a esta que se origin\u00f3 en Tailandia, luego pas\u00f3 a China y de all\u00ed a Europa y EEUU. All\u00ed las autoridades ya recomiendan aplicarse la vacuna que previene tanto el COVID como la gripe, todo en el mismo frasquito, como lo autoriz\u00f3 la FDA.<\/p>\n\n\n\n<p>\u201cAhora, esta esta nueva variante, que es el fruto de dos variantes, ya lleg\u00f3 inclusive al sur de Brasil.&nbsp;Dicen los colegas brasile\u00f1os, con los cuales estamos siempre en contacto, que da&nbsp;cuadros de disfon\u00eda, alteraciones y malestar en la garganta.&nbsp;Hay algunos que dicen que pierden totalmente la voz\u201d, sostuvo el experto que es profesor de la Universidad Nacional de C\u00f3rdoba.<\/p>\n\n\n\n<p>Y agreg\u00f3: \u201cNo hay ninguna duda que las personas que est\u00e1n vacunadas tienen un caudal de anticuerpos que los protege. Por eso nosotros desde hace ya largo tiempo venimos insistiendo, que la vacuna debe ser actualizada independientemente de la cantidad de dosis que se tenga.&nbsp;El que est\u00e1 vacunado puede tener alg\u00fan signo o s\u00edntoma leve, pero no va a ser nada grave. De todos modos, quiero que sepas que todav\u00eda hay gente que est\u00e1 internada, no por Frankestein o Stratus, sino por otras. Pero son gente sin vacunaci\u00f3n, lo mismo que todas las enfermedades respiratorias que tenemos. Son gente que no est\u00e1 vacunada\u201d.<\/p>\n\n\n\n<p>Para finalizar, Pizzi afirm\u00f3: \u201cLas vacunas en general sirven por su constituci\u00f3n cl\u00e1sica, como la Arvac,&nbsp;porque es muy parecida a la de la de la hepatitis B en cuanto a su funcionamiento, e incluso puede ser modificada con una nueva variante, llegado el momento. Lo mismo que las ARN mensajero\u201d.<\/p>\n\n\n\n<p><em>Cu\u00e1les son los s\u00edntomas de la variante XFG, conocida como \u201cFrankenstein\u201d<\/em><\/p>\n\n\n\n<p>Los&nbsp;s\u00edntomas provocados por la XFG son similares a los de otras variantes del COVID-19,&nbsp;aunque con un rasgo distintivo: la ronquera. La&nbsp;p\u00e9rdida de voz o afon\u00eda&nbsp;se ha convertido en un signo temprano de la infecci\u00f3n, lo que permite a los m\u00e9dicos diferenciarla de otras variantes.<\/p>\n\n\n\n<p>A esta caracter\u00edstica se suman los s\u00edntomas comunes de la enfermedad, como&nbsp;fiebre, dolor de garganta, tos seca, fatiga y malestar general.&nbsp;Aunque la XFG no parece provocar un mayor n\u00famero de hospitalizaciones que otras variantes, su r\u00e1pida propagaci\u00f3n ha encendido las alarmas en diversas partes del mundo.<\/p>\n\n\n\n<p>Una de las principales preocupaciones sobre la variante XFG es su capacidad de propagarse r\u00e1pidamente, lo que podr\u00eda llevar a un repunte de casos en regiones donde ya se hab\u00edan logrado avances significativos en el control de la pandemia.&nbsp;Este fen\u00f3meno ya se ha observado en Espa\u00f1a, donde los contagios se triplicaron en cuesti\u00f3n de semanas. Los expertos atribuyen este aumento a la r\u00e1pida expansi\u00f3n de Stratus, que, al igual que sus variantes predecesoras, no muestra una tasa de mortalidad significativamente m\u00e1s alta, pero s\u00ed una mayor tasa de transmisi\u00f3n.<\/p>\n\n\n\n<p><\/p>\n\n\n\n<p><\/p>\n\n\n\n<p><\/p>\n\n\n\n<p><\/p>\n\n\n\n<p><\/p>\n\n\n\n<p>(Infobae)<\/p>","protected":false},"excerpt":{"rendered":"<p>La variante XFG, tambi\u00e9n conocida como&nbsp;Stratus o \u201cFrankenstein\u201d,&nbsp;se convirti\u00f3 en el centro de atenci\u00f3n de la&nbsp;Organizaci\u00f3n Mundial de la Salud (OMS)&nbsp;desde hace ya algunas semanas, cuando el organismo alert\u00f3 sobre su r\u00e1pida expansi\u00f3n a nivel global. XFG es una subvariante de&nbsp;\u00d3micron, surgida de la&nbsp;recombinaci\u00f3n gen\u00e9tica de las variantes LF.7 y LP.8.1.2,&nbsp;comenz\u00f3 a preocupar a las&hellip;<\/p>","protected":false},"author":2,"featured_media":3175,"comment_status":"open","ping_status":"open","sticky":false,"template":"","format":"standard","meta":{"_et_pb_use_builder":"","_et_pb_old_content":"","_et_gb_content_width":"","footnotes":""},"categories":[245],"tags":[273,372,373,374],"class_list":["post-3174","post","type-post","status-publish","format-standard","has-post-thumbnail","hentry","category-internacionales","tag-brasil","tag-covid","tag-enfermedad","tag-oms"],"yoast_head":"<!-- This site is optimized with the Yoast SEO plugin v27.4 - https:\/\/yoast.com\/product\/yoast-seo-wordpress\/ -->\n<title>Detectaron en Brasil una nueva variante del COVID a la que llaman \u201cFrankenstein\u201d - La G Noticias<\/title>\n<meta name=\"robots\" content=\"index, follow, max-snippet:-1, max-image-preview:large, max-video-preview:-1\" \/>\n<link rel=\"canonical\" href=\"https:\/\/lagnoticias.com\/en\/2025\/07\/18\/detectaron-en-brasil-una-nueva-variante-del-covid-a-la-que-llaman-frankenstein\/\" \/>\n<meta property=\"og:locale\" content=\"en_US\" \/>\n<meta property=\"og:type\" content=\"article\" \/>\n<meta property=\"og:title\" content=\"Detectaron en Brasil una nueva variante del COVID a la que llaman \u201cFrankenstein\u201d - La G Noticias\" \/>\n<meta property=\"og:description\" content=\"La variante XFG, tambi\u00e9n conocida como&nbsp;Stratus o \u201cFrankenstein\u201d,&nbsp;se convirti\u00f3 en el centro de atenci\u00f3n de la&nbsp;Organizaci\u00f3n Mundial de la Salud (OMS)&nbsp;desde hace ya algunas semanas, cuando el organismo alert\u00f3 sobre su r\u00e1pida expansi\u00f3n a nivel global. XFG es una subvariante de&nbsp;\u00d3micron, surgida de la&nbsp;recombinaci\u00f3n gen\u00e9tica de las variantes LF.7 y LP.8.1.2,&nbsp;comenz\u00f3 a preocupar a las&hellip;\" \/>\n<meta property=\"og:url\" content=\"https:\/\/lagnoticias.com\/en\/2025\/07\/18\/detectaron-en-brasil-una-nueva-variante-del-covid-a-la-que-llaman-frankenstein\/\" \/>\n<meta property=\"og:site_name\" content=\"La G Noticias\" \/>\n<meta property=\"article:publisher\" content=\"https:\/\/www.facebook.com\/LaGNoticias\" \/>\n<meta property=\"article:published_time\" content=\"2025-07-18T20:39:32+00:00\" \/>\n<meta property=\"og:image\" content=\"https:\/\/lagnoticias.com\/wp-content\/uploads\/2025\/07\/9-4.jpg\" \/>\n\t<meta property=\"og:image:width\" content=\"992\" \/>\n\t<meta property=\"og:image:height\" content=\"558\" \/>\n\t<meta property=\"og:image:type\" content=\"image\/jpeg\" \/>\n<meta name=\"author\" content=\"Oscar\" \/>\n<meta name=\"twitter:card\" content=\"summary_large_image\" \/>\n<meta name=\"twitter:creator\" content=\"@lagnoticias\" \/>\n<meta name=\"twitter:site\" content=\"@lagnoticias\" \/>\n<meta name=\"twitter:label1\" content=\"Written by\" \/>\n\t<meta name=\"twitter:data1\" content=\"Oscar\" \/>\n\t<meta name=\"twitter:label2\" content=\"Est. reading time\" \/>\n\t<meta name=\"twitter:data2\" content=\"6 minutes\" \/>\n<script type=\"application\/ld+json\" class=\"yoast-schema-graph\">{\"@context\":\"https:\\\/\\\/schema.org\",\"@graph\":[{\"@type\":\"Article\",\"@id\":\"https:\\\/\\\/lagnoticias.com\\\/2025\\\/07\\\/18\\\/detectaron-en-brasil-una-nueva-variante-del-covid-a-la-que-llaman-frankenstein\\\/#article\",\"isPartOf\":{\"@id\":\"https:\\\/\\\/lagnoticias.com\\\/2025\\\/07\\\/18\\\/detectaron-en-brasil-una-nueva-variante-del-covid-a-la-que-llaman-frankenstein\\\/\"},\"author\":{\"name\":\"Oscar\",\"@id\":\"https:\\\/\\\/lagnoticias.com\\\/#\\\/schema\\\/person\\\/cb9bfe13f8de05d2c55270be25c6a550\"},\"headline\":\"Detectaron en Brasil una nueva variante del COVID a la que llaman \u201cFrankenstein\u201d\",\"datePublished\":\"2025-07-18T20:39:32+00:00\",\"mainEntityOfPage\":{\"@id\":\"https:\\\/\\\/lagnoticias.com\\\/2025\\\/07\\\/18\\\/detectaron-en-brasil-una-nueva-variante-del-covid-a-la-que-llaman-frankenstein\\\/\"},\"wordCount\":1328,\"commentCount\":0,\"image\":{\"@id\":\"https:\\\/\\\/lagnoticias.com\\\/2025\\\/07\\\/18\\\/detectaron-en-brasil-una-nueva-variante-del-covid-a-la-que-llaman-frankenstein\\\/#primaryimage\"},\"thumbnailUrl\":\"https:\\\/\\\/lagnoticias.com\\\/wp-content\\\/uploads\\\/2025\\\/07\\\/9-4.jpg\",\"keywords\":[\"BRASIL\",\"COVID\",\"ENFERMEDAD\",\"OMS\"],\"articleSection\":[\"INTERNACIONALES\"],\"inLanguage\":\"en-US\",\"potentialAction\":[{\"@type\":\"CommentAction\",\"name\":\"Comment\",\"target\":[\"https:\\\/\\\/lagnoticias.com\\\/2025\\\/07\\\/18\\\/detectaron-en-brasil-una-nueva-variante-del-covid-a-la-que-llaman-frankenstein\\\/#respond\"]}]},{\"@type\":\"WebPage\",\"@id\":\"https:\\\/\\\/lagnoticias.com\\\/2025\\\/07\\\/18\\\/detectaron-en-brasil-una-nueva-variante-del-covid-a-la-que-llaman-frankenstein\\\/\",\"url\":\"https:\\\/\\\/lagnoticias.com\\\/2025\\\/07\\\/18\\\/detectaron-en-brasil-una-nueva-variante-del-covid-a-la-que-llaman-frankenstein\\\/\",\"name\":\"Detectaron en Brasil una nueva variante del COVID a la que llaman \u201cFrankenstein\u201d - La G Noticias\",\"isPartOf\":{\"@id\":\"https:\\\/\\\/lagnoticias.com\\\/#website\"},\"primaryImageOfPage\":{\"@id\":\"https:\\\/\\\/lagnoticias.com\\\/2025\\\/07\\\/18\\\/detectaron-en-brasil-una-nueva-variante-del-covid-a-la-que-llaman-frankenstein\\\/#primaryimage\"},\"image\":{\"@id\":\"https:\\\/\\\/lagnoticias.com\\\/2025\\\/07\\\/18\\\/detectaron-en-brasil-una-nueva-variante-del-covid-a-la-que-llaman-frankenstein\\\/#primaryimage\"},\"thumbnailUrl\":\"https:\\\/\\\/lagnoticias.com\\\/wp-content\\\/uploads\\\/2025\\\/07\\\/9-4.jpg\",\"datePublished\":\"2025-07-18T20:39:32+00:00\",\"author\":{\"@id\":\"https:\\\/\\\/lagnoticias.com\\\/#\\\/schema\\\/person\\\/cb9bfe13f8de05d2c55270be25c6a550\"},\"breadcrumb\":{\"@id\":\"https:\\\/\\\/lagnoticias.com\\\/2025\\\/07\\\/18\\\/detectaron-en-brasil-una-nueva-variante-del-covid-a-la-que-llaman-frankenstein\\\/#breadcrumb\"},\"inLanguage\":\"en-US\",\"potentialAction\":[{\"@type\":\"ReadAction\",\"target\":[\"https:\\\/\\\/lagnoticias.com\\\/2025\\\/07\\\/18\\\/detectaron-en-brasil-una-nueva-variante-del-covid-a-la-que-llaman-frankenstein\\\/\"]}]},{\"@type\":\"ImageObject\",\"inLanguage\":\"en-US\",\"@id\":\"https:\\\/\\\/lagnoticias.com\\\/2025\\\/07\\\/18\\\/detectaron-en-brasil-una-nueva-variante-del-covid-a-la-que-llaman-frankenstein\\\/#primaryimage\",\"url\":\"https:\\\/\\\/lagnoticias.com\\\/wp-content\\\/uploads\\\/2025\\\/07\\\/9-4.jpg\",\"contentUrl\":\"https:\\\/\\\/lagnoticias.com\\\/wp-content\\\/uploads\\\/2025\\\/07\\\/9-4.jpg\",\"width\":992,\"height\":558},{\"@type\":\"BreadcrumbList\",\"@id\":\"https:\\\/\\\/lagnoticias.com\\\/2025\\\/07\\\/18\\\/detectaron-en-brasil-una-nueva-variante-del-covid-a-la-que-llaman-frankenstein\\\/#breadcrumb\",\"itemListElement\":[{\"@type\":\"ListItem\",\"position\":1,\"name\":\"Portada\",\"item\":\"https:\\\/\\\/lagnoticias.com\\\/\"},{\"@type\":\"ListItem\",\"position\":2,\"name\":\"Detectaron en Brasil una nueva variante del COVID a la que llaman \u201cFrankenstein\u201d\"}]},{\"@type\":\"WebSite\",\"@id\":\"https:\\\/\\\/lagnoticias.com\\\/#website\",\"url\":\"https:\\\/\\\/lagnoticias.com\\\/\",\"name\":\"La G Noticias\",\"description\":\"Noticias Positivas\",\"potentialAction\":[{\"@type\":\"SearchAction\",\"target\":{\"@type\":\"EntryPoint\",\"urlTemplate\":\"https:\\\/\\\/lagnoticias.com\\\/?s={search_term_string}\"},\"query-input\":{\"@type\":\"PropertyValueSpecification\",\"valueRequired\":true,\"valueName\":\"search_term_string\"}}],\"inLanguage\":\"en-US\"},{\"@type\":\"Person\",\"@id\":\"https:\\\/\\\/lagnoticias.com\\\/#\\\/schema\\\/person\\\/cb9bfe13f8de05d2c55270be25c6a550\",\"name\":\"Oscar\",\"image\":{\"@type\":\"ImageObject\",\"inLanguage\":\"en-US\",\"@id\":\"https:\\\/\\\/secure.gravatar.com\\\/avatar\\\/45c195718f652dc7ffdd591dc1f2678956ab7fdadcd359a635edc61304a8c757?s=96&d=mm&r=g\",\"url\":\"https:\\\/\\\/secure.gravatar.com\\\/avatar\\\/45c195718f652dc7ffdd591dc1f2678956ab7fdadcd359a635edc61304a8c757?s=96&d=mm&r=g\",\"contentUrl\":\"https:\\\/\\\/secure.gravatar.com\\\/avatar\\\/45c195718f652dc7ffdd591dc1f2678956ab7fdadcd359a635edc61304a8c757?s=96&d=mm&r=g\",\"caption\":\"Oscar\"},\"url\":\"https:\\\/\\\/lagnoticias.com\\\/en\\\/author\\\/oscar\\\/\"}]}<\/script>\n<!-- \/ Yoast SEO plugin. -->","yoast_head_json":{"title":"Detectaron en Brasil una nueva variante del COVID a la que llaman \u201cFrankenstein\u201d - La G Noticias","robots":{"index":"index","follow":"follow","max-snippet":"max-snippet:-1","max-image-preview":"max-image-preview:large","max-video-preview":"max-video-preview:-1"},"canonical":"https:\/\/lagnoticias.com\/en\/2025\/07\/18\/detectaron-en-brasil-una-nueva-variante-del-covid-a-la-que-llaman-frankenstein\/","og_locale":"en_US","og_type":"article","og_title":"Detectaron en Brasil una nueva variante del COVID a la que llaman \u201cFrankenstein\u201d - La G Noticias","og_description":"La variante XFG, tambi\u00e9n conocida como&nbsp;Stratus o \u201cFrankenstein\u201d,&nbsp;se convirti\u00f3 en el centro de atenci\u00f3n de la&nbsp;Organizaci\u00f3n Mundial de la Salud (OMS)&nbsp;desde hace ya algunas semanas, cuando el organismo alert\u00f3 sobre su r\u00e1pida expansi\u00f3n a nivel global. XFG es una subvariante de&nbsp;\u00d3micron, surgida de la&nbsp;recombinaci\u00f3n gen\u00e9tica de las variantes LF.7 y LP.8.1.2,&nbsp;comenz\u00f3 a preocupar a las&hellip;","og_url":"https:\/\/lagnoticias.com\/en\/2025\/07\/18\/detectaron-en-brasil-una-nueva-variante-del-covid-a-la-que-llaman-frankenstein\/","og_site_name":"La G Noticias","article_publisher":"https:\/\/www.facebook.com\/LaGNoticias","article_published_time":"2025-07-18T20:39:32+00:00","og_image":[{"width":992,"height":558,"url":"https:\/\/lagnoticias.com\/wp-content\/uploads\/2025\/07\/9-4.jpg","type":"image\/jpeg"}],"author":"Oscar","twitter_card":"summary_large_image","twitter_creator":"@lagnoticias","twitter_site":"@lagnoticias","twitter_misc":{"Written by":"Oscar","Est. reading time":"6 minutes"},"schema":{"@context":"https:\/\/schema.org","@graph":[{"@type":"Article","@id":"https:\/\/lagnoticias.com\/2025\/07\/18\/detectaron-en-brasil-una-nueva-variante-del-covid-a-la-que-llaman-frankenstein\/#article","isPartOf":{"@id":"https:\/\/lagnoticias.com\/2025\/07\/18\/detectaron-en-brasil-una-nueva-variante-del-covid-a-la-que-llaman-frankenstein\/"},"author":{"name":"Oscar","@id":"https:\/\/lagnoticias.com\/#\/schema\/person\/cb9bfe13f8de05d2c55270be25c6a550"},"headline":"Detectaron en Brasil una nueva variante del COVID a la que llaman \u201cFrankenstein\u201d","datePublished":"2025-07-18T20:39:32+00:00","mainEntityOfPage":{"@id":"https:\/\/lagnoticias.com\/2025\/07\/18\/detectaron-en-brasil-una-nueva-variante-del-covid-a-la-que-llaman-frankenstein\/"},"wordCount":1328,"commentCount":0,"image":{"@id":"https:\/\/lagnoticias.com\/2025\/07\/18\/detectaron-en-brasil-una-nueva-variante-del-covid-a-la-que-llaman-frankenstein\/#primaryimage"},"thumbnailUrl":"https:\/\/lagnoticias.com\/wp-content\/uploads\/2025\/07\/9-4.jpg","keywords":["BRASIL","COVID","ENFERMEDAD","OMS"],"articleSection":["INTERNACIONALES"],"inLanguage":"en-US","potentialAction":[{"@type":"CommentAction","name":"Comment","target":["https:\/\/lagnoticias.com\/2025\/07\/18\/detectaron-en-brasil-una-nueva-variante-del-covid-a-la-que-llaman-frankenstein\/#respond"]}]},{"@type":"WebPage","@id":"https:\/\/lagnoticias.com\/2025\/07\/18\/detectaron-en-brasil-una-nueva-variante-del-covid-a-la-que-llaman-frankenstein\/","url":"https:\/\/lagnoticias.com\/2025\/07\/18\/detectaron-en-brasil-una-nueva-variante-del-covid-a-la-que-llaman-frankenstein\/","name":"Detectaron en Brasil una nueva variante del COVID a la que llaman \u201cFrankenstein\u201d - La G Noticias","isPartOf":{"@id":"https:\/\/lagnoticias.com\/#website"},"primaryImageOfPage":{"@id":"https:\/\/lagnoticias.com\/2025\/07\/18\/detectaron-en-brasil-una-nueva-variante-del-covid-a-la-que-llaman-frankenstein\/#primaryimage"},"image":{"@id":"https:\/\/lagnoticias.com\/2025\/07\/18\/detectaron-en-brasil-una-nueva-variante-del-covid-a-la-que-llaman-frankenstein\/#primaryimage"},"thumbnailUrl":"https:\/\/lagnoticias.com\/wp-content\/uploads\/2025\/07\/9-4.jpg","datePublished":"2025-07-18T20:39:32+00:00","author":{"@id":"https:\/\/lagnoticias.com\/#\/schema\/person\/cb9bfe13f8de05d2c55270be25c6a550"},"breadcrumb":{"@id":"https:\/\/lagnoticias.com\/2025\/07\/18\/detectaron-en-brasil-una-nueva-variante-del-covid-a-la-que-llaman-frankenstein\/#breadcrumb"},"inLanguage":"en-US","potentialAction":[{"@type":"ReadAction","target":["https:\/\/lagnoticias.com\/2025\/07\/18\/detectaron-en-brasil-una-nueva-variante-del-covid-a-la-que-llaman-frankenstein\/"]}]},{"@type":"ImageObject","inLanguage":"en-US","@id":"https:\/\/lagnoticias.com\/2025\/07\/18\/detectaron-en-brasil-una-nueva-variante-del-covid-a-la-que-llaman-frankenstein\/#primaryimage","url":"https:\/\/lagnoticias.com\/wp-content\/uploads\/2025\/07\/9-4.jpg","contentUrl":"https:\/\/lagnoticias.com\/wp-content\/uploads\/2025\/07\/9-4.jpg","width":992,"height":558},{"@type":"BreadcrumbList","@id":"https:\/\/lagnoticias.com\/2025\/07\/18\/detectaron-en-brasil-una-nueva-variante-del-covid-a-la-que-llaman-frankenstein\/#breadcrumb","itemListElement":[{"@type":"ListItem","position":1,"name":"Portada","item":"https:\/\/lagnoticias.com\/"},{"@type":"ListItem","position":2,"name":"Detectaron en Brasil una nueva variante del COVID a la que llaman \u201cFrankenstein\u201d"}]},{"@type":"WebSite","@id":"https:\/\/lagnoticias.com\/#website","url":"https:\/\/lagnoticias.com\/","name":"La G Noticias","description":"Noticias Positivas","potentialAction":[{"@type":"SearchAction","target":{"@type":"EntryPoint","urlTemplate":"https:\/\/lagnoticias.com\/?s={search_term_string}"},"query-input":{"@type":"PropertyValueSpecification","valueRequired":true,"valueName":"search_term_string"}}],"inLanguage":"en-US"},{"@type":"Person","@id":"https:\/\/lagnoticias.com\/#\/schema\/person\/cb9bfe13f8de05d2c55270be25c6a550","name":"Oscar","image":{"@type":"ImageObject","inLanguage":"en-US","@id":"https:\/\/secure.gravatar.com\/avatar\/45c195718f652dc7ffdd591dc1f2678956ab7fdadcd359a635edc61304a8c757?s=96&d=mm&r=g","url":"https:\/\/secure.gravatar.com\/avatar\/45c195718f652dc7ffdd591dc1f2678956ab7fdadcd359a635edc61304a8c757?s=96&d=mm&r=g","contentUrl":"https:\/\/secure.gravatar.com\/avatar\/45c195718f652dc7ffdd591dc1f2678956ab7fdadcd359a635edc61304a8c757?s=96&d=mm&r=g","caption":"Oscar"},"url":"https:\/\/lagnoticias.com\/en\/author\/oscar\/"}]}},"_links":{"self":[{"href":"https:\/\/lagnoticias.com\/en\/wp-json\/wp\/v2\/posts\/3174","targetHints":{"allow":["GET"]}}],"collection":[{"href":"https:\/\/lagnoticias.com\/en\/wp-json\/wp\/v2\/posts"}],"about":[{"href":"https:\/\/lagnoticias.com\/en\/wp-json\/wp\/v2\/types\/post"}],"author":[{"embeddable":true,"href":"https:\/\/lagnoticias.com\/en\/wp-json\/wp\/v2\/users\/2"}],"replies":[{"embeddable":true,"href":"https:\/\/lagnoticias.com\/en\/wp-json\/wp\/v2\/comments?post=3174"}],"version-history":[{"count":1,"href":"https:\/\/lagnoticias.com\/en\/wp-json\/wp\/v2\/posts\/3174\/revisions"}],"predecessor-version":[{"id":3176,"href":"https:\/\/lagnoticias.com\/en\/wp-json\/wp\/v2\/posts\/3174\/revisions\/3176"}],"wp:featuredmedia":[{"embeddable":true,"href":"https:\/\/lagnoticias.com\/en\/wp-json\/wp\/v2\/media\/3175"}],"wp:attachment":[{"href":"https:\/\/lagnoticias.com\/en\/wp-json\/wp\/v2\/media?parent=3174"}],"wp:term":[{"taxonomy":"category","embeddable":true,"href":"https:\/\/lagnoticias.com\/en\/wp-json\/wp\/v2\/categories?post=3174"},{"taxonomy":"post_tag","embeddable":true,"href":"https:\/\/lagnoticias.com\/en\/wp-json\/wp\/v2\/tags?post=3174"}],"curies":[{"name":"wp","href":"https:\/\/api.w.org\/{rel}","templated":true}]}}