{"id":3012,"date":"2025-07-15T12:12:54","date_gmt":"2025-07-15T18:12:54","guid":{"rendered":"https:\/\/lagnoticias.com\/?p=3012"},"modified":"2025-07-15T12:12:54","modified_gmt":"2025-07-15T18:12:54","slug":"la-fifa-anuncia-cuando-y-como-comenzaran-a-venderse-las-entradas-para-el-mundial-2026","status":"publish","type":"post","link":"https:\/\/lagnoticias.com\/en\/2025\/07\/15\/la-fifa-anuncia-cuando-y-como-comenzaran-a-venderse-las-entradas-para-el-mundial-2026\/","title":{"rendered":"La FIFA anuncia cu\u00e1ndo y c\u00f3mo comenzar\u00e1n a venderse las entradas para el Mundial 2026"},"content":{"rendered":"<p>Del 11 de junio al 18 de julio de 2026 se llevar\u00e1 a cabo la&nbsp;Copa del Mundo FIFA, la cual se desarrollar\u00e1 en&nbsp;Estados Unidos,&nbsp;M\u00e9xico&nbsp;y&nbsp;Canad\u00e1, y en la que la selecci\u00f3n argentina defender\u00e1 el t\u00edtulo conseguido cuatro a\u00f1os atr\u00e1s en Qatar 2022. Este martes, la casa madre del f\u00fatbol dio a conocer la fecha en la que comenzar\u00e1n a venderse las entradas y los puntos claves para adquirirlas.<\/p>\n\n\n\n<p>La principal informaci\u00f3n que dio la FIFA de acuerdo con los tickets para el p\u00fablico es que&nbsp;se pondr\u00e1n a la venta en etapas&nbsp;y el primer per\u00edodo de solicitud para la fase de selecci\u00f3n aleatoria empezar\u00e1 el pr\u00f3ximo&nbsp;mi\u00e9rcoles 10 de septiembre. Asimismo, la Casa del F\u00fatbol public\u00f3 que los aficionados deber\u00e1n crear una&nbsp;FIFA ID&nbsp;en la p\u00e1gina oficial.&nbsp;Adem\u00e1s, el organismo recomienda a los seguidores que utilicen exclusivamente este canal oficial, ya que los paquetes de hospitalidad y entradas adquiridos fuera de los canales autorizados podr\u00edan no ser v\u00e1lidos.<\/p>\n\n\n\n<p>\u201cTras la celebraci\u00f3n del Mundial de Clubes en Estados Unidos, que ha sido un \u00e9xito rotundo, la expectativa para la Copa Mundial de la FIFA 26 no deja de crecer. Queremos dar la bienvenida al mundo de nuevo en Norteam\u00e9rica durante el certamen deportivo m\u00e1s importante del mundo, que se celebrar\u00e1 en Canad\u00e1, M\u00e9xico y Estados Unidos.&nbsp;Animamos a los aficionados de todos los rincones del planeta a que se preparen para asegurarse una de las localidades m\u00e1s codiciadas del mundo del deporte\u201d, afirm\u00f3 Gianni Infantino, presidente de la FIFA.<\/p>\n\n\n\n<p>El Mundial, que se celebrar\u00e1 en&nbsp;Canad\u00e1,&nbsp;M\u00e9xico&nbsp;y&nbsp;Estados Unidos, dar\u00e1 inicio el jueves 11 de junio de 2026 en&nbsp;Ciudad de M\u00e9xico&nbsp;y concluir\u00e1 el domingo 19 de julio en el estadio&nbsp;MetLife&nbsp;de&nbsp;Nueva Jersey, sede que recientemente acogi\u00f3 la final del Mundial de Clubes FIFA. En esa competici\u00f3n, 32 equipos participaron y casi&nbsp;2,5 millones de aficionados&nbsp;asistieron a los partidos en 11 ciudades anfitrionas de Estados Unidos, anticipando la magnitud del evento del pr\u00f3ximo a\u00f1o.<\/p>\n\n\n\n<p>La&nbsp;Copa Mundial de la FIFA 2026&nbsp;ser\u00e1 la m\u00e1s extensa de la historia, con&nbsp;48 selecciones,&nbsp;104 partidos&nbsp;y una previsi\u00f3n de&nbsp;6,5 millones de asistentes. En la comunicaci\u00f3n oficial, la FIFA aconsej\u00f3 a los aficionados que inicien sus preparativos cuanto antes para asegurar su presencia en este acontecimiento.<\/p>\n\n\n\n<p>El proceso de venta de entradas se organizar\u00e1 en varias fases,&nbsp;desde el 10 de septiembre hasta el 19 de julio de 2026, d\u00eda de la final del Mundial. Adem\u00e1s, se inform\u00f3 que cada fase podr\u00e1 diferir en cuanto a m\u00e9todos de compra, formas de pago y tipos de entradas disponibles.&nbsp;En los pr\u00f3ximos meses se publicar\u00e1n detalles espec\u00edficos sobre cada etapa. Los aficionados que se inscriban y creen su FIFA ID recibir\u00e1n informaci\u00f3n actualizada sobre las fechas y procedimientos de venta.<\/p>\n\n\n\n<p>Por otro lado, el sorteo del Mundial tendr\u00e1 lugar en diciembre, momento en el que se definir\u00e1n los grupos y&nbsp;se asignar\u00e1n los calendarios de partidos, incluidas sedes y horarios. Asimismo, la FIFA recuerda que la compra de una entrada no garantiza la admisi\u00f3n a los pa\u00edses anfitriones, por lo que recomienda consultar las p\u00e1ginas oficiales de los gobiernos de Canad\u00e1, M\u00e9xico y Estados Unidos para conocer los requisitos de entrada.<\/p>\n\n\n\n<p><\/p>\n\n\n\n<p><\/p>\n\n\n\n<p>(Infobae)<\/p>","protected":false},"excerpt":{"rendered":"<p>Del 11 de junio al 18 de julio de 2026 se llevar\u00e1 a cabo la&nbsp;Copa del Mundo FIFA, la cual se desarrollar\u00e1 en&nbsp;Estados Unidos,&nbsp;M\u00e9xico&nbsp;y&nbsp;Canad\u00e1, y en la que la selecci\u00f3n argentina defender\u00e1 el t\u00edtulo conseguido cuatro a\u00f1os atr\u00e1s en Qatar 2022. Este martes, la casa madre del f\u00fatbol dio a conocer la fecha en la&hellip;<\/p>","protected":false},"author":2,"featured_media":3013,"comment_status":"open","ping_status":"open","sticky":false,"template":"","format":"standard","meta":{"_et_pb_use_builder":"","_et_pb_old_content":"","_et_gb_content_width":"","footnotes":""},"categories":[248],"tags":[288,284,260,285,286,287,283],"class_list":["post-3012","post","type-post","status-publish","format-standard","has-post-thumbnail","hentry","category-deportes","tag-canada","tag-copa-del-mundo-fifa","tag-estados-unidos","tag-fifa","tag-futbol","tag-mexico","tag-mundial-2026"],"yoast_head":"<!-- This site is optimized with the Yoast SEO plugin v27.4 - https:\/\/yoast.com\/product\/yoast-seo-wordpress\/ -->\n<title>La FIFA anuncia cu\u00e1ndo y c\u00f3mo comenzar\u00e1n a venderse las entradas para el Mundial 2026 - La G Noticias<\/title>\n<meta name=\"robots\" content=\"index, follow, max-snippet:-1, max-image-preview:large, max-video-preview:-1\" \/>\n<link rel=\"canonical\" href=\"https:\/\/lagnoticias.com\/en\/2025\/07\/15\/la-fifa-anuncia-cuando-y-como-comenzaran-a-venderse-las-entradas-para-el-mundial-2026\/\" \/>\n<meta property=\"og:locale\" content=\"en_US\" \/>\n<meta property=\"og:type\" content=\"article\" \/>\n<meta property=\"og:title\" content=\"La FIFA anuncia cu\u00e1ndo y c\u00f3mo comenzar\u00e1n a venderse las entradas para el Mundial 2026 - La G Noticias\" \/>\n<meta property=\"og:description\" content=\"Del 11 de junio al 18 de julio de 2026 se llevar\u00e1 a cabo la&nbsp;Copa del Mundo FIFA, la cual se desarrollar\u00e1 en&nbsp;Estados Unidos,&nbsp;M\u00e9xico&nbsp;y&nbsp;Canad\u00e1, y en la que la selecci\u00f3n argentina defender\u00e1 el t\u00edtulo conseguido cuatro a\u00f1os atr\u00e1s en Qatar 2022. Este martes, la casa madre del f\u00fatbol dio a conocer la fecha en la&hellip;\" \/>\n<meta property=\"og:url\" content=\"https:\/\/lagnoticias.com\/en\/2025\/07\/15\/la-fifa-anuncia-cuando-y-como-comenzaran-a-venderse-las-entradas-para-el-mundial-2026\/\" \/>\n<meta property=\"og:site_name\" content=\"La G Noticias\" \/>\n<meta property=\"article:publisher\" content=\"https:\/\/www.facebook.com\/LaGNoticias\" \/>\n<meta property=\"article:published_time\" content=\"2025-07-15T18:12:54+00:00\" \/>\n<meta property=\"og:image\" content=\"https:\/\/lagnoticias.com\/wp-content\/uploads\/2025\/07\/6840bcced425d.r_d.1116-950.webp\" \/>\n\t<meta property=\"og:image:width\" content=\"832\" \/>\n\t<meta property=\"og:image:height\" content=\"468\" \/>\n\t<meta property=\"og:image:type\" content=\"image\/webp\" \/>\n<meta name=\"author\" content=\"Oscar\" \/>\n<meta name=\"twitter:card\" content=\"summary_large_image\" \/>\n<meta name=\"twitter:creator\" content=\"@lagnoticias\" \/>\n<meta name=\"twitter:site\" content=\"@lagnoticias\" \/>\n<meta name=\"twitter:label1\" content=\"Written by\" \/>\n\t<meta name=\"twitter:data1\" content=\"Oscar\" \/>\n\t<meta name=\"twitter:label2\" content=\"Est. reading time\" \/>\n\t<meta name=\"twitter:data2\" content=\"3 minutes\" \/>\n<script type=\"application\/ld+json\" class=\"yoast-schema-graph\">{\"@context\":\"https:\\\/\\\/schema.org\",\"@graph\":[{\"@type\":\"Article\",\"@id\":\"https:\\\/\\\/lagnoticias.com\\\/2025\\\/07\\\/15\\\/la-fifa-anuncia-cuando-y-como-comenzaran-a-venderse-las-entradas-para-el-mundial-2026\\\/#article\",\"isPartOf\":{\"@id\":\"https:\\\/\\\/lagnoticias.com\\\/2025\\\/07\\\/15\\\/la-fifa-anuncia-cuando-y-como-comenzaran-a-venderse-las-entradas-para-el-mundial-2026\\\/\"},\"author\":{\"name\":\"Oscar\",\"@id\":\"https:\\\/\\\/lagnoticias.com\\\/#\\\/schema\\\/person\\\/cb9bfe13f8de05d2c55270be25c6a550\"},\"headline\":\"La FIFA anuncia cu\u00e1ndo y c\u00f3mo comenzar\u00e1n a venderse las entradas para el Mundial 2026\",\"datePublished\":\"2025-07-15T18:12:54+00:00\",\"mainEntityOfPage\":{\"@id\":\"https:\\\/\\\/lagnoticias.com\\\/2025\\\/07\\\/15\\\/la-fifa-anuncia-cuando-y-como-comenzaran-a-venderse-las-entradas-para-el-mundial-2026\\\/\"},\"wordCount\":615,\"commentCount\":0,\"image\":{\"@id\":\"https:\\\/\\\/lagnoticias.com\\\/2025\\\/07\\\/15\\\/la-fifa-anuncia-cuando-y-como-comenzaran-a-venderse-las-entradas-para-el-mundial-2026\\\/#primaryimage\"},\"thumbnailUrl\":\"https:\\\/\\\/lagnoticias.com\\\/wp-content\\\/uploads\\\/2025\\\/07\\\/6840bcced425d.r_d.1116-950.webp\",\"keywords\":[\"CANAD\u00c1\",\"Copa del Mundo FIFA\",\"ESTADOS UNIDOS\",\"FIFA\",\"F\u00daTBOL\",\"M\u00c9XICO\",\"MUNDIAL 2026\"],\"articleSection\":[\"DEPORTES\"],\"inLanguage\":\"en-US\",\"potentialAction\":[{\"@type\":\"CommentAction\",\"name\":\"Comment\",\"target\":[\"https:\\\/\\\/lagnoticias.com\\\/2025\\\/07\\\/15\\\/la-fifa-anuncia-cuando-y-como-comenzaran-a-venderse-las-entradas-para-el-mundial-2026\\\/#respond\"]}]},{\"@type\":\"WebPage\",\"@id\":\"https:\\\/\\\/lagnoticias.com\\\/2025\\\/07\\\/15\\\/la-fifa-anuncia-cuando-y-como-comenzaran-a-venderse-las-entradas-para-el-mundial-2026\\\/\",\"url\":\"https:\\\/\\\/lagnoticias.com\\\/2025\\\/07\\\/15\\\/la-fifa-anuncia-cuando-y-como-comenzaran-a-venderse-las-entradas-para-el-mundial-2026\\\/\",\"name\":\"La FIFA anuncia cu\u00e1ndo y c\u00f3mo comenzar\u00e1n a venderse las entradas para el Mundial 2026 - La G Noticias\",\"isPartOf\":{\"@id\":\"https:\\\/\\\/lagnoticias.com\\\/#website\"},\"primaryImageOfPage\":{\"@id\":\"https:\\\/\\\/lagnoticias.com\\\/2025\\\/07\\\/15\\\/la-fifa-anuncia-cuando-y-como-comenzaran-a-venderse-las-entradas-para-el-mundial-2026\\\/#primaryimage\"},\"image\":{\"@id\":\"https:\\\/\\\/lagnoticias.com\\\/2025\\\/07\\\/15\\\/la-fifa-anuncia-cuando-y-como-comenzaran-a-venderse-las-entradas-para-el-mundial-2026\\\/#primaryimage\"},\"thumbnailUrl\":\"https:\\\/\\\/lagnoticias.com\\\/wp-content\\\/uploads\\\/2025\\\/07\\\/6840bcced425d.r_d.1116-950.webp\",\"datePublished\":\"2025-07-15T18:12:54+00:00\",\"author\":{\"@id\":\"https:\\\/\\\/lagnoticias.com\\\/#\\\/schema\\\/person\\\/cb9bfe13f8de05d2c55270be25c6a550\"},\"breadcrumb\":{\"@id\":\"https:\\\/\\\/lagnoticias.com\\\/2025\\\/07\\\/15\\\/la-fifa-anuncia-cuando-y-como-comenzaran-a-venderse-las-entradas-para-el-mundial-2026\\\/#breadcrumb\"},\"inLanguage\":\"en-US\",\"potentialAction\":[{\"@type\":\"ReadAction\",\"target\":[\"https:\\\/\\\/lagnoticias.com\\\/2025\\\/07\\\/15\\\/la-fifa-anuncia-cuando-y-como-comenzaran-a-venderse-las-entradas-para-el-mundial-2026\\\/\"]}]},{\"@type\":\"ImageObject\",\"inLanguage\":\"en-US\",\"@id\":\"https:\\\/\\\/lagnoticias.com\\\/2025\\\/07\\\/15\\\/la-fifa-anuncia-cuando-y-como-comenzaran-a-venderse-las-entradas-para-el-mundial-2026\\\/#primaryimage\",\"url\":\"https:\\\/\\\/lagnoticias.com\\\/wp-content\\\/uploads\\\/2025\\\/07\\\/6840bcced425d.r_d.1116-950.webp\",\"contentUrl\":\"https:\\\/\\\/lagnoticias.com\\\/wp-content\\\/uploads\\\/2025\\\/07\\\/6840bcced425d.r_d.1116-950.webp\",\"width\":832,\"height\":468},{\"@type\":\"BreadcrumbList\",\"@id\":\"https:\\\/\\\/lagnoticias.com\\\/2025\\\/07\\\/15\\\/la-fifa-anuncia-cuando-y-como-comenzaran-a-venderse-las-entradas-para-el-mundial-2026\\\/#breadcrumb\",\"itemListElement\":[{\"@type\":\"ListItem\",\"position\":1,\"name\":\"Portada\",\"item\":\"https:\\\/\\\/lagnoticias.com\\\/\"},{\"@type\":\"ListItem\",\"position\":2,\"name\":\"La FIFA anuncia cu\u00e1ndo y c\u00f3mo comenzar\u00e1n a venderse las entradas para el Mundial 2026\"}]},{\"@type\":\"WebSite\",\"@id\":\"https:\\\/\\\/lagnoticias.com\\\/#website\",\"url\":\"https:\\\/\\\/lagnoticias.com\\\/\",\"name\":\"La G Noticias\",\"description\":\"Noticias Positivas\",\"potentialAction\":[{\"@type\":\"SearchAction\",\"target\":{\"@type\":\"EntryPoint\",\"urlTemplate\":\"https:\\\/\\\/lagnoticias.com\\\/?s={search_term_string}\"},\"query-input\":{\"@type\":\"PropertyValueSpecification\",\"valueRequired\":true,\"valueName\":\"search_term_string\"}}],\"inLanguage\":\"en-US\"},{\"@type\":\"Person\",\"@id\":\"https:\\\/\\\/lagnoticias.com\\\/#\\\/schema\\\/person\\\/cb9bfe13f8de05d2c55270be25c6a550\",\"name\":\"Oscar\",\"image\":{\"@type\":\"ImageObject\",\"inLanguage\":\"en-US\",\"@id\":\"https:\\\/\\\/secure.gravatar.com\\\/avatar\\\/45c195718f652dc7ffdd591dc1f2678956ab7fdadcd359a635edc61304a8c757?s=96&d=mm&r=g\",\"url\":\"https:\\\/\\\/secure.gravatar.com\\\/avatar\\\/45c195718f652dc7ffdd591dc1f2678956ab7fdadcd359a635edc61304a8c757?s=96&d=mm&r=g\",\"contentUrl\":\"https:\\\/\\\/secure.gravatar.com\\\/avatar\\\/45c195718f652dc7ffdd591dc1f2678956ab7fdadcd359a635edc61304a8c757?s=96&d=mm&r=g\",\"caption\":\"Oscar\"},\"url\":\"https:\\\/\\\/lagnoticias.com\\\/en\\\/author\\\/oscar\\\/\"}]}<\/script>\n<!-- \/ Yoast SEO plugin. -->","yoast_head_json":{"title":"La FIFA anuncia cu\u00e1ndo y c\u00f3mo comenzar\u00e1n a venderse las entradas para el Mundial 2026 - La G Noticias","robots":{"index":"index","follow":"follow","max-snippet":"max-snippet:-1","max-image-preview":"max-image-preview:large","max-video-preview":"max-video-preview:-1"},"canonical":"https:\/\/lagnoticias.com\/en\/2025\/07\/15\/la-fifa-anuncia-cuando-y-como-comenzaran-a-venderse-las-entradas-para-el-mundial-2026\/","og_locale":"en_US","og_type":"article","og_title":"La FIFA anuncia cu\u00e1ndo y c\u00f3mo comenzar\u00e1n a venderse las entradas para el Mundial 2026 - La G Noticias","og_description":"Del 11 de junio al 18 de julio de 2026 se llevar\u00e1 a cabo la&nbsp;Copa del Mundo FIFA, la cual se desarrollar\u00e1 en&nbsp;Estados Unidos,&nbsp;M\u00e9xico&nbsp;y&nbsp;Canad\u00e1, y en la que la selecci\u00f3n argentina defender\u00e1 el t\u00edtulo conseguido cuatro a\u00f1os atr\u00e1s en Qatar 2022. Este martes, la casa madre del f\u00fatbol dio a conocer la fecha en la&hellip;","og_url":"https:\/\/lagnoticias.com\/en\/2025\/07\/15\/la-fifa-anuncia-cuando-y-como-comenzaran-a-venderse-las-entradas-para-el-mundial-2026\/","og_site_name":"La G Noticias","article_publisher":"https:\/\/www.facebook.com\/LaGNoticias","article_published_time":"2025-07-15T18:12:54+00:00","og_image":[{"width":832,"height":468,"url":"https:\/\/lagnoticias.com\/wp-content\/uploads\/2025\/07\/6840bcced425d.r_d.1116-950.webp","type":"image\/webp"}],"author":"Oscar","twitter_card":"summary_large_image","twitter_creator":"@lagnoticias","twitter_site":"@lagnoticias","twitter_misc":{"Written by":"Oscar","Est. reading time":"3 minutes"},"schema":{"@context":"https:\/\/schema.org","@graph":[{"@type":"Article","@id":"https:\/\/lagnoticias.com\/2025\/07\/15\/la-fifa-anuncia-cuando-y-como-comenzaran-a-venderse-las-entradas-para-el-mundial-2026\/#article","isPartOf":{"@id":"https:\/\/lagnoticias.com\/2025\/07\/15\/la-fifa-anuncia-cuando-y-como-comenzaran-a-venderse-las-entradas-para-el-mundial-2026\/"},"author":{"name":"Oscar","@id":"https:\/\/lagnoticias.com\/#\/schema\/person\/cb9bfe13f8de05d2c55270be25c6a550"},"headline":"La FIFA anuncia cu\u00e1ndo y c\u00f3mo comenzar\u00e1n a venderse las entradas para el Mundial 2026","datePublished":"2025-07-15T18:12:54+00:00","mainEntityOfPage":{"@id":"https:\/\/lagnoticias.com\/2025\/07\/15\/la-fifa-anuncia-cuando-y-como-comenzaran-a-venderse-las-entradas-para-el-mundial-2026\/"},"wordCount":615,"commentCount":0,"image":{"@id":"https:\/\/lagnoticias.com\/2025\/07\/15\/la-fifa-anuncia-cuando-y-como-comenzaran-a-venderse-las-entradas-para-el-mundial-2026\/#primaryimage"},"thumbnailUrl":"https:\/\/lagnoticias.com\/wp-content\/uploads\/2025\/07\/6840bcced425d.r_d.1116-950.webp","keywords":["CANAD\u00c1","Copa del Mundo FIFA","ESTADOS UNIDOS","FIFA","F\u00daTBOL","M\u00c9XICO","MUNDIAL 2026"],"articleSection":["DEPORTES"],"inLanguage":"en-US","potentialAction":[{"@type":"CommentAction","name":"Comment","target":["https:\/\/lagnoticias.com\/2025\/07\/15\/la-fifa-anuncia-cuando-y-como-comenzaran-a-venderse-las-entradas-para-el-mundial-2026\/#respond"]}]},{"@type":"WebPage","@id":"https:\/\/lagnoticias.com\/2025\/07\/15\/la-fifa-anuncia-cuando-y-como-comenzaran-a-venderse-las-entradas-para-el-mundial-2026\/","url":"https:\/\/lagnoticias.com\/2025\/07\/15\/la-fifa-anuncia-cuando-y-como-comenzaran-a-venderse-las-entradas-para-el-mundial-2026\/","name":"La FIFA anuncia cu\u00e1ndo y c\u00f3mo comenzar\u00e1n a venderse las entradas para el Mundial 2026 - La G Noticias","isPartOf":{"@id":"https:\/\/lagnoticias.com\/#website"},"primaryImageOfPage":{"@id":"https:\/\/lagnoticias.com\/2025\/07\/15\/la-fifa-anuncia-cuando-y-como-comenzaran-a-venderse-las-entradas-para-el-mundial-2026\/#primaryimage"},"image":{"@id":"https:\/\/lagnoticias.com\/2025\/07\/15\/la-fifa-anuncia-cuando-y-como-comenzaran-a-venderse-las-entradas-para-el-mundial-2026\/#primaryimage"},"thumbnailUrl":"https:\/\/lagnoticias.com\/wp-content\/uploads\/2025\/07\/6840bcced425d.r_d.1116-950.webp","datePublished":"2025-07-15T18:12:54+00:00","author":{"@id":"https:\/\/lagnoticias.com\/#\/schema\/person\/cb9bfe13f8de05d2c55270be25c6a550"},"breadcrumb":{"@id":"https:\/\/lagnoticias.com\/2025\/07\/15\/la-fifa-anuncia-cuando-y-como-comenzaran-a-venderse-las-entradas-para-el-mundial-2026\/#breadcrumb"},"inLanguage":"en-US","potentialAction":[{"@type":"ReadAction","target":["https:\/\/lagnoticias.com\/2025\/07\/15\/la-fifa-anuncia-cuando-y-como-comenzaran-a-venderse-las-entradas-para-el-mundial-2026\/"]}]},{"@type":"ImageObject","inLanguage":"en-US","@id":"https:\/\/lagnoticias.com\/2025\/07\/15\/la-fifa-anuncia-cuando-y-como-comenzaran-a-venderse-las-entradas-para-el-mundial-2026\/#primaryimage","url":"https:\/\/lagnoticias.com\/wp-content\/uploads\/2025\/07\/6840bcced425d.r_d.1116-950.webp","contentUrl":"https:\/\/lagnoticias.com\/wp-content\/uploads\/2025\/07\/6840bcced425d.r_d.1116-950.webp","width":832,"height":468},{"@type":"BreadcrumbList","@id":"https:\/\/lagnoticias.com\/2025\/07\/15\/la-fifa-anuncia-cuando-y-como-comenzaran-a-venderse-las-entradas-para-el-mundial-2026\/#breadcrumb","itemListElement":[{"@type":"ListItem","position":1,"name":"Portada","item":"https:\/\/lagnoticias.com\/"},{"@type":"ListItem","position":2,"name":"La FIFA anuncia cu\u00e1ndo y c\u00f3mo comenzar\u00e1n a venderse las entradas para el Mundial 2026"}]},{"@type":"WebSite","@id":"https:\/\/lagnoticias.com\/#website","url":"https:\/\/lagnoticias.com\/","name":"La G Noticias","description":"Noticias Positivas","potentialAction":[{"@type":"SearchAction","target":{"@type":"EntryPoint","urlTemplate":"https:\/\/lagnoticias.com\/?s={search_term_string}"},"query-input":{"@type":"PropertyValueSpecification","valueRequired":true,"valueName":"search_term_string"}}],"inLanguage":"en-US"},{"@type":"Person","@id":"https:\/\/lagnoticias.com\/#\/schema\/person\/cb9bfe13f8de05d2c55270be25c6a550","name":"Oscar","image":{"@type":"ImageObject","inLanguage":"en-US","@id":"https:\/\/secure.gravatar.com\/avatar\/45c195718f652dc7ffdd591dc1f2678956ab7fdadcd359a635edc61304a8c757?s=96&d=mm&r=g","url":"https:\/\/secure.gravatar.com\/avatar\/45c195718f652dc7ffdd591dc1f2678956ab7fdadcd359a635edc61304a8c757?s=96&d=mm&r=g","contentUrl":"https:\/\/secure.gravatar.com\/avatar\/45c195718f652dc7ffdd591dc1f2678956ab7fdadcd359a635edc61304a8c757?s=96&d=mm&r=g","caption":"Oscar"},"url":"https:\/\/lagnoticias.com\/en\/author\/oscar\/"}]}},"_links":{"self":[{"href":"https:\/\/lagnoticias.com\/en\/wp-json\/wp\/v2\/posts\/3012","targetHints":{"allow":["GET"]}}],"collection":[{"href":"https:\/\/lagnoticias.com\/en\/wp-json\/wp\/v2\/posts"}],"about":[{"href":"https:\/\/lagnoticias.com\/en\/wp-json\/wp\/v2\/types\/post"}],"author":[{"embeddable":true,"href":"https:\/\/lagnoticias.com\/en\/wp-json\/wp\/v2\/users\/2"}],"replies":[{"embeddable":true,"href":"https:\/\/lagnoticias.com\/en\/wp-json\/wp\/v2\/comments?post=3012"}],"version-history":[{"count":1,"href":"https:\/\/lagnoticias.com\/en\/wp-json\/wp\/v2\/posts\/3012\/revisions"}],"predecessor-version":[{"id":3014,"href":"https:\/\/lagnoticias.com\/en\/wp-json\/wp\/v2\/posts\/3012\/revisions\/3014"}],"wp:featuredmedia":[{"embeddable":true,"href":"https:\/\/lagnoticias.com\/en\/wp-json\/wp\/v2\/media\/3013"}],"wp:attachment":[{"href":"https:\/\/lagnoticias.com\/en\/wp-json\/wp\/v2\/media?parent=3012"}],"wp:term":[{"taxonomy":"category","embeddable":true,"href":"https:\/\/lagnoticias.com\/en\/wp-json\/wp\/v2\/categories?post=3012"},{"taxonomy":"post_tag","embeddable":true,"href":"https:\/\/lagnoticias.com\/en\/wp-json\/wp\/v2\/tags?post=3012"}],"curies":[{"name":"wp","href":"https:\/\/api.w.org\/{rel}","templated":true}]}}