{"id":2992,"date":"2025-07-15T08:39:41","date_gmt":"2025-07-15T14:39:41","guid":{"rendered":"https:\/\/lagnoticias.com\/?p=2992"},"modified":"2025-07-15T08:39:41","modified_gmt":"2025-07-15T14:39:41","slug":"istu-espera-alta-afluencia-de-visitantes-en-los-parques-nacionales","status":"publish","type":"post","link":"https:\/\/lagnoticias.com\/en\/2025\/07\/15\/istu-espera-alta-afluencia-de-visitantes-en-los-parques-nacionales\/","title":{"rendered":"ISTU espera alta afluencia de visitantes en los parques nacionales"},"content":{"rendered":"<p>El Gobierno ejecuta una ambiciosa apuesta por la dinamizaci\u00f3n tur\u00edstica, posible por las estrategias de seguridad que ubican a El Salvador como el m\u00e1s seguro del hemisferio occidental, esto no ser\u00eda posible sin el trabajo constante de instituciones que se enfocan en el bienestar de la poblaci\u00f3n.<\/p>\n\n\n\n<p>La presidente del Instituto Salvadore\u00f1o de Turismo (Istu), Eny Agui\u00f1ada, explic\u00f3 sobre las diferentes acciones que realizan en los parques nacionales para mejorar la oferta y proyectar al pa\u00eds como un destino de primer nivel, atractivo para los visitantes locales e internacionales.<\/p>\n\n\n\n<p>\u201cPara las vacaciones de agosto tenemos preparadas diferentes actividades, estamos listos para recibir una gran afluencia de visitantes en todos nuestros parques\u201d, se\u00f1al\u00f3 la funcionaria.<\/p>\n\n\n\n<p>Destac\u00f3 la preferencia de los extranjeros por la visita a los espacios nacionales. Solo en el Parque Natural Balboa, la instituci\u00f3n registra medio mill\u00f3n de visitantes, producto de las acciones oportunas que ejecuta el Gobierno para remozar estos destinos que promueven la convivencia de las familias.<\/p>\n\n\n\n<p>Para las pr\u00f3ximas vacaciones de la temporada de agosto el Istu dispondr\u00e1 en sus 17 parques el desarrollo de diferentes actividades para el sano entretenimiento de grandes y chicos, a fin de que todos los miembros de la familia puedan participar de entretenimiento que abarcar\u00e1 hasta a los adultos mayores.<\/p>\n\n\n\n<p>\u201cAparte de la rehabilitaci\u00f3n de la terminal tur\u00edstica de San Sebasti\u00e1n, que ya van a poder disfrutar, a partir de este fin de semana, tambi\u00e9n tendremos ya listas, para la semana de agosto, las caba\u00f1as del Parque Natural Cerro Verde. Esa es otra remodelaci\u00f3n que hemos realizado en nuestras caba\u00f1as. Ya no solo se podr\u00e1n realizar campamentos, tambi\u00e9n podr\u00e1n disfrutar de estas caba\u00f1as renovadas con altos est\u00e1ndares y estamos a pocos meses de poder anunciar la apertura de nuestro Parque Recreativo Costa del Sol\u201d, a\u00f1adi\u00f3 la titular del ISTU.<\/p>","protected":false},"excerpt":{"rendered":"<p>El Gobierno ejecuta una ambiciosa apuesta por la dinamizaci\u00f3n tur\u00edstica, posible por las estrategias de seguridad que ubican a El Salvador como el m\u00e1s seguro del hemisferio occidental, esto no ser\u00eda posible sin el trabajo constante de instituciones que se enfocan en el bienestar de la poblaci\u00f3n. La presidente del Instituto Salvadore\u00f1o de Turismo (Istu),&hellip;<\/p>","protected":false},"author":2,"featured_media":2993,"comment_status":"open","ping_status":"open","sticky":false,"template":"","format":"standard","meta":{"_et_pb_use_builder":"","_et_pb_old_content":"","_et_gb_content_width":"","footnotes":""},"categories":[244],"tags":[267,268,265,266],"class_list":["post-2992","post","type-post","status-publish","format-standard","has-post-thumbnail","hentry","category-nacionales","tag-el-salvador","tag-gobierno-de-el-salvador","tag-istu","tag-vacaciones-agostinas"],"yoast_head":"<!-- This site is optimized with the Yoast SEO plugin v27.4 - https:\/\/yoast.com\/product\/yoast-seo-wordpress\/ -->\n<title>ISTU espera alta afluencia de visitantes en los parques nacionales - La G Noticias<\/title>\n<meta name=\"robots\" content=\"index, follow, max-snippet:-1, max-image-preview:large, max-video-preview:-1\" \/>\n<link rel=\"canonical\" href=\"https:\/\/lagnoticias.com\/en\/2025\/07\/15\/istu-espera-alta-afluencia-de-visitantes-en-los-parques-nacionales\/\" \/>\n<meta property=\"og:locale\" content=\"en_US\" \/>\n<meta property=\"og:type\" content=\"article\" \/>\n<meta property=\"og:title\" content=\"ISTU espera alta afluencia de visitantes en los parques nacionales - La G Noticias\" \/>\n<meta property=\"og:description\" content=\"El Gobierno ejecuta una ambiciosa apuesta por la dinamizaci\u00f3n tur\u00edstica, posible por las estrategias de seguridad que ubican a El Salvador como el m\u00e1s seguro del hemisferio occidental, esto no ser\u00eda posible sin el trabajo constante de instituciones que se enfocan en el bienestar de la poblaci\u00f3n. La presidente del Instituto Salvadore\u00f1o de Turismo (Istu),&hellip;\" \/>\n<meta property=\"og:url\" content=\"https:\/\/lagnoticias.com\/en\/2025\/07\/15\/istu-espera-alta-afluencia-de-visitantes-en-los-parques-nacionales\/\" \/>\n<meta property=\"og:site_name\" content=\"La G Noticias\" \/>\n<meta property=\"article:publisher\" content=\"https:\/\/www.facebook.com\/LaGNoticias\" \/>\n<meta property=\"article:published_time\" content=\"2025-07-15T14:39:41+00:00\" \/>\n<meta property=\"og:image\" content=\"https:\/\/lagnoticias.com\/wp-content\/uploads\/2025\/07\/518182979_1097186939252232_1955934604886445945_n.jpg\" \/>\n\t<meta property=\"og:image:width\" content=\"1280\" \/>\n\t<meta property=\"og:image:height\" content=\"793\" \/>\n\t<meta property=\"og:image:type\" content=\"image\/jpeg\" \/>\n<meta name=\"author\" content=\"Oscar\" \/>\n<meta name=\"twitter:card\" content=\"summary_large_image\" \/>\n<meta name=\"twitter:creator\" content=\"@lagnoticias\" \/>\n<meta name=\"twitter:site\" content=\"@lagnoticias\" \/>\n<meta name=\"twitter:label1\" content=\"Written by\" \/>\n\t<meta name=\"twitter:data1\" content=\"Oscar\" \/>\n\t<meta name=\"twitter:label2\" content=\"Est. reading time\" \/>\n\t<meta name=\"twitter:data2\" content=\"2 minutes\" \/>\n<script type=\"application\/ld+json\" class=\"yoast-schema-graph\">{\"@context\":\"https:\\\/\\\/schema.org\",\"@graph\":[{\"@type\":\"Article\",\"@id\":\"https:\\\/\\\/lagnoticias.com\\\/2025\\\/07\\\/15\\\/istu-espera-alta-afluencia-de-visitantes-en-los-parques-nacionales\\\/#article\",\"isPartOf\":{\"@id\":\"https:\\\/\\\/lagnoticias.com\\\/2025\\\/07\\\/15\\\/istu-espera-alta-afluencia-de-visitantes-en-los-parques-nacionales\\\/\"},\"author\":{\"name\":\"Oscar\",\"@id\":\"https:\\\/\\\/lagnoticias.com\\\/#\\\/schema\\\/person\\\/cb9bfe13f8de05d2c55270be25c6a550\"},\"headline\":\"ISTU espera alta afluencia de visitantes en los parques nacionales\",\"datePublished\":\"2025-07-15T14:39:41+00:00\",\"mainEntityOfPage\":{\"@id\":\"https:\\\/\\\/lagnoticias.com\\\/2025\\\/07\\\/15\\\/istu-espera-alta-afluencia-de-visitantes-en-los-parques-nacionales\\\/\"},\"wordCount\":333,\"commentCount\":0,\"image\":{\"@id\":\"https:\\\/\\\/lagnoticias.com\\\/2025\\\/07\\\/15\\\/istu-espera-alta-afluencia-de-visitantes-en-los-parques-nacionales\\\/#primaryimage\"},\"thumbnailUrl\":\"https:\\\/\\\/lagnoticias.com\\\/wp-content\\\/uploads\\\/2025\\\/07\\\/518182979_1097186939252232_1955934604886445945_n.jpg\",\"keywords\":[\"EL SALVADOR\",\"GOBIERNO DE EL SALVADOR\",\"ISTU\",\"VACACIONES AGOSTINAS\"],\"articleSection\":[\"NACIONALES\"],\"inLanguage\":\"en-US\",\"potentialAction\":[{\"@type\":\"CommentAction\",\"name\":\"Comment\",\"target\":[\"https:\\\/\\\/lagnoticias.com\\\/2025\\\/07\\\/15\\\/istu-espera-alta-afluencia-de-visitantes-en-los-parques-nacionales\\\/#respond\"]}]},{\"@type\":\"WebPage\",\"@id\":\"https:\\\/\\\/lagnoticias.com\\\/2025\\\/07\\\/15\\\/istu-espera-alta-afluencia-de-visitantes-en-los-parques-nacionales\\\/\",\"url\":\"https:\\\/\\\/lagnoticias.com\\\/2025\\\/07\\\/15\\\/istu-espera-alta-afluencia-de-visitantes-en-los-parques-nacionales\\\/\",\"name\":\"ISTU espera alta afluencia de visitantes en los parques nacionales - La G Noticias\",\"isPartOf\":{\"@id\":\"https:\\\/\\\/lagnoticias.com\\\/#website\"},\"primaryImageOfPage\":{\"@id\":\"https:\\\/\\\/lagnoticias.com\\\/2025\\\/07\\\/15\\\/istu-espera-alta-afluencia-de-visitantes-en-los-parques-nacionales\\\/#primaryimage\"},\"image\":{\"@id\":\"https:\\\/\\\/lagnoticias.com\\\/2025\\\/07\\\/15\\\/istu-espera-alta-afluencia-de-visitantes-en-los-parques-nacionales\\\/#primaryimage\"},\"thumbnailUrl\":\"https:\\\/\\\/lagnoticias.com\\\/wp-content\\\/uploads\\\/2025\\\/07\\\/518182979_1097186939252232_1955934604886445945_n.jpg\",\"datePublished\":\"2025-07-15T14:39:41+00:00\",\"author\":{\"@id\":\"https:\\\/\\\/lagnoticias.com\\\/#\\\/schema\\\/person\\\/cb9bfe13f8de05d2c55270be25c6a550\"},\"breadcrumb\":{\"@id\":\"https:\\\/\\\/lagnoticias.com\\\/2025\\\/07\\\/15\\\/istu-espera-alta-afluencia-de-visitantes-en-los-parques-nacionales\\\/#breadcrumb\"},\"inLanguage\":\"en-US\",\"potentialAction\":[{\"@type\":\"ReadAction\",\"target\":[\"https:\\\/\\\/lagnoticias.com\\\/2025\\\/07\\\/15\\\/istu-espera-alta-afluencia-de-visitantes-en-los-parques-nacionales\\\/\"]}]},{\"@type\":\"ImageObject\",\"inLanguage\":\"en-US\",\"@id\":\"https:\\\/\\\/lagnoticias.com\\\/2025\\\/07\\\/15\\\/istu-espera-alta-afluencia-de-visitantes-en-los-parques-nacionales\\\/#primaryimage\",\"url\":\"https:\\\/\\\/lagnoticias.com\\\/wp-content\\\/uploads\\\/2025\\\/07\\\/518182979_1097186939252232_1955934604886445945_n.jpg\",\"contentUrl\":\"https:\\\/\\\/lagnoticias.com\\\/wp-content\\\/uploads\\\/2025\\\/07\\\/518182979_1097186939252232_1955934604886445945_n.jpg\",\"width\":1280,\"height\":793},{\"@type\":\"BreadcrumbList\",\"@id\":\"https:\\\/\\\/lagnoticias.com\\\/2025\\\/07\\\/15\\\/istu-espera-alta-afluencia-de-visitantes-en-los-parques-nacionales\\\/#breadcrumb\",\"itemListElement\":[{\"@type\":\"ListItem\",\"position\":1,\"name\":\"Portada\",\"item\":\"https:\\\/\\\/lagnoticias.com\\\/\"},{\"@type\":\"ListItem\",\"position\":2,\"name\":\"ISTU espera alta afluencia de visitantes en los parques nacionales\"}]},{\"@type\":\"WebSite\",\"@id\":\"https:\\\/\\\/lagnoticias.com\\\/#website\",\"url\":\"https:\\\/\\\/lagnoticias.com\\\/\",\"name\":\"La G Noticias\",\"description\":\"Noticias Positivas\",\"potentialAction\":[{\"@type\":\"SearchAction\",\"target\":{\"@type\":\"EntryPoint\",\"urlTemplate\":\"https:\\\/\\\/lagnoticias.com\\\/?s={search_term_string}\"},\"query-input\":{\"@type\":\"PropertyValueSpecification\",\"valueRequired\":true,\"valueName\":\"search_term_string\"}}],\"inLanguage\":\"en-US\"},{\"@type\":\"Person\",\"@id\":\"https:\\\/\\\/lagnoticias.com\\\/#\\\/schema\\\/person\\\/cb9bfe13f8de05d2c55270be25c6a550\",\"name\":\"Oscar\",\"image\":{\"@type\":\"ImageObject\",\"inLanguage\":\"en-US\",\"@id\":\"https:\\\/\\\/secure.gravatar.com\\\/avatar\\\/45c195718f652dc7ffdd591dc1f2678956ab7fdadcd359a635edc61304a8c757?s=96&d=mm&r=g\",\"url\":\"https:\\\/\\\/secure.gravatar.com\\\/avatar\\\/45c195718f652dc7ffdd591dc1f2678956ab7fdadcd359a635edc61304a8c757?s=96&d=mm&r=g\",\"contentUrl\":\"https:\\\/\\\/secure.gravatar.com\\\/avatar\\\/45c195718f652dc7ffdd591dc1f2678956ab7fdadcd359a635edc61304a8c757?s=96&d=mm&r=g\",\"caption\":\"Oscar\"},\"url\":\"https:\\\/\\\/lagnoticias.com\\\/en\\\/author\\\/oscar\\\/\"}]}<\/script>\n<!-- \/ Yoast SEO plugin. -->","yoast_head_json":{"title":"ISTU espera alta afluencia de visitantes en los parques nacionales - La G Noticias","robots":{"index":"index","follow":"follow","max-snippet":"max-snippet:-1","max-image-preview":"max-image-preview:large","max-video-preview":"max-video-preview:-1"},"canonical":"https:\/\/lagnoticias.com\/en\/2025\/07\/15\/istu-espera-alta-afluencia-de-visitantes-en-los-parques-nacionales\/","og_locale":"en_US","og_type":"article","og_title":"ISTU espera alta afluencia de visitantes en los parques nacionales - La G Noticias","og_description":"El Gobierno ejecuta una ambiciosa apuesta por la dinamizaci\u00f3n tur\u00edstica, posible por las estrategias de seguridad que ubican a El Salvador como el m\u00e1s seguro del hemisferio occidental, esto no ser\u00eda posible sin el trabajo constante de instituciones que se enfocan en el bienestar de la poblaci\u00f3n. La presidente del Instituto Salvadore\u00f1o de Turismo (Istu),&hellip;","og_url":"https:\/\/lagnoticias.com\/en\/2025\/07\/15\/istu-espera-alta-afluencia-de-visitantes-en-los-parques-nacionales\/","og_site_name":"La G Noticias","article_publisher":"https:\/\/www.facebook.com\/LaGNoticias","article_published_time":"2025-07-15T14:39:41+00:00","og_image":[{"width":1280,"height":793,"url":"https:\/\/lagnoticias.com\/wp-content\/uploads\/2025\/07\/518182979_1097186939252232_1955934604886445945_n.jpg","type":"image\/jpeg"}],"author":"Oscar","twitter_card":"summary_large_image","twitter_creator":"@lagnoticias","twitter_site":"@lagnoticias","twitter_misc":{"Written by":"Oscar","Est. reading time":"2 minutes"},"schema":{"@context":"https:\/\/schema.org","@graph":[{"@type":"Article","@id":"https:\/\/lagnoticias.com\/2025\/07\/15\/istu-espera-alta-afluencia-de-visitantes-en-los-parques-nacionales\/#article","isPartOf":{"@id":"https:\/\/lagnoticias.com\/2025\/07\/15\/istu-espera-alta-afluencia-de-visitantes-en-los-parques-nacionales\/"},"author":{"name":"Oscar","@id":"https:\/\/lagnoticias.com\/#\/schema\/person\/cb9bfe13f8de05d2c55270be25c6a550"},"headline":"ISTU espera alta afluencia de visitantes en los parques nacionales","datePublished":"2025-07-15T14:39:41+00:00","mainEntityOfPage":{"@id":"https:\/\/lagnoticias.com\/2025\/07\/15\/istu-espera-alta-afluencia-de-visitantes-en-los-parques-nacionales\/"},"wordCount":333,"commentCount":0,"image":{"@id":"https:\/\/lagnoticias.com\/2025\/07\/15\/istu-espera-alta-afluencia-de-visitantes-en-los-parques-nacionales\/#primaryimage"},"thumbnailUrl":"https:\/\/lagnoticias.com\/wp-content\/uploads\/2025\/07\/518182979_1097186939252232_1955934604886445945_n.jpg","keywords":["EL SALVADOR","GOBIERNO DE EL SALVADOR","ISTU","VACACIONES AGOSTINAS"],"articleSection":["NACIONALES"],"inLanguage":"en-US","potentialAction":[{"@type":"CommentAction","name":"Comment","target":["https:\/\/lagnoticias.com\/2025\/07\/15\/istu-espera-alta-afluencia-de-visitantes-en-los-parques-nacionales\/#respond"]}]},{"@type":"WebPage","@id":"https:\/\/lagnoticias.com\/2025\/07\/15\/istu-espera-alta-afluencia-de-visitantes-en-los-parques-nacionales\/","url":"https:\/\/lagnoticias.com\/2025\/07\/15\/istu-espera-alta-afluencia-de-visitantes-en-los-parques-nacionales\/","name":"ISTU espera alta afluencia de visitantes en los parques nacionales - La G Noticias","isPartOf":{"@id":"https:\/\/lagnoticias.com\/#website"},"primaryImageOfPage":{"@id":"https:\/\/lagnoticias.com\/2025\/07\/15\/istu-espera-alta-afluencia-de-visitantes-en-los-parques-nacionales\/#primaryimage"},"image":{"@id":"https:\/\/lagnoticias.com\/2025\/07\/15\/istu-espera-alta-afluencia-de-visitantes-en-los-parques-nacionales\/#primaryimage"},"thumbnailUrl":"https:\/\/lagnoticias.com\/wp-content\/uploads\/2025\/07\/518182979_1097186939252232_1955934604886445945_n.jpg","datePublished":"2025-07-15T14:39:41+00:00","author":{"@id":"https:\/\/lagnoticias.com\/#\/schema\/person\/cb9bfe13f8de05d2c55270be25c6a550"},"breadcrumb":{"@id":"https:\/\/lagnoticias.com\/2025\/07\/15\/istu-espera-alta-afluencia-de-visitantes-en-los-parques-nacionales\/#breadcrumb"},"inLanguage":"en-US","potentialAction":[{"@type":"ReadAction","target":["https:\/\/lagnoticias.com\/2025\/07\/15\/istu-espera-alta-afluencia-de-visitantes-en-los-parques-nacionales\/"]}]},{"@type":"ImageObject","inLanguage":"en-US","@id":"https:\/\/lagnoticias.com\/2025\/07\/15\/istu-espera-alta-afluencia-de-visitantes-en-los-parques-nacionales\/#primaryimage","url":"https:\/\/lagnoticias.com\/wp-content\/uploads\/2025\/07\/518182979_1097186939252232_1955934604886445945_n.jpg","contentUrl":"https:\/\/lagnoticias.com\/wp-content\/uploads\/2025\/07\/518182979_1097186939252232_1955934604886445945_n.jpg","width":1280,"height":793},{"@type":"BreadcrumbList","@id":"https:\/\/lagnoticias.com\/2025\/07\/15\/istu-espera-alta-afluencia-de-visitantes-en-los-parques-nacionales\/#breadcrumb","itemListElement":[{"@type":"ListItem","position":1,"name":"Portada","item":"https:\/\/lagnoticias.com\/"},{"@type":"ListItem","position":2,"name":"ISTU espera alta afluencia de visitantes en los parques nacionales"}]},{"@type":"WebSite","@id":"https:\/\/lagnoticias.com\/#website","url":"https:\/\/lagnoticias.com\/","name":"La G Noticias","description":"Noticias Positivas","potentialAction":[{"@type":"SearchAction","target":{"@type":"EntryPoint","urlTemplate":"https:\/\/lagnoticias.com\/?s={search_term_string}"},"query-input":{"@type":"PropertyValueSpecification","valueRequired":true,"valueName":"search_term_string"}}],"inLanguage":"en-US"},{"@type":"Person","@id":"https:\/\/lagnoticias.com\/#\/schema\/person\/cb9bfe13f8de05d2c55270be25c6a550","name":"Oscar","image":{"@type":"ImageObject","inLanguage":"en-US","@id":"https:\/\/secure.gravatar.com\/avatar\/45c195718f652dc7ffdd591dc1f2678956ab7fdadcd359a635edc61304a8c757?s=96&d=mm&r=g","url":"https:\/\/secure.gravatar.com\/avatar\/45c195718f652dc7ffdd591dc1f2678956ab7fdadcd359a635edc61304a8c757?s=96&d=mm&r=g","contentUrl":"https:\/\/secure.gravatar.com\/avatar\/45c195718f652dc7ffdd591dc1f2678956ab7fdadcd359a635edc61304a8c757?s=96&d=mm&r=g","caption":"Oscar"},"url":"https:\/\/lagnoticias.com\/en\/author\/oscar\/"}]}},"_links":{"self":[{"href":"https:\/\/lagnoticias.com\/en\/wp-json\/wp\/v2\/posts\/2992","targetHints":{"allow":["GET"]}}],"collection":[{"href":"https:\/\/lagnoticias.com\/en\/wp-json\/wp\/v2\/posts"}],"about":[{"href":"https:\/\/lagnoticias.com\/en\/wp-json\/wp\/v2\/types\/post"}],"author":[{"embeddable":true,"href":"https:\/\/lagnoticias.com\/en\/wp-json\/wp\/v2\/users\/2"}],"replies":[{"embeddable":true,"href":"https:\/\/lagnoticias.com\/en\/wp-json\/wp\/v2\/comments?post=2992"}],"version-history":[{"count":1,"href":"https:\/\/lagnoticias.com\/en\/wp-json\/wp\/v2\/posts\/2992\/revisions"}],"predecessor-version":[{"id":2994,"href":"https:\/\/lagnoticias.com\/en\/wp-json\/wp\/v2\/posts\/2992\/revisions\/2994"}],"wp:featuredmedia":[{"embeddable":true,"href":"https:\/\/lagnoticias.com\/en\/wp-json\/wp\/v2\/media\/2993"}],"wp:attachment":[{"href":"https:\/\/lagnoticias.com\/en\/wp-json\/wp\/v2\/media?parent=2992"}],"wp:term":[{"taxonomy":"category","embeddable":true,"href":"https:\/\/lagnoticias.com\/en\/wp-json\/wp\/v2\/categories?post=2992"},{"taxonomy":"post_tag","embeddable":true,"href":"https:\/\/lagnoticias.com\/en\/wp-json\/wp\/v2\/tags?post=2992"}],"curies":[{"name":"wp","href":"https:\/\/api.w.org\/{rel}","templated":true}]}}