{"id":2989,"date":"2025-07-15T08:27:28","date_gmt":"2025-07-15T14:27:28","guid":{"rendered":"https:\/\/lagnoticias.com\/?p=2989"},"modified":"2025-07-15T08:27:28","modified_gmt":"2025-07-15T14:27:28","slug":"centroamerica-y-union-europea-estrenan-alianza","status":"publish","type":"post","link":"https:\/\/lagnoticias.com\/en\/2025\/07\/15\/centroamerica-y-union-europea-estrenan-alianza\/","title":{"rendered":"Centroam\u00e9rica y Uni\u00f3n Europea estrenan alianza"},"content":{"rendered":"<p>La Uni\u00f3n Europea y 6 pa\u00edses centroamericanos \u2014Costa Rica, El Salvador, Guatemala, Honduras, Nicaragua y Panam\u00e1\u2014 celebraron este lunes en Bruselas la primera reuni\u00f3n del Consejo de Asociaci\u00f3n UE-Centroam\u00e9rica, un hito hist\u00f3rico en el marco del Acuerdo de Asociaci\u00f3n que entr\u00f3 en vigor el 1 de mayo de 2024, tras m\u00e1s de una d\u00e9cada de aplicaci\u00f3n parcial de su pilar comercial.<\/p>\n\n\n\n<p>El encuentro fue presidido por la Alta Representante de la UE para Asuntos Exteriores, Kaja Kallas, y por el ministro dan\u00e9s Lars L\u00f8kke Rasmussen, en calidad de presidente del Consejo de la UE. Por Centroam\u00e9rica asistieron, entre otros, los cancilleres Arnoldo Andr\u00e9 Tinoco (Costa Rica), Alexandra Hill Tinoco (El Salvador), Carlos Ramiro Mart\u00ednez (Guatemala), Javier Eduardo Mart\u00ednez-Acha (Panam\u00e1), as\u00ed como viceministros de Honduras y Nicaragua.<\/p>\n\n\n\n<p>La cita ministerial permiti\u00f3 un amplio intercambio sobre los principales desaf\u00edos globales que afectan a ambas regiones, como las tensiones geopol\u00edticas, los conflictos armados y las crisis humanitarias, adem\u00e1s de temas centrales de la agenda birregional, incluidos comercio, inversi\u00f3n, migraci\u00f3n, seguridad y lucha contra el cambio clim\u00e1tico.<\/p>\n\n\n\n<p>El Acuerdo de Asociaci\u00f3n entre la UE y Centroam\u00e9rica fue suscrito en 2012 y su componente comercial empez\u00f3 a aplicarse de manera provisional ese mismo a\u00f1o, contribuyendo de manera sostenida a incrementar los flujos econ\u00f3micos entre ambas regiones.<\/p>\n\n\n\n<p>Seg\u00fan datos oficiales, el comercio bilateral pas\u00f3 de 8.700 millones de euros en 2012 a 22.000 millones en 2023, con un notable auge de productos agr\u00edcolas e innovadores. Para algunos pa\u00edses centroamericanos, hasta el 90% de sus exportaciones agroalimentarias tienen como destino el mercado europeo.<\/p>\n\n\n\n<p>Los ministros coincidieron en que este progreso confirma el potencial del acuerdo como motor de desarrollo, aunque enfatizaron la necesidad de fortalecer el di\u00e1logo pol\u00edtico y de cooperaci\u00f3n para hacer frente a retos transversales.<\/p>\n\n\n\n<p>Durante el encuentro, los participantes reiteraron su adhesi\u00f3n a los valores compartidos de democracia, respeto de los derechos humanos y del derecho internacional. Tambi\u00e9n reafirmaron su compromiso con el multilateralismo y la Carta de las Naciones Unidas, as\u00ed como con la defensa de la soberan\u00eda, la integridad territorial y el estado de derecho, en un contexto global marcado por tensiones y desaf\u00edos a las normas internacionales. Aunque reconocieron diferencias de enfoque en cuestiones espec\u00edficas, las dos partes subrayaron la importancia de mantener un di\u00e1logo regular y constructivo.<\/p>\n\n\n\n<p>Otro de los ejes fue la urgencia de intensificar la cooperaci\u00f3n ante el cambio clim\u00e1tico, la degradaci\u00f3n ambiental y la p\u00e9rdida de biodiversidad. Ambas regiones se comprometieron a impulsar esfuerzos conjuntos para la transici\u00f3n energ\u00e9tica, la protecci\u00f3n de los oc\u00e9anos, el fortalecimiento de la gobernanza ambiental y la reducci\u00f3n de los riesgos clim\u00e1ticos que afectan de manera desproporcionada a Centroam\u00e9rica.<\/p>\n\n\n\n<p>La Agenda 2030 de Naciones Unidas seguir\u00e1 siendo el referente com\u00fan, con prioridad en inclusi\u00f3n social, seguridad alimentaria, energ\u00eda limpia y digitalizaci\u00f3n. En este sentido, se destac\u00f3 el papel de la Global Gateway Investment Agenda, una iniciativa europea orientada a movilizar inversiones p\u00fablicas y privadas en sectores estrat\u00e9gicos como educaci\u00f3n, salud, infraestructuras energ\u00e9ticas, conectividad digital y cadenas de valor locales.<\/p>\n\n\n\n<p>Los ministros tambi\u00e9n enfatizaron el potencial del Mercado El\u00e9ctrico Regional Centroamericano como plataforma de integraci\u00f3n y crecimiento, comprometi\u00e9ndose a reforzar los marcos de cooperaci\u00f3n en materia de energ\u00eda sostenible.<\/p>\n\n\n\n<p><em>Perspectivas de di\u00e1logo y pr\u00f3xima reuni\u00f3n en la regi\u00f3n<\/em><\/p>\n\n\n\n<p>El Consejo de Asociaci\u00f3n acord\u00f3 convocar peri\u00f3dicamente los Comit\u00e9s de Asociaci\u00f3n y Subcomit\u00e9s de Cooperaci\u00f3n, con el objetivo de alimentar los debates t\u00e9cnicos y preparar la pr\u00f3xima reuni\u00f3n ministerial, prevista para celebrarse en un pa\u00eds centroamericano en 2027.<\/p>\n\n\n\n<p>Asimismo, se resalt\u00f3 la importancia de promover el contacto directo entre pueblos, empresas y organizaciones de la sociedad civil, con el prop\u00f3sito de acompa\u00f1ar la implementaci\u00f3n del Acuerdo de Asociaci\u00f3n y acercar sus beneficios a las poblaciones de ambas regiones.<\/p>\n\n\n\n<p>La UE es actualmente el tercer socio comercial de Centroam\u00e9rica y uno de sus principales cooperantes hist\u00f3ricos. El Acuerdo de Asociaci\u00f3n aspira a consolidar esa relaci\u00f3n, reforzando los lazos pol\u00edticos, econ\u00f3micos, sociales y culturales que unen a los m\u00e1s de 500 millones de ciudadanos europeos y centroamericanos.<\/p>\n\n\n\n<p><\/p>\n\n\n\n<p><\/p>\n\n\n\n<p><\/p>\n\n\n\n<p><\/p>\n\n\n\n<p><\/p>\n\n\n\n<p>(CA 360)<\/p>","protected":false},"excerpt":{"rendered":"<p>La Uni\u00f3n Europea y 6 pa\u00edses centroamericanos \u2014Costa Rica, El Salvador, Guatemala, Honduras, Nicaragua y Panam\u00e1\u2014 celebraron este lunes en Bruselas la primera reuni\u00f3n del Consejo de Asociaci\u00f3n UE-Centroam\u00e9rica, un hito hist\u00f3rico en el marco del Acuerdo de Asociaci\u00f3n que entr\u00f3 en vigor el 1 de mayo de 2024, tras m\u00e1s de una d\u00e9cada de&hellip;<\/p>","protected":false},"author":2,"featured_media":2990,"comment_status":"open","ping_status":"open","sticky":false,"template":"","format":"standard","meta":{"_et_pb_use_builder":"","_et_pb_old_content":"","_et_gb_content_width":"","footnotes":""},"categories":[245],"tags":[264,263,262],"class_list":["post-2989","post","type-post","status-publish","format-standard","has-post-thumbnail","hentry","category-internacionales","tag-alianza-comercial","tag-centroamerica","tag-union-europea"],"yoast_head":"<!-- This site is optimized with the Yoast SEO plugin v27.4 - https:\/\/yoast.com\/product\/yoast-seo-wordpress\/ -->\n<title>Centroam\u00e9rica y Uni\u00f3n Europea estrenan alianza - La G Noticias<\/title>\n<meta name=\"robots\" content=\"index, follow, max-snippet:-1, max-image-preview:large, max-video-preview:-1\" \/>\n<link rel=\"canonical\" href=\"https:\/\/lagnoticias.com\/en\/2025\/07\/15\/centroamerica-y-union-europea-estrenan-alianza\/\" \/>\n<meta property=\"og:locale\" content=\"en_US\" \/>\n<meta property=\"og:type\" content=\"article\" \/>\n<meta property=\"og:title\" content=\"Centroam\u00e9rica y Uni\u00f3n Europea estrenan alianza - La G Noticias\" \/>\n<meta property=\"og:description\" content=\"La Uni\u00f3n Europea y 6 pa\u00edses centroamericanos \u2014Costa Rica, El Salvador, Guatemala, Honduras, Nicaragua y Panam\u00e1\u2014 celebraron este lunes en Bruselas la primera reuni\u00f3n del Consejo de Asociaci\u00f3n UE-Centroam\u00e9rica, un hito hist\u00f3rico en el marco del Acuerdo de Asociaci\u00f3n que entr\u00f3 en vigor el 1 de mayo de 2024, tras m\u00e1s de una d\u00e9cada de&hellip;\" \/>\n<meta property=\"og:url\" content=\"https:\/\/lagnoticias.com\/en\/2025\/07\/15\/centroamerica-y-union-europea-estrenan-alianza\/\" \/>\n<meta property=\"og:site_name\" content=\"La G Noticias\" \/>\n<meta property=\"article:publisher\" content=\"https:\/\/www.facebook.com\/LaGNoticias\" \/>\n<meta property=\"article:published_time\" content=\"2025-07-15T14:27:28+00:00\" \/>\n<meta property=\"og:image\" content=\"https:\/\/lagnoticias.com\/wp-content\/uploads\/2025\/07\/Gv2MGNJXAAAZlAW.jpg\" \/>\n\t<meta property=\"og:image:width\" content=\"680\" \/>\n\t<meta property=\"og:image:height\" content=\"454\" \/>\n\t<meta property=\"og:image:type\" content=\"image\/jpeg\" \/>\n<meta name=\"author\" content=\"Oscar\" \/>\n<meta name=\"twitter:card\" content=\"summary_large_image\" \/>\n<meta name=\"twitter:creator\" content=\"@lagnoticias\" \/>\n<meta name=\"twitter:site\" content=\"@lagnoticias\" \/>\n<meta name=\"twitter:label1\" content=\"Written by\" \/>\n\t<meta name=\"twitter:data1\" content=\"Oscar\" \/>\n\t<meta name=\"twitter:label2\" content=\"Est. reading time\" \/>\n\t<meta name=\"twitter:data2\" content=\"4 minutes\" \/>\n<script type=\"application\/ld+json\" class=\"yoast-schema-graph\">{\"@context\":\"https:\\\/\\\/schema.org\",\"@graph\":[{\"@type\":\"Article\",\"@id\":\"https:\\\/\\\/lagnoticias.com\\\/2025\\\/07\\\/15\\\/centroamerica-y-union-europea-estrenan-alianza\\\/#article\",\"isPartOf\":{\"@id\":\"https:\\\/\\\/lagnoticias.com\\\/2025\\\/07\\\/15\\\/centroamerica-y-union-europea-estrenan-alianza\\\/\"},\"author\":{\"name\":\"Oscar\",\"@id\":\"https:\\\/\\\/lagnoticias.com\\\/#\\\/schema\\\/person\\\/cb9bfe13f8de05d2c55270be25c6a550\"},\"headline\":\"Centroam\u00e9rica y Uni\u00f3n Europea estrenan alianza\",\"datePublished\":\"2025-07-15T14:27:28+00:00\",\"mainEntityOfPage\":{\"@id\":\"https:\\\/\\\/lagnoticias.com\\\/2025\\\/07\\\/15\\\/centroamerica-y-union-europea-estrenan-alianza\\\/\"},\"wordCount\":744,\"commentCount\":0,\"image\":{\"@id\":\"https:\\\/\\\/lagnoticias.com\\\/2025\\\/07\\\/15\\\/centroamerica-y-union-europea-estrenan-alianza\\\/#primaryimage\"},\"thumbnailUrl\":\"https:\\\/\\\/lagnoticias.com\\\/wp-content\\\/uploads\\\/2025\\\/07\\\/Gv2MGNJXAAAZlAW.jpg\",\"keywords\":[\"ALIANZA COMERCIAL\",\"CENTROAM\u00c9RICA\",\"UNI\u00d3N EUROPEA\"],\"articleSection\":[\"INTERNACIONALES\"],\"inLanguage\":\"en-US\",\"potentialAction\":[{\"@type\":\"CommentAction\",\"name\":\"Comment\",\"target\":[\"https:\\\/\\\/lagnoticias.com\\\/2025\\\/07\\\/15\\\/centroamerica-y-union-europea-estrenan-alianza\\\/#respond\"]}]},{\"@type\":\"WebPage\",\"@id\":\"https:\\\/\\\/lagnoticias.com\\\/2025\\\/07\\\/15\\\/centroamerica-y-union-europea-estrenan-alianza\\\/\",\"url\":\"https:\\\/\\\/lagnoticias.com\\\/2025\\\/07\\\/15\\\/centroamerica-y-union-europea-estrenan-alianza\\\/\",\"name\":\"Centroam\u00e9rica y Uni\u00f3n Europea estrenan alianza - La G Noticias\",\"isPartOf\":{\"@id\":\"https:\\\/\\\/lagnoticias.com\\\/#website\"},\"primaryImageOfPage\":{\"@id\":\"https:\\\/\\\/lagnoticias.com\\\/2025\\\/07\\\/15\\\/centroamerica-y-union-europea-estrenan-alianza\\\/#primaryimage\"},\"image\":{\"@id\":\"https:\\\/\\\/lagnoticias.com\\\/2025\\\/07\\\/15\\\/centroamerica-y-union-europea-estrenan-alianza\\\/#primaryimage\"},\"thumbnailUrl\":\"https:\\\/\\\/lagnoticias.com\\\/wp-content\\\/uploads\\\/2025\\\/07\\\/Gv2MGNJXAAAZlAW.jpg\",\"datePublished\":\"2025-07-15T14:27:28+00:00\",\"author\":{\"@id\":\"https:\\\/\\\/lagnoticias.com\\\/#\\\/schema\\\/person\\\/cb9bfe13f8de05d2c55270be25c6a550\"},\"breadcrumb\":{\"@id\":\"https:\\\/\\\/lagnoticias.com\\\/2025\\\/07\\\/15\\\/centroamerica-y-union-europea-estrenan-alianza\\\/#breadcrumb\"},\"inLanguage\":\"en-US\",\"potentialAction\":[{\"@type\":\"ReadAction\",\"target\":[\"https:\\\/\\\/lagnoticias.com\\\/2025\\\/07\\\/15\\\/centroamerica-y-union-europea-estrenan-alianza\\\/\"]}]},{\"@type\":\"ImageObject\",\"inLanguage\":\"en-US\",\"@id\":\"https:\\\/\\\/lagnoticias.com\\\/2025\\\/07\\\/15\\\/centroamerica-y-union-europea-estrenan-alianza\\\/#primaryimage\",\"url\":\"https:\\\/\\\/lagnoticias.com\\\/wp-content\\\/uploads\\\/2025\\\/07\\\/Gv2MGNJXAAAZlAW.jpg\",\"contentUrl\":\"https:\\\/\\\/lagnoticias.com\\\/wp-content\\\/uploads\\\/2025\\\/07\\\/Gv2MGNJXAAAZlAW.jpg\",\"width\":680,\"height\":454},{\"@type\":\"BreadcrumbList\",\"@id\":\"https:\\\/\\\/lagnoticias.com\\\/2025\\\/07\\\/15\\\/centroamerica-y-union-europea-estrenan-alianza\\\/#breadcrumb\",\"itemListElement\":[{\"@type\":\"ListItem\",\"position\":1,\"name\":\"Portada\",\"item\":\"https:\\\/\\\/lagnoticias.com\\\/\"},{\"@type\":\"ListItem\",\"position\":2,\"name\":\"Centroam\u00e9rica y Uni\u00f3n Europea estrenan alianza\"}]},{\"@type\":\"WebSite\",\"@id\":\"https:\\\/\\\/lagnoticias.com\\\/#website\",\"url\":\"https:\\\/\\\/lagnoticias.com\\\/\",\"name\":\"La G Noticias\",\"description\":\"Noticias Positivas\",\"potentialAction\":[{\"@type\":\"SearchAction\",\"target\":{\"@type\":\"EntryPoint\",\"urlTemplate\":\"https:\\\/\\\/lagnoticias.com\\\/?s={search_term_string}\"},\"query-input\":{\"@type\":\"PropertyValueSpecification\",\"valueRequired\":true,\"valueName\":\"search_term_string\"}}],\"inLanguage\":\"en-US\"},{\"@type\":\"Person\",\"@id\":\"https:\\\/\\\/lagnoticias.com\\\/#\\\/schema\\\/person\\\/cb9bfe13f8de05d2c55270be25c6a550\",\"name\":\"Oscar\",\"image\":{\"@type\":\"ImageObject\",\"inLanguage\":\"en-US\",\"@id\":\"https:\\\/\\\/secure.gravatar.com\\\/avatar\\\/45c195718f652dc7ffdd591dc1f2678956ab7fdadcd359a635edc61304a8c757?s=96&d=mm&r=g\",\"url\":\"https:\\\/\\\/secure.gravatar.com\\\/avatar\\\/45c195718f652dc7ffdd591dc1f2678956ab7fdadcd359a635edc61304a8c757?s=96&d=mm&r=g\",\"contentUrl\":\"https:\\\/\\\/secure.gravatar.com\\\/avatar\\\/45c195718f652dc7ffdd591dc1f2678956ab7fdadcd359a635edc61304a8c757?s=96&d=mm&r=g\",\"caption\":\"Oscar\"},\"url\":\"https:\\\/\\\/lagnoticias.com\\\/en\\\/author\\\/oscar\\\/\"}]}<\/script>\n<!-- \/ Yoast SEO plugin. -->","yoast_head_json":{"title":"Centroam\u00e9rica y Uni\u00f3n Europea estrenan alianza - La G Noticias","robots":{"index":"index","follow":"follow","max-snippet":"max-snippet:-1","max-image-preview":"max-image-preview:large","max-video-preview":"max-video-preview:-1"},"canonical":"https:\/\/lagnoticias.com\/en\/2025\/07\/15\/centroamerica-y-union-europea-estrenan-alianza\/","og_locale":"en_US","og_type":"article","og_title":"Centroam\u00e9rica y Uni\u00f3n Europea estrenan alianza - La G Noticias","og_description":"La Uni\u00f3n Europea y 6 pa\u00edses centroamericanos \u2014Costa Rica, El Salvador, Guatemala, Honduras, Nicaragua y Panam\u00e1\u2014 celebraron este lunes en Bruselas la primera reuni\u00f3n del Consejo de Asociaci\u00f3n UE-Centroam\u00e9rica, un hito hist\u00f3rico en el marco del Acuerdo de Asociaci\u00f3n que entr\u00f3 en vigor el 1 de mayo de 2024, tras m\u00e1s de una d\u00e9cada de&hellip;","og_url":"https:\/\/lagnoticias.com\/en\/2025\/07\/15\/centroamerica-y-union-europea-estrenan-alianza\/","og_site_name":"La G Noticias","article_publisher":"https:\/\/www.facebook.com\/LaGNoticias","article_published_time":"2025-07-15T14:27:28+00:00","og_image":[{"width":680,"height":454,"url":"https:\/\/lagnoticias.com\/wp-content\/uploads\/2025\/07\/Gv2MGNJXAAAZlAW.jpg","type":"image\/jpeg"}],"author":"Oscar","twitter_card":"summary_large_image","twitter_creator":"@lagnoticias","twitter_site":"@lagnoticias","twitter_misc":{"Written by":"Oscar","Est. reading time":"4 minutes"},"schema":{"@context":"https:\/\/schema.org","@graph":[{"@type":"Article","@id":"https:\/\/lagnoticias.com\/2025\/07\/15\/centroamerica-y-union-europea-estrenan-alianza\/#article","isPartOf":{"@id":"https:\/\/lagnoticias.com\/2025\/07\/15\/centroamerica-y-union-europea-estrenan-alianza\/"},"author":{"name":"Oscar","@id":"https:\/\/lagnoticias.com\/#\/schema\/person\/cb9bfe13f8de05d2c55270be25c6a550"},"headline":"Centroam\u00e9rica y Uni\u00f3n Europea estrenan alianza","datePublished":"2025-07-15T14:27:28+00:00","mainEntityOfPage":{"@id":"https:\/\/lagnoticias.com\/2025\/07\/15\/centroamerica-y-union-europea-estrenan-alianza\/"},"wordCount":744,"commentCount":0,"image":{"@id":"https:\/\/lagnoticias.com\/2025\/07\/15\/centroamerica-y-union-europea-estrenan-alianza\/#primaryimage"},"thumbnailUrl":"https:\/\/lagnoticias.com\/wp-content\/uploads\/2025\/07\/Gv2MGNJXAAAZlAW.jpg","keywords":["ALIANZA COMERCIAL","CENTROAM\u00c9RICA","UNI\u00d3N EUROPEA"],"articleSection":["INTERNACIONALES"],"inLanguage":"en-US","potentialAction":[{"@type":"CommentAction","name":"Comment","target":["https:\/\/lagnoticias.com\/2025\/07\/15\/centroamerica-y-union-europea-estrenan-alianza\/#respond"]}]},{"@type":"WebPage","@id":"https:\/\/lagnoticias.com\/2025\/07\/15\/centroamerica-y-union-europea-estrenan-alianza\/","url":"https:\/\/lagnoticias.com\/2025\/07\/15\/centroamerica-y-union-europea-estrenan-alianza\/","name":"Centroam\u00e9rica y Uni\u00f3n Europea estrenan alianza - La G Noticias","isPartOf":{"@id":"https:\/\/lagnoticias.com\/#website"},"primaryImageOfPage":{"@id":"https:\/\/lagnoticias.com\/2025\/07\/15\/centroamerica-y-union-europea-estrenan-alianza\/#primaryimage"},"image":{"@id":"https:\/\/lagnoticias.com\/2025\/07\/15\/centroamerica-y-union-europea-estrenan-alianza\/#primaryimage"},"thumbnailUrl":"https:\/\/lagnoticias.com\/wp-content\/uploads\/2025\/07\/Gv2MGNJXAAAZlAW.jpg","datePublished":"2025-07-15T14:27:28+00:00","author":{"@id":"https:\/\/lagnoticias.com\/#\/schema\/person\/cb9bfe13f8de05d2c55270be25c6a550"},"breadcrumb":{"@id":"https:\/\/lagnoticias.com\/2025\/07\/15\/centroamerica-y-union-europea-estrenan-alianza\/#breadcrumb"},"inLanguage":"en-US","potentialAction":[{"@type":"ReadAction","target":["https:\/\/lagnoticias.com\/2025\/07\/15\/centroamerica-y-union-europea-estrenan-alianza\/"]}]},{"@type":"ImageObject","inLanguage":"en-US","@id":"https:\/\/lagnoticias.com\/2025\/07\/15\/centroamerica-y-union-europea-estrenan-alianza\/#primaryimage","url":"https:\/\/lagnoticias.com\/wp-content\/uploads\/2025\/07\/Gv2MGNJXAAAZlAW.jpg","contentUrl":"https:\/\/lagnoticias.com\/wp-content\/uploads\/2025\/07\/Gv2MGNJXAAAZlAW.jpg","width":680,"height":454},{"@type":"BreadcrumbList","@id":"https:\/\/lagnoticias.com\/2025\/07\/15\/centroamerica-y-union-europea-estrenan-alianza\/#breadcrumb","itemListElement":[{"@type":"ListItem","position":1,"name":"Portada","item":"https:\/\/lagnoticias.com\/"},{"@type":"ListItem","position":2,"name":"Centroam\u00e9rica y Uni\u00f3n Europea estrenan alianza"}]},{"@type":"WebSite","@id":"https:\/\/lagnoticias.com\/#website","url":"https:\/\/lagnoticias.com\/","name":"La G Noticias","description":"Noticias Positivas","potentialAction":[{"@type":"SearchAction","target":{"@type":"EntryPoint","urlTemplate":"https:\/\/lagnoticias.com\/?s={search_term_string}"},"query-input":{"@type":"PropertyValueSpecification","valueRequired":true,"valueName":"search_term_string"}}],"inLanguage":"en-US"},{"@type":"Person","@id":"https:\/\/lagnoticias.com\/#\/schema\/person\/cb9bfe13f8de05d2c55270be25c6a550","name":"Oscar","image":{"@type":"ImageObject","inLanguage":"en-US","@id":"https:\/\/secure.gravatar.com\/avatar\/45c195718f652dc7ffdd591dc1f2678956ab7fdadcd359a635edc61304a8c757?s=96&d=mm&r=g","url":"https:\/\/secure.gravatar.com\/avatar\/45c195718f652dc7ffdd591dc1f2678956ab7fdadcd359a635edc61304a8c757?s=96&d=mm&r=g","contentUrl":"https:\/\/secure.gravatar.com\/avatar\/45c195718f652dc7ffdd591dc1f2678956ab7fdadcd359a635edc61304a8c757?s=96&d=mm&r=g","caption":"Oscar"},"url":"https:\/\/lagnoticias.com\/en\/author\/oscar\/"}]}},"_links":{"self":[{"href":"https:\/\/lagnoticias.com\/en\/wp-json\/wp\/v2\/posts\/2989","targetHints":{"allow":["GET"]}}],"collection":[{"href":"https:\/\/lagnoticias.com\/en\/wp-json\/wp\/v2\/posts"}],"about":[{"href":"https:\/\/lagnoticias.com\/en\/wp-json\/wp\/v2\/types\/post"}],"author":[{"embeddable":true,"href":"https:\/\/lagnoticias.com\/en\/wp-json\/wp\/v2\/users\/2"}],"replies":[{"embeddable":true,"href":"https:\/\/lagnoticias.com\/en\/wp-json\/wp\/v2\/comments?post=2989"}],"version-history":[{"count":1,"href":"https:\/\/lagnoticias.com\/en\/wp-json\/wp\/v2\/posts\/2989\/revisions"}],"predecessor-version":[{"id":2991,"href":"https:\/\/lagnoticias.com\/en\/wp-json\/wp\/v2\/posts\/2989\/revisions\/2991"}],"wp:featuredmedia":[{"embeddable":true,"href":"https:\/\/lagnoticias.com\/en\/wp-json\/wp\/v2\/media\/2990"}],"wp:attachment":[{"href":"https:\/\/lagnoticias.com\/en\/wp-json\/wp\/v2\/media?parent=2989"}],"wp:term":[{"taxonomy":"category","embeddable":true,"href":"https:\/\/lagnoticias.com\/en\/wp-json\/wp\/v2\/categories?post=2989"},{"taxonomy":"post_tag","embeddable":true,"href":"https:\/\/lagnoticias.com\/en\/wp-json\/wp\/v2\/tags?post=2989"}],"curies":[{"name":"wp","href":"https:\/\/api.w.org\/{rel}","templated":true}]}}