{"id":2981,"date":"2025-07-14T14:00:58","date_gmt":"2025-07-14T20:00:58","guid":{"rendered":"https:\/\/lagnoticias.com\/?p=2981"},"modified":"2025-07-14T14:02:15","modified_gmt":"2025-07-14T20:02:15","slug":"fiscalia-logra-que-el-caso-contra-48-estudiantes-vinculados-a-pandilla-la-raza-estudiantil-pase-a-instruccion","status":"publish","type":"post","link":"https:\/\/lagnoticias.com\/en\/2025\/07\/14\/fiscalia-logra-que-el-caso-contra-48-estudiantes-vinculados-a-pandilla-la-raza-estudiantil-pase-a-instruccion\/","title":{"rendered":"Fiscal\u00eda logra que el caso contra 48 estudiantes vinculados a pandilla La Raza Estudiantil, pase a instrucci\u00f3n"},"content":{"rendered":"<p>Tras una extensa jornada, la Fiscal\u00eda logr\u00f3 que el caso en contra de 48 estudiantes -34 adultos y 14 menores- vinculados a pandilla en formaci\u00f3n: La Raza Estudiantil, pase a la fase de instrucci\u00f3n. En detenci\u00f3n e internamiento se mantendr\u00e1n 46 y para los dos procesados ausentes se realizan todas las diligencias para que se emita la difusi\u00f3n roja de interpol.<\/p>\n\n\n\n<p>A los procesados, la Fiscal\u00eda General de la Rep\u00fablica (FGR) los acusa de agrupaciones il\u00edcitas, falsificaci\u00f3n, tenencia o alteraci\u00f3n de monedas y lavado de dinero y activos, as\u00ed como de amenazas agravadas, violencia contra funcionario p\u00fablico, autoridad p\u00fablica y personal de seguridad de centros penales.<\/p>\n\n\n\n<p>Las capturas de estas personas se dan tras un trabajo de inteligencia coordinado con la Polic\u00eda Nacional Civil (PNC), en la cual se identific\u00f3 el resurgimiento de la pandilla en menci\u00f3n.<\/p>\n\n\n\n<p><\/p>\n\n\n\n<figure class=\"wp-block-image aligncenter size-large\"><img loading=\"lazy\" decoding=\"async\" width=\"1024\" height=\"696\" src=\"https:\/\/lagnoticias.com\/wp-content\/uploads\/2025\/07\/WhatsApp-Image-2025-07-11-at-10.45.43-1024x696.jpeg\" alt=\"\" class=\"wp-image-2983\" srcset=\"https:\/\/lagnoticias.com\/wp-content\/uploads\/2025\/07\/WhatsApp-Image-2025-07-11-at-10.45.43-1024x696.jpeg 1024w, https:\/\/lagnoticias.com\/wp-content\/uploads\/2025\/07\/WhatsApp-Image-2025-07-11-at-10.45.43-300x204.jpeg 300w, https:\/\/lagnoticias.com\/wp-content\/uploads\/2025\/07\/WhatsApp-Image-2025-07-11-at-10.45.43-1536x1044.jpeg 1536w, https:\/\/lagnoticias.com\/wp-content\/uploads\/2025\/07\/WhatsApp-Image-2025-07-11-at-10.45.43-2048x1391.jpeg 2048w, https:\/\/lagnoticias.com\/wp-content\/uploads\/2025\/07\/WhatsApp-Image-2025-07-11-at-10.45.43-18x12.jpeg 18w\" sizes=\"(max-width: 1024px) 100vw, 1024px\" \/><figcaption class=\"wp-element-caption\">Foto \/ FGR<\/figcaption><\/figure>\n\n\n\n<p><\/p>\n\n\n\n<p>Las detenciones se realizaron el 24 de junio de este a\u00f1o cuando se intervinieron diferentes institutos nacionales entre ellos el Instituto General Francisco Men\u00e9ndez (INFRAMEN)el Instituto T\u00e9cnico Industrial (INTI) Instituto Albert Camus y el Instituto Nacional Acci\u00f3n C\u00edvico Militar.<\/p>\n\n\n\n<p>La audiencia se realiz\u00f3 en el Tribunal Cuarto contra el Crimen Organizado de San Salvador, el cual otorg\u00f3 seis meses a la instituci\u00f3n fiscal para robustecer a\u00fan m\u00e1s la investigaci\u00f3n.<\/p>\n\n\n\n<p><\/p>\n\n\n\n<p>Fuente: FGR <\/p>","protected":false},"excerpt":{"rendered":"<p>Tras una extensa jornada, la Fiscal\u00eda logr\u00f3 que el caso en contra de 48 estudiantes -34 adultos y 14 menores- vinculados a pandilla en formaci\u00f3n: La Raza Estudiantil, pase a la fase de instrucci\u00f3n. En detenci\u00f3n e internamiento se mantendr\u00e1n 46 y para los dos procesados ausentes se realizan todas las diligencias para que se&hellip;<\/p>","protected":false},"author":2,"featured_media":2982,"comment_status":"open","ping_status":"open","sticky":false,"template":"","format":"standard","meta":{"_et_pb_use_builder":"","_et_pb_old_content":"","_et_gb_content_width":"","footnotes":""},"categories":[244],"tags":[258,257,256,259],"class_list":["post-2981","post","type-post","status-publish","format-standard","has-post-thumbnail","hentry","category-nacionales","tag-capturas","tag-fgr","tag-fiscalia-general-de-la-republica","tag-pnc"],"yoast_head":"<!-- This site is optimized with the Yoast SEO plugin v27.4 - https:\/\/yoast.com\/product\/yoast-seo-wordpress\/ -->\n<title>Fiscal\u00eda logra que el caso contra 48 estudiantes vinculados a pandilla La Raza Estudiantil, pase a instrucci\u00f3n - La G Noticias<\/title>\n<meta name=\"robots\" content=\"index, follow, max-snippet:-1, max-image-preview:large, max-video-preview:-1\" \/>\n<link rel=\"canonical\" href=\"https:\/\/lagnoticias.com\/en\/2025\/07\/14\/fiscalia-logra-que-el-caso-contra-48-estudiantes-vinculados-a-pandilla-la-raza-estudiantil-pase-a-instruccion\/\" \/>\n<meta property=\"og:locale\" content=\"en_US\" \/>\n<meta property=\"og:type\" content=\"article\" \/>\n<meta property=\"og:title\" content=\"Fiscal\u00eda logra que el caso contra 48 estudiantes vinculados a pandilla La Raza Estudiantil, pase a instrucci\u00f3n - La G Noticias\" \/>\n<meta property=\"og:description\" content=\"Tras una extensa jornada, la Fiscal\u00eda logr\u00f3 que el caso en contra de 48 estudiantes -34 adultos y 14 menores- vinculados a pandilla en formaci\u00f3n: La Raza Estudiantil, pase a la fase de instrucci\u00f3n. En detenci\u00f3n e internamiento se mantendr\u00e1n 46 y para los dos procesados ausentes se realizan todas las diligencias para que se&hellip;\" \/>\n<meta property=\"og:url\" content=\"https:\/\/lagnoticias.com\/en\/2025\/07\/14\/fiscalia-logra-que-el-caso-contra-48-estudiantes-vinculados-a-pandilla-la-raza-estudiantil-pase-a-instruccion\/\" \/>\n<meta property=\"og:site_name\" content=\"La G Noticias\" \/>\n<meta property=\"article:publisher\" content=\"https:\/\/www.facebook.com\/LaGNoticias\" \/>\n<meta property=\"article:published_time\" content=\"2025-07-14T20:00:58+00:00\" \/>\n<meta property=\"article:modified_time\" content=\"2025-07-14T20:02:15+00:00\" \/>\n<meta property=\"og:image\" content=\"https:\/\/lagnoticias.com\/wp-content\/uploads\/2025\/07\/WhatsApp-Image-2025-07-11-at-10.45.422-scaled.jpeg\" \/>\n\t<meta property=\"og:image:width\" content=\"2560\" \/>\n\t<meta property=\"og:image:height\" content=\"1002\" \/>\n\t<meta property=\"og:image:type\" content=\"image\/jpeg\" \/>\n<meta name=\"author\" content=\"Oscar\" \/>\n<meta name=\"twitter:card\" content=\"summary_large_image\" \/>\n<meta name=\"twitter:creator\" content=\"@lagnoticias\" \/>\n<meta name=\"twitter:site\" content=\"@lagnoticias\" \/>\n<meta name=\"twitter:label1\" content=\"Written by\" \/>\n\t<meta name=\"twitter:data1\" content=\"Oscar\" \/>\n\t<meta name=\"twitter:label2\" content=\"Est. reading time\" \/>\n\t<meta name=\"twitter:data2\" content=\"1 minute\" \/>\n<script type=\"application\/ld+json\" class=\"yoast-schema-graph\">{\"@context\":\"https:\\\/\\\/schema.org\",\"@graph\":[{\"@type\":\"Article\",\"@id\":\"https:\\\/\\\/lagnoticias.com\\\/2025\\\/07\\\/14\\\/fiscalia-logra-que-el-caso-contra-48-estudiantes-vinculados-a-pandilla-la-raza-estudiantil-pase-a-instruccion\\\/#article\",\"isPartOf\":{\"@id\":\"https:\\\/\\\/lagnoticias.com\\\/2025\\\/07\\\/14\\\/fiscalia-logra-que-el-caso-contra-48-estudiantes-vinculados-a-pandilla-la-raza-estudiantil-pase-a-instruccion\\\/\"},\"author\":{\"name\":\"Oscar\",\"@id\":\"https:\\\/\\\/lagnoticias.com\\\/#\\\/schema\\\/person\\\/cb9bfe13f8de05d2c55270be25c6a550\"},\"headline\":\"Fiscal\u00eda logra que el caso contra 48 estudiantes vinculados a pandilla La Raza Estudiantil, pase a instrucci\u00f3n\",\"datePublished\":\"2025-07-14T20:00:58+00:00\",\"dateModified\":\"2025-07-14T20:02:15+00:00\",\"mainEntityOfPage\":{\"@id\":\"https:\\\/\\\/lagnoticias.com\\\/2025\\\/07\\\/14\\\/fiscalia-logra-que-el-caso-contra-48-estudiantes-vinculados-a-pandilla-la-raza-estudiantil-pase-a-instruccion\\\/\"},\"wordCount\":249,\"commentCount\":0,\"image\":{\"@id\":\"https:\\\/\\\/lagnoticias.com\\\/2025\\\/07\\\/14\\\/fiscalia-logra-que-el-caso-contra-48-estudiantes-vinculados-a-pandilla-la-raza-estudiantil-pase-a-instruccion\\\/#primaryimage\"},\"thumbnailUrl\":\"https:\\\/\\\/lagnoticias.com\\\/wp-content\\\/uploads\\\/2025\\\/07\\\/WhatsApp-Image-2025-07-11-at-10.45.422-scaled.jpeg\",\"keywords\":[\"CAPTURAS\",\"FGR\",\"FISCAL\u00cdA GENERAL DE LA R\u00c9PUBLICA\",\"PNC\"],\"articleSection\":[\"NACIONALES\"],\"inLanguage\":\"en-US\",\"potentialAction\":[{\"@type\":\"CommentAction\",\"name\":\"Comment\",\"target\":[\"https:\\\/\\\/lagnoticias.com\\\/2025\\\/07\\\/14\\\/fiscalia-logra-que-el-caso-contra-48-estudiantes-vinculados-a-pandilla-la-raza-estudiantil-pase-a-instruccion\\\/#respond\"]}]},{\"@type\":\"WebPage\",\"@id\":\"https:\\\/\\\/lagnoticias.com\\\/2025\\\/07\\\/14\\\/fiscalia-logra-que-el-caso-contra-48-estudiantes-vinculados-a-pandilla-la-raza-estudiantil-pase-a-instruccion\\\/\",\"url\":\"https:\\\/\\\/lagnoticias.com\\\/2025\\\/07\\\/14\\\/fiscalia-logra-que-el-caso-contra-48-estudiantes-vinculados-a-pandilla-la-raza-estudiantil-pase-a-instruccion\\\/\",\"name\":\"Fiscal\u00eda logra que el caso contra 48 estudiantes vinculados a pandilla La Raza Estudiantil, pase a instrucci\u00f3n - La G Noticias\",\"isPartOf\":{\"@id\":\"https:\\\/\\\/lagnoticias.com\\\/#website\"},\"primaryImageOfPage\":{\"@id\":\"https:\\\/\\\/lagnoticias.com\\\/2025\\\/07\\\/14\\\/fiscalia-logra-que-el-caso-contra-48-estudiantes-vinculados-a-pandilla-la-raza-estudiantil-pase-a-instruccion\\\/#primaryimage\"},\"image\":{\"@id\":\"https:\\\/\\\/lagnoticias.com\\\/2025\\\/07\\\/14\\\/fiscalia-logra-que-el-caso-contra-48-estudiantes-vinculados-a-pandilla-la-raza-estudiantil-pase-a-instruccion\\\/#primaryimage\"},\"thumbnailUrl\":\"https:\\\/\\\/lagnoticias.com\\\/wp-content\\\/uploads\\\/2025\\\/07\\\/WhatsApp-Image-2025-07-11-at-10.45.422-scaled.jpeg\",\"datePublished\":\"2025-07-14T20:00:58+00:00\",\"dateModified\":\"2025-07-14T20:02:15+00:00\",\"author\":{\"@id\":\"https:\\\/\\\/lagnoticias.com\\\/#\\\/schema\\\/person\\\/cb9bfe13f8de05d2c55270be25c6a550\"},\"breadcrumb\":{\"@id\":\"https:\\\/\\\/lagnoticias.com\\\/2025\\\/07\\\/14\\\/fiscalia-logra-que-el-caso-contra-48-estudiantes-vinculados-a-pandilla-la-raza-estudiantil-pase-a-instruccion\\\/#breadcrumb\"},\"inLanguage\":\"en-US\",\"potentialAction\":[{\"@type\":\"ReadAction\",\"target\":[\"https:\\\/\\\/lagnoticias.com\\\/2025\\\/07\\\/14\\\/fiscalia-logra-que-el-caso-contra-48-estudiantes-vinculados-a-pandilla-la-raza-estudiantil-pase-a-instruccion\\\/\"]}]},{\"@type\":\"ImageObject\",\"inLanguage\":\"en-US\",\"@id\":\"https:\\\/\\\/lagnoticias.com\\\/2025\\\/07\\\/14\\\/fiscalia-logra-que-el-caso-contra-48-estudiantes-vinculados-a-pandilla-la-raza-estudiantil-pase-a-instruccion\\\/#primaryimage\",\"url\":\"https:\\\/\\\/lagnoticias.com\\\/wp-content\\\/uploads\\\/2025\\\/07\\\/WhatsApp-Image-2025-07-11-at-10.45.422-scaled.jpeg\",\"contentUrl\":\"https:\\\/\\\/lagnoticias.com\\\/wp-content\\\/uploads\\\/2025\\\/07\\\/WhatsApp-Image-2025-07-11-at-10.45.422-scaled.jpeg\",\"width\":2560,\"height\":1002},{\"@type\":\"BreadcrumbList\",\"@id\":\"https:\\\/\\\/lagnoticias.com\\\/2025\\\/07\\\/14\\\/fiscalia-logra-que-el-caso-contra-48-estudiantes-vinculados-a-pandilla-la-raza-estudiantil-pase-a-instruccion\\\/#breadcrumb\",\"itemListElement\":[{\"@type\":\"ListItem\",\"position\":1,\"name\":\"Portada\",\"item\":\"https:\\\/\\\/lagnoticias.com\\\/\"},{\"@type\":\"ListItem\",\"position\":2,\"name\":\"Fiscal\u00eda logra que el caso contra 48 estudiantes vinculados a pandilla La Raza Estudiantil, pase a instrucci\u00f3n\"}]},{\"@type\":\"WebSite\",\"@id\":\"https:\\\/\\\/lagnoticias.com\\\/#website\",\"url\":\"https:\\\/\\\/lagnoticias.com\\\/\",\"name\":\"La G Noticias\",\"description\":\"Noticias Positivas\",\"potentialAction\":[{\"@type\":\"SearchAction\",\"target\":{\"@type\":\"EntryPoint\",\"urlTemplate\":\"https:\\\/\\\/lagnoticias.com\\\/?s={search_term_string}\"},\"query-input\":{\"@type\":\"PropertyValueSpecification\",\"valueRequired\":true,\"valueName\":\"search_term_string\"}}],\"inLanguage\":\"en-US\"},{\"@type\":\"Person\",\"@id\":\"https:\\\/\\\/lagnoticias.com\\\/#\\\/schema\\\/person\\\/cb9bfe13f8de05d2c55270be25c6a550\",\"name\":\"Oscar\",\"image\":{\"@type\":\"ImageObject\",\"inLanguage\":\"en-US\",\"@id\":\"https:\\\/\\\/secure.gravatar.com\\\/avatar\\\/45c195718f652dc7ffdd591dc1f2678956ab7fdadcd359a635edc61304a8c757?s=96&d=mm&r=g\",\"url\":\"https:\\\/\\\/secure.gravatar.com\\\/avatar\\\/45c195718f652dc7ffdd591dc1f2678956ab7fdadcd359a635edc61304a8c757?s=96&d=mm&r=g\",\"contentUrl\":\"https:\\\/\\\/secure.gravatar.com\\\/avatar\\\/45c195718f652dc7ffdd591dc1f2678956ab7fdadcd359a635edc61304a8c757?s=96&d=mm&r=g\",\"caption\":\"Oscar\"},\"url\":\"https:\\\/\\\/lagnoticias.com\\\/en\\\/author\\\/oscar\\\/\"}]}<\/script>\n<!-- \/ Yoast SEO plugin. -->","yoast_head_json":{"title":"Fiscal\u00eda logra que el caso contra 48 estudiantes vinculados a pandilla La Raza Estudiantil, pase a instrucci\u00f3n - La G Noticias","robots":{"index":"index","follow":"follow","max-snippet":"max-snippet:-1","max-image-preview":"max-image-preview:large","max-video-preview":"max-video-preview:-1"},"canonical":"https:\/\/lagnoticias.com\/en\/2025\/07\/14\/fiscalia-logra-que-el-caso-contra-48-estudiantes-vinculados-a-pandilla-la-raza-estudiantil-pase-a-instruccion\/","og_locale":"en_US","og_type":"article","og_title":"Fiscal\u00eda logra que el caso contra 48 estudiantes vinculados a pandilla La Raza Estudiantil, pase a instrucci\u00f3n - La G Noticias","og_description":"Tras una extensa jornada, la Fiscal\u00eda logr\u00f3 que el caso en contra de 48 estudiantes -34 adultos y 14 menores- vinculados a pandilla en formaci\u00f3n: La Raza Estudiantil, pase a la fase de instrucci\u00f3n. En detenci\u00f3n e internamiento se mantendr\u00e1n 46 y para los dos procesados ausentes se realizan todas las diligencias para que se&hellip;","og_url":"https:\/\/lagnoticias.com\/en\/2025\/07\/14\/fiscalia-logra-que-el-caso-contra-48-estudiantes-vinculados-a-pandilla-la-raza-estudiantil-pase-a-instruccion\/","og_site_name":"La G Noticias","article_publisher":"https:\/\/www.facebook.com\/LaGNoticias","article_published_time":"2025-07-14T20:00:58+00:00","article_modified_time":"2025-07-14T20:02:15+00:00","og_image":[{"width":2560,"height":1002,"url":"https:\/\/lagnoticias.com\/wp-content\/uploads\/2025\/07\/WhatsApp-Image-2025-07-11-at-10.45.422-scaled.jpeg","type":"image\/jpeg"}],"author":"Oscar","twitter_card":"summary_large_image","twitter_creator":"@lagnoticias","twitter_site":"@lagnoticias","twitter_misc":{"Written by":"Oscar","Est. reading time":"1 minute"},"schema":{"@context":"https:\/\/schema.org","@graph":[{"@type":"Article","@id":"https:\/\/lagnoticias.com\/2025\/07\/14\/fiscalia-logra-que-el-caso-contra-48-estudiantes-vinculados-a-pandilla-la-raza-estudiantil-pase-a-instruccion\/#article","isPartOf":{"@id":"https:\/\/lagnoticias.com\/2025\/07\/14\/fiscalia-logra-que-el-caso-contra-48-estudiantes-vinculados-a-pandilla-la-raza-estudiantil-pase-a-instruccion\/"},"author":{"name":"Oscar","@id":"https:\/\/lagnoticias.com\/#\/schema\/person\/cb9bfe13f8de05d2c55270be25c6a550"},"headline":"Fiscal\u00eda logra que el caso contra 48 estudiantes vinculados a pandilla La Raza Estudiantil, pase a instrucci\u00f3n","datePublished":"2025-07-14T20:00:58+00:00","dateModified":"2025-07-14T20:02:15+00:00","mainEntityOfPage":{"@id":"https:\/\/lagnoticias.com\/2025\/07\/14\/fiscalia-logra-que-el-caso-contra-48-estudiantes-vinculados-a-pandilla-la-raza-estudiantil-pase-a-instruccion\/"},"wordCount":249,"commentCount":0,"image":{"@id":"https:\/\/lagnoticias.com\/2025\/07\/14\/fiscalia-logra-que-el-caso-contra-48-estudiantes-vinculados-a-pandilla-la-raza-estudiantil-pase-a-instruccion\/#primaryimage"},"thumbnailUrl":"https:\/\/lagnoticias.com\/wp-content\/uploads\/2025\/07\/WhatsApp-Image-2025-07-11-at-10.45.422-scaled.jpeg","keywords":["CAPTURAS","FGR","FISCAL\u00cdA GENERAL DE LA R\u00c9PUBLICA","PNC"],"articleSection":["NACIONALES"],"inLanguage":"en-US","potentialAction":[{"@type":"CommentAction","name":"Comment","target":["https:\/\/lagnoticias.com\/2025\/07\/14\/fiscalia-logra-que-el-caso-contra-48-estudiantes-vinculados-a-pandilla-la-raza-estudiantil-pase-a-instruccion\/#respond"]}]},{"@type":"WebPage","@id":"https:\/\/lagnoticias.com\/2025\/07\/14\/fiscalia-logra-que-el-caso-contra-48-estudiantes-vinculados-a-pandilla-la-raza-estudiantil-pase-a-instruccion\/","url":"https:\/\/lagnoticias.com\/2025\/07\/14\/fiscalia-logra-que-el-caso-contra-48-estudiantes-vinculados-a-pandilla-la-raza-estudiantil-pase-a-instruccion\/","name":"Fiscal\u00eda logra que el caso contra 48 estudiantes vinculados a pandilla La Raza Estudiantil, pase a instrucci\u00f3n - La G Noticias","isPartOf":{"@id":"https:\/\/lagnoticias.com\/#website"},"primaryImageOfPage":{"@id":"https:\/\/lagnoticias.com\/2025\/07\/14\/fiscalia-logra-que-el-caso-contra-48-estudiantes-vinculados-a-pandilla-la-raza-estudiantil-pase-a-instruccion\/#primaryimage"},"image":{"@id":"https:\/\/lagnoticias.com\/2025\/07\/14\/fiscalia-logra-que-el-caso-contra-48-estudiantes-vinculados-a-pandilla-la-raza-estudiantil-pase-a-instruccion\/#primaryimage"},"thumbnailUrl":"https:\/\/lagnoticias.com\/wp-content\/uploads\/2025\/07\/WhatsApp-Image-2025-07-11-at-10.45.422-scaled.jpeg","datePublished":"2025-07-14T20:00:58+00:00","dateModified":"2025-07-14T20:02:15+00:00","author":{"@id":"https:\/\/lagnoticias.com\/#\/schema\/person\/cb9bfe13f8de05d2c55270be25c6a550"},"breadcrumb":{"@id":"https:\/\/lagnoticias.com\/2025\/07\/14\/fiscalia-logra-que-el-caso-contra-48-estudiantes-vinculados-a-pandilla-la-raza-estudiantil-pase-a-instruccion\/#breadcrumb"},"inLanguage":"en-US","potentialAction":[{"@type":"ReadAction","target":["https:\/\/lagnoticias.com\/2025\/07\/14\/fiscalia-logra-que-el-caso-contra-48-estudiantes-vinculados-a-pandilla-la-raza-estudiantil-pase-a-instruccion\/"]}]},{"@type":"ImageObject","inLanguage":"en-US","@id":"https:\/\/lagnoticias.com\/2025\/07\/14\/fiscalia-logra-que-el-caso-contra-48-estudiantes-vinculados-a-pandilla-la-raza-estudiantil-pase-a-instruccion\/#primaryimage","url":"https:\/\/lagnoticias.com\/wp-content\/uploads\/2025\/07\/WhatsApp-Image-2025-07-11-at-10.45.422-scaled.jpeg","contentUrl":"https:\/\/lagnoticias.com\/wp-content\/uploads\/2025\/07\/WhatsApp-Image-2025-07-11-at-10.45.422-scaled.jpeg","width":2560,"height":1002},{"@type":"BreadcrumbList","@id":"https:\/\/lagnoticias.com\/2025\/07\/14\/fiscalia-logra-que-el-caso-contra-48-estudiantes-vinculados-a-pandilla-la-raza-estudiantil-pase-a-instruccion\/#breadcrumb","itemListElement":[{"@type":"ListItem","position":1,"name":"Portada","item":"https:\/\/lagnoticias.com\/"},{"@type":"ListItem","position":2,"name":"Fiscal\u00eda logra que el caso contra 48 estudiantes vinculados a pandilla La Raza Estudiantil, pase a instrucci\u00f3n"}]},{"@type":"WebSite","@id":"https:\/\/lagnoticias.com\/#website","url":"https:\/\/lagnoticias.com\/","name":"La G Noticias","description":"Noticias Positivas","potentialAction":[{"@type":"SearchAction","target":{"@type":"EntryPoint","urlTemplate":"https:\/\/lagnoticias.com\/?s={search_term_string}"},"query-input":{"@type":"PropertyValueSpecification","valueRequired":true,"valueName":"search_term_string"}}],"inLanguage":"en-US"},{"@type":"Person","@id":"https:\/\/lagnoticias.com\/#\/schema\/person\/cb9bfe13f8de05d2c55270be25c6a550","name":"Oscar","image":{"@type":"ImageObject","inLanguage":"en-US","@id":"https:\/\/secure.gravatar.com\/avatar\/45c195718f652dc7ffdd591dc1f2678956ab7fdadcd359a635edc61304a8c757?s=96&d=mm&r=g","url":"https:\/\/secure.gravatar.com\/avatar\/45c195718f652dc7ffdd591dc1f2678956ab7fdadcd359a635edc61304a8c757?s=96&d=mm&r=g","contentUrl":"https:\/\/secure.gravatar.com\/avatar\/45c195718f652dc7ffdd591dc1f2678956ab7fdadcd359a635edc61304a8c757?s=96&d=mm&r=g","caption":"Oscar"},"url":"https:\/\/lagnoticias.com\/en\/author\/oscar\/"}]}},"_links":{"self":[{"href":"https:\/\/lagnoticias.com\/en\/wp-json\/wp\/v2\/posts\/2981","targetHints":{"allow":["GET"]}}],"collection":[{"href":"https:\/\/lagnoticias.com\/en\/wp-json\/wp\/v2\/posts"}],"about":[{"href":"https:\/\/lagnoticias.com\/en\/wp-json\/wp\/v2\/types\/post"}],"author":[{"embeddable":true,"href":"https:\/\/lagnoticias.com\/en\/wp-json\/wp\/v2\/users\/2"}],"replies":[{"embeddable":true,"href":"https:\/\/lagnoticias.com\/en\/wp-json\/wp\/v2\/comments?post=2981"}],"version-history":[{"count":1,"href":"https:\/\/lagnoticias.com\/en\/wp-json\/wp\/v2\/posts\/2981\/revisions"}],"predecessor-version":[{"id":2984,"href":"https:\/\/lagnoticias.com\/en\/wp-json\/wp\/v2\/posts\/2981\/revisions\/2984"}],"wp:featuredmedia":[{"embeddable":true,"href":"https:\/\/lagnoticias.com\/en\/wp-json\/wp\/v2\/media\/2982"}],"wp:attachment":[{"href":"https:\/\/lagnoticias.com\/en\/wp-json\/wp\/v2\/media?parent=2981"}],"wp:term":[{"taxonomy":"category","embeddable":true,"href":"https:\/\/lagnoticias.com\/en\/wp-json\/wp\/v2\/categories?post=2981"},{"taxonomy":"post_tag","embeddable":true,"href":"https:\/\/lagnoticias.com\/en\/wp-json\/wp\/v2\/tags?post=2981"}],"curies":[{"name":"wp","href":"https:\/\/api.w.org\/{rel}","templated":true}]}}